{"id":32762,"date":"2021-08-05T06:33:47","date_gmt":"2021-08-05T09:33:47","guid":{"rendered":"http:\/\/lahoradelcampo.com.uy\/site\/?p=32762"},"modified":"2021-08-05T12:44:58","modified_gmt":"2021-08-05T15:44:58","slug":"produccion-mundial-de-algodon-crecera-un-3-en-2021","status":"publish","type":"post","link":"https:\/\/lahoradelcampo.com.uy\/site\/produccion-mundial-de-algodon-crecera-un-3-en-2021\/","title":{"rendered":"Producci\u00f3n mundial de algod\u00f3n crecer\u00e1 un 3% en 2021"},"content":{"rendered":"\n<figure class=\"wp-block-image\"><img data-recalc-dims=\"1\" loading=\"lazy\" decoding=\"async\" width=\"810\" height=\"405\" data-attachment-id=\"7063\" data-permalink=\"https:\/\/lahoradelcampo.com.uy\/site\/usda-preve-un-record-en-el-consumo-de-algodon-en-201819\/algodon\/\" data-orig-file=\"https:\/\/i0.wp.com\/lahoradelcampo.com.uy\/site\/wp-content\/uploads\/2018\/05\/Algodon.jpg?fit=880%2C440&amp;ssl=1\" data-orig-size=\"880,440\" data-comments-opened=\"1\" data-image-meta=\"{&quot;aperture&quot;:&quot;0&quot;,&quot;credit&quot;:&quot;&quot;,&quot;camera&quot;:&quot;&quot;,&quot;caption&quot;:&quot;&quot;,&quot;created_timestamp&quot;:&quot;0&quot;,&quot;copyright&quot;:&quot;&quot;,&quot;focal_length&quot;:&quot;0&quot;,&quot;iso&quot;:&quot;0&quot;,&quot;shutter_speed&quot;:&quot;0&quot;,&quot;title&quot;:&quot;&quot;,&quot;orientation&quot;:&quot;1&quot;}\" data-image-title=\"Algodon\" data-image-description=\"\" data-image-caption=\"\" data-large-file=\"https:\/\/i0.wp.com\/lahoradelcampo.com.uy\/site\/wp-content\/uploads\/2018\/05\/Algodon.jpg?fit=810%2C405&amp;ssl=1\" src=\"https:\/\/i0.wp.com\/lahoradelcampo.com.uy\/site\/wp-content\/uploads\/2018\/05\/Algodon.jpg?resize=810%2C405\" alt=\"\" class=\"wp-image-7063\" srcset=\"https:\/\/i0.wp.com\/lahoradelcampo.com.uy\/site\/wp-content\/uploads\/2018\/05\/Algodon.jpg?w=880&amp;ssl=1 880w, https:\/\/i0.wp.com\/lahoradelcampo.com.uy\/site\/wp-content\/uploads\/2018\/05\/Algodon.jpg?resize=300%2C150&amp;ssl=1 300w, https:\/\/i0.wp.com\/lahoradelcampo.com.uy\/site\/wp-content\/uploads\/2018\/05\/Algodon.jpg?resize=768%2C384&amp;ssl=1 768w, https:\/\/i0.wp.com\/lahoradelcampo.com.uy\/site\/wp-content\/uploads\/2018\/05\/Algodon.jpg?resize=820%2C410&amp;ssl=1 820w\" sizes=\"auto, (max-width: 810px) 100vw, 810px\" \/><\/figure>\n\n\n\n<p>El Comit\u00e9 Internacional del Algod\u00f3n (ICAC) estim\u00f3 en su informe del mes de agosto, que la producci\u00f3n mundial de la fibra se ubicar\u00e1 en 25 millones de toneladas para la zafra 2021\/2022, lo cual representa un aumento del 3% frente a los 24,2 millones de la zafra 2020\/2021.<br><\/p>\n\n\n\n<p>Por su parte el consumo mundial creci\u00f3 un 12,4% en la \u00faltima zafra, 2020\/2021, sumando 25,5 millones de toneladas. En tanto que, de acuerdo al comit\u00e9 internacional, para la zafra 2021\/2022 las estimaciones son de un volumen similar, sin grandes variaciones. <br><\/p>\n\n\n\n<p>La producci\u00f3n en Estados Unidos, deber\u00e1 crecer un 22% en 2021\/2022, seg\u00fan el informe, para alcanzar los 3,8 millones de toneladas. En tanto que India debe producir 5,9 millones y Brasil alcanzar los 2,3 millones de toneladas en la zafra algodonera. <\/p>\n\n\n\n<p>Salto, 5 de agosto de 2021<\/p>\n","protected":false},"excerpt":{"rendered":"<p>El Comit\u00e9 Internacional del Algod\u00f3n (ICAC) estim\u00f3 en su informe del mes de agosto, que la producci\u00f3n mundial de la fibra se ubicar\u00e1 en 25 millones de toneladas para la [&hellip;]<\/p>\n","protected":false},"author":5,"featured_media":7063,"comment_status":"open","ping_status":"open","sticky":false,"template":"","format":"standard","meta":{"_price":"","_stock":"","_tribe_ticket_header":"","_tribe_default_ticket_provider":"","_tribe_ticket_capacity":"0","_ticket_start_date":"","_ticket_end_date":"","_tribe_ticket_show_description":"","_tribe_ticket_show_not_going":false,"_tribe_ticket_use_global_stock":"","_tribe_ticket_global_stock_level":"","_global_stock_mode":"","_global_stock_cap":"","_tribe_rsvp_for_event":"","_tribe_ticket_going_count":"","_tribe_ticket_not_going_count":"","_tribe_tickets_list":"[]","_tribe_ticket_has_attendee_info_fields":false,"h5ap_radio_sources":[],"_jetpack_newsletter_access":"","_jetpack_dont_email_post_to_subs":false,"_jetpack_newsletter_tier_id":0,"_jetpack_memberships_contains_paywalled_content":false,"_jetpack_memberships_contains_paid_content":false,"footnotes":""},"categories":[21,15],"tags":[1891,127,3014,201,3016,3012],"class_list":["post-32762","post","type-post","status-publish","format-standard","has-post-thumbnail","hentry","category-actualidad","category-columnistas","tag-algodon","tag-brasil","tag-consejo-internacional-del-algodon","tag-estados-unidos","tag-fibra-natural","tag-produccion-mundial-del-algodon"],"jetpack_featured_media_url":"https:\/\/i0.wp.com\/lahoradelcampo.com.uy\/site\/wp-content\/uploads\/2018\/05\/Algodon.jpg?fit=880%2C440&ssl=1","jetpack_sharing_enabled":true,"jetpack_shortlink":"https:\/\/wp.me\/p99IaT-8wq","jetpack-related-posts":[{"id":42151,"url":"https:\/\/lahoradelcampo.com.uy\/site\/el-consumo-mundial-de-algodon-se-recupera-en-este-2021-22\/","url_meta":{"origin":32762,"position":0},"title":"El consumo mundial de algod\u00f3n se recupera en este 2021-22","author":"La Hora del Campo","date":"25 mayo, 2022","format":false,"excerpt":"El comit\u00e9 del algod\u00f3n de la Organizaci\u00f3n Mundial del Comercio, se reuni\u00f3 este mes de mayo y uno de los temas que se trabajaron tiene que ver con la producci\u00f3n y el comercio de la fibra natural en un mundo con disrupciones en la log\u00edstica y la resiliencia del sector\u2026","rel":"","context":"En \u00abActualidad\u00bb","block_context":{"text":"Actualidad","link":"https:\/\/lahoradelcampo.com.uy\/site\/category\/actualidad\/"},"img":{"alt_text":"","src":"https:\/\/i0.wp.com\/lahoradelcampo.com.uy\/site\/wp-content\/uploads\/2018\/05\/Algodon.jpg?fit=880%2C440&ssl=1&resize=350%2C200","width":350,"height":200,"srcset":"https:\/\/i0.wp.com\/lahoradelcampo.com.uy\/site\/wp-content\/uploads\/2018\/05\/Algodon.jpg?fit=880%2C440&ssl=1&resize=350%2C200 1x, https:\/\/i0.wp.com\/lahoradelcampo.com.uy\/site\/wp-content\/uploads\/2018\/05\/Algodon.jpg?fit=880%2C440&ssl=1&resize=525%2C300 1.5x, https:\/\/i0.wp.com\/lahoradelcampo.com.uy\/site\/wp-content\/uploads\/2018\/05\/Algodon.jpg?fit=880%2C440&ssl=1&resize=700%2C400 2x"},"classes":[]},{"id":16488,"url":"https:\/\/lahoradelcampo.com.uy\/site\/area-de-algodon-crece-un-2-en-brasil\/","url_meta":{"origin":32762,"position":1},"title":"\u00c1rea de algod\u00f3n crece un 2% en Brasil","author":"La Hora del Campo","date":"20 diciembre, 2019","format":false,"excerpt":"De acuerdo al informe del Departamento de Agricultura de Estados Unidos (USDA por sus siglas en ingl\u00e9s) la producci\u00f3n de algod\u00f3n para la zafra 2019\/2020 en Brasil, alcanzar\u00eda 1,65 millones de hect\u00e1reas, un crecimiento del 2% frente a la zafra pasada. La cosecha est\u00e1 prevista en 12,67 millones de fardos\u2026","rel":"","context":"En \u00abActualidad\u00bb","block_context":{"text":"Actualidad","link":"https:\/\/lahoradelcampo.com.uy\/site\/category\/actualidad\/"},"img":{"alt_text":"","src":"https:\/\/i0.wp.com\/lahoradelcampo.com.uy\/site\/wp-content\/uploads\/2019\/12\/Algodon.jpg?fit=880%2C440&ssl=1&resize=350%2C200","width":350,"height":200,"srcset":"https:\/\/i0.wp.com\/lahoradelcampo.com.uy\/site\/wp-content\/uploads\/2019\/12\/Algodon.jpg?fit=880%2C440&ssl=1&resize=350%2C200 1x, https:\/\/i0.wp.com\/lahoradelcampo.com.uy\/site\/wp-content\/uploads\/2019\/12\/Algodon.jpg?fit=880%2C440&ssl=1&resize=525%2C300 1.5x, https:\/\/i0.wp.com\/lahoradelcampo.com.uy\/site\/wp-content\/uploads\/2019\/12\/Algodon.jpg?fit=880%2C440&ssl=1&resize=700%2C400 2x"},"classes":[]},{"id":7061,"url":"https:\/\/lahoradelcampo.com.uy\/site\/usda-preve-un-record-en-el-consumo-de-algodon-en-201819\/","url_meta":{"origin":32762,"position":2},"title":"USDA prev\u00e9 un r\u00e9cord en el consumo de algod\u00f3n en 2018\/19","author":"La Hora del Campo","date":"11 mayo, 2018","format":false,"excerpt":"El Departamento de Agricultura de los Estados Unidos (USDA, por sus siglas en ingl\u00e9s) di\u00f3 a conocer su primer informe de proyecciones sobre el a\u00f1o comercial 2018\/2019 para el algod\u00f3n a nivel mundial, donde se espera una ca\u00edda del 5.1% en los stocks mundiales de la fibra. En un an\u00e1lisis\u2026","rel":"","context":"En \u00abActualidad\u00bb","block_context":{"text":"Actualidad","link":"https:\/\/lahoradelcampo.com.uy\/site\/category\/actualidad\/"},"img":{"alt_text":"","src":"https:\/\/i0.wp.com\/lahoradelcampo.com.uy\/site\/wp-content\/uploads\/2018\/05\/Algodon.jpg?fit=880%2C440&ssl=1&resize=350%2C200","width":350,"height":200,"srcset":"https:\/\/i0.wp.com\/lahoradelcampo.com.uy\/site\/wp-content\/uploads\/2018\/05\/Algodon.jpg?fit=880%2C440&ssl=1&resize=350%2C200 1x, https:\/\/i0.wp.com\/lahoradelcampo.com.uy\/site\/wp-content\/uploads\/2018\/05\/Algodon.jpg?fit=880%2C440&ssl=1&resize=525%2C300 1.5x, https:\/\/i0.wp.com\/lahoradelcampo.com.uy\/site\/wp-content\/uploads\/2018\/05\/Algodon.jpg?fit=880%2C440&ssl=1&resize=700%2C400 2x"},"classes":[]},{"id":48141,"url":"https:\/\/lahoradelcampo.com.uy\/site\/produccion-mundial-de-arroz-caera-en-2022-23\/","url_meta":{"origin":32762,"position":3},"title":"Producci\u00f3n mundial de arroz caer\u00e1 en 2022\/23","author":"La Hora del Campo","date":"18 enero, 2023","format":false,"excerpt":"En la pasada semana, el Departamento de Agricultura de los Estados Unidos (USDA, por sus siglas en ingl\u00e9s), dio a conocer sus estimaciones para la producci\u00f3n mundial de los granos, entre ellos el arroz. Puntualmente para el cereal, la estimaci\u00f3n fue ubicada en 502,97 millones de toneladas en la zafra\u2026","rel":"","context":"En \u00abActualidad\u00bb","block_context":{"text":"Actualidad","link":"https:\/\/lahoradelcampo.com.uy\/site\/category\/actualidad\/"},"img":{"alt_text":"","src":"https:\/\/i0.wp.com\/lahoradelcampo.com.uy\/site\/wp-content\/uploads\/2018\/03\/Arroz-web.jpg?fit=880%2C440&ssl=1&resize=350%2C200","width":350,"height":200,"srcset":"https:\/\/i0.wp.com\/lahoradelcampo.com.uy\/site\/wp-content\/uploads\/2018\/03\/Arroz-web.jpg?fit=880%2C440&ssl=1&resize=350%2C200 1x, https:\/\/i0.wp.com\/lahoradelcampo.com.uy\/site\/wp-content\/uploads\/2018\/03\/Arroz-web.jpg?fit=880%2C440&ssl=1&resize=525%2C300 1.5x, https:\/\/i0.wp.com\/lahoradelcampo.com.uy\/site\/wp-content\/uploads\/2018\/03\/Arroz-web.jpg?fit=880%2C440&ssl=1&resize=700%2C400 2x"},"classes":[]},{"id":44999,"url":"https:\/\/lahoradelcampo.com.uy\/site\/conab-anuncio-produccion-record-de-granos-para-la-zafra-22-23\/","url_meta":{"origin":32762,"position":4},"title":"CONAB anunci\u00f3 producci\u00f3n r\u00e9cord de granos para la zafra 22-23","author":"La Hora del Campo","date":"26 agosto, 2022","format":false,"excerpt":"Las primeras proyecciones de producci\u00f3n de granos para la zafra 2022\/23 apuntan a una cosecha de 308 millones de toneladas en Brasil. Seg\u00fan datos difundidos este mi\u00e9rcoles, en Brasilia, por la Compa\u00f1\u00eda Nacional de Abastecimiento (Conab), el resultado es impulsado principalmente por el buen desempe\u00f1o de los mercados de ma\u00edz,\u2026","rel":"","context":"En \u00abActualidad\u00bb","block_context":{"text":"Actualidad","link":"https:\/\/lahoradelcampo.com.uy\/site\/category\/actualidad\/"},"img":{"alt_text":"","src":"https:\/\/i0.wp.com\/lahoradelcampo.com.uy\/site\/wp-content\/uploads\/2022\/08\/CONAB.jpg?fit=880%2C440&ssl=1&resize=350%2C200","width":350,"height":200,"srcset":"https:\/\/i0.wp.com\/lahoradelcampo.com.uy\/site\/wp-content\/uploads\/2022\/08\/CONAB.jpg?fit=880%2C440&ssl=1&resize=350%2C200 1x, https:\/\/i0.wp.com\/lahoradelcampo.com.uy\/site\/wp-content\/uploads\/2022\/08\/CONAB.jpg?fit=880%2C440&ssl=1&resize=525%2C300 1.5x, https:\/\/i0.wp.com\/lahoradelcampo.com.uy\/site\/wp-content\/uploads\/2022\/08\/CONAB.jpg?fit=880%2C440&ssl=1&resize=700%2C400 2x"},"classes":[]},{"id":30700,"url":"https:\/\/lahoradelcampo.com.uy\/site\/produccion-mundial-de-cereales-crecera-en-2021\/","url_meta":{"origin":32762,"position":5},"title":"Producci\u00f3n mundial de cereales crecer\u00e1 en 2021","author":"La Hora del Campo","date":"31 mayo, 2021","format":false,"excerpt":"El Consejo Internacional de Cereales present\u00f3 su informe mensual est\u00e1 semana. En el mismo ajust\u00f3 al alza la producci\u00f3n mundial de todos los cereales, pasando de los 2.220 mil millones de toneladas del a\u00f1o pasado a 2.292 mil millones de toneladas para 2021. Se espera que el ma\u00edz sea la\u2026","rel":"","context":"En \u00abActualidad\u00bb","block_context":{"text":"Actualidad","link":"https:\/\/lahoradelcampo.com.uy\/site\/category\/actualidad\/"},"img":{"alt_text":"","src":"https:\/\/i0.wp.com\/lahoradelcampo.com.uy\/site\/wp-content\/uploads\/2019\/05\/Maiz.jpg?fit=880%2C440&ssl=1&resize=350%2C200","width":350,"height":200,"srcset":"https:\/\/i0.wp.com\/lahoradelcampo.com.uy\/site\/wp-content\/uploads\/2019\/05\/Maiz.jpg?fit=880%2C440&ssl=1&resize=350%2C200 1x, https:\/\/i0.wp.com\/lahoradelcampo.com.uy\/site\/wp-content\/uploads\/2019\/05\/Maiz.jpg?fit=880%2C440&ssl=1&resize=525%2C300 1.5x, https:\/\/i0.wp.com\/lahoradelcampo.com.uy\/site\/wp-content\/uploads\/2019\/05\/Maiz.jpg?fit=880%2C440&ssl=1&resize=700%2C400 2x"},"classes":[]}],"jetpack_likes_enabled":true,"_links":{"self":[{"href":"https:\/\/lahoradelcampo.com.uy\/site\/wp-json\/wp\/v2\/posts\/32762","targetHints":{"allow":["GET"]}}],"collection":[{"href":"https:\/\/lahoradelcampo.com.uy\/site\/wp-json\/wp\/v2\/posts"}],"about":[{"href":"https:\/\/lahoradelcampo.com.uy\/site\/wp-json\/wp\/v2\/types\/post"}],"author":[{"embeddable":true,"href":"https:\/\/lahoradelcampo.com.uy\/site\/wp-json\/wp\/v2\/users\/5"}],"replies":[{"embeddable":true,"href":"https:\/\/lahoradelcampo.com.uy\/site\/wp-json\/wp\/v2\/comments?post=32762"}],"version-history":[{"count":1,"href":"https:\/\/lahoradelcampo.com.uy\/site\/wp-json\/wp\/v2\/posts\/32762\/revisions"}],"predecessor-version":[{"id":32764,"href":"https:\/\/lahoradelcampo.com.uy\/site\/wp-json\/wp\/v2\/posts\/32762\/revisions\/32764"}],"wp:featuredmedia":[{"embeddable":true,"href":"https:\/\/lahoradelcampo.com.uy\/site\/wp-json\/wp\/v2\/media\/7063"}],"wp:attachment":[{"href":"https:\/\/lahoradelcampo.com.uy\/site\/wp-json\/wp\/v2\/media?parent=32762"}],"wp:term":[{"taxonomy":"category","embeddable":true,"href":"https:\/\/lahoradelcampo.com.uy\/site\/wp-json\/wp\/v2\/categories?post=32762"},{"taxonomy":"post_tag","embeddable":true,"href":"https:\/\/lahoradelcampo.com.uy\/site\/wp-json\/wp\/v2\/tags?post=32762"}],"curies":[{"name":"wp","href":"https:\/\/api.w.org\/{rel}","templated":true}]}}