{"id":32752,"date":"2021-08-05T06:28:04","date_gmt":"2021-08-05T09:28:04","guid":{"rendered":"http:\/\/lahoradelcampo.com.uy\/site\/?p=32752"},"modified":"2021-08-05T12:46:31","modified_gmt":"2021-08-05T15:46:31","slug":"turquia-sigue-liderando-las-exportaciones-en-pie","status":"publish","type":"post","link":"https:\/\/lahoradelcampo.com.uy\/site\/turquia-sigue-liderando-las-exportaciones-en-pie\/","title":{"rendered":"Turqu\u00eda sigue liderando las exportaciones en pie"},"content":{"rendered":"\n<figure class=\"wp-block-image\"><img data-recalc-dims=\"1\" loading=\"lazy\" decoding=\"async\" width=\"810\" height=\"405\" data-attachment-id=\"5297\" data-permalink=\"https:\/\/lahoradelcampo.com.uy\/site\/competencia-en-la-region-limita-los-precios-de-la-exportacion-en-pie\/exportacionenpie\/\" data-orig-file=\"https:\/\/i0.wp.com\/lahoradelcampo.com.uy\/site\/wp-content\/uploads\/2018\/01\/Exportacionenpie.jpg?fit=880%2C440&amp;ssl=1\" data-orig-size=\"880,440\" data-comments-opened=\"1\" data-image-meta=\"{&quot;aperture&quot;:&quot;0&quot;,&quot;credit&quot;:&quot;Vicente-Manuel-Tort&quot;,&quot;camera&quot;:&quot;&quot;,&quot;caption&quot;:&quot;&quot;,&quot;created_timestamp&quot;:&quot;0&quot;,&quot;copyright&quot;:&quot;Presidencia de la Republica - Sec.Com.Inst.&quot;,&quot;focal_length&quot;:&quot;0&quot;,&quot;iso&quot;:&quot;0&quot;,&quot;shutter_speed&quot;:&quot;0&quot;,&quot;title&quot;:&quot;&quot;,&quot;orientation&quot;:&quot;1&quot;}\" data-image-title=\"Exportacionenpie\" data-image-description=\"\" data-image-caption=\"\" data-large-file=\"https:\/\/i0.wp.com\/lahoradelcampo.com.uy\/site\/wp-content\/uploads\/2018\/01\/Exportacionenpie.jpg?fit=810%2C405&amp;ssl=1\" src=\"https:\/\/i0.wp.com\/lahoradelcampo.com.uy\/site\/wp-content\/uploads\/2018\/01\/Exportacionenpie.jpg?resize=810%2C405\" alt=\"\" class=\"wp-image-5297\" srcset=\"https:\/\/i0.wp.com\/lahoradelcampo.com.uy\/site\/wp-content\/uploads\/2018\/01\/Exportacionenpie.jpg?w=880&amp;ssl=1 880w, https:\/\/i0.wp.com\/lahoradelcampo.com.uy\/site\/wp-content\/uploads\/2018\/01\/Exportacionenpie.jpg?resize=300%2C150&amp;ssl=1 300w, https:\/\/i0.wp.com\/lahoradelcampo.com.uy\/site\/wp-content\/uploads\/2018\/01\/Exportacionenpie.jpg?resize=768%2C384&amp;ssl=1 768w, https:\/\/i0.wp.com\/lahoradelcampo.com.uy\/site\/wp-content\/uploads\/2018\/01\/Exportacionenpie.jpg?resize=820%2C410&amp;ssl=1 820w\" sizes=\"auto, (max-width: 810px) 100vw, 810px\" \/><\/figure>\n\n\n\n<p>Las exportaciones de ganado en pie se ubicaron en US$ 21 millones en julio, cuando en el mismo mes de 2020 no se hab\u00edan registrado ventas de este producto. El principal comprador fue Turqu\u00eda, pero se destacan env\u00edos por US$ 8 millones hacia Egipto en el mes. <br><\/p>\n\n\n\n<p>En el acumulado de enero-julio de 2021 las exportaciones de ganado en pie alcanzaron US$ 102 millones, aumentando 79% en la comparaci\u00f3n interanual. Si bien Turqu\u00eda se mantiene como el principal destino de exportaci\u00f3n con 45% del total, China alcanz\u00f3 el 40% de participaci\u00f3n en enero-julio. <br><\/p>\n\n\n\n<p>Las ventas de ganado en pie a China se ubicaron en US$ 40 millones en los primeros siete meses de 2021, cuando en el total del a\u00f1o 2020 se hab\u00edan exportado U$$ 11 millones a ese pa\u00eds (en 2019 no se export\u00f3 ganado en pie hacia China). Con los US$  8 millones de julio, Egipto se ubica como el tercer destino de exportaci\u00f3n de este producto en lo que va de  2021. <\/p>\n\n\n\n<p>Salto, 5 de agosto de 2021<\/p>\n","protected":false},"excerpt":{"rendered":"<p>Las exportaciones de ganado en pie se ubicaron en US$ 21 millones en julio, cuando en el mismo mes de 2020 no se hab\u00edan registrado ventas de este producto. El [&hellip;]<\/p>\n","protected":false},"author":5,"featured_media":5297,"comment_status":"open","ping_status":"open","sticky":false,"template":"","format":"standard","meta":{"_price":"","_stock":"","_tribe_ticket_header":"","_tribe_default_ticket_provider":"","_tribe_ticket_capacity":"0","_ticket_start_date":"","_ticket_end_date":"","_tribe_ticket_show_description":"","_tribe_ticket_show_not_going":false,"_tribe_ticket_use_global_stock":"","_tribe_ticket_global_stock_level":"","_global_stock_mode":"","_global_stock_cap":"","_tribe_rsvp_for_event":"","_tribe_ticket_going_count":"","_tribe_ticket_not_going_count":"","_tribe_tickets_list":"[]","_tribe_ticket_has_attendee_info_fields":false,"h5ap_radio_sources":[],"_jetpack_newsletter_access":"","_jetpack_dont_email_post_to_subs":false,"_jetpack_newsletter_tier_id":0,"_jetpack_memberships_contains_paywalled_content":false,"_jetpack_memberships_contains_paid_content":false,"footnotes":""},"categories":[21,5],"tags":[119,65,307,3026,3028,141,1385,83,219,2472],"class_list":["post-32752","post","type-post","status-publish","format-standard","has-post-thumbnail","hentry","category-actualidad","category-ganaderia","tag-china","tag-exportacion-en-pie","tag-exportaciones","tag-ganado-reposicion","tag-julio","tag-terneros","tag-turquia","tag-uruguay","tag-vacunos","tag-vaquillonas"],"jetpack_featured_media_url":"https:\/\/i0.wp.com\/lahoradelcampo.com.uy\/site\/wp-content\/uploads\/2018\/01\/Exportacionenpie.jpg?fit=880%2C440&ssl=1","jetpack_sharing_enabled":true,"jetpack_shortlink":"https:\/\/wp.me\/p99IaT-8wg","jetpack-related-posts":[{"id":50164,"url":"https:\/\/lahoradelcampo.com.uy\/site\/exportaciones-de-ganado-en-pie-cayeron-un-70-durante-2022\/","url_meta":{"origin":32752,"position":0},"title":"Exportaciones de ganado en pie cayeron un 70% durante 2022","author":"La Hora del Campo","date":"24 abril, 2023","format":false,"excerpt":"El Instituto Nacional de Carnes (INAC) ha presentado su anuario estad\u00edstico 2022, en el cual se analizan diversos aspectos del sector c\u00e1rnico en el mercado interno y externo. Uno de los puntos que se destacan en el informe es la exportaci\u00f3n de ganado en pie, la cual ha presentado una\u2026","rel":"","context":"En \u00abActualidad\u00bb","block_context":{"text":"Actualidad","link":"https:\/\/lahoradelcampo.com.uy\/site\/category\/actualidad\/"},"img":{"alt_text":"","src":"https:\/\/i0.wp.com\/lahoradelcampo.com.uy\/site\/wp-content\/uploads\/2023\/04\/INAC-Exportacionenpie.jpg?fit=880%2C440&ssl=1&resize=350%2C200","width":350,"height":200,"srcset":"https:\/\/i0.wp.com\/lahoradelcampo.com.uy\/site\/wp-content\/uploads\/2023\/04\/INAC-Exportacionenpie.jpg?fit=880%2C440&ssl=1&resize=350%2C200 1x, https:\/\/i0.wp.com\/lahoradelcampo.com.uy\/site\/wp-content\/uploads\/2023\/04\/INAC-Exportacionenpie.jpg?fit=880%2C440&ssl=1&resize=525%2C300 1.5x, https:\/\/i0.wp.com\/lahoradelcampo.com.uy\/site\/wp-content\/uploads\/2023\/04\/INAC-Exportacionenpie.jpg?fit=880%2C440&ssl=1&resize=700%2C400 2x"},"classes":[]},{"id":56433,"url":"https:\/\/lahoradelcampo.com.uy\/site\/exportaciones-crecieron-74-en-julio-de-2025\/","url_meta":{"origin":32752,"position":1},"title":"Exportaciones crecieron 7,4% en julio de 2025","author":"La Hora del Campo","date":"4 agosto, 2025","format":false,"excerpt":"En julio de 2025, las solicitudes de exportaci\u00f3n de bienes uruguayos -incluidas las zonas francas- alcanzaron US$ 1.175 millones, lo que represent\u00f3 un incremento interanual del 7,4?%, seg\u00fan el informe mensual elaborado por Uruguay XXI. Este crecimiento estuvo impulsado principalmente por las ventas de carne bovina, soja y concentrados de\u2026","rel":"","context":"En \u00abActualidad\u00bb","block_context":{"text":"Actualidad","link":"https:\/\/lahoradelcampo.com.uy\/site\/category\/actualidad\/"},"img":{"alt_text":"","src":"https:\/\/i0.wp.com\/lahoradelcampo.com.uy\/site\/wp-content\/uploads\/2025\/08\/Exportaciones2025agosto.jpg?fit=880%2C440&ssl=1&resize=350%2C200","width":350,"height":200,"srcset":"https:\/\/i0.wp.com\/lahoradelcampo.com.uy\/site\/wp-content\/uploads\/2025\/08\/Exportaciones2025agosto.jpg?fit=880%2C440&ssl=1&resize=350%2C200 1x, https:\/\/i0.wp.com\/lahoradelcampo.com.uy\/site\/wp-content\/uploads\/2025\/08\/Exportaciones2025agosto.jpg?fit=880%2C440&ssl=1&resize=525%2C300 1.5x, https:\/\/i0.wp.com\/lahoradelcampo.com.uy\/site\/wp-content\/uploads\/2025\/08\/Exportaciones2025agosto.jpg?fit=880%2C440&ssl=1&resize=700%2C400 2x"},"classes":[]},{"id":26490,"url":"https:\/\/lahoradelcampo.com.uy\/site\/exportaciones-en-pie-caen-a-1176-mil-cabezas\/","url_meta":{"origin":32752,"position":2},"title":"Exportaciones en pie caen a 117,6 mil cabezas","author":"La Hora del Campo","date":"31 diciembre, 2020","format":false,"excerpt":"Tomando como v\u00e1lidos los datos de solicitudes de exportaci\u00f3n que informa Aduanas para diciembre, Uruguay habr\u00e1 embarcado 117,6 mil cabezas de ganado vivo en 2020, con un ajuste a la baja de 20 mil cabezas respecto a 2019 pero consolidando el fuerte descenso de esta corriente comercial si se tienen\u2026","rel":"","context":"En \u00abActualidad\u00bb","block_context":{"text":"Actualidad","link":"https:\/\/lahoradelcampo.com.uy\/site\/category\/actualidad\/"},"img":{"alt_text":"","src":"https:\/\/i0.wp.com\/lahoradelcampo.com.uy\/site\/wp-content\/uploads\/2017\/12\/exportacion-en-pie.jpg?fit=880%2C440&ssl=1&resize=350%2C200","width":350,"height":200,"srcset":"https:\/\/i0.wp.com\/lahoradelcampo.com.uy\/site\/wp-content\/uploads\/2017\/12\/exportacion-en-pie.jpg?fit=880%2C440&ssl=1&resize=350%2C200 1x, https:\/\/i0.wp.com\/lahoradelcampo.com.uy\/site\/wp-content\/uploads\/2017\/12\/exportacion-en-pie.jpg?fit=880%2C440&ssl=1&resize=525%2C300 1.5x, https:\/\/i0.wp.com\/lahoradelcampo.com.uy\/site\/wp-content\/uploads\/2017\/12\/exportacion-en-pie.jpg?fit=880%2C440&ssl=1&resize=700%2C400 2x"},"classes":[]},{"id":15444,"url":"https:\/\/lahoradelcampo.com.uy\/site\/turquia-volvio-a-suspender-nuevas-habilitaciones-para-importar-ganado-en-pie\/","url_meta":{"origin":32752,"position":3},"title":"Turqu\u00eda volvi\u00f3 a suspender nuevas habilitaciones para importar ganado en pie","author":"La Hora del Campo","date":"29 octubre, 2019","format":false,"excerpt":"El presidente de la Uni\u00f3n de Exportadores de Ganado en Pie del Uruguay, Rodr\u00edgo Gonz\u00e1lez, dio a conocer en la jornada de ayer en las redes sociale una imagen del documento emitido por las autoridades turcas, donde dan a conocer que se suspende la emisi\u00f3n de permisos para la exportaci\u00f3n\u2026","rel":"","context":"En \u00abActualidad\u00bb","block_context":{"text":"Actualidad","link":"https:\/\/lahoradelcampo.com.uy\/site\/category\/actualidad\/"},"img":{"alt_text":"","src":"https:\/\/i0.wp.com\/lahoradelcampo.com.uy\/site\/wp-content\/uploads\/2017\/12\/exportacion-en-pie.jpg?fit=880%2C440&ssl=1&resize=350%2C200","width":350,"height":200,"srcset":"https:\/\/i0.wp.com\/lahoradelcampo.com.uy\/site\/wp-content\/uploads\/2017\/12\/exportacion-en-pie.jpg?fit=880%2C440&ssl=1&resize=350%2C200 1x, https:\/\/i0.wp.com\/lahoradelcampo.com.uy\/site\/wp-content\/uploads\/2017\/12\/exportacion-en-pie.jpg?fit=880%2C440&ssl=1&resize=525%2C300 1.5x, https:\/\/i0.wp.com\/lahoradelcampo.com.uy\/site\/wp-content\/uploads\/2017\/12\/exportacion-en-pie.jpg?fit=880%2C440&ssl=1&resize=700%2C400 2x"},"classes":[]},{"id":5183,"url":"https:\/\/lahoradelcampo.com.uy\/site\/exportacion-en-pie-cierra-cerca-de-las-300-000-cabezas-en-2017\/","url_meta":{"origin":32752,"position":4},"title":"Exportaci\u00f3n en pie cierra cerca de las 300.000 cabezas en 2017","author":"La Hora del Campo","date":"27 diciembre, 2017","format":false,"excerpt":"Con una faena que cerrar\u00e1 el 2017 en las 2,3 millones de cabezas, seg\u00fan los datos del Instituto Nacional de Carnes, y una exportaci\u00f3n en pie que contin\u00faa con su tendencia alcista, el sector de producci\u00f3n de carnes en Uruguay registra una mayor presi\u00f3n en la extracci\u00f3n respecto a los\u2026","rel":"","context":"En \u00abActualidad\u00bb","block_context":{"text":"Actualidad","link":"https:\/\/lahoradelcampo.com.uy\/site\/category\/actualidad\/"},"img":{"alt_text":"","src":"https:\/\/i0.wp.com\/lahoradelcampo.com.uy\/site\/wp-content\/uploads\/2017\/12\/exportacion-en-pie.jpg?fit=880%2C440&ssl=1&resize=350%2C200","width":350,"height":200,"srcset":"https:\/\/i0.wp.com\/lahoradelcampo.com.uy\/site\/wp-content\/uploads\/2017\/12\/exportacion-en-pie.jpg?fit=880%2C440&ssl=1&resize=350%2C200 1x, https:\/\/i0.wp.com\/lahoradelcampo.com.uy\/site\/wp-content\/uploads\/2017\/12\/exportacion-en-pie.jpg?fit=880%2C440&ssl=1&resize=525%2C300 1.5x, https:\/\/i0.wp.com\/lahoradelcampo.com.uy\/site\/wp-content\/uploads\/2017\/12\/exportacion-en-pie.jpg?fit=880%2C440&ssl=1&resize=700%2C400 2x"},"classes":[]},{"id":44745,"url":"https:\/\/lahoradelcampo.com.uy\/site\/exportaciones-de-lana-suben-un-56-entre-enero-y-julio-de-2022\/","url_meta":{"origin":32752,"position":5},"title":"Exportaciones de lana suben un 5,6% entre enero y julio de 2022","author":"La Hora del Campo","date":"15 agosto, 2022","format":false,"excerpt":"De acuerdo a los datos actualizados por el Secretariado Uruguayo de la Lana (SUL), las exportaciones del rubro ovino se ubican en 169,8 millones de d\u00f3lares de ingresos al pa\u00eds, representando un aumento del 0,9% entre enero y julio de 2022, respecto a igual per\u00edodo del a\u00f1o pasado. La lana\u2026","rel":"","context":"En \u00abActualidad\u00bb","block_context":{"text":"Actualidad","link":"https:\/\/lahoradelcampo.com.uy\/site\/category\/actualidad\/"},"img":{"alt_text":"","src":"https:\/\/i0.wp.com\/lahoradelcampo.com.uy\/site\/wp-content\/uploads\/2021\/05\/lanasangerardo.jpg?fit=880%2C440&ssl=1&resize=350%2C200","width":350,"height":200,"srcset":"https:\/\/i0.wp.com\/lahoradelcampo.com.uy\/site\/wp-content\/uploads\/2021\/05\/lanasangerardo.jpg?fit=880%2C440&ssl=1&resize=350%2C200 1x, https:\/\/i0.wp.com\/lahoradelcampo.com.uy\/site\/wp-content\/uploads\/2021\/05\/lanasangerardo.jpg?fit=880%2C440&ssl=1&resize=525%2C300 1.5x, https:\/\/i0.wp.com\/lahoradelcampo.com.uy\/site\/wp-content\/uploads\/2021\/05\/lanasangerardo.jpg?fit=880%2C440&ssl=1&resize=700%2C400 2x"},"classes":[]}],"jetpack_likes_enabled":true,"_links":{"self":[{"href":"https:\/\/lahoradelcampo.com.uy\/site\/wp-json\/wp\/v2\/posts\/32752","targetHints":{"allow":["GET"]}}],"collection":[{"href":"https:\/\/lahoradelcampo.com.uy\/site\/wp-json\/wp\/v2\/posts"}],"about":[{"href":"https:\/\/lahoradelcampo.com.uy\/site\/wp-json\/wp\/v2\/types\/post"}],"author":[{"embeddable":true,"href":"https:\/\/lahoradelcampo.com.uy\/site\/wp-json\/wp\/v2\/users\/5"}],"replies":[{"embeddable":true,"href":"https:\/\/lahoradelcampo.com.uy\/site\/wp-json\/wp\/v2\/comments?post=32752"}],"version-history":[{"count":1,"href":"https:\/\/lahoradelcampo.com.uy\/site\/wp-json\/wp\/v2\/posts\/32752\/revisions"}],"predecessor-version":[{"id":32754,"href":"https:\/\/lahoradelcampo.com.uy\/site\/wp-json\/wp\/v2\/posts\/32752\/revisions\/32754"}],"wp:featuredmedia":[{"embeddable":true,"href":"https:\/\/lahoradelcampo.com.uy\/site\/wp-json\/wp\/v2\/media\/5297"}],"wp:attachment":[{"href":"https:\/\/lahoradelcampo.com.uy\/site\/wp-json\/wp\/v2\/media?parent=32752"}],"wp:term":[{"taxonomy":"category","embeddable":true,"href":"https:\/\/lahoradelcampo.com.uy\/site\/wp-json\/wp\/v2\/categories?post=32752"},{"taxonomy":"post_tag","embeddable":true,"href":"https:\/\/lahoradelcampo.com.uy\/site\/wp-json\/wp\/v2\/tags?post=32752"}],"curies":[{"name":"wp","href":"https:\/\/api.w.org\/{rel}","templated":true}]}}