{"id":32746,"date":"2021-08-05T06:25:33","date_gmt":"2021-08-05T09:25:33","guid":{"rendered":"http:\/\/lahoradelcampo.com.uy\/site\/?p=32746"},"modified":"2021-08-05T12:47:29","modified_gmt":"2021-08-05T15:47:29","slug":"funcionarios-de-canelones-en-conflicto-foica-analiza-extender-la-medida","status":"publish","type":"post","link":"https:\/\/lahoradelcampo.com.uy\/site\/funcionarios-de-canelones-en-conflicto-foica-analiza-extender-la-medida\/","title":{"rendered":"Funcionarios de Canelones en conflicto, Foica analiza extender la medida"},"content":{"rendered":"\n<figure class=\"wp-block-image\"><img data-recalc-dims=\"1\" loading=\"lazy\" decoding=\"async\" width=\"810\" height=\"405\" data-attachment-id=\"32748\" data-permalink=\"https:\/\/lahoradelcampo.com.uy\/site\/funcionarios-de-canelones-en-conflicto-foica-analiza-extender-la-medida\/canelones-minerva\/\" data-orig-file=\"https:\/\/i0.wp.com\/lahoradelcampo.com.uy\/site\/wp-content\/uploads\/2021\/08\/canelones-minerva.jpg?fit=880%2C440&amp;ssl=1\" data-orig-size=\"880,440\" data-comments-opened=\"1\" data-image-meta=\"{&quot;aperture&quot;:&quot;0&quot;,&quot;credit&quot;:&quot;&quot;,&quot;camera&quot;:&quot;&quot;,&quot;caption&quot;:&quot;&quot;,&quot;created_timestamp&quot;:&quot;0&quot;,&quot;copyright&quot;:&quot;&quot;,&quot;focal_length&quot;:&quot;0&quot;,&quot;iso&quot;:&quot;0&quot;,&quot;shutter_speed&quot;:&quot;0&quot;,&quot;title&quot;:&quot;&quot;,&quot;orientation&quot;:&quot;1&quot;}\" data-image-title=\"canelones-minerva\" data-image-description=\"\" data-image-caption=\"\" data-large-file=\"https:\/\/i0.wp.com\/lahoradelcampo.com.uy\/site\/wp-content\/uploads\/2021\/08\/canelones-minerva.jpg?fit=810%2C405&amp;ssl=1\" src=\"https:\/\/i0.wp.com\/lahoradelcampo.com.uy\/site\/wp-content\/uploads\/2021\/08\/canelones-minerva.jpg?resize=810%2C405\" alt=\"\" class=\"wp-image-32748\" srcset=\"https:\/\/i0.wp.com\/lahoradelcampo.com.uy\/site\/wp-content\/uploads\/2021\/08\/canelones-minerva.jpg?w=880&amp;ssl=1 880w, https:\/\/i0.wp.com\/lahoradelcampo.com.uy\/site\/wp-content\/uploads\/2021\/08\/canelones-minerva.jpg?resize=300%2C150&amp;ssl=1 300w, https:\/\/i0.wp.com\/lahoradelcampo.com.uy\/site\/wp-content\/uploads\/2021\/08\/canelones-minerva.jpg?resize=768%2C384&amp;ssl=1 768w, https:\/\/i0.wp.com\/lahoradelcampo.com.uy\/site\/wp-content\/uploads\/2021\/08\/canelones-minerva.jpg?resize=820%2C410&amp;ssl=1 820w\" sizes=\"auto, (max-width: 810px) 100vw, 810px\" \/><\/figure>\n\n\n\n<p>Desde la Federaci\u00f3n de Obreros de la Industria C\u00e1rnica y Afines (FOICA), as\u00ed como tambi\u00e9n del sindicato de trabajadores de Frigor\u00edfico Canelones, se demanda a Athenas Foods (empresa del grupo Minerva de Brasil) el reingreso de un funcionario que ha sido despedido por una publicaci\u00f3n en una red social. M\u00e1s all\u00e1 de la demanda, ambas instituciones sostienen que el trabajador deber\u00eda recibir una medida ejemplarizante, pero no el despido. <br><\/p>\n\n\n\n<p>Esto ha llevado a que el sindicato del Frigor\u00edfico Canelones se haya declarado en conflicto y no se este realizando tareas en la planta. Adem\u00e1s integrantes del sindicato de Frigor\u00edfico Carrasco (Planta perteneciente al mismo grupo industrial) participaron de un asamblea en la cual respaldaron la demanda del sindicato de Canelones, por lo que tampoco hay operaci\u00f3n  en esta planta. <br><\/p>\n\n\n\n<p>Integrantes del gremio informaron que se han retirado de las ruedas de negociaci\u00f3n de los consejos de salarios y de no lograr revertir la medida de la empresa, continuaran sin concurrir a desarrollar sus tareas habituales en la planta. Adem\u00e1s el pr\u00f3ximo lunes se realizar\u00e1 un plenario a nivel nacional de la FOICA, por lo que se analiza la posibilidad de tomar alguna medida a nivel nacional, si el funcionario no vuelve a ser reintegrado a la plantilla laboral. <br><\/p>\n\n\n\n<p>Luego de su retorno a la actividad este a\u00f1o, la planta de Frigor\u00edfico Canelones de Athenas Foods, se ha posicionado en el quinto lugar del ranking nacional de faena. Hasta el pasado 31 de julio, dicha planta ha faenado 104.131 cabezas de vacunos, el 7,1% del total nacional. Por su parte Athenas Foods, compuesta por las plantas frigor\u00edficas PUL, Carrasco y Canelones, suma un total de 337.987 cabezas de vacunos, respondiendo por el 22,98% del total a nivel nacional, seg\u00fan los datos del Instituto Nacional de Carnes (INAC). <\/p>\n\n\n\n<p style=\"text-align:right\">Salto, 5 de agosto de 2021<\/p>\n","protected":false},"excerpt":{"rendered":"<p>Desde la Federaci\u00f3n de Obreros de la Industria C\u00e1rnica y Afines (FOICA), as\u00ed como tambi\u00e9n del sindicato de trabajadores de Frigor\u00edfico Canelones, se demanda a Athenas Foods (empresa del grupo [&hellip;]<\/p>\n","protected":false},"author":5,"featured_media":32748,"comment_status":"open","ping_status":"open","sticky":false,"template":"","format":"standard","meta":{"_price":"","_stock":"","_tribe_ticket_header":"","_tribe_default_ticket_provider":"","_tribe_ticket_capacity":"0","_ticket_start_date":"","_ticket_end_date":"","_tribe_ticket_show_description":"","_tribe_ticket_show_not_going":false,"_tribe_ticket_use_global_stock":"","_tribe_ticket_global_stock_level":"","_global_stock_mode":"","_global_stock_cap":"","_tribe_rsvp_for_event":"","_tribe_ticket_going_count":"","_tribe_ticket_not_going_count":"","_tribe_tickets_list":"[]","_tribe_ticket_has_attendee_info_fields":false,"h5ap_radio_sources":[],"_jetpack_newsletter_access":"","_jetpack_dont_email_post_to_subs":false,"_jetpack_newsletter_tier_id":0,"_jetpack_memberships_contains_paywalled_content":false,"_jetpack_memberships_contains_paid_content":false,"footnotes":""},"categories":[21,5],"tags":[2478,1311,217,1085,3030,71,657,661,63,1713,3032],"class_list":["post-32746","post","type-post","status-publish","format-standard","has-post-thumbnail","hentry","category-actualidad","category-ganaderia","tag-athenas-foods","tag-conflicto-laboral","tag-consignatarios","tag-foica","tag-frigorifico-canelones","tag-inac","tag-instituto-nacional-de-carnes","tag-mercado-de-haciendas","tag-mgap","tag-minerva","tag-sindicato"],"jetpack_featured_media_url":"https:\/\/i0.wp.com\/lahoradelcampo.com.uy\/site\/wp-content\/uploads\/2021\/08\/canelones-minerva.jpg?fit=880%2C440&ssl=1","jetpack_sharing_enabled":true,"jetpack_shortlink":"https:\/\/wp.me\/p99IaT-8wa","jetpack-related-posts":[{"id":4319,"url":"https:\/\/lahoradelcampo.com.uy\/site\/bajo-el-concepto-de-oligarcas-explotadores-el-sindicato-paro-la-industria-frigorifica\/","url_meta":{"origin":32746,"position":0},"title":"Bajo el concepto de \u00aboligarcas explotadores\u00bb el sindicato par\u00f3 la industria frigor\u00edfica","author":"La Hora del Campo","date":"29 noviembre, 2017","format":false,"excerpt":"Hace dos semanas se vienen desarrollando negociaciones entre los trabajadores de la industria frigor\u00edfica y la empresa Ersinal S.A., propietaria de Frigor\u00edfico Sol\u00eds en el departamento de Lavalleja, las cuales no logran encontrar un punto de encuentro entre las partes. La Federaci\u00f3n de Obreros de la Industria Frigor\u00edfica y Afines\u2026","rel":"","context":"En \u00abActualidad\u00bb","block_context":{"text":"Actualidad","link":"https:\/\/lahoradelcampo.com.uy\/site\/category\/actualidad\/"},"img":{"alt_text":"","src":"https:\/\/i0.wp.com\/lahoradelcampo.com.uy\/site\/wp-content\/uploads\/2017\/11\/Solis.jpg?fit=880%2C440&ssl=1&resize=350%2C200","width":350,"height":200,"srcset":"https:\/\/i0.wp.com\/lahoradelcampo.com.uy\/site\/wp-content\/uploads\/2017\/11\/Solis.jpg?fit=880%2C440&ssl=1&resize=350%2C200 1x, https:\/\/i0.wp.com\/lahoradelcampo.com.uy\/site\/wp-content\/uploads\/2017\/11\/Solis.jpg?fit=880%2C440&ssl=1&resize=525%2C300 1.5x, https:\/\/i0.wp.com\/lahoradelcampo.com.uy\/site\/wp-content\/uploads\/2017\/11\/Solis.jpg?fit=880%2C440&ssl=1&resize=700%2C400 2x"},"classes":[]},{"id":4313,"url":"https:\/\/lahoradelcampo.com.uy\/site\/foica-no-acepto-faenar-para-la-auditoria-canadiense\/","url_meta":{"origin":32746,"position":1},"title":"Foica no acept\u00f3 faenar para la auditoria canadiense","author":"La Hora del Campo ADMIN","date":"29 noviembre, 2017","format":false,"excerpt":"La cadena c\u00e1rnica nacional se encuentra atravesando un conflicto laboral que puede terminar en la p\u00e9rdida de un mercado debido a la falta de flexibilidad del sindicato de trabajadores. La Federaci\u00f3n de Obreros de la Industria C\u00e1rnica y Afines (Foica) luego de no mediar un acuerdo con frigor\u00edfico Solis mantuvo\u2026","rel":"","context":"En \u00abActualidad\u00bb","block_context":{"text":"Actualidad","link":"https:\/\/lahoradelcampo.com.uy\/site\/category\/actualidad\/"},"img":{"alt_text":"","src":"https:\/\/i0.wp.com\/lahoradelcampo.com.uy\/site\/wp-content\/uploads\/2017\/11\/Carne.jpg?fit=880%2C440&ssl=1&resize=350%2C200","width":350,"height":200,"srcset":"https:\/\/i0.wp.com\/lahoradelcampo.com.uy\/site\/wp-content\/uploads\/2017\/11\/Carne.jpg?fit=880%2C440&ssl=1&resize=350%2C200 1x, https:\/\/i0.wp.com\/lahoradelcampo.com.uy\/site\/wp-content\/uploads\/2017\/11\/Carne.jpg?fit=880%2C440&ssl=1&resize=525%2C300 1.5x, https:\/\/i0.wp.com\/lahoradelcampo.com.uy\/site\/wp-content\/uploads\/2017\/11\/Carne.jpg?fit=880%2C440&ssl=1&resize=700%2C400 2x"},"classes":[]},{"id":28552,"url":"https:\/\/lahoradelcampo.com.uy\/site\/faena-vacuna-crecio-6-y-supero-las-54-000-cabezas\/","url_meta":{"origin":32746,"position":2},"title":"Faena vacuna creci\u00f3 6% y super\u00f3 las 54.000 cabezas","author":"La Hora del Campo","date":"16 marzo, 2021","format":false,"excerpt":"Durante la \u00faltima semana del 7 al 13 de marzo de 2021, la faena vacuna creci\u00f3 un 6,2% respecto a la semana anterior, seg\u00fan los datos que aport\u00f3 el Instituto Nacional de Carnes (INAC). En total se procesaron por parte de la industria 54.410 cabezas de vacunos, valor que no\u2026","rel":"","context":"En \u00abActualidad\u00bb","block_context":{"text":"Actualidad","link":"https:\/\/lahoradelcampo.com.uy\/site\/category\/actualidad\/"},"img":{"alt_text":"","src":"https:\/\/i0.wp.com\/lahoradelcampo.com.uy\/site\/wp-content\/uploads\/2020\/06\/faenavacuna.jpg?fit=880%2C440&ssl=1&resize=350%2C200","width":350,"height":200,"srcset":"https:\/\/i0.wp.com\/lahoradelcampo.com.uy\/site\/wp-content\/uploads\/2020\/06\/faenavacuna.jpg?fit=880%2C440&ssl=1&resize=350%2C200 1x, https:\/\/i0.wp.com\/lahoradelcampo.com.uy\/site\/wp-content\/uploads\/2020\/06\/faenavacuna.jpg?fit=880%2C440&ssl=1&resize=525%2C300 1.5x, https:\/\/i0.wp.com\/lahoradelcampo.com.uy\/site\/wp-content\/uploads\/2020\/06\/faenavacuna.jpg?fit=880%2C440&ssl=1&resize=700%2C400 2x"},"classes":[]},{"id":6745,"url":"https:\/\/lahoradelcampo.com.uy\/site\/hoy-se-realiza-paro-nacional-en-la-industria-frigorifica\/","url_meta":{"origin":32746,"position":3},"title":"Hoy se realiza Paro Nacional en la industria frigor\u00edfica","author":"La Hora del Campo","date":"2 mayo, 2018","format":false,"excerpt":"Hoy mi\u00e9rcoles 2 de mayo los frigor\u00edficos paran por 24 horas. La Federaci\u00f3n de Obreros de la Industria de la Carne y Afines (FOICA) resolvi\u00f3 hacer un paro para reclamar el reintegro del presidente del sindicato del Frigor\u00edfico Somicar, qui\u00e9n fue despedido por la empresa. La FOICA se reuni\u00f3 en\u2026","rel":"","context":"En \u00abActualidad\u00bb","block_context":{"text":"Actualidad","link":"https:\/\/lahoradelcampo.com.uy\/site\/category\/actualidad\/"},"img":{"alt_text":"","src":"https:\/\/i0.wp.com\/lahoradelcampo.com.uy\/site\/wp-content\/uploads\/2017\/09\/Faena-vacuna.jpg?fit=880%2C440&ssl=1&resize=350%2C200","width":350,"height":200,"srcset":"https:\/\/i0.wp.com\/lahoradelcampo.com.uy\/site\/wp-content\/uploads\/2017\/09\/Faena-vacuna.jpg?fit=880%2C440&ssl=1&resize=350%2C200 1x, https:\/\/i0.wp.com\/lahoradelcampo.com.uy\/site\/wp-content\/uploads\/2017\/09\/Faena-vacuna.jpg?fit=880%2C440&ssl=1&resize=525%2C300 1.5x, https:\/\/i0.wp.com\/lahoradelcampo.com.uy\/site\/wp-content\/uploads\/2017\/09\/Faena-vacuna.jpg?fit=880%2C440&ssl=1&resize=700%2C400 2x"},"classes":[]},{"id":4787,"url":"https:\/\/lahoradelcampo.com.uy\/site\/propuesta-del-gobierno-respalda-pedido-de-los-trabajadores\/","url_meta":{"origin":32746,"position":4},"title":"Propuesta del gobierno respalda pedido de los trabajadores","author":"La Hora del Campo","date":"11 diciembre, 2017","format":false,"excerpt":"La problem\u00e1tica entorno al frigor\u00edfico Sol\u00eds, contin\u00faa siendo uno de los puntos de mayor preocupaci\u00f3n de todo el sector productivo. Los productores se encuentran frente al incremento de la oferta, una baja de los valores de la hacienda y con entradas a la industria que se han distanciado en el\u2026","rel":"","context":"En \u00abActualidad\u00bb","block_context":{"text":"Actualidad","link":"https:\/\/lahoradelcampo.com.uy\/site\/category\/actualidad\/"},"img":{"alt_text":"","src":"https:\/\/i0.wp.com\/lahoradelcampo.com.uy\/site\/wp-content\/uploads\/2017\/12\/Solis.jpg?fit=880%2C440&ssl=1&resize=350%2C200","width":350,"height":200,"srcset":"https:\/\/i0.wp.com\/lahoradelcampo.com.uy\/site\/wp-content\/uploads\/2017\/12\/Solis.jpg?fit=880%2C440&ssl=1&resize=350%2C200 1x, https:\/\/i0.wp.com\/lahoradelcampo.com.uy\/site\/wp-content\/uploads\/2017\/12\/Solis.jpg?fit=880%2C440&ssl=1&resize=525%2C300 1.5x, https:\/\/i0.wp.com\/lahoradelcampo.com.uy\/site\/wp-content\/uploads\/2017\/12\/Solis.jpg?fit=880%2C440&ssl=1&resize=700%2C400 2x"},"classes":[]},{"id":5049,"url":"https:\/\/lahoradelcampo.com.uy\/site\/se-soluciono-el-conflicto-laboral-en-frigorifico-solis\/","url_meta":{"origin":32746,"position":5},"title":"Se solucion\u00f3 el conflicto laboral en Frigor\u00edfico Sol\u00eds","author":"La Hora del Campo","date":"21 diciembre, 2017","format":false,"excerpt":"En la jornada de ayer se alcanz\u00f3 un acuerdo en el Ministerio de Trabajo y Seguridad Social entre los principales de la firma Ersinal S.A. (Frigor\u00edfico Sol\u00eds), la Federaci\u00f3n de Obreros de la Industria C\u00e1rnica y Afines (FOICA) y el Sindicato de Obreros y Obreras de Frigor\u00edfico Ersinal (SOOFE). En\u2026","rel":"","context":"En \u00abActualidad\u00bb","block_context":{"text":"Actualidad","link":"https:\/\/lahoradelcampo.com.uy\/site\/category\/actualidad\/"},"img":{"alt_text":"","src":"https:\/\/i0.wp.com\/lahoradelcampo.com.uy\/site\/wp-content\/uploads\/2017\/12\/Solis-1.jpg?fit=880%2C440&ssl=1&resize=350%2C200","width":350,"height":200,"srcset":"https:\/\/i0.wp.com\/lahoradelcampo.com.uy\/site\/wp-content\/uploads\/2017\/12\/Solis-1.jpg?fit=880%2C440&ssl=1&resize=350%2C200 1x, https:\/\/i0.wp.com\/lahoradelcampo.com.uy\/site\/wp-content\/uploads\/2017\/12\/Solis-1.jpg?fit=880%2C440&ssl=1&resize=525%2C300 1.5x, https:\/\/i0.wp.com\/lahoradelcampo.com.uy\/site\/wp-content\/uploads\/2017\/12\/Solis-1.jpg?fit=880%2C440&ssl=1&resize=700%2C400 2x"},"classes":[]}],"jetpack_likes_enabled":true,"_links":{"self":[{"href":"https:\/\/lahoradelcampo.com.uy\/site\/wp-json\/wp\/v2\/posts\/32746","targetHints":{"allow":["GET"]}}],"collection":[{"href":"https:\/\/lahoradelcampo.com.uy\/site\/wp-json\/wp\/v2\/posts"}],"about":[{"href":"https:\/\/lahoradelcampo.com.uy\/site\/wp-json\/wp\/v2\/types\/post"}],"author":[{"embeddable":true,"href":"https:\/\/lahoradelcampo.com.uy\/site\/wp-json\/wp\/v2\/users\/5"}],"replies":[{"embeddable":true,"href":"https:\/\/lahoradelcampo.com.uy\/site\/wp-json\/wp\/v2\/comments?post=32746"}],"version-history":[{"count":1,"href":"https:\/\/lahoradelcampo.com.uy\/site\/wp-json\/wp\/v2\/posts\/32746\/revisions"}],"predecessor-version":[{"id":32750,"href":"https:\/\/lahoradelcampo.com.uy\/site\/wp-json\/wp\/v2\/posts\/32746\/revisions\/32750"}],"wp:featuredmedia":[{"embeddable":true,"href":"https:\/\/lahoradelcampo.com.uy\/site\/wp-json\/wp\/v2\/media\/32748"}],"wp:attachment":[{"href":"https:\/\/lahoradelcampo.com.uy\/site\/wp-json\/wp\/v2\/media?parent=32746"}],"wp:term":[{"taxonomy":"category","embeddable":true,"href":"https:\/\/lahoradelcampo.com.uy\/site\/wp-json\/wp\/v2\/categories?post=32746"},{"taxonomy":"post_tag","embeddable":true,"href":"https:\/\/lahoradelcampo.com.uy\/site\/wp-json\/wp\/v2\/tags?post=32746"}],"curies":[{"name":"wp","href":"https:\/\/api.w.org\/{rel}","templated":true}]}}