{"id":32742,"date":"2021-08-05T06:19:29","date_gmt":"2021-08-05T09:19:29","guid":{"rendered":"http:\/\/lahoradelcampo.com.uy\/site\/?p=32742"},"modified":"2021-08-05T12:48:02","modified_gmt":"2021-08-05T15:48:02","slug":"valdez-vuelve-al-local-valentin-con-210-vacunos-y-100-ovinos","status":"publish","type":"post","link":"https:\/\/lahoradelcampo.com.uy\/site\/valdez-vuelve-al-local-valentin-con-210-vacunos-y-100-ovinos\/","title":{"rendered":"Valdez vuelve  al local Valent\u00edn con 210 vacunos y 100 ovinos"},"content":{"rendered":"\n<figure class=\"wp-block-image\"><img data-recalc-dims=\"1\" loading=\"lazy\" decoding=\"async\" width=\"810\" height=\"405\" data-attachment-id=\"16120\" data-permalink=\"https:\/\/lahoradelcampo.com.uy\/site\/el-sul-presento-los-resultados-y-propuestas-para-mejorar-el-rubro-ovino\/valentinaaa\/\" data-orig-file=\"https:\/\/i0.wp.com\/lahoradelcampo.com.uy\/site\/wp-content\/uploads\/2019\/11\/Valentinaaa.jpg?fit=880%2C440&amp;ssl=1\" data-orig-size=\"880,440\" data-comments-opened=\"1\" data-image-meta=\"{&quot;aperture&quot;:&quot;0&quot;,&quot;credit&quot;:&quot;&quot;,&quot;camera&quot;:&quot;&quot;,&quot;caption&quot;:&quot;&quot;,&quot;created_timestamp&quot;:&quot;0&quot;,&quot;copyright&quot;:&quot;&quot;,&quot;focal_length&quot;:&quot;0&quot;,&quot;iso&quot;:&quot;0&quot;,&quot;shutter_speed&quot;:&quot;0&quot;,&quot;title&quot;:&quot;&quot;,&quot;orientation&quot;:&quot;1&quot;}\" data-image-title=\"Valentinaaa\" data-image-description=\"\" data-image-caption=\"\" data-large-file=\"https:\/\/i0.wp.com\/lahoradelcampo.com.uy\/site\/wp-content\/uploads\/2019\/11\/Valentinaaa.jpg?fit=810%2C405&amp;ssl=1\" src=\"https:\/\/i0.wp.com\/lahoradelcampo.com.uy\/site\/wp-content\/uploads\/2019\/11\/Valentinaaa.jpg?resize=810%2C405\" alt=\"\" class=\"wp-image-16120\" srcset=\"https:\/\/i0.wp.com\/lahoradelcampo.com.uy\/site\/wp-content\/uploads\/2019\/11\/Valentinaaa.jpg?w=880&amp;ssl=1 880w, https:\/\/i0.wp.com\/lahoradelcampo.com.uy\/site\/wp-content\/uploads\/2019\/11\/Valentinaaa.jpg?resize=300%2C150&amp;ssl=1 300w, https:\/\/i0.wp.com\/lahoradelcampo.com.uy\/site\/wp-content\/uploads\/2019\/11\/Valentinaaa.jpg?resize=768%2C384&amp;ssl=1 768w, https:\/\/i0.wp.com\/lahoradelcampo.com.uy\/site\/wp-content\/uploads\/2019\/11\/Valentinaaa.jpg?resize=820%2C410&amp;ssl=1 820w\" sizes=\"auto, (max-width: 810px) 100vw, 810px\" \/><\/figure>\n\n\n\n<p>Hoy jueves 5 de agosto, a partir de las 15 horas, el escritorio Valdez &amp; Cia, retorna con los negocios a la pista del local de remates de la Asociaci\u00f3n Fomento Rural de Valent\u00edn. En esta pr\u00f3xima venta con una oferta primaria de 210 vacunos y 100 ovinos. Como es tradicional se recuerda que debe cumplirse con el protocolo contra el Covid-19, concurriendo con tapabocas y respetando el distanciamiento social. <br><\/p>\n\n\n\n<p>De acuerdo a la informaci\u00f3n brindada por el escritorio, la oferta estar\u00e1 compuesta por 40 terneros y terneras, 60 novillos, 55 vaquillonas, 50 vacas y 5 toros industrias, adem\u00e1s de los 100 ovinos. <br><\/p>\n\n\n\n<p>Para esta venta, el representante en Salto, Juan Ignacio Pirotto, dijo que en el caso de los vacunos, \u00abuna firma de Paso del Horno, que siempre nos acompa\u00f1a, ha inscripto nuevamente unos muy lindos lotes de ganados negros, donde entran 40 vaquillonas en el entorno de los 250 kilos, todas negras, excelente lote, despu\u00e9s va un lote de 30 novillos negros entorno a las 270 kilos, muy lindo y terneros negros de la misma firma\u00bb.<br><\/p>\n\n\n\n<p>Adem\u00e1s se complementa la oferta para este nuevo remate con \u00abunas terneradas Hereford, muy lindas en el entorno de los 150 kilos, despu\u00e9s terneros y terneras generales, buenos lotes de vacas de invernar y algo de industria\u00bb dijo el consignatario. <br><\/p>\n\n\n\n<p>Juan Ignacio Pirotto dijo que la propuesta en el local Valent\u00edn \u00absale con 30 d\u00edas y la financiaci\u00f3n es propia del escritorio\u00bb. <br><\/p>\n\n\n\n<p>Por m\u00e1s consultas e informaci\u00f3n para ambas ventas est\u00e1n los tel\u00e9fonos del escritorio en Salto, el n\u00famero celular de Andr\u00e9s Dacol 099 73 89 11 y su propio n\u00famero el 099 73 55 81.  <\/p>\n\n\n\n<p style=\"text-align:right\">Salto, 5 de agosto de 2021<\/p>\n","protected":false},"excerpt":{"rendered":"<p>Hoy jueves 5 de agosto, a partir de las 15 horas, el escritorio Valdez &amp; Cia, retorna con los negocios a la pista del local de remates de la Asociaci\u00f3n [&hellip;]<\/p>\n","protected":false},"author":5,"featured_media":16120,"comment_status":"open","ping_status":"open","sticky":false,"template":"","format":"standard","meta":{"_price":"","_stock":"","_tribe_ticket_header":"","_tribe_default_ticket_provider":"","_tribe_ticket_capacity":"0","_ticket_start_date":"","_ticket_end_date":"","_tribe_ticket_show_description":"","_tribe_ticket_show_not_going":false,"_tribe_ticket_use_global_stock":"","_tribe_ticket_global_stock_level":"","_global_stock_mode":"","_global_stock_cap":"","_tribe_rsvp_for_event":"","_tribe_ticket_going_count":"","_tribe_ticket_not_going_count":"","_tribe_tickets_list":"[]","_tribe_ticket_has_attendee_info_fields":false,"h5ap_radio_sources":[],"_jetpack_newsletter_access":"","_jetpack_dont_email_post_to_subs":false,"_jetpack_newsletter_tier_id":0,"_jetpack_memberships_contains_paywalled_content":false,"_jetpack_memberships_contains_paid_content":false,"footnotes":""},"categories":[21,5],"tags":[667,43,247,219,2235,377],"class_list":["post-32742","post","type-post","status-publish","format-standard","has-post-thumbnail","hentry","category-actualidad","category-ganaderia","tag-mercado-de-reposicion","tag-ovinos","tag-salto","tag-vacunos","tag-valdez-cia-2","tag-valentin"],"jetpack_featured_media_url":"https:\/\/i0.wp.com\/lahoradelcampo.com.uy\/site\/wp-content\/uploads\/2019\/11\/Valentinaaa.jpg?fit=880%2C440&ssl=1","jetpack_sharing_enabled":true,"jetpack_shortlink":"https:\/\/wp.me\/p99IaT-8w6","jetpack-related-posts":[{"id":32618,"url":"https:\/\/lahoradelcampo.com.uy\/site\/valdez-tv-con-destacada-oferta-de-salto\/","url_meta":{"origin":32742,"position":0},"title":"Valdez TV con destacada oferta  de Salto","author":"La Hora del Campo","date":"2 agosto, 2021","format":false,"excerpt":"Comienza una semana movida para el escritorio salte\u00f1o de la firma Jos\u00e9 A. Valdez & C\u00eda., que tendr\u00e1 dos importantes ventas tanto de ovinos como de vacunos de la zona en ambos casos. El martes se realiza la vig\u00e9simo cuarta edici\u00f3n del remate Valdez Tv y el jueves los negocios\u2026","rel":"","context":"En \u00abActualidad\u00bb","block_context":{"text":"Actualidad","link":"https:\/\/lahoradelcampo.com.uy\/site\/category\/actualidad\/"},"img":{"alt_text":"","src":"https:\/\/i0.wp.com\/lahoradelcampo.com.uy\/site\/wp-content\/uploads\/2021\/08\/valdezsalto.jpg?fit=880%2C440&ssl=1&resize=350%2C200","width":350,"height":200,"srcset":"https:\/\/i0.wp.com\/lahoradelcampo.com.uy\/site\/wp-content\/uploads\/2021\/08\/valdezsalto.jpg?fit=880%2C440&ssl=1&resize=350%2C200 1x, https:\/\/i0.wp.com\/lahoradelcampo.com.uy\/site\/wp-content\/uploads\/2021\/08\/valdezsalto.jpg?fit=880%2C440&ssl=1&resize=525%2C300 1.5x, https:\/\/i0.wp.com\/lahoradelcampo.com.uy\/site\/wp-content\/uploads\/2021\/08\/valdezsalto.jpg?fit=880%2C440&ssl=1&resize=700%2C400 2x"},"classes":[]},{"id":39647,"url":"https:\/\/lahoradelcampo.com.uy\/site\/agilidad-en-las-ventas-de-valdez-cia-ayer-en-valentin\/","url_meta":{"origin":32742,"position":1},"title":"Agilidad en las ventas de Valdez &#038; C\u00eda ayer en Valent\u00edn","author":"La Hora del Campo","date":"9 marzo, 2022","format":false,"excerpt":"En la jornada de ayer, la firma Jos\u00e9 A. Valdez & C\u00eda, realiz\u00f3 su remate del mes de marzo en el local de la Asociaci\u00f3n Fomento Rural de Valent\u00edn, con una oferta que se vio disminuida tanto en vacunos como ovinos, debido a las precipitaciones y algunos pasos crecidos en\u2026","rel":"","context":"En \u00abActualidad\u00bb","block_context":{"text":"Actualidad","link":"https:\/\/lahoradelcampo.com.uy\/site\/category\/actualidad\/"},"img":{"alt_text":"","src":"https:\/\/i0.wp.com\/lahoradelcampo.com.uy\/site\/wp-content\/uploads\/2021\/02\/valdez.jpg?fit=880%2C440&ssl=1&resize=350%2C200","width":350,"height":200,"srcset":"https:\/\/i0.wp.com\/lahoradelcampo.com.uy\/site\/wp-content\/uploads\/2021\/02\/valdez.jpg?fit=880%2C440&ssl=1&resize=350%2C200 1x, https:\/\/i0.wp.com\/lahoradelcampo.com.uy\/site\/wp-content\/uploads\/2021\/02\/valdez.jpg?fit=880%2C440&ssl=1&resize=525%2C300 1.5x, https:\/\/i0.wp.com\/lahoradelcampo.com.uy\/site\/wp-content\/uploads\/2021\/02\/valdez.jpg?fit=880%2C440&ssl=1&resize=700%2C400 2x"},"classes":[]},{"id":30680,"url":"https:\/\/lahoradelcampo.com.uy\/site\/ventas-totales-de-valdez-cia-en-valentin\/","url_meta":{"origin":32742,"position":2},"title":"Ventas totales de Valdez &#038; C\u00eda. en Valent\u00edn","author":"La Hora del Campo","date":"29 mayo, 2021","format":false,"excerpt":"El escritorio Jos\u00e9 A. Vald\u00e9z & C\u00eda, realiz\u00f3 en la jornada de ayer una nueva feria de reposici\u00f3n en el local de la Asociaci\u00f3n Fomento Rural de Valent\u00edn, con ventas totales tanto en ovinos como en bovinos, con valores acordes a la \u00e9poca del a\u00f1o. El representante de la firma\u2026","rel":"","context":"En \u00abActualidad\u00bb","block_context":{"text":"Actualidad","link":"https:\/\/lahoradelcampo.com.uy\/site\/category\/actualidad\/"},"img":{"alt_text":"","src":"https:\/\/i0.wp.com\/lahoradelcampo.com.uy\/site\/wp-content\/uploads\/2020\/09\/Valdezvalentina.jpg?fit=880%2C440&ssl=1&resize=350%2C200","width":350,"height":200,"srcset":"https:\/\/i0.wp.com\/lahoradelcampo.com.uy\/site\/wp-content\/uploads\/2020\/09\/Valdezvalentina.jpg?fit=880%2C440&ssl=1&resize=350%2C200 1x, https:\/\/i0.wp.com\/lahoradelcampo.com.uy\/site\/wp-content\/uploads\/2020\/09\/Valdezvalentina.jpg?fit=880%2C440&ssl=1&resize=525%2C300 1.5x, https:\/\/i0.wp.com\/lahoradelcampo.com.uy\/site\/wp-content\/uploads\/2020\/09\/Valdezvalentina.jpg?fit=880%2C440&ssl=1&resize=700%2C400 2x"},"classes":[]},{"id":30452,"url":"https:\/\/lahoradelcampo.com.uy\/site\/manana-se-realiza-valdez-tv-y-el-modelo-club\/","url_meta":{"origin":32742,"position":3},"title":"Ma\u00f1ana se realiza Valdez TV y el Modelo Club","author":"La Hora del Campo","date":"24 mayo, 2021","format":false,"excerpt":"De una semana movida, con liquidaci\u00f3n en el local Don Tito y ventas de m\u00e1s 1.200 reses en el local Ansina en Tacuaremb\u00f3, la firma Jos\u00e9 A. Valdez & C\u00eda, trabaja para lo que ser\u00e1 el martes, una nueva venta por pantalla y el viernes el retorno a las ventas\u2026","rel":"","context":"En \u00abActualidad\u00bb","block_context":{"text":"Actualidad","link":"https:\/\/lahoradelcampo.com.uy\/site\/category\/actualidad\/"},"img":{"alt_text":"","src":"https:\/\/i0.wp.com\/lahoradelcampo.com.uy\/site\/wp-content\/uploads\/2017\/09\/valdez-tv.jpg?fit=880%2C440&ssl=1&resize=350%2C200","width":350,"height":200,"srcset":"https:\/\/i0.wp.com\/lahoradelcampo.com.uy\/site\/wp-content\/uploads\/2017\/09\/valdez-tv.jpg?fit=880%2C440&ssl=1&resize=350%2C200 1x, https:\/\/i0.wp.com\/lahoradelcampo.com.uy\/site\/wp-content\/uploads\/2017\/09\/valdez-tv.jpg?fit=880%2C440&ssl=1&resize=525%2C300 1.5x, https:\/\/i0.wp.com\/lahoradelcampo.com.uy\/site\/wp-content\/uploads\/2017\/09\/valdez-tv.jpg?fit=880%2C440&ssl=1&resize=700%2C400 2x"},"classes":[]},{"id":19254,"url":"https:\/\/lahoradelcampo.com.uy\/site\/en-valentin-valdez-cia-remata-hoy-en-la-pista\/","url_meta":{"origin":32742,"position":4},"title":"En Valent\u00edn: Valdez &#038; C\u00eda remata hoy en la pista","author":"La Hora del Campo","date":"29 abril, 2020","format":false,"excerpt":"En la tarde de hoy la firma Jos\u00e9 A. Vald\u00e9z & C\u00eda rematar\u00e1 en el local de la Asociaci\u00f3n Fomento Rural de Valent\u00edn, 260 vacunos, 500 lanares y una yegua criolla de pedigree. La administraci\u00f3n de las ventas es propia con la financiaci\u00f3n del Fideicomiso Un Siglo. Juan Ignacio Pirotto,\u2026","rel":"","context":"En \u00abActualidad\u00bb","block_context":{"text":"Actualidad","link":"https:\/\/lahoradelcampo.com.uy\/site\/category\/actualidad\/"},"img":{"alt_text":"","src":"https:\/\/i0.wp.com\/lahoradelcampo.com.uy\/site\/wp-content\/uploads\/2019\/09\/Valdez.jpg?fit=880%2C440&ssl=1&resize=350%2C200","width":350,"height":200,"srcset":"https:\/\/i0.wp.com\/lahoradelcampo.com.uy\/site\/wp-content\/uploads\/2019\/09\/Valdez.jpg?fit=880%2C440&ssl=1&resize=350%2C200 1x, https:\/\/i0.wp.com\/lahoradelcampo.com.uy\/site\/wp-content\/uploads\/2019\/09\/Valdez.jpg?fit=880%2C440&ssl=1&resize=525%2C300 1.5x, https:\/\/i0.wp.com\/lahoradelcampo.com.uy\/site\/wp-content\/uploads\/2019\/09\/Valdez.jpg?fit=880%2C440&ssl=1&resize=700%2C400 2x"},"classes":[]},{"id":38741,"url":"https:\/\/lahoradelcampo.com.uy\/site\/valdez-cia-realiza-manana-el-primer-remate-de-2022-en-valentin\/","url_meta":{"origin":32742,"position":5},"title":"Valdez &#038; C\u00eda, realiza ma\u00f1ana el  primer remate de 2022 en Valent\u00edn","author":"La Hora del Campo","date":"1 febrero, 2022","format":false,"excerpt":"Este mi\u00e9rcoles 2 de febrero, la firma Jos\u00e9 A. Valdez & C\u00eda, realizar\u00e1 su primer remate del a\u00f1o 2022 en el local de la Asociaci\u00f3n Fomento Rural de Valent\u00edn. la oferta estar\u00e1 compuesta por 360 vacunos y 370 ovinos que entrar\u00e1n a la venta desde las 15 horas, con la\u2026","rel":"","context":"En \u00abActualidad\u00bb","block_context":{"text":"Actualidad","link":"https:\/\/lahoradelcampo.com.uy\/site\/category\/actualidad\/"},"img":{"alt_text":"","src":"https:\/\/i0.wp.com\/lahoradelcampo.com.uy\/site\/wp-content\/uploads\/2019\/09\/valentin-valdez.jpg?fit=880%2C440&ssl=1&resize=350%2C200","width":350,"height":200,"srcset":"https:\/\/i0.wp.com\/lahoradelcampo.com.uy\/site\/wp-content\/uploads\/2019\/09\/valentin-valdez.jpg?fit=880%2C440&ssl=1&resize=350%2C200 1x, https:\/\/i0.wp.com\/lahoradelcampo.com.uy\/site\/wp-content\/uploads\/2019\/09\/valentin-valdez.jpg?fit=880%2C440&ssl=1&resize=525%2C300 1.5x, https:\/\/i0.wp.com\/lahoradelcampo.com.uy\/site\/wp-content\/uploads\/2019\/09\/valentin-valdez.jpg?fit=880%2C440&ssl=1&resize=700%2C400 2x"},"classes":[]}],"jetpack_likes_enabled":true,"_links":{"self":[{"href":"https:\/\/lahoradelcampo.com.uy\/site\/wp-json\/wp\/v2\/posts\/32742","targetHints":{"allow":["GET"]}}],"collection":[{"href":"https:\/\/lahoradelcampo.com.uy\/site\/wp-json\/wp\/v2\/posts"}],"about":[{"href":"https:\/\/lahoradelcampo.com.uy\/site\/wp-json\/wp\/v2\/types\/post"}],"author":[{"embeddable":true,"href":"https:\/\/lahoradelcampo.com.uy\/site\/wp-json\/wp\/v2\/users\/5"}],"replies":[{"embeddable":true,"href":"https:\/\/lahoradelcampo.com.uy\/site\/wp-json\/wp\/v2\/comments?post=32742"}],"version-history":[{"count":1,"href":"https:\/\/lahoradelcampo.com.uy\/site\/wp-json\/wp\/v2\/posts\/32742\/revisions"}],"predecessor-version":[{"id":32744,"href":"https:\/\/lahoradelcampo.com.uy\/site\/wp-json\/wp\/v2\/posts\/32742\/revisions\/32744"}],"wp:featuredmedia":[{"embeddable":true,"href":"https:\/\/lahoradelcampo.com.uy\/site\/wp-json\/wp\/v2\/media\/16120"}],"wp:attachment":[{"href":"https:\/\/lahoradelcampo.com.uy\/site\/wp-json\/wp\/v2\/media?parent=32742"}],"wp:term":[{"taxonomy":"category","embeddable":true,"href":"https:\/\/lahoradelcampo.com.uy\/site\/wp-json\/wp\/v2\/categories?post=32742"},{"taxonomy":"post_tag","embeddable":true,"href":"https:\/\/lahoradelcampo.com.uy\/site\/wp-json\/wp\/v2\/tags?post=32742"}],"curies":[{"name":"wp","href":"https:\/\/api.w.org\/{rel}","templated":true}]}}