{"id":32716,"date":"2021-08-04T08:48:40","date_gmt":"2021-08-04T11:48:40","guid":{"rendered":"http:\/\/lahoradelcampo.com.uy\/site\/?p=32716"},"modified":"2021-08-04T11:26:14","modified_gmt":"2021-08-04T14:26:14","slug":"produccion-de-citricos-crecera-un-19","status":"publish","type":"post","link":"https:\/\/lahoradelcampo.com.uy\/site\/produccion-de-citricos-crecera-un-19\/","title":{"rendered":"Producci\u00f3n de c\u00edtricos crecer\u00e1 un 19%"},"content":{"rendered":"\n<figure class=\"wp-block-image\"><img data-recalc-dims=\"1\" loading=\"lazy\" decoding=\"async\" width=\"810\" height=\"405\" data-attachment-id=\"4309\" data-permalink=\"https:\/\/lahoradelcampo.com.uy\/site\/produccion-citricola-caera-un-3-segun-mgap\/citrus\/\" data-orig-file=\"https:\/\/i0.wp.com\/lahoradelcampo.com.uy\/site\/wp-content\/uploads\/2017\/11\/citrus.jpg?fit=880%2C440&amp;ssl=1\" data-orig-size=\"880,440\" data-comments-opened=\"1\" data-image-meta=\"{&quot;aperture&quot;:&quot;0&quot;,&quot;credit&quot;:&quot;Vicente-Manuel-Tort&quot;,&quot;camera&quot;:&quot;&quot;,&quot;caption&quot;:&quot;&quot;,&quot;created_timestamp&quot;:&quot;0&quot;,&quot;copyright&quot;:&quot;Presidencia de la Republica - Sec.Com.Inst.&quot;,&quot;focal_length&quot;:&quot;0&quot;,&quot;iso&quot;:&quot;0&quot;,&quot;shutter_speed&quot;:&quot;0&quot;,&quot;title&quot;:&quot;&quot;,&quot;orientation&quot;:&quot;1&quot;}\" data-image-title=\"citrus\" data-image-description=\"\" data-image-caption=\"\" data-large-file=\"https:\/\/i0.wp.com\/lahoradelcampo.com.uy\/site\/wp-content\/uploads\/2017\/11\/citrus.jpg?fit=810%2C405&amp;ssl=1\" src=\"https:\/\/i0.wp.com\/lahoradelcampo.com.uy\/site\/wp-content\/uploads\/2017\/11\/citrus.jpg?resize=810%2C405\" alt=\"\" class=\"wp-image-4309\" srcset=\"https:\/\/i0.wp.com\/lahoradelcampo.com.uy\/site\/wp-content\/uploads\/2017\/11\/citrus.jpg?w=880&amp;ssl=1 880w, https:\/\/i0.wp.com\/lahoradelcampo.com.uy\/site\/wp-content\/uploads\/2017\/11\/citrus.jpg?resize=300%2C150&amp;ssl=1 300w, https:\/\/i0.wp.com\/lahoradelcampo.com.uy\/site\/wp-content\/uploads\/2017\/11\/citrus.jpg?resize=768%2C384&amp;ssl=1 768w, https:\/\/i0.wp.com\/lahoradelcampo.com.uy\/site\/wp-content\/uploads\/2017\/11\/citrus.jpg?resize=820%2C410&amp;ssl=1 820w\" sizes=\"auto, (max-width: 810px) 100vw, 810px\" \/><\/figure>\n\n\n\n<p>La Direcci\u00f3n de Informaci\u00f3n y Estad\u00edsticas del Ministerio de Ganader\u00eda, Agricultura y Pesca (DIEA-MGAP) present\u00f3 los resultados del pron\u00f3stico de la cosecha citr\u00edcola 2021 en el pa\u00eds. Para ello se realiz\u00f3 una encuesta durante junio y julio de este a\u00f1o, y tuvo como principal objetivo obtener estimaciones de la producci\u00f3n probable para la zafra en curso, para las cuatro principales especies de c\u00edtricos que se producen en el pa\u00eds: naranja, mandarina, lim\u00f3n y pomelo.<br><\/p>\n\n\n\n<p>La informaci\u00f3n fue recabada directamente de los informantes, mediante un formulario enviado por correo electr\u00f3nico al panel de productores que conforman una muestra representativa, seg\u00fan comunic\u00f3 DIEA.<br><\/p>\n\n\n\n<figure class=\"wp-block-image\"><img data-recalc-dims=\"1\" loading=\"lazy\" decoding=\"async\" width=\"810\" height=\"824\" data-attachment-id=\"32718\" data-permalink=\"https:\/\/lahoradelcampo.com.uy\/site\/produccion-de-citricos-crecera-un-19\/citrus-2\/\" data-orig-file=\"https:\/\/i0.wp.com\/lahoradelcampo.com.uy\/site\/wp-content\/uploads\/2021\/08\/citrus.jpg?fit=1061%2C1080&amp;ssl=1\" data-orig-size=\"1061,1080\" data-comments-opened=\"1\" data-image-meta=\"{&quot;aperture&quot;:&quot;0&quot;,&quot;credit&quot;:&quot;&quot;,&quot;camera&quot;:&quot;&quot;,&quot;caption&quot;:&quot;&quot;,&quot;created_timestamp&quot;:&quot;0&quot;,&quot;copyright&quot;:&quot;&quot;,&quot;focal_length&quot;:&quot;0&quot;,&quot;iso&quot;:&quot;0&quot;,&quot;shutter_speed&quot;:&quot;0&quot;,&quot;title&quot;:&quot;&quot;,&quot;orientation&quot;:&quot;1&quot;}\" data-image-title=\"citrus\" data-image-description=\"\" data-image-caption=\"\" data-large-file=\"https:\/\/i0.wp.com\/lahoradelcampo.com.uy\/site\/wp-content\/uploads\/2021\/08\/citrus.jpg?fit=810%2C824&amp;ssl=1\" src=\"https:\/\/i0.wp.com\/lahoradelcampo.com.uy\/site\/wp-content\/uploads\/2021\/08\/citrus.jpg?resize=810%2C824\" alt=\"\" class=\"wp-image-32718\" srcset=\"https:\/\/i0.wp.com\/lahoradelcampo.com.uy\/site\/wp-content\/uploads\/2021\/08\/citrus.jpg?resize=1006%2C1024&amp;ssl=1 1006w, https:\/\/i0.wp.com\/lahoradelcampo.com.uy\/site\/wp-content\/uploads\/2021\/08\/citrus.jpg?resize=295%2C300&amp;ssl=1 295w, https:\/\/i0.wp.com\/lahoradelcampo.com.uy\/site\/wp-content\/uploads\/2021\/08\/citrus.jpg?resize=768%2C782&amp;ssl=1 768w, https:\/\/i0.wp.com\/lahoradelcampo.com.uy\/site\/wp-content\/uploads\/2021\/08\/citrus.jpg?w=1061&amp;ssl=1 1061w\" sizes=\"auto, (max-width: 810px) 100vw, 810px\" \/><\/figure>\n\n\n\n<p>El pron\u00f3stico de producci\u00f3n total de citrus para la zafra 2021, acumulando las cuatro especies, es del orden de las 261 mil toneladas, seg\u00fan el resultado de la encuesta, esto significa un crecimiento importante respecto a la zafra previa, ubicado en un 19%.<br><\/p>\n\n\n\n<p>En el caso de la naranja el crecimiento es del 23%, de concretarse dicha proyecci\u00f3n, en tanto que la mandarina crecer\u00e1 un 14%, el lim\u00f3n un 21% y el pomelo se mantendr\u00e1 estable. <br><\/p>\n\n\n\n<p>En cuanto al destino comercial previsto las estimaciones preliminares para este a\u00f1o indican un volumen total exportable en el entorno de 108 mil toneladas, lo que equivaldr\u00eda en t\u00e9rminos generales al 41,3 % de la producci\u00f3n en t\u00e9rminos promedio y llegando al 48,7 % para las mandarinas. <\/p>\n\n\n\n<p>En el caso de la naranja que es el producto de mayor producci\u00f3n tendr\u00e1 el 44% de su volumen destinado a la exportaci\u00f3n. <br><\/p>\n\n\n\n<p>Esta estimaci\u00f3n es preliminar y puede tener variaciones tanto por lo que finalmente sea cosechado en volumen y calidad, as\u00ed como de las oportunidades comerciales que efectivamente se concreten, pudiendo diferir de lo previsto a la fecha de la encuesta. La encuesta de primavera 2021, prevista para el mes de octubre, relevara los resultados de cosecha que finalmente se obtengan.<\/p>\n\n\n\n<p>Salto, 4 de agosto de 2021<\/p>\n","protected":false},"excerpt":{"rendered":"<p>La Direcci\u00f3n de Informaci\u00f3n y Estad\u00edsticas del Ministerio de Ganader\u00eda, Agricultura y Pesca (DIEA-MGAP) present\u00f3 los resultados del pron\u00f3stico de la cosecha citr\u00edcola 2021 en el pa\u00eds. Para ello se [&hellip;]<\/p>\n","protected":false},"author":5,"featured_media":4309,"comment_status":"open","ping_status":"open","sticky":false,"template":"","format":"standard","meta":{"_price":"","_stock":"","_tribe_ticket_header":"","_tribe_default_ticket_provider":"","_tribe_ticket_capacity":"0","_ticket_start_date":"","_ticket_end_date":"","_tribe_ticket_show_description":"","_tribe_ticket_show_not_going":false,"_tribe_ticket_use_global_stock":"","_tribe_ticket_global_stock_level":"","_global_stock_mode":"","_global_stock_cap":"","_tribe_rsvp_for_event":"","_tribe_ticket_going_count":"","_tribe_ticket_not_going_count":"","_tribe_tickets_list":"[]","_tribe_ticket_has_attendee_info_fields":false,"h5ap_radio_sources":[],"_jetpack_newsletter_access":"","_jetpack_dont_email_post_to_subs":false,"_jetpack_newsletter_tier_id":0,"_jetpack_memberships_contains_paywalled_content":false,"_jetpack_memberships_contains_paid_content":false,"footnotes":""},"categories":[21,9],"tags":[47,379,739,879,337,63,2878,2984,2986,247,83],"class_list":["post-32716","post","type-post","status-publish","format-standard","has-post-thumbnail","hentry","category-actualidad","category-granja","tag-citricos","tag-citrus","tag-diea","tag-limon","tag-mandarina","tag-mgap","tag-ministerio-de-ganaderia-agricultura-y-pesca","tag-naranjas","tag-pomelo","tag-salto","tag-uruguay"],"jetpack_featured_media_url":"https:\/\/i0.wp.com\/lahoradelcampo.com.uy\/site\/wp-content\/uploads\/2017\/11\/citrus.jpg?fit=880%2C440&ssl=1","jetpack_sharing_enabled":true,"jetpack_shortlink":"https:\/\/wp.me\/p99IaT-8vG","jetpack-related-posts":[{"id":21164,"url":"https:\/\/lahoradelcampo.com.uy\/site\/diea-estima-que-esta-zafra-se-producira-235-000-toneladas-de-citrus\/","url_meta":{"origin":32716,"position":0},"title":"DIEA estima que esta zafra se producir\u00e1 235.000 toneladas de citrus","author":"La Hora del Campo","date":"22 junio, 2020","format":false,"excerpt":"La producci\u00f3n de citrus en la presente zafra ser\u00e1 de 235.000 toneladas seg\u00fan el resultado de la encuesta que realiz\u00f3 el DIEA. De ese total el 41,5 % tendr\u00e1 como destino la exportaci\u00f3n, el 25,2 % la industria, y el 33,3 % el mercado intermo La direcci\u00f3n de Estad\u00edsticas Agropecuarias\u2026","rel":"","context":"En \u00abActualidad\u00bb","block_context":{"text":"Actualidad","link":"https:\/\/lahoradelcampo.com.uy\/site\/category\/actualidad\/"},"img":{"alt_text":"","src":"https:\/\/i0.wp.com\/lahoradelcampo.com.uy\/site\/wp-content\/uploads\/2017\/11\/citrus.jpg?fit=880%2C440&ssl=1&resize=350%2C200","width":350,"height":200,"srcset":"https:\/\/i0.wp.com\/lahoradelcampo.com.uy\/site\/wp-content\/uploads\/2017\/11\/citrus.jpg?fit=880%2C440&ssl=1&resize=350%2C200 1x, https:\/\/i0.wp.com\/lahoradelcampo.com.uy\/site\/wp-content\/uploads\/2017\/11\/citrus.jpg?fit=880%2C440&ssl=1&resize=525%2C300 1.5x, https:\/\/i0.wp.com\/lahoradelcampo.com.uy\/site\/wp-content\/uploads\/2017\/11\/citrus.jpg?fit=880%2C440&ssl=1&resize=700%2C400 2x"},"classes":[]},{"id":25914,"url":"https:\/\/lahoradelcampo.com.uy\/site\/produccion-citricola-desciende-un-10-segun-la-diea-mgap\/","url_meta":{"origin":32716,"position":1},"title":"Producci\u00f3n citr\u00edcola desciende un 10% seg\u00fan la DIEA-MGAP","author":"La Hora del Campo","date":"7 diciembre, 2020","format":false,"excerpt":"La Encuesta Citr\u00edcola \u201cPrimavera 2020\u201d se llev\u00f3 a cabo durante los meses de octubre y noviembre de 2020, su objetivo es obtener estimaciones de producci\u00f3n de las cuatro especies de c\u00edtricos m\u00e1s importantes que se producen en el pa\u00eds: naranja, mandarina, lim\u00f3n y pomelo. La superficie citr\u00edcola 2020 alcanza a\u2026","rel":"","context":"En \u00abActualidad\u00bb","block_context":{"text":"Actualidad","link":"https:\/\/lahoradelcampo.com.uy\/site\/category\/actualidad\/"},"img":{"alt_text":"","src":"https:\/\/i0.wp.com\/lahoradelcampo.com.uy\/site\/wp-content\/uploads\/2017\/11\/citrus.jpg?fit=880%2C440&ssl=1&resize=350%2C200","width":350,"height":200,"srcset":"https:\/\/i0.wp.com\/lahoradelcampo.com.uy\/site\/wp-content\/uploads\/2017\/11\/citrus.jpg?fit=880%2C440&ssl=1&resize=350%2C200 1x, https:\/\/i0.wp.com\/lahoradelcampo.com.uy\/site\/wp-content\/uploads\/2017\/11\/citrus.jpg?fit=880%2C440&ssl=1&resize=525%2C300 1.5x, https:\/\/i0.wp.com\/lahoradelcampo.com.uy\/site\/wp-content\/uploads\/2017\/11\/citrus.jpg?fit=880%2C440&ssl=1&resize=700%2C400 2x"},"classes":[]},{"id":12227,"url":"https:\/\/lahoradelcampo.com.uy\/site\/la-produccion-de-citricos-creceria-un-8-con-respecto-a-la-ultima-zafra\/","url_meta":{"origin":32716,"position":2},"title":"La producci\u00f3n de c\u00edtricos crecer\u00eda un 8% con respecto a la \u00faltima zafra","author":"La Hora del Campo","date":"27 junio, 2019","format":false,"excerpt":"El pron\u00f3stico de cosecha citr\u00edcola del a\u00f1o 2019 se llev\u00f3 a cabo entre fines de mayo y principios de junio de este a\u00f1o y tuvo como objetivo obtener estimaciones de producci\u00f3n de la zafra en curso para las cuatro especies principales de c\u00edtricos que se producen en Uruguay: naranja, mandarina,\u2026","rel":"","context":"En \u00abActualidad\u00bb","block_context":{"text":"Actualidad","link":"https:\/\/lahoradelcampo.com.uy\/site\/category\/actualidad\/"},"img":{"alt_text":"","src":"https:\/\/i0.wp.com\/lahoradelcampo.com.uy\/site\/wp-content\/uploads\/2018\/05\/mandarinas.jpg?fit=880%2C440&ssl=1&resize=350%2C200","width":350,"height":200,"srcset":"https:\/\/i0.wp.com\/lahoradelcampo.com.uy\/site\/wp-content\/uploads\/2018\/05\/mandarinas.jpg?fit=880%2C440&ssl=1&resize=350%2C200 1x, https:\/\/i0.wp.com\/lahoradelcampo.com.uy\/site\/wp-content\/uploads\/2018\/05\/mandarinas.jpg?fit=880%2C440&ssl=1&resize=525%2C300 1.5x, https:\/\/i0.wp.com\/lahoradelcampo.com.uy\/site\/wp-content\/uploads\/2018\/05\/mandarinas.jpg?fit=880%2C440&ssl=1&resize=700%2C400 2x"},"classes":[]},{"id":4305,"url":"https:\/\/lahoradelcampo.com.uy\/site\/produccion-citricola-caera-un-3-segun-mgap\/","url_meta":{"origin":32716,"position":3},"title":"Producci\u00f3n citr\u00edcola caer\u00e1 un 3% seg\u00fan MGAP","author":"La Hora del Campo","date":"29 noviembre, 2017","format":false,"excerpt":"La Encuesta Citr\u00edcola \u201cPrimavera 2017\u201d se llev\u00f3 a cabo en el mes de Octubre de 2017. El principal objetivo de la encuesta es obtener estimaciones de producci\u00f3n de las cuatro especies de c\u00edtricos m\u00e1s importantes que se producen en el pa\u00eds: naranja, mandarina, lim\u00f3n y pomelo. Asimismo se recaba informaci\u00f3n\u2026","rel":"","context":"En \u00abGranja\u00bb","block_context":{"text":"Granja","link":"https:\/\/lahoradelcampo.com.uy\/site\/category\/granja\/"},"img":{"alt_text":"","src":"https:\/\/i0.wp.com\/lahoradelcampo.com.uy\/site\/wp-content\/uploads\/2017\/11\/citrus.jpg?fit=880%2C440&ssl=1&resize=350%2C200","width":350,"height":200,"srcset":"https:\/\/i0.wp.com\/lahoradelcampo.com.uy\/site\/wp-content\/uploads\/2017\/11\/citrus.jpg?fit=880%2C440&ssl=1&resize=350%2C200 1x, https:\/\/i0.wp.com\/lahoradelcampo.com.uy\/site\/wp-content\/uploads\/2017\/11\/citrus.jpg?fit=880%2C440&ssl=1&resize=525%2C300 1.5x, https:\/\/i0.wp.com\/lahoradelcampo.com.uy\/site\/wp-content\/uploads\/2017\/11\/citrus.jpg?fit=880%2C440&ssl=1&resize=700%2C400 2x"},"classes":[]},{"id":19238,"url":"https:\/\/lahoradelcampo.com.uy\/site\/produccion-citricola-crece-un-12-en-la-zafra-2019\/","url_meta":{"origin":32716,"position":4},"title":"Producci\u00f3n citr\u00edcola crece  un 12% en la zafra 2019","author":"La Hora del Campo","date":"28 abril, 2020","format":false,"excerpt":"De acuerdo a la encuesta citr\u00edcola \"primavera 2019\" elaborada por la Oficina de Estad\u00edsticas Agropecuarias del Ministerio de Ganader\u00eda, Agricultura y Pesca (MGAP), la producci\u00f3n 2019 para las cuatro principales especies est\u00e1 estimada en 242 mil toneladas, lo cual implicar\u00eda un incremento del 12% respecto a la zafra anterior. La\u2026","rel":"","context":"En \u00abActualidad\u00bb","block_context":{"text":"Actualidad","link":"https:\/\/lahoradelcampo.com.uy\/site\/category\/actualidad\/"},"img":{"alt_text":"","src":"https:\/\/i0.wp.com\/lahoradelcampo.com.uy\/site\/wp-content\/uploads\/2017\/10\/Limones.jpg?fit=880%2C440&ssl=1&resize=350%2C200","width":350,"height":200,"srcset":"https:\/\/i0.wp.com\/lahoradelcampo.com.uy\/site\/wp-content\/uploads\/2017\/10\/Limones.jpg?fit=880%2C440&ssl=1&resize=350%2C200 1x, https:\/\/i0.wp.com\/lahoradelcampo.com.uy\/site\/wp-content\/uploads\/2017\/10\/Limones.jpg?fit=880%2C440&ssl=1&resize=525%2C300 1.5x, https:\/\/i0.wp.com\/lahoradelcampo.com.uy\/site\/wp-content\/uploads\/2017\/10\/Limones.jpg?fit=880%2C440&ssl=1&resize=700%2C400 2x"},"classes":[]},{"id":56306,"url":"https:\/\/lahoradelcampo.com.uy\/site\/filipinas-habilito-la-importacion-de-citricos-de-uruguay\/","url_meta":{"origin":32716,"position":5},"title":"Filipinas habilit\u00f3 la importaci\u00f3n de c\u00edtricos de Uruguay","author":"La Hora del Campo","date":"12 julio, 2025","format":false,"excerpt":"A partir del 5 de junio de 2025, los c\u00edtricos frescos producidos en Uruguay cuentan con autorizaci\u00f3n oficial para ingresar al mercado de la Rep\u00fablica de Filipinas, tras un proceso bilateral que culmin\u00f3 con la firma de un Plan de Trabajo entre ambos pa\u00edses. La habilitaci\u00f3n fue confirmada oficialmente el\u2026","rel":"","context":"En \u00abActualidad\u00bb","block_context":{"text":"Actualidad","link":"https:\/\/lahoradelcampo.com.uy\/site\/category\/actualidad\/"},"img":{"alt_text":"","src":"https:\/\/i0.wp.com\/lahoradelcampo.com.uy\/site\/wp-content\/uploads\/2025\/07\/Citricos-MGAP.jpg?fit=880%2C440&ssl=1&resize=350%2C200","width":350,"height":200,"srcset":"https:\/\/i0.wp.com\/lahoradelcampo.com.uy\/site\/wp-content\/uploads\/2025\/07\/Citricos-MGAP.jpg?fit=880%2C440&ssl=1&resize=350%2C200 1x, https:\/\/i0.wp.com\/lahoradelcampo.com.uy\/site\/wp-content\/uploads\/2025\/07\/Citricos-MGAP.jpg?fit=880%2C440&ssl=1&resize=525%2C300 1.5x, https:\/\/i0.wp.com\/lahoradelcampo.com.uy\/site\/wp-content\/uploads\/2025\/07\/Citricos-MGAP.jpg?fit=880%2C440&ssl=1&resize=700%2C400 2x"},"classes":[]}],"jetpack_likes_enabled":true,"_links":{"self":[{"href":"https:\/\/lahoradelcampo.com.uy\/site\/wp-json\/wp\/v2\/posts\/32716","targetHints":{"allow":["GET"]}}],"collection":[{"href":"https:\/\/lahoradelcampo.com.uy\/site\/wp-json\/wp\/v2\/posts"}],"about":[{"href":"https:\/\/lahoradelcampo.com.uy\/site\/wp-json\/wp\/v2\/types\/post"}],"author":[{"embeddable":true,"href":"https:\/\/lahoradelcampo.com.uy\/site\/wp-json\/wp\/v2\/users\/5"}],"replies":[{"embeddable":true,"href":"https:\/\/lahoradelcampo.com.uy\/site\/wp-json\/wp\/v2\/comments?post=32716"}],"version-history":[{"count":1,"href":"https:\/\/lahoradelcampo.com.uy\/site\/wp-json\/wp\/v2\/posts\/32716\/revisions"}],"predecessor-version":[{"id":32720,"href":"https:\/\/lahoradelcampo.com.uy\/site\/wp-json\/wp\/v2\/posts\/32716\/revisions\/32720"}],"wp:featuredmedia":[{"embeddable":true,"href":"https:\/\/lahoradelcampo.com.uy\/site\/wp-json\/wp\/v2\/media\/4309"}],"wp:attachment":[{"href":"https:\/\/lahoradelcampo.com.uy\/site\/wp-json\/wp\/v2\/media?parent=32716"}],"wp:term":[{"taxonomy":"category","embeddable":true,"href":"https:\/\/lahoradelcampo.com.uy\/site\/wp-json\/wp\/v2\/categories?post=32716"},{"taxonomy":"post_tag","embeddable":true,"href":"https:\/\/lahoradelcampo.com.uy\/site\/wp-json\/wp\/v2\/tags?post=32716"}],"curies":[{"name":"wp","href":"https:\/\/api.w.org\/{rel}","templated":true}]}}