{"id":32712,"date":"2021-08-04T08:45:37","date_gmt":"2021-08-04T11:45:37","guid":{"rendered":"http:\/\/lahoradelcampo.com.uy\/site\/?p=32712"},"modified":"2021-08-04T11:27:17","modified_gmt":"2021-08-04T14:27:17","slug":"cae-el-stock-bovino-durante-el-ultimo-ano-en-eeuu","status":"publish","type":"post","link":"https:\/\/lahoradelcampo.com.uy\/site\/cae-el-stock-bovino-durante-el-ultimo-ano-en-eeuu\/","title":{"rendered":"Cae el stock bovino durante el \u00faltimo a\u00f1o en EEUU"},"content":{"rendered":"\n<figure class=\"wp-block-image\"><img data-recalc-dims=\"1\" loading=\"lazy\" decoding=\"async\" width=\"810\" height=\"405\" data-attachment-id=\"3103\" data-permalink=\"https:\/\/lahoradelcampo.com.uy\/site\/ganado-gordo-continua-con-tendencia-alcista\/ganados\/\" data-orig-file=\"https:\/\/i0.wp.com\/lahoradelcampo.com.uy\/site\/wp-content\/uploads\/2017\/10\/Ganados.jpg?fit=880%2C440&amp;ssl=1\" data-orig-size=\"880,440\" data-comments-opened=\"1\" data-image-meta=\"{&quot;aperture&quot;:&quot;0&quot;,&quot;credit&quot;:&quot;Vicente-Manuel-Tort&quot;,&quot;camera&quot;:&quot;&quot;,&quot;caption&quot;:&quot;&quot;,&quot;created_timestamp&quot;:&quot;0&quot;,&quot;copyright&quot;:&quot;Presidencia de la Republica - Sec.Com.Inst.&quot;,&quot;focal_length&quot;:&quot;0&quot;,&quot;iso&quot;:&quot;0&quot;,&quot;shutter_speed&quot;:&quot;0&quot;,&quot;title&quot;:&quot;&quot;,&quot;orientation&quot;:&quot;1&quot;}\" data-image-title=\"Ganados\" data-image-description=\"\" data-image-caption=\"\" data-large-file=\"https:\/\/i0.wp.com\/lahoradelcampo.com.uy\/site\/wp-content\/uploads\/2017\/10\/Ganados.jpg?fit=810%2C405&amp;ssl=1\" src=\"https:\/\/i0.wp.com\/lahoradelcampo.com.uy\/site\/wp-content\/uploads\/2017\/10\/Ganados.jpg?resize=810%2C405\" alt=\"\" class=\"wp-image-3103\" srcset=\"https:\/\/i0.wp.com\/lahoradelcampo.com.uy\/site\/wp-content\/uploads\/2017\/10\/Ganados.jpg?w=880&amp;ssl=1 880w, https:\/\/i0.wp.com\/lahoradelcampo.com.uy\/site\/wp-content\/uploads\/2017\/10\/Ganados.jpg?resize=300%2C150&amp;ssl=1 300w, https:\/\/i0.wp.com\/lahoradelcampo.com.uy\/site\/wp-content\/uploads\/2017\/10\/Ganados.jpg?resize=768%2C384&amp;ssl=1 768w, https:\/\/i0.wp.com\/lahoradelcampo.com.uy\/site\/wp-content\/uploads\/2017\/10\/Ganados.jpg?resize=820%2C410&amp;ssl=1 820w\" sizes=\"auto, (max-width: 810px) 100vw, 810px\" \/><\/figure>\n\n\n\n<p>Seg\u00fan el \u00faltimo informe publicado por el Servicio Nacional de Estad\u00edsticas Agr\u00edcolas del Departamento de Agricultura de EE.UU. (NASS), al 1 de julio de 2021 las existencias de ganado bovino totalizaban aproximadamente 100,9 millones de cabezas, marcando su tercera ca\u00edda anual consecutiva. <br><\/p>\n\n\n\n<p>A igual fecha de 2020, las existencias totales se ubicaban en los 102,2 millones de cabezas, un 1,3% m\u00e1s que lo registrado este a\u00f1o. A su vez, se espera que la zafra de terneros de 2021 sea ligeramente inferior a la del a\u00f1o pasado (-0,1%), alcanzando unos 35,1 millones de cabezas. <br><\/p>\n\n\n\n<p>Los terneros nacidos durante el primer semestre de 2021 se estiman en 25,8 millones de cabezas mientras durante para la segunda mitad del a\u00f1o, se espera que nazcan otros 9,30 millones de terneros.<\/p>\n\n\n\n<p>Salto, 4 de agosto de 2021<\/p>\n","protected":false},"excerpt":{"rendered":"<p>Seg\u00fan el \u00faltimo informe publicado por el Servicio Nacional de Estad\u00edsticas Agr\u00edcolas del Departamento de Agricultura de EE.UU. (NASS), al 1 de julio de 2021 las existencias de ganado bovino [&hellip;]<\/p>\n","protected":false},"author":5,"featured_media":3103,"comment_status":"open","ping_status":"open","sticky":false,"template":"","format":"standard","meta":{"_price":"","_stock":"","_tribe_ticket_header":"","_tribe_default_ticket_provider":"","_tribe_ticket_capacity":"0","_ticket_start_date":"","_ticket_end_date":"","_tribe_ticket_show_description":"","_tribe_ticket_show_not_going":false,"_tribe_ticket_use_global_stock":"","_tribe_ticket_global_stock_level":"","_global_stock_mode":"","_global_stock_cap":"","_tribe_rsvp_for_event":"","_tribe_ticket_going_count":"","_tribe_ticket_not_going_count":"","_tribe_tickets_list":"[]","_tribe_ticket_has_attendee_info_fields":false,"h5ap_radio_sources":[],"_jetpack_newsletter_access":"","_jetpack_dont_email_post_to_subs":false,"_jetpack_newsletter_tier_id":0,"_jetpack_memberships_contains_paywalled_content":false,"_jetpack_memberships_contains_paid_content":false,"footnotes":""},"categories":[21,15],"tags":[495,341,201,2990,139,2988],"class_list":["post-32712","post","type-post","status-publish","format-standard","has-post-thumbnail","hentry","category-actualidad","category-columnistas","tag-bovinos","tag-eeuu","tag-estados-unidos","tag-ganaderia-vacuna","tag-ganados","tag-stock-bovino"],"jetpack_featured_media_url":"https:\/\/i0.wp.com\/lahoradelcampo.com.uy\/site\/wp-content\/uploads\/2017\/10\/Ganados.jpg?fit=880%2C440&ssl=1","jetpack_sharing_enabled":true,"jetpack_shortlink":"https:\/\/wp.me\/p99IaT-8vC","jetpack-related-posts":[{"id":47277,"url":"https:\/\/lahoradelcampo.com.uy\/site\/stock-vacuno-salteno-se-redujo-un-52-en-ultimo-ano-ganadero\/","url_meta":{"origin":32712,"position":0},"title":"Stock vacuno salte\u00f1o se redujo un 5,2% en \u00faltimo a\u00f1o ganadero","author":"La Hora del Campo","date":"28 noviembre, 2022","format":false,"excerpt":"En los \u00faltimos datos preliminares del stock ganadero publicados por el Ministerio de Ganader\u00eda, Agricultura y Pesca (MGAP) el stock ganadero salte\u00f1o tiene un retroceso del 5,2% (45.741 cabezas menos), que va en concordancia con la ca\u00edda del 2,5% que se registra a nivel nacional. En el departamento, al 30\u2026","rel":"","context":"En \u00abActualidad\u00bb","block_context":{"text":"Actualidad","link":"https:\/\/lahoradelcampo.com.uy\/site\/category\/actualidad\/"},"img":{"alt_text":"","src":"https:\/\/i0.wp.com\/lahoradelcampo.com.uy\/site\/wp-content\/uploads\/2019\/06\/cria-vacuna.jpg?fit=880%2C440&ssl=1&resize=350%2C200","width":350,"height":200,"srcset":"https:\/\/i0.wp.com\/lahoradelcampo.com.uy\/site\/wp-content\/uploads\/2019\/06\/cria-vacuna.jpg?fit=880%2C440&ssl=1&resize=350%2C200 1x, https:\/\/i0.wp.com\/lahoradelcampo.com.uy\/site\/wp-content\/uploads\/2019\/06\/cria-vacuna.jpg?fit=880%2C440&ssl=1&resize=525%2C300 1.5x, https:\/\/i0.wp.com\/lahoradelcampo.com.uy\/site\/wp-content\/uploads\/2019\/06\/cria-vacuna.jpg?fit=880%2C440&ssl=1&resize=700%2C400 2x"},"classes":[]},{"id":32672,"url":"https:\/\/lahoradelcampo.com.uy\/site\/stock-vacuno-argentino-cae-1-000-000-de-cabezas\/","url_meta":{"origin":32712,"position":1},"title":"Stock vacuno argentino cae 1.000.000 de cabezas","author":"La Hora del Campo","date":"3 agosto, 2021","format":false,"excerpt":"Argentina perdi\u00f3 el a\u00f1o pasado casi un mill\u00f3n de cabezas de su stock bovino, seg\u00fan datos oficiales del Ministerio de Agricultura de la Naci\u00f3n. En 2019, en Argentina hab\u00eda un total de 54.460.799 cabezas bovinas, entre las distintas categor\u00edas de hacienda. En 2020, con los datos de la campa\u00f1a de\u2026","rel":"","context":"En \u00abActualidad\u00bb","block_context":{"text":"Actualidad","link":"https:\/\/lahoradelcampo.com.uy\/site\/category\/actualidad\/"},"img":{"alt_text":"","src":"https:\/\/i0.wp.com\/lahoradelcampo.com.uy\/site\/wp-content\/uploads\/2018\/05\/ganado.jpg?fit=880%2C440&ssl=1&resize=350%2C200","width":350,"height":200,"srcset":"https:\/\/i0.wp.com\/lahoradelcampo.com.uy\/site\/wp-content\/uploads\/2018\/05\/ganado.jpg?fit=880%2C440&ssl=1&resize=350%2C200 1x, https:\/\/i0.wp.com\/lahoradelcampo.com.uy\/site\/wp-content\/uploads\/2018\/05\/ganado.jpg?fit=880%2C440&ssl=1&resize=525%2C300 1.5x, https:\/\/i0.wp.com\/lahoradelcampo.com.uy\/site\/wp-content\/uploads\/2018\/05\/ganado.jpg?fit=880%2C440&ssl=1&resize=700%2C400 2x"},"classes":[]},{"id":29212,"url":"https:\/\/lahoradelcampo.com.uy\/site\/datos-definitivos-muestran-mas-de-3-millones-de-terneros-en-dicose\/","url_meta":{"origin":32712,"position":2},"title":"Datos definitivos muestran m\u00e1s de 3 millones de terneros en Dicose","author":"La Hora del Campo","date":"13 abril, 2021","format":false,"excerpt":"El a\u00f1o pasado, en los datos preliminares de DICOSE se festej\u00f3 el haber alcanzado los 3 millones de terneros, pero luego la demora de la informaci\u00f3n final y las estimaciones de algunos analistas del sector ganadero, llevaron a que se estar\u00eda muy cerca pero no se habr\u00eda logrado dicha marca.\u2026","rel":"","context":"En \u00abActualidad\u00bb","block_context":{"text":"Actualidad","link":"https:\/\/lahoradelcampo.com.uy\/site\/category\/actualidad\/"},"img":{"alt_text":"","src":"https:\/\/i0.wp.com\/lahoradelcampo.com.uy\/site\/wp-content\/uploads\/2020\/04\/vacaternero.jpg?fit=880%2C440&ssl=1&resize=350%2C200","width":350,"height":200,"srcset":"https:\/\/i0.wp.com\/lahoradelcampo.com.uy\/site\/wp-content\/uploads\/2020\/04\/vacaternero.jpg?fit=880%2C440&ssl=1&resize=350%2C200 1x, https:\/\/i0.wp.com\/lahoradelcampo.com.uy\/site\/wp-content\/uploads\/2020\/04\/vacaternero.jpg?fit=880%2C440&ssl=1&resize=525%2C300 1.5x, https:\/\/i0.wp.com\/lahoradelcampo.com.uy\/site\/wp-content\/uploads\/2020\/04\/vacaternero.jpg?fit=880%2C440&ssl=1&resize=700%2C400 2x"},"classes":[]},{"id":20592,"url":"https:\/\/lahoradelcampo.com.uy\/site\/el-stock-de-novillos-adultos-se-mantiene-en-las-900-mil-cabezas\/","url_meta":{"origin":32712,"position":3},"title":"El stock de novillos adultos se mantiene en las 900 mil cabezas","author":"La Hora del Campo","date":"4 junio, 2020","format":false,"excerpt":"El Plan Agropecuario, present\u00f3 su an\u00e1lisis y proyecciones del stock vacuno para el ejercicio 2019\/2020, donde se estima un incremento de 500 mil cabezas, y un volumen de 900 mil cabezas de novillos adultos cuando la faena es de 600 mil cabezas. A continuaci\u00f3n le acercamos el informe con las\u2026","rel":"","context":"En \u00abActualidad\u00bb","block_context":{"text":"Actualidad","link":"https:\/\/lahoradelcampo.com.uy\/site\/category\/actualidad\/"},"img":{"alt_text":"","src":"https:\/\/i0.wp.com\/lahoradelcampo.com.uy\/site\/wp-content\/uploads\/2018\/04\/Esteban-web.jpg?fit=880%2C440&ssl=1&resize=350%2C200","width":350,"height":200,"srcset":"https:\/\/i0.wp.com\/lahoradelcampo.com.uy\/site\/wp-content\/uploads\/2018\/04\/Esteban-web.jpg?fit=880%2C440&ssl=1&resize=350%2C200 1x, https:\/\/i0.wp.com\/lahoradelcampo.com.uy\/site\/wp-content\/uploads\/2018\/04\/Esteban-web.jpg?fit=880%2C440&ssl=1&resize=525%2C300 1.5x, https:\/\/i0.wp.com\/lahoradelcampo.com.uy\/site\/wp-content\/uploads\/2018\/04\/Esteban-web.jpg?fit=880%2C440&ssl=1&resize=700%2C400 2x"},"classes":[]},{"id":23108,"url":"https:\/\/lahoradelcampo.com.uy\/site\/uruguay-tiene-el-decimo-lugar-en-el-ranking-del-stock-vacuno-mundial\/","url_meta":{"origin":32712,"position":4},"title":"Uruguay tiene el d\u00e9cimo lugar en el ranking del stock vacuno mundial","author":"La Hora del Campo","date":"1 septiembre, 2020","format":false,"excerpt":"De acuerdo a los datos publicados por el Departamento de Agricultura de Estados Unidos (USDA por sus siglas en ingl\u00e9s), el stock vacuno a nivel mundial en 2020 se ubicar\u00eda en 987,5 millones de cabezas concentrando el 65% en los tres primeros pa\u00edses, India, Brasil y Estados Unidos. India posee\u2026","rel":"","context":"En \u00abActualidad\u00bb","block_context":{"text":"Actualidad","link":"https:\/\/lahoradelcampo.com.uy\/site\/category\/actualidad\/"},"img":{"alt_text":"","src":"https:\/\/i0.wp.com\/lahoradelcampo.com.uy\/site\/wp-content\/uploads\/2018\/04\/Ganados-web.jpg?fit=880%2C440&ssl=1&resize=350%2C200","width":350,"height":200,"srcset":"https:\/\/i0.wp.com\/lahoradelcampo.com.uy\/site\/wp-content\/uploads\/2018\/04\/Ganados-web.jpg?fit=880%2C440&ssl=1&resize=350%2C200 1x, https:\/\/i0.wp.com\/lahoradelcampo.com.uy\/site\/wp-content\/uploads\/2018\/04\/Ganados-web.jpg?fit=880%2C440&ssl=1&resize=525%2C300 1.5x, https:\/\/i0.wp.com\/lahoradelcampo.com.uy\/site\/wp-content\/uploads\/2018\/04\/Ganados-web.jpg?fit=880%2C440&ssl=1&resize=700%2C400 2x"},"classes":[]},{"id":54601,"url":"https:\/\/lahoradelcampo.com.uy\/site\/proyectan-bajas-en-el-stock-ovino-australiano-y-menor-produccion-de-lana\/","url_meta":{"origin":32712,"position":5},"title":"Proyectan bajas en el stock ovino australiano y menor producci\u00f3n de lana","author":"La Hora del Campo","date":"18 septiembre, 2024","format":false,"excerpt":"La analista senior de Meat and Livestock Australia (MLA), Erin Lukey, present\u00f3 las proyecciones para la industria ovina de mitad de a\u00f1o, donde se marca que el stock ovino australiano alcanz\u00f3 los 79,1 millones de cabezas en el mes de junio, el mayor volumen de ovinos desde 2007. Este stock\u2026","rel":"","context":"En \u00abActualidad\u00bb","block_context":{"text":"Actualidad","link":"https:\/\/lahoradelcampo.com.uy\/site\/category\/actualidad\/"},"img":{"alt_text":"","src":"https:\/\/i0.wp.com\/lahoradelcampo.com.uy\/site\/wp-content\/uploads\/2024\/09\/Merinoaustraliano-general.jpg?fit=880%2C440&ssl=1&resize=350%2C200","width":350,"height":200,"srcset":"https:\/\/i0.wp.com\/lahoradelcampo.com.uy\/site\/wp-content\/uploads\/2024\/09\/Merinoaustraliano-general.jpg?fit=880%2C440&ssl=1&resize=350%2C200 1x, https:\/\/i0.wp.com\/lahoradelcampo.com.uy\/site\/wp-content\/uploads\/2024\/09\/Merinoaustraliano-general.jpg?fit=880%2C440&ssl=1&resize=525%2C300 1.5x, https:\/\/i0.wp.com\/lahoradelcampo.com.uy\/site\/wp-content\/uploads\/2024\/09\/Merinoaustraliano-general.jpg?fit=880%2C440&ssl=1&resize=700%2C400 2x"},"classes":[]}],"jetpack_likes_enabled":true,"_links":{"self":[{"href":"https:\/\/lahoradelcampo.com.uy\/site\/wp-json\/wp\/v2\/posts\/32712","targetHints":{"allow":["GET"]}}],"collection":[{"href":"https:\/\/lahoradelcampo.com.uy\/site\/wp-json\/wp\/v2\/posts"}],"about":[{"href":"https:\/\/lahoradelcampo.com.uy\/site\/wp-json\/wp\/v2\/types\/post"}],"author":[{"embeddable":true,"href":"https:\/\/lahoradelcampo.com.uy\/site\/wp-json\/wp\/v2\/users\/5"}],"replies":[{"embeddable":true,"href":"https:\/\/lahoradelcampo.com.uy\/site\/wp-json\/wp\/v2\/comments?post=32712"}],"version-history":[{"count":1,"href":"https:\/\/lahoradelcampo.com.uy\/site\/wp-json\/wp\/v2\/posts\/32712\/revisions"}],"predecessor-version":[{"id":32714,"href":"https:\/\/lahoradelcampo.com.uy\/site\/wp-json\/wp\/v2\/posts\/32712\/revisions\/32714"}],"wp:featuredmedia":[{"embeddable":true,"href":"https:\/\/lahoradelcampo.com.uy\/site\/wp-json\/wp\/v2\/media\/3103"}],"wp:attachment":[{"href":"https:\/\/lahoradelcampo.com.uy\/site\/wp-json\/wp\/v2\/media?parent=32712"}],"wp:term":[{"taxonomy":"category","embeddable":true,"href":"https:\/\/lahoradelcampo.com.uy\/site\/wp-json\/wp\/v2\/categories?post=32712"},{"taxonomy":"post_tag","embeddable":true,"href":"https:\/\/lahoradelcampo.com.uy\/site\/wp-json\/wp\/v2\/tags?post=32712"}],"curies":[{"name":"wp","href":"https:\/\/api.w.org\/{rel}","templated":true}]}}