{"id":30726,"date":"2021-05-31T09:32:34","date_gmt":"2021-05-31T12:32:34","guid":{"rendered":"http:\/\/lahoradelcampo.com.uy\/site\/?p=30726"},"modified":"2021-05-31T09:32:40","modified_gmt":"2021-05-31T12:32:40","slug":"capitales-extranjeros-en-la-faena-vacuna-crecieron-un-193-en-10-anos","status":"publish","type":"post","link":"https:\/\/lahoradelcampo.com.uy\/site\/capitales-extranjeros-en-la-faena-vacuna-crecieron-un-193-en-10-anos\/","title":{"rendered":"Capitales extranjeros en la faena vacuna crecieron un 19,3% en 10 a\u00f1os"},"content":{"rendered":"\n<figure class=\"wp-block-image\"><img data-recalc-dims=\"1\" loading=\"lazy\" decoding=\"async\" width=\"810\" height=\"405\" data-attachment-id=\"1743\" data-permalink=\"https:\/\/lahoradelcampo.com.uy\/site\/faena-se-recupera-un-5-en-la-ultima-semana\/faena-vacuna\/\" data-orig-file=\"https:\/\/i0.wp.com\/lahoradelcampo.com.uy\/site\/wp-content\/uploads\/2017\/09\/Faena-vacuna.jpg?fit=880%2C440&amp;ssl=1\" data-orig-size=\"880,440\" data-comments-opened=\"1\" data-image-meta=\"{&quot;aperture&quot;:&quot;0&quot;,&quot;credit&quot;:&quot;Vicente-Manuel-Tort&quot;,&quot;camera&quot;:&quot;&quot;,&quot;caption&quot;:&quot;&quot;,&quot;created_timestamp&quot;:&quot;0&quot;,&quot;copyright&quot;:&quot;Presidencia de la Republica - Sec.Com.Inst.&quot;,&quot;focal_length&quot;:&quot;0&quot;,&quot;iso&quot;:&quot;0&quot;,&quot;shutter_speed&quot;:&quot;0&quot;,&quot;title&quot;:&quot;&quot;,&quot;orientation&quot;:&quot;1&quot;}\" data-image-title=\"Faena vacuna\" data-image-description=\"\" data-image-caption=\"\" data-large-file=\"https:\/\/i0.wp.com\/lahoradelcampo.com.uy\/site\/wp-content\/uploads\/2017\/09\/Faena-vacuna.jpg?fit=810%2C405&amp;ssl=1\" src=\"https:\/\/i0.wp.com\/lahoradelcampo.com.uy\/site\/wp-content\/uploads\/2017\/09\/Faena-vacuna.jpg?resize=810%2C405\" alt=\"\" class=\"wp-image-1743\" srcset=\"https:\/\/i0.wp.com\/lahoradelcampo.com.uy\/site\/wp-content\/uploads\/2017\/09\/Faena-vacuna.jpg?w=880&amp;ssl=1 880w, https:\/\/i0.wp.com\/lahoradelcampo.com.uy\/site\/wp-content\/uploads\/2017\/09\/Faena-vacuna.jpg?resize=300%2C150&amp;ssl=1 300w, https:\/\/i0.wp.com\/lahoradelcampo.com.uy\/site\/wp-content\/uploads\/2017\/09\/Faena-vacuna.jpg?resize=768%2C384&amp;ssl=1 768w, https:\/\/i0.wp.com\/lahoradelcampo.com.uy\/site\/wp-content\/uploads\/2017\/09\/Faena-vacuna.jpg?resize=820%2C410&amp;ssl=1 820w\" sizes=\"auto, (max-width: 810px) 100vw, 810px\" \/><\/figure>\n\n\n\n<p>El Instituto Nacional de Carnes (INAC) present\u00f3 su Anuario Estad\u00edstico 2020, con los principales par\u00e1metros del sector c\u00e1rnico nacional en el a\u00f1o civil. Una de estas variables es la faena a nivel pa\u00eds, donde se observa que se procesaron por la industria frigor\u00edfica un total de 2.006.547 cabezas, es decir un 10,1% por debajo de los datos publicados para el 2019. <br><\/p>\n\n\n\n<p>Entre 2010 y 2020 la participaci\u00f3n de los capitales extranjeros en la industria frigor\u00edfica uruguaya creci\u00f3 un 19,3%. En el a\u00f1o 2010, se faenaron 847.645 cabezas por parte de las empresas que respond\u00edan a capitales extranjeros, siendo el 38,5% de la faena. Recordemos que en ese entonces exist\u00edan 8 plantas en manos de capitales extranjeros, principalmente brasile\u00f1os y argentinos. <br><\/p>\n\n\n\n<p>En 2020, seg\u00fan los datos de INAC se fueron 1.160.411 cabezas que responden por el 57,8% del total faenado. El ingreso del grupo Minerva, la llegada de los capitales chinos y japoneses son parte de este incremento de la actividad, con 12 plantas en manos de capitales extranjeros. Recordemos que en este per\u00edodo ingresa a Uruguay Minerva Foods adquiriendo Carrasco en 2014 y las plantas de Canelones (JBS) y PUL en 2017 (PUL SA &#8211; Argentina). Adem\u00e1s BPU pasa a capitales japoneses y Lorsinal a capitales chinos en 2016. <br><\/p>\n\n\n\n<p>El a\u00f1o pasado el Grupo Marfrig fue responsable por el 26,9% de la faena nacional, en tanto que Minerva Foods sum\u00f3 el 16,5% entre dos de sus tres plantas (Canelones estuvo sin operativa). Por su parte BPU responde por el 7,8%, mientras que las dos plantas de capitales chinos suman el 2,3%. <br><\/p>\n\n\n\n<p>En las diferentes categor\u00edas, la faena de novillos se posicion\u00f3 en las 954.814 cabezas, correspondiendo por el 47,6% del total. Marfrig representa el 28,6% de los novillos y Minerva por el 15,5%. Por su parte BPU faen\u00f3 el 9,1%. <br><\/p>\n\n\n\n<p>Las vacas por su parte sumaron 847.645 cabezas y alcanzan 36,6% del total faenado a nivel pa\u00eds. Marfrig lidera la categor\u00eda con el 27,6%, le sigue Minerva con el 20,8% y luego aparece tambi\u00e9n BPU con 40.984 cabezas.<\/p>\n\n\n\n<p style=\"text-align:right\"><strong>Salto, Lunes 31 de mayo de 2021<\/strong><\/p>\n","protected":false},"excerpt":{"rendered":"<p>El Instituto Nacional de Carnes (INAC) present\u00f3 su Anuario Estad\u00edstico 2020, con los principales par\u00e1metros del sector c\u00e1rnico nacional en el a\u00f1o civil. Una de estas variables es la faena [&hellip;]<\/p>\n","protected":false},"author":5,"featured_media":1743,"comment_status":"open","ping_status":"open","sticky":false,"template":"","format":"standard","meta":{"_price":"","_stock":"","_tribe_ticket_header":"","_tribe_default_ticket_provider":"","_tribe_ticket_capacity":"0","_ticket_start_date":"","_ticket_end_date":"","_tribe_ticket_show_description":"","_tribe_ticket_show_not_going":false,"_tribe_ticket_use_global_stock":"","_tribe_ticket_global_stock_level":"","_global_stock_mode":"","_global_stock_cap":"","_tribe_rsvp_for_event":"","_tribe_ticket_going_count":"","_tribe_ticket_not_going_count":"","_tribe_tickets_list":"[]","_tribe_ticket_has_attendee_info_fields":false,"h5ap_radio_sources":[],"_jetpack_newsletter_access":"","_jetpack_dont_email_post_to_subs":false,"_jetpack_newsletter_tier_id":0,"_jetpack_memberships_contains_paywalled_content":false,"_jetpack_memberships_contains_paid_content":false,"footnotes":""},"categories":[21,5],"tags":[],"class_list":["post-30726","post","type-post","status-publish","format-standard","has-post-thumbnail","hentry","category-actualidad","category-ganaderia"],"jetpack_featured_media_url":"https:\/\/i0.wp.com\/lahoradelcampo.com.uy\/site\/wp-content\/uploads\/2017\/09\/Faena-vacuna.jpg?fit=880%2C440&ssl=1","jetpack_sharing_enabled":true,"jetpack_shortlink":"https:\/\/wp.me\/p99IaT-7ZA","jetpack-related-posts":[{"id":10139,"url":"https:\/\/lahoradelcampo.com.uy\/site\/faena-cerro-turismo-en-35-454-vacunos\/","url_meta":{"origin":30726,"position":0},"title":"Faena cerr\u00f3 turismo en 35.454 vacunos","author":"La Hora del Campo","date":"24 abril, 2019","format":false,"excerpt":"La faena semanal de vacunos en la pasada semana, cerrada el 20 de abril, contabiliz\u00f3 un total de 35.454 vacunos, registrando as\u00ed una ca\u00edda del 33%.","rel":"","context":"En \u00abActualidad\u00bb","block_context":{"text":"Actualidad","link":"https:\/\/lahoradelcampo.com.uy\/site\/category\/actualidad\/"},"img":{"alt_text":"","src":"https:\/\/i0.wp.com\/lahoradelcampo.com.uy\/site\/wp-content\/uploads\/2019\/04\/Faena.jpg?fit=880%2C440&ssl=1&resize=350%2C200","width":350,"height":200,"srcset":"https:\/\/i0.wp.com\/lahoradelcampo.com.uy\/site\/wp-content\/uploads\/2019\/04\/Faena.jpg?fit=880%2C440&ssl=1&resize=350%2C200 1x, https:\/\/i0.wp.com\/lahoradelcampo.com.uy\/site\/wp-content\/uploads\/2019\/04\/Faena.jpg?fit=880%2C440&ssl=1&resize=525%2C300 1.5x, https:\/\/i0.wp.com\/lahoradelcampo.com.uy\/site\/wp-content\/uploads\/2019\/04\/Faena.jpg?fit=880%2C440&ssl=1&resize=700%2C400 2x"},"classes":[]},{"id":11203,"url":"https:\/\/lahoradelcampo.com.uy\/site\/la-faena-vacuna-continua-firme-y-se-posiciona-un-2-sobre-2018\/","url_meta":{"origin":30726,"position":1},"title":"La faena vacuna contin\u00faa firme y se posiciona un 2% sobre 2018","author":"La Hora del Campo","date":"28 mayo, 2019","format":false,"excerpt":"En la \u00faltima semana la faena vacuna se posicion\u00f3 en las 49.291 cabezas, un 4% por debajo de la semana anterior, sin embargo al comparar la actividad industrial con la misma semana del a\u00f1o pasado vemos un incremento del 6%. En este contexto el 51,2% de la faena correspondi\u00f3 a\u2026","rel":"","context":"En \u00abActualidad\u00bb","block_context":{"text":"Actualidad","link":"https:\/\/lahoradelcampo.com.uy\/site\/category\/actualidad\/"},"img":{"alt_text":"","src":"https:\/\/i0.wp.com\/lahoradelcampo.com.uy\/site\/wp-content\/uploads\/2019\/05\/Faena-1.jpg?fit=880%2C440&ssl=1&resize=350%2C200","width":350,"height":200,"srcset":"https:\/\/i0.wp.com\/lahoradelcampo.com.uy\/site\/wp-content\/uploads\/2019\/05\/Faena-1.jpg?fit=880%2C440&ssl=1&resize=350%2C200 1x, https:\/\/i0.wp.com\/lahoradelcampo.com.uy\/site\/wp-content\/uploads\/2019\/05\/Faena-1.jpg?fit=880%2C440&ssl=1&resize=525%2C300 1.5x, https:\/\/i0.wp.com\/lahoradelcampo.com.uy\/site\/wp-content\/uploads\/2019\/05\/Faena-1.jpg?fit=880%2C440&ssl=1&resize=700%2C400 2x"},"classes":[]},{"id":28552,"url":"https:\/\/lahoradelcampo.com.uy\/site\/faena-vacuna-crecio-6-y-supero-las-54-000-cabezas\/","url_meta":{"origin":30726,"position":2},"title":"Faena vacuna creci\u00f3 6% y super\u00f3 las 54.000 cabezas","author":"La Hora del Campo","date":"16 marzo, 2021","format":false,"excerpt":"Durante la \u00faltima semana del 7 al 13 de marzo de 2021, la faena vacuna creci\u00f3 un 6,2% respecto a la semana anterior, seg\u00fan los datos que aport\u00f3 el Instituto Nacional de Carnes (INAC). En total se procesaron por parte de la industria 54.410 cabezas de vacunos, valor que no\u2026","rel":"","context":"En \u00abActualidad\u00bb","block_context":{"text":"Actualidad","link":"https:\/\/lahoradelcampo.com.uy\/site\/category\/actualidad\/"},"img":{"alt_text":"","src":"https:\/\/i0.wp.com\/lahoradelcampo.com.uy\/site\/wp-content\/uploads\/2020\/06\/faenavacuna.jpg?fit=880%2C440&ssl=1&resize=350%2C200","width":350,"height":200,"srcset":"https:\/\/i0.wp.com\/lahoradelcampo.com.uy\/site\/wp-content\/uploads\/2020\/06\/faenavacuna.jpg?fit=880%2C440&ssl=1&resize=350%2C200 1x, https:\/\/i0.wp.com\/lahoradelcampo.com.uy\/site\/wp-content\/uploads\/2020\/06\/faenavacuna.jpg?fit=880%2C440&ssl=1&resize=525%2C300 1.5x, https:\/\/i0.wp.com\/lahoradelcampo.com.uy\/site\/wp-content\/uploads\/2020\/06\/faenavacuna.jpg?fit=880%2C440&ssl=1&resize=700%2C400 2x"},"classes":[]},{"id":36367,"url":"https:\/\/lahoradelcampo.com.uy\/site\/faena-vacuna-continua-siendo-alta-y-los-trabajadores-paran-24-horas\/","url_meta":{"origin":30726,"position":3},"title":"Faena vacuna contin\u00faa siendo alta y los trabajadores paran 24 horas","author":"La Hora del Campo","date":"9 noviembre, 2021","format":false,"excerpt":"En los \u00faltimos 7 d\u00edas, terminados el pasado 6 de noviembre, la faena vacuna en el pa\u00eds sum\u00f3 60.392 cabezas, lo que significa una ca\u00edda del 3% respecto a la semana anterior, adem\u00e1s de ser la segunda mayor semana de faena desde diciembre de 2010. La presencia de animales procedentes\u2026","rel":"","context":"En \u00abActualidad\u00bb","block_context":{"text":"Actualidad","link":"https:\/\/lahoradelcampo.com.uy\/site\/category\/actualidad\/"},"img":{"alt_text":"","src":"https:\/\/i0.wp.com\/lahoradelcampo.com.uy\/site\/wp-content\/uploads\/2019\/05\/Faena-1.jpg?fit=880%2C440&ssl=1&resize=350%2C200","width":350,"height":200,"srcset":"https:\/\/i0.wp.com\/lahoradelcampo.com.uy\/site\/wp-content\/uploads\/2019\/05\/Faena-1.jpg?fit=880%2C440&ssl=1&resize=350%2C200 1x, https:\/\/i0.wp.com\/lahoradelcampo.com.uy\/site\/wp-content\/uploads\/2019\/05\/Faena-1.jpg?fit=880%2C440&ssl=1&resize=525%2C300 1.5x, https:\/\/i0.wp.com\/lahoradelcampo.com.uy\/site\/wp-content\/uploads\/2019\/05\/Faena-1.jpg?fit=880%2C440&ssl=1&resize=700%2C400 2x"},"classes":[]},{"id":26432,"url":"https:\/\/lahoradelcampo.com.uy\/site\/la-faena-vacuna-cayo-un-35-en-la-ultima-semana\/","url_meta":{"origin":30726,"position":4},"title":"La faena vacuna cay\u00f3 un 35% en la \u00faltima semana","author":"La Hora del Campo","date":"29 diciembre, 2020","format":false,"excerpt":"La faena vacuna en la \u00faltima semana, cerrada el pasado 26 de diciembre, con menos d\u00edas de actividad registr\u00f3 un descenso del 35% respecto a la semana anterior, seg\u00fan los datos del Instituto Nacional de Carnes (INAC) tras situarse en las 29.062 cabezas. En el acumulado de 2020, la faena\u2026","rel":"","context":"En \u00abActualidad\u00bb","block_context":{"text":"Actualidad","link":"https:\/\/lahoradelcampo.com.uy\/site\/category\/actualidad\/"},"img":{"alt_text":"","src":"https:\/\/i0.wp.com\/lahoradelcampo.com.uy\/site\/wp-content\/uploads\/2017\/09\/Faena-vacuna.jpg?fit=880%2C440&ssl=1&resize=350%2C200","width":350,"height":200,"srcset":"https:\/\/i0.wp.com\/lahoradelcampo.com.uy\/site\/wp-content\/uploads\/2017\/09\/Faena-vacuna.jpg?fit=880%2C440&ssl=1&resize=350%2C200 1x, https:\/\/i0.wp.com\/lahoradelcampo.com.uy\/site\/wp-content\/uploads\/2017\/09\/Faena-vacuna.jpg?fit=880%2C440&ssl=1&resize=525%2C300 1.5x, https:\/\/i0.wp.com\/lahoradelcampo.com.uy\/site\/wp-content\/uploads\/2017\/09\/Faena-vacuna.jpg?fit=880%2C440&ssl=1&resize=700%2C400 2x"},"classes":[]},{"id":47845,"url":"https:\/\/lahoradelcampo.com.uy\/site\/la-faena-vacuna-cayo-un-86-durante-2022\/","url_meta":{"origin":30726,"position":5},"title":"La faena vacuna cay\u00f3 un 8,6% durante 2022","author":"La Hora del Campo","date":"3 enero, 2023","format":false,"excerpt":"En la pasada semana, cerrada el 31 de diciembre, se faenaron en el pa\u00eds 30.007 cabezas de vacunos un 34% menos que la semana precedente, resultado de plantas que han detenido sus actividades por licencia al personal y otras que han cerrado por refacciones. El 44% de la faena correspondi\u00f3\u2026","rel":"","context":"En \u00abActualidad\u00bb","block_context":{"text":"Actualidad","link":"https:\/\/lahoradelcampo.com.uy\/site\/category\/actualidad\/"},"img":{"alt_text":"","src":"https:\/\/i0.wp.com\/lahoradelcampo.com.uy\/site\/wp-content\/uploads\/2022\/02\/Faena-vacas.jpg?fit=880%2C440&ssl=1&resize=350%2C200","width":350,"height":200,"srcset":"https:\/\/i0.wp.com\/lahoradelcampo.com.uy\/site\/wp-content\/uploads\/2022\/02\/Faena-vacas.jpg?fit=880%2C440&ssl=1&resize=350%2C200 1x, https:\/\/i0.wp.com\/lahoradelcampo.com.uy\/site\/wp-content\/uploads\/2022\/02\/Faena-vacas.jpg?fit=880%2C440&ssl=1&resize=525%2C300 1.5x, https:\/\/i0.wp.com\/lahoradelcampo.com.uy\/site\/wp-content\/uploads\/2022\/02\/Faena-vacas.jpg?fit=880%2C440&ssl=1&resize=700%2C400 2x"},"classes":[]}],"jetpack_likes_enabled":true,"_links":{"self":[{"href":"https:\/\/lahoradelcampo.com.uy\/site\/wp-json\/wp\/v2\/posts\/30726","targetHints":{"allow":["GET"]}}],"collection":[{"href":"https:\/\/lahoradelcampo.com.uy\/site\/wp-json\/wp\/v2\/posts"}],"about":[{"href":"https:\/\/lahoradelcampo.com.uy\/site\/wp-json\/wp\/v2\/types\/post"}],"author":[{"embeddable":true,"href":"https:\/\/lahoradelcampo.com.uy\/site\/wp-json\/wp\/v2\/users\/5"}],"replies":[{"embeddable":true,"href":"https:\/\/lahoradelcampo.com.uy\/site\/wp-json\/wp\/v2\/comments?post=30726"}],"version-history":[{"count":1,"href":"https:\/\/lahoradelcampo.com.uy\/site\/wp-json\/wp\/v2\/posts\/30726\/revisions"}],"predecessor-version":[{"id":30728,"href":"https:\/\/lahoradelcampo.com.uy\/site\/wp-json\/wp\/v2\/posts\/30726\/revisions\/30728"}],"wp:featuredmedia":[{"embeddable":true,"href":"https:\/\/lahoradelcampo.com.uy\/site\/wp-json\/wp\/v2\/media\/1743"}],"wp:attachment":[{"href":"https:\/\/lahoradelcampo.com.uy\/site\/wp-json\/wp\/v2\/media?parent=30726"}],"wp:term":[{"taxonomy":"category","embeddable":true,"href":"https:\/\/lahoradelcampo.com.uy\/site\/wp-json\/wp\/v2\/categories?post=30726"},{"taxonomy":"post_tag","embeddable":true,"href":"https:\/\/lahoradelcampo.com.uy\/site\/wp-json\/wp\/v2\/tags?post=30726"}],"curies":[{"name":"wp","href":"https:\/\/api.w.org\/{rel}","templated":true}]}}