{"id":30720,"date":"2021-05-31T09:25:50","date_gmt":"2021-05-31T12:25:50","guid":{"rendered":"http:\/\/lahoradelcampo.com.uy\/site\/?p=30720"},"modified":"2021-05-31T09:25:55","modified_gmt":"2021-05-31T12:25:55","slug":"el-mejor-vientre-angus-cotizo-a-us-14-160-en-la-expo-florida","status":"publish","type":"post","link":"https:\/\/lahoradelcampo.com.uy\/site\/el-mejor-vientre-angus-cotizo-a-us-14-160-en-la-expo-florida\/","title":{"rendered":"El mejor vientre Angus cotiz\u00f3 a US$ 14.160 en la Expo Florida"},"content":{"rendered":"\n<figure class=\"wp-block-image\"><img data-recalc-dims=\"1\" loading=\"lazy\" decoding=\"async\" width=\"810\" height=\"405\" data-attachment-id=\"30722\" data-permalink=\"https:\/\/lahoradelcampo.com.uy\/site\/el-mejor-vientre-angus-cotizo-a-us-14-160-en-la-expo-florida\/vacaangus\/\" data-orig-file=\"https:\/\/i0.wp.com\/lahoradelcampo.com.uy\/site\/wp-content\/uploads\/2021\/05\/Vacaangus.jpg?fit=880%2C440&amp;ssl=1\" data-orig-size=\"880,440\" data-comments-opened=\"1\" data-image-meta=\"{&quot;aperture&quot;:&quot;0&quot;,&quot;credit&quot;:&quot;&quot;,&quot;camera&quot;:&quot;&quot;,&quot;caption&quot;:&quot;&quot;,&quot;created_timestamp&quot;:&quot;0&quot;,&quot;copyright&quot;:&quot;&quot;,&quot;focal_length&quot;:&quot;0&quot;,&quot;iso&quot;:&quot;0&quot;,&quot;shutter_speed&quot;:&quot;0&quot;,&quot;title&quot;:&quot;&quot;,&quot;orientation&quot;:&quot;1&quot;}\" data-image-title=\"Vacaangus\" data-image-description=\"\" data-image-caption=\"\" data-large-file=\"https:\/\/i0.wp.com\/lahoradelcampo.com.uy\/site\/wp-content\/uploads\/2021\/05\/Vacaangus.jpg?fit=810%2C405&amp;ssl=1\" src=\"https:\/\/i0.wp.com\/lahoradelcampo.com.uy\/site\/wp-content\/uploads\/2021\/05\/Vacaangus.jpg?resize=810%2C405\" alt=\"\" class=\"wp-image-30722\" srcset=\"https:\/\/i0.wp.com\/lahoradelcampo.com.uy\/site\/wp-content\/uploads\/2021\/05\/Vacaangus.jpg?w=880&amp;ssl=1 880w, https:\/\/i0.wp.com\/lahoradelcampo.com.uy\/site\/wp-content\/uploads\/2021\/05\/Vacaangus.jpg?resize=300%2C150&amp;ssl=1 300w, https:\/\/i0.wp.com\/lahoradelcampo.com.uy\/site\/wp-content\/uploads\/2021\/05\/Vacaangus.jpg?resize=768%2C384&amp;ssl=1 768w, https:\/\/i0.wp.com\/lahoradelcampo.com.uy\/site\/wp-content\/uploads\/2021\/05\/Vacaangus.jpg?resize=820%2C410&amp;ssl=1 820w\" sizes=\"auto, (max-width: 810px) 100vw, 810px\" \/><\/figure>\n\n\n\n<p>Finalizada la exposici\u00f3n, las ventas estuvieron a cargo de la firma Zambrano &amp; C\u00eda, bajo el martillo de su principal Gerardo Zambrano, coloc\u00e1ndose el 100% de la oferta que ingreso a pista. <\/p>\n\n\n\n<p>El m\u00e1ximo fue de US$ 14.160 por el Mejor Ejemplar de Pedigree expuesto en la pista por Frigor\u00edfico Modelo. Los 39 vientres de pedigree propuestos por los criadores hicieron un promedio de US$ 2.245, y un m\u00ednimo de US$ 840.<br><\/p>\n\n\n\n<p>En el caso de las vaquillonas Puro Controlado se negociaron a US$ 1.680 de promedio por los 5 ejemplares vendido. <\/p>\n\n\n\n<p>A nivel de vientres SA , se colocaron 239 cabezas a un promedio de US$ 869, con un m\u00e1ximo de US$ 1.680. Las vaquillonas generales se vendieron en US$ 480 de promedio por 153 cabezas comercializadas. <br><\/p>\n\n\n\n<p>En total se comercializaron 436 animales.<br><\/p>\n\n\n\n<p>Tras las ventas, Gerardo Zambrano, encargado de conducir las ventas, dijo que \u201cm\u00e1s all\u00e1 de los resultados comerciales que fueron excelentes, con ventas totales, lo importante es que las cosas buenas que salen a la venta se venden a precios destacados\u201d  y agreg\u00f3 que la muestra ya es un evento consolidado, trayendo cosas nuevas como el caso del ternero por segundo a\u00f1o consecutivo\u201d.<\/p>\n\n\n\n<p class=\"has-small-font-size\"><strong>Foto e informaci\u00f3n: Yonnatan Santos (Tard\u00e1guila Agromercados)<\/strong><\/p>\n\n\n\n<p style=\"text-align:right\"><strong>Salto, Lunes 31 de mayo de 2021<\/strong><\/p>\n","protected":false},"excerpt":{"rendered":"<p>Finalizada la exposici\u00f3n, las ventas estuvieron a cargo de la firma Zambrano &amp; C\u00eda, bajo el martillo de su principal Gerardo Zambrano, coloc\u00e1ndose el 100% de la oferta que ingreso [&hellip;]<\/p>\n","protected":false},"author":5,"featured_media":30722,"comment_status":"open","ping_status":"open","sticky":false,"template":"","format":"standard","meta":{"_price":"","_stock":"","_tribe_ticket_header":"","_tribe_default_ticket_provider":"","_tribe_ticket_capacity":"0","_ticket_start_date":"","_ticket_end_date":"","_tribe_ticket_show_description":"","_tribe_ticket_show_not_going":false,"_tribe_ticket_use_global_stock":"","_tribe_ticket_global_stock_level":"","_global_stock_mode":"","_global_stock_cap":"","_tribe_rsvp_for_event":"","_tribe_ticket_going_count":"","_tribe_ticket_not_going_count":"","_tribe_tickets_list":"[]","_tribe_ticket_has_attendee_info_fields":false,"h5ap_radio_sources":[],"_jetpack_newsletter_access":"","_jetpack_dont_email_post_to_subs":false,"_jetpack_newsletter_tier_id":0,"_jetpack_memberships_contains_paywalled_content":false,"_jetpack_memberships_contains_paid_content":false,"footnotes":""},"categories":[21,5],"tags":[],"class_list":["post-30720","post","type-post","status-publish","format-standard","has-post-thumbnail","hentry","category-actualidad","category-ganaderia"],"jetpack_featured_media_url":"https:\/\/i0.wp.com\/lahoradelcampo.com.uy\/site\/wp-content\/uploads\/2021\/05\/Vacaangus.jpg?fit=880%2C440&ssl=1","jetpack_sharing_enabled":true,"jetpack_shortlink":"https:\/\/wp.me\/p99IaT-7Zu","jetpack-related-posts":[{"id":34989,"url":"https:\/\/lahoradelcampo.com.uy\/site\/obt-premium-black-con-promedio-de-us-3-560\/","url_meta":{"origin":30720,"position":0},"title":"OBT Premium Black con promedio de U$S 3.560","author":"La Hora del Campo","date":"3 octubre, 2021","format":false,"excerpt":"En el local \u201cParada Fari\u00f1a\u201d, en Artigas, se realiz\u00f3 anoche el cuarto remate OBT Premium Black, con promedio de U$S 3.560 por 57 toros Angus, en subasta a cargo de Zambrano y C\u00eda., con escritorio Otto Fern\u00e1ndez. La oferta era en la previa m\u00e1s que interesante: toros Aberdeen Angus de\u2026","rel":"","context":"En \u00abActualidad\u00bb","block_context":{"text":"Actualidad","link":"https:\/\/lahoradelcampo.com.uy\/site\/category\/actualidad\/"},"img":{"alt_text":"","src":"https:\/\/i0.wp.com\/lahoradelcampo.com.uy\/site\/wp-content\/uploads\/2021\/10\/Zafra-OBT.jpg?fit=880%2C440&ssl=1&resize=350%2C200","width":350,"height":200,"srcset":"https:\/\/i0.wp.com\/lahoradelcampo.com.uy\/site\/wp-content\/uploads\/2021\/10\/Zafra-OBT.jpg?fit=880%2C440&ssl=1&resize=350%2C200 1x, https:\/\/i0.wp.com\/lahoradelcampo.com.uy\/site\/wp-content\/uploads\/2021\/10\/Zafra-OBT.jpg?fit=880%2C440&ssl=1&resize=525%2C300 1.5x, https:\/\/i0.wp.com\/lahoradelcampo.com.uy\/site\/wp-content\/uploads\/2021\/10\/Zafra-OBT.jpg?fit=880%2C440&ssl=1&resize=700%2C400 2x"},"classes":[]},{"id":35273,"url":"https:\/\/lahoradelcampo.com.uy\/site\/modelo-coloco-el-100-de-la-oferta\/","url_meta":{"origin":30720,"position":1},"title":"\u00abModelo\u00bb coloc\u00f3 el 100% de la oferta","author":"La Hora del Campo","date":"10 octubre, 2021","format":false,"excerpt":"\u00c1gil, din\u00e1mico, pique tras pique\u2026 as\u00ed fue el remate \"Angus de Primavera\" de Frigor\u00edfico Modelo en Artigas, con el martillo de Francisco C\u00e1nepa. En un local Chiflero con las mesas y gradas llenas, productores de Rivera, Salto, Paysand\u00fa y Artigas pujando tanto por los vientres como por los toros que\u2026","rel":"","context":"En \u00abActualidad\u00bb","block_context":{"text":"Actualidad","link":"https:\/\/lahoradelcampo.com.uy\/site\/category\/actualidad\/"},"img":{"alt_text":"","src":"https:\/\/i0.wp.com\/lahoradelcampo.com.uy\/site\/wp-content\/uploads\/2021\/10\/Zafra-canepamodelo.jpg?fit=880%2C440&ssl=1&resize=350%2C200","width":350,"height":200,"srcset":"https:\/\/i0.wp.com\/lahoradelcampo.com.uy\/site\/wp-content\/uploads\/2021\/10\/Zafra-canepamodelo.jpg?fit=880%2C440&ssl=1&resize=350%2C200 1x, https:\/\/i0.wp.com\/lahoradelcampo.com.uy\/site\/wp-content\/uploads\/2021\/10\/Zafra-canepamodelo.jpg?fit=880%2C440&ssl=1&resize=525%2C300 1.5x, https:\/\/i0.wp.com\/lahoradelcampo.com.uy\/site\/wp-content\/uploads\/2021\/10\/Zafra-canepamodelo.jpg?fit=880%2C440&ssl=1&resize=700%2C400 2x"},"classes":[]},{"id":24464,"url":"https:\/\/lahoradelcampo.com.uy\/site\/la-torada-pedigree-de-bayucua-supero-los-us-5-000-en-la-agropecuaria-de-salto\/","url_meta":{"origin":30720,"position":2},"title":"La torada pedigree de Bayucu\u00e1 super\u00f3 los US$ 5.000 en la Agropecuaria de Salto","author":"La Hora del Campo","date":"9 octubre, 2020","format":false,"excerpt":"La caba\u00f1a de caba\u00f1as como tradicionalmente se conoce a Bayucu\u00e1, una caba\u00f1a centenaria y generadora de un importante n\u00famero de planteles angus en todo el pa\u00eds, realiz\u00f3 su remate anual colocando el 100% de la oferta en la pista, con m\u00e1s del 50% preofertado. Si los toros planteleros fueron de\u2026","rel":"","context":"En \u00abActualidad\u00bb","block_context":{"text":"Actualidad","link":"https:\/\/lahoradelcampo.com.uy\/site\/category\/actualidad\/"},"img":{"alt_text":"","src":"https:\/\/i0.wp.com\/lahoradelcampo.com.uy\/site\/wp-content\/uploads\/2020\/10\/bayucuaok.jpg?fit=880%2C440&ssl=1&resize=350%2C200","width":350,"height":200,"srcset":"https:\/\/i0.wp.com\/lahoradelcampo.com.uy\/site\/wp-content\/uploads\/2020\/10\/bayucuaok.jpg?fit=880%2C440&ssl=1&resize=350%2C200 1x, https:\/\/i0.wp.com\/lahoradelcampo.com.uy\/site\/wp-content\/uploads\/2020\/10\/bayucuaok.jpg?fit=880%2C440&ssl=1&resize=525%2C300 1.5x, https:\/\/i0.wp.com\/lahoradelcampo.com.uy\/site\/wp-content\/uploads\/2020\/10\/bayucuaok.jpg?fit=880%2C440&ssl=1&resize=700%2C400 2x"},"classes":[]},{"id":35449,"url":"https:\/\/lahoradelcampo.com.uy\/site\/camba-pyta-alcanzo-us-4-191-de-promedio-por-sus-angus\/","url_meta":{"origin":30720,"position":3},"title":"Camba Pyt\u00e1 alcanz\u00f3 US$ 4.191 de promedio por sus Angus","author":"La Hora del Campo","date":"14 octubre, 2021","format":false,"excerpt":"En la tarde noche de ayer, la caba\u00f1a artiguense Camba Pyt\u00e1, realiz\u00f3 un nuevo remate anual, con la colocaci\u00f3n total de un centenar de angus en la pista del local Chiflero de la Asociaci\u00f3n Agropecuaria de Artigas. En el detalle se comercializaron al comienzo 40 vacas y vaquillonas aberdeen angus\u2026","rel":"","context":"En \u00abActualidad\u00bb","block_context":{"text":"Actualidad","link":"https:\/\/lahoradelcampo.com.uy\/site\/category\/actualidad\/"},"img":{"alt_text":"","src":"https:\/\/i0.wp.com\/lahoradelcampo.com.uy\/site\/wp-content\/uploads\/2021\/10\/zafra-cambapyta.jpg?fit=880%2C440&ssl=1&resize=350%2C200","width":350,"height":200,"srcset":"https:\/\/i0.wp.com\/lahoradelcampo.com.uy\/site\/wp-content\/uploads\/2021\/10\/zafra-cambapyta.jpg?fit=880%2C440&ssl=1&resize=350%2C200 1x, https:\/\/i0.wp.com\/lahoradelcampo.com.uy\/site\/wp-content\/uploads\/2021\/10\/zafra-cambapyta.jpg?fit=880%2C440&ssl=1&resize=525%2C300 1.5x, https:\/\/i0.wp.com\/lahoradelcampo.com.uy\/site\/wp-content\/uploads\/2021\/10\/zafra-cambapyta.jpg?fit=880%2C440&ssl=1&resize=700%2C400 2x"},"classes":[]},{"id":52753,"url":"https:\/\/lahoradelcampo.com.uy\/site\/san-rafael-alcanzo-us-2-801-por-45-toros-aberdeen-angus-polled-hereford-y-brangus\/","url_meta":{"origin":30720,"position":4},"title":"San Rafael alcanz\u00f3 US$ 2.801 por 45 toros Aberdeen Angus, Polled Hereford y Brangus","author":"La Hora del Campo","date":"13 octubre, 2023","format":false,"excerpt":"En la jornada de ayer, con el martillo de Gerardo Zambrano, se realiz\u00f3 la venta anual de caba\u00f1a San Rafael, en el predio de la Asociaci\u00f3n Agropecuaria de Salto, con la comercializaci\u00f3n del 100% de la oferta a diferentes puntos del pa\u00eds. El comienzo de la subasta fue con los\u2026","rel":"","context":"En \u00abActualidad\u00bb","block_context":{"text":"Actualidad","link":"https:\/\/lahoradelcampo.com.uy\/site\/category\/actualidad\/"},"img":{"alt_text":"","src":"https:\/\/i0.wp.com\/lahoradelcampo.com.uy\/site\/wp-content\/uploads\/2023\/10\/SanRafael.jpg?fit=880%2C440&ssl=1&resize=350%2C200","width":350,"height":200,"srcset":"https:\/\/i0.wp.com\/lahoradelcampo.com.uy\/site\/wp-content\/uploads\/2023\/10\/SanRafael.jpg?fit=880%2C440&ssl=1&resize=350%2C200 1x, https:\/\/i0.wp.com\/lahoradelcampo.com.uy\/site\/wp-content\/uploads\/2023\/10\/SanRafael.jpg?fit=880%2C440&ssl=1&resize=525%2C300 1.5x, https:\/\/i0.wp.com\/lahoradelcampo.com.uy\/site\/wp-content\/uploads\/2023\/10\/SanRafael.jpg?fit=880%2C440&ssl=1&resize=700%2C400 2x"},"classes":[]},{"id":46191,"url":"https:\/\/lahoradelcampo.com.uy\/site\/agil-dinamico-y-ventas-totales-en-el-remate-del-modelo-en-artigas\/","url_meta":{"origin":30720,"position":5},"title":"\u00c1gil, din\u00e1mico y ventas totales en el remate del Modelo en Artigas","author":"La Hora del Campo","date":"8 octubre, 2022","format":false,"excerpt":"En una noche primaveral, el martillero Francisco C\u00e1nepa dio inicio al d\u00e9cimo s\u00e9ptimo\u00a0 remate anual de Frigor\u00edfico Modelo en Artigas, con un local Chiflero de la Asociaci\u00f3n Agropecuaria de Artigas que a\u00f1o a a\u00f1o va quedando chico para esta propuesta. La calidad y presentaci\u00f3n de la oferta fue excepcional, como\u2026","rel":"","context":"En \u00abActualidad\u00bb","block_context":{"text":"Actualidad","link":"https:\/\/lahoradelcampo.com.uy\/site\/category\/actualidad\/"},"img":{"alt_text":"","src":"https:\/\/i0.wp.com\/lahoradelcampo.com.uy\/site\/wp-content\/uploads\/2022\/10\/Modelo-Canepa.jpg?fit=880%2C440&ssl=1&resize=350%2C200","width":350,"height":200,"srcset":"https:\/\/i0.wp.com\/lahoradelcampo.com.uy\/site\/wp-content\/uploads\/2022\/10\/Modelo-Canepa.jpg?fit=880%2C440&ssl=1&resize=350%2C200 1x, https:\/\/i0.wp.com\/lahoradelcampo.com.uy\/site\/wp-content\/uploads\/2022\/10\/Modelo-Canepa.jpg?fit=880%2C440&ssl=1&resize=525%2C300 1.5x, https:\/\/i0.wp.com\/lahoradelcampo.com.uy\/site\/wp-content\/uploads\/2022\/10\/Modelo-Canepa.jpg?fit=880%2C440&ssl=1&resize=700%2C400 2x"},"classes":[]}],"jetpack_likes_enabled":true,"_links":{"self":[{"href":"https:\/\/lahoradelcampo.com.uy\/site\/wp-json\/wp\/v2\/posts\/30720","targetHints":{"allow":["GET"]}}],"collection":[{"href":"https:\/\/lahoradelcampo.com.uy\/site\/wp-json\/wp\/v2\/posts"}],"about":[{"href":"https:\/\/lahoradelcampo.com.uy\/site\/wp-json\/wp\/v2\/types\/post"}],"author":[{"embeddable":true,"href":"https:\/\/lahoradelcampo.com.uy\/site\/wp-json\/wp\/v2\/users\/5"}],"replies":[{"embeddable":true,"href":"https:\/\/lahoradelcampo.com.uy\/site\/wp-json\/wp\/v2\/comments?post=30720"}],"version-history":[{"count":1,"href":"https:\/\/lahoradelcampo.com.uy\/site\/wp-json\/wp\/v2\/posts\/30720\/revisions"}],"predecessor-version":[{"id":30724,"href":"https:\/\/lahoradelcampo.com.uy\/site\/wp-json\/wp\/v2\/posts\/30720\/revisions\/30724"}],"wp:featuredmedia":[{"embeddable":true,"href":"https:\/\/lahoradelcampo.com.uy\/site\/wp-json\/wp\/v2\/media\/30722"}],"wp:attachment":[{"href":"https:\/\/lahoradelcampo.com.uy\/site\/wp-json\/wp\/v2\/media?parent=30720"}],"wp:term":[{"taxonomy":"category","embeddable":true,"href":"https:\/\/lahoradelcampo.com.uy\/site\/wp-json\/wp\/v2\/categories?post=30720"},{"taxonomy":"post_tag","embeddable":true,"href":"https:\/\/lahoradelcampo.com.uy\/site\/wp-json\/wp\/v2\/tags?post=30720"}],"curies":[{"name":"wp","href":"https:\/\/api.w.org\/{rel}","templated":true}]}}