{"id":30714,"date":"2021-05-31T09:21:26","date_gmt":"2021-05-31T12:21:26","guid":{"rendered":"http:\/\/lahoradelcampo.com.uy\/site\/?p=30714"},"modified":"2021-05-31T09:21:32","modified_gmt":"2021-05-31T12:21:32","slug":"frigorifico-modelo-se-llevo-las-cocardas-de-la-expo-florida","status":"publish","type":"post","link":"https:\/\/lahoradelcampo.com.uy\/site\/frigorifico-modelo-se-llevo-las-cocardas-de-la-expo-florida\/","title":{"rendered":"Frigor\u00edfico Modelo se llev\u00f3 las cocardas de la Expo Florida"},"content":{"rendered":"\n<figure class=\"wp-block-image\"><img data-recalc-dims=\"1\" loading=\"lazy\" decoding=\"async\" width=\"810\" height=\"405\" data-attachment-id=\"30716\" data-permalink=\"https:\/\/lahoradelcampo.com.uy\/site\/frigorifico-modelo-se-llevo-las-cocardas-de-la-expo-florida\/expoangus\/\" data-orig-file=\"https:\/\/i0.wp.com\/lahoradelcampo.com.uy\/site\/wp-content\/uploads\/2021\/05\/ExpoAngus.jpg?fit=880%2C440&amp;ssl=1\" data-orig-size=\"880,440\" data-comments-opened=\"1\" data-image-meta=\"{&quot;aperture&quot;:&quot;0&quot;,&quot;credit&quot;:&quot;&quot;,&quot;camera&quot;:&quot;&quot;,&quot;caption&quot;:&quot;&quot;,&quot;created_timestamp&quot;:&quot;0&quot;,&quot;copyright&quot;:&quot;&quot;,&quot;focal_length&quot;:&quot;0&quot;,&quot;iso&quot;:&quot;0&quot;,&quot;shutter_speed&quot;:&quot;0&quot;,&quot;title&quot;:&quot;&quot;,&quot;orientation&quot;:&quot;1&quot;}\" data-image-title=\"ExpoAngus\" data-image-description=\"\" data-image-caption=\"\" data-large-file=\"https:\/\/i0.wp.com\/lahoradelcampo.com.uy\/site\/wp-content\/uploads\/2021\/05\/ExpoAngus.jpg?fit=810%2C405&amp;ssl=1\" src=\"https:\/\/i0.wp.com\/lahoradelcampo.com.uy\/site\/wp-content\/uploads\/2021\/05\/ExpoAngus.jpg?resize=810%2C405\" alt=\"\" class=\"wp-image-30716\" srcset=\"https:\/\/i0.wp.com\/lahoradelcampo.com.uy\/site\/wp-content\/uploads\/2021\/05\/ExpoAngus.jpg?w=880&amp;ssl=1 880w, https:\/\/i0.wp.com\/lahoradelcampo.com.uy\/site\/wp-content\/uploads\/2021\/05\/ExpoAngus.jpg?resize=300%2C150&amp;ssl=1 300w, https:\/\/i0.wp.com\/lahoradelcampo.com.uy\/site\/wp-content\/uploads\/2021\/05\/ExpoAngus.jpg?resize=768%2C384&amp;ssl=1 768w, https:\/\/i0.wp.com\/lahoradelcampo.com.uy\/site\/wp-content\/uploads\/2021\/05\/ExpoAngus.jpg?resize=820%2C410&amp;ssl=1 820w\" sizes=\"auto, (max-width: 810px) 100vw, 810px\" \/><\/figure>\n\n\n\n<p>El pasado viernes, se desarroll\u00f3 en el predio de la Asociaci\u00f3n Rural de Florida, el 6to Concurso Nacional de Vientres y la segunda edici\u00f3n del Concurso Ternero del A\u00f1o Pedigree en tr\u00edos. <\/p>\n\n\n\n<p>La muestra, como nos tiene acostumbrados la raza, mostr\u00f3 un volumen y nivel de calidad exuberante en una pista donde los jurados, Dr. Alberto Amaral y Dr. Jorge Molina, destacaron las caracter\u00edsticas m\u00e1s productivas de la raza, en la b\u00fasqueda de animales para producir carne a pasto. <br><\/p>\n\n\n\n<p>En el concurso de hembras, en las tres categor\u00edas (Pedigree, Puro Controlado y Selecci\u00f3n Angus), la caba\u00f1a Frigor\u00edfico Modelo de la familia Fern\u00e1ndez, se hizo con los principales premios de la muestra. <br><\/p>\n\n\n\n<p>La categor\u00eda m\u00e1s numerosa fue en el Pedigree, donde el Mejor Lote fue el n\u00famero 14 perteneciente a Frigor\u00edfico Modelo, mientras que el segundo lote fue de San Gregorio Ganadera y el tercer lugar para Roberto J. Zerbino Ganadera S.A. <br><\/p>\n\n\n\n<p>Dentro de la categor\u00eda, el Mejor ejemplar fue el RP 3986, perteneciente al Lote Campe\u00f3n de la muestra. <br><\/p>\n\n\n\n<p>Luego en el Selecci\u00f3n Angus (SA) el Lote 32 fue seleccionado por el jurado como el mejor lote, del cual adem\u00e1s sali\u00f3 el RP 8731 como la mejor hembra. <\/p>\n\n\n\n<p>ara el Puro Controlado se present\u00f3 \u00fanicamente un lote de Frigor\u00edfico Modelo. <br><\/p>\n\n\n\n<p>Por su parte en el 2do Concurso de Terneros del A\u00f1o Pedigree en tr\u00edos, el Lote Campe\u00f3n fue presentado por Nicole y Monique Gramont. <\/p>\n\n\n\n<p class=\"has-small-font-size\"><strong>Informaci\u00f3n y foto: Yonnatan Santos (Tard\u00e1guila Agromercados)<\/strong><\/p>\n\n\n\n<p style=\"text-align:right\"><strong>Salto, lunes 31 de mayo de 2021<\/strong><\/p>\n","protected":false},"excerpt":{"rendered":"<p>El pasado viernes, se desarroll\u00f3 en el predio de la Asociaci\u00f3n Rural de Florida, el 6to Concurso Nacional de Vientres y la segunda edici\u00f3n del Concurso Ternero del A\u00f1o Pedigree [&hellip;]<\/p>\n","protected":false},"author":5,"featured_media":30716,"comment_status":"open","ping_status":"open","sticky":false,"template":"","format":"standard","meta":{"_price":"","_stock":"","_tribe_ticket_header":"","_tribe_default_ticket_provider":"","_tribe_ticket_capacity":"0","_ticket_start_date":"","_ticket_end_date":"","_tribe_ticket_show_description":"","_tribe_ticket_show_not_going":false,"_tribe_ticket_use_global_stock":"","_tribe_ticket_global_stock_level":"","_global_stock_mode":"","_global_stock_cap":"","_tribe_rsvp_for_event":"","_tribe_ticket_going_count":"","_tribe_ticket_not_going_count":"","_tribe_tickets_list":"[]","_tribe_ticket_has_attendee_info_fields":false,"h5ap_radio_sources":[],"_jetpack_newsletter_access":"","_jetpack_dont_email_post_to_subs":false,"_jetpack_newsletter_tier_id":0,"_jetpack_memberships_contains_paywalled_content":false,"_jetpack_memberships_contains_paid_content":false,"footnotes":""},"categories":[21,5],"tags":[],"class_list":["post-30714","post","type-post","status-publish","format-standard","has-post-thumbnail","hentry","category-actualidad","category-ganaderia"],"jetpack_featured_media_url":"https:\/\/i0.wp.com\/lahoradelcampo.com.uy\/site\/wp-content\/uploads\/2021\/05\/ExpoAngus.jpg?fit=880%2C440&ssl=1","jetpack_sharing_enabled":true,"jetpack_shortlink":"https:\/\/wp.me\/p99IaT-7Zo","jetpack-related-posts":[{"id":41359,"url":"https:\/\/lahoradelcampo.com.uy\/site\/san-gregorio-ganadera-y-agrofin-ganaron-con-sus-angus-en-florida\/","url_meta":{"origin":30714,"position":0},"title":"San Gregorio Ganadera y Agrofin ganaron con sus angus en Florida","author":"La Hora del Campo","date":"30 abril, 2022","format":false,"excerpt":"En la jornada de ayer, se desarrollo en Florida la 7ma edici\u00f3n de la Exposici\u00f3n Nacional de Vientres Aberdeen Angus y el 4to Concurso Nacional de Terneros de Pedigree, donde la Sra. Maria Mattos y su hermano Francisco Mattos, fueron los encargados de realizar la calificaci\u00f3n de los mejores ejemplares.\u2026","rel":"","context":"En \u00abActualidad\u00bb","block_context":{"text":"Actualidad","link":"https:\/\/lahoradelcampo.com.uy\/site\/category\/actualidad\/"},"img":{"alt_text":"","src":"https:\/\/i0.wp.com\/lahoradelcampo.com.uy\/site\/wp-content\/uploads\/2022\/04\/Angus-Expoflorida.jpg?fit=880%2C440&ssl=1&resize=350%2C200","width":350,"height":200,"srcset":"https:\/\/i0.wp.com\/lahoradelcampo.com.uy\/site\/wp-content\/uploads\/2022\/04\/Angus-Expoflorida.jpg?fit=880%2C440&ssl=1&resize=350%2C200 1x, https:\/\/i0.wp.com\/lahoradelcampo.com.uy\/site\/wp-content\/uploads\/2022\/04\/Angus-Expoflorida.jpg?fit=880%2C440&ssl=1&resize=525%2C300 1.5x, https:\/\/i0.wp.com\/lahoradelcampo.com.uy\/site\/wp-content\/uploads\/2022\/04\/Angus-Expoflorida.jpg?fit=880%2C440&ssl=1&resize=700%2C400 2x"},"classes":[]},{"id":23976,"url":"https:\/\/lahoradelcampo.com.uy\/site\/anita-sg-fue-premiada-como-la-cabana-del-ano-de-la-raza-ideal\/","url_meta":{"origin":30714,"position":1},"title":"Anita SG fue premiada como la \u00abCaba\u00f1a del a\u00f1o\u00bb de la raza Ideal","author":"La Hora del Campo","date":"23 septiembre, 2020","format":false,"excerpt":"La Sociedad de Criadores de la raza Ideal, al igual que otras gremiales, puntea en cada exposici\u00f3n a las diferentes caba\u00f1as de acuerdo a la participaci\u00f3n y premiaci\u00f3n en cada muestra. En el caso de la gremial el campeonato comienza a puntuar en el mes de octubre durante las exposiciones\u2026","rel":"","context":"En \u00abActualidad\u00bb","block_context":{"text":"Actualidad","link":"https:\/\/lahoradelcampo.com.uy\/site\/category\/actualidad\/"},"img":{"alt_text":"","src":"https:\/\/i0.wp.com\/lahoradelcampo.com.uy\/site\/wp-content\/uploads\/2020\/09\/AnitaSGPrado.jpg?fit=880%2C440&ssl=1&resize=350%2C200","width":350,"height":200,"srcset":"https:\/\/i0.wp.com\/lahoradelcampo.com.uy\/site\/wp-content\/uploads\/2020\/09\/AnitaSGPrado.jpg?fit=880%2C440&ssl=1&resize=350%2C200 1x, https:\/\/i0.wp.com\/lahoradelcampo.com.uy\/site\/wp-content\/uploads\/2020\/09\/AnitaSGPrado.jpg?fit=880%2C440&ssl=1&resize=525%2C300 1.5x, https:\/\/i0.wp.com\/lahoradelcampo.com.uy\/site\/wp-content\/uploads\/2020\/09\/AnitaSGPrado.jpg?fit=880%2C440&ssl=1&resize=700%2C400 2x"},"classes":[]},{"id":30122,"url":"https:\/\/lahoradelcampo.com.uy\/site\/angus-cierra-inscripciones-para-la-exposicion-nacional-en-florida\/","url_meta":{"origin":30714,"position":2},"title":"Angus cierra inscripciones para la Exposici\u00f3n Nacional en Florida","author":"La Hora del Campo","date":"15 mayo, 2021","format":false,"excerpt":"La Sociedad de Criadores de Aberdeen Angus del Uruguay (SCAAU) realiz\u00f3 el lunes su Asamblea Ordinaria de socios, de forma virtual, donde participaron criadores de todo el pa\u00eds a trav\u00e9s de la plataforma electr\u00f3nica Zoom. En dicha reuni\u00f3n se repasaron las actividades que se lograron concretar, a pesar de la\u2026","rel":"","context":"En \u00abActualidad\u00bb","block_context":{"text":"Actualidad","link":"https:\/\/lahoradelcampo.com.uy\/site\/category\/actualidad\/"},"img":{"alt_text":"","src":"https:\/\/i0.wp.com\/lahoradelcampo.com.uy\/site\/wp-content\/uploads\/2021\/05\/angusvientres.jpg?fit=880%2C440&ssl=1&resize=350%2C200","width":350,"height":200,"srcset":"https:\/\/i0.wp.com\/lahoradelcampo.com.uy\/site\/wp-content\/uploads\/2021\/05\/angusvientres.jpg?fit=880%2C440&ssl=1&resize=350%2C200 1x, https:\/\/i0.wp.com\/lahoradelcampo.com.uy\/site\/wp-content\/uploads\/2021\/05\/angusvientres.jpg?fit=880%2C440&ssl=1&resize=525%2C300 1.5x, https:\/\/i0.wp.com\/lahoradelcampo.com.uy\/site\/wp-content\/uploads\/2021\/05\/angusvientres.jpg?fit=880%2C440&ssl=1&resize=700%2C400 2x"},"classes":[]},{"id":15366,"url":"https:\/\/lahoradelcampo.com.uy\/site\/a-puro-martillo-frigorifico-modelo-coloco-el-100-de-la-oferta\/","url_meta":{"origin":30714,"position":3},"title":"A puro martillo \u00abFrigor\u00edfico Modelo\u00bb coloc\u00f3 el 100% de la oferta","author":"La Hora del Campo","date":"26 octubre, 2019","format":false,"excerpt":"A puro martillo en Artigas, Francisco C\u00e1nepa remat\u00f3 el 100% de la torada de Frigor\u00edfico Modelo, con una din\u00e1mica y agilidad que respondi\u00f3 a una demanda firme y claramente apostando a la cr\u00eda del aberdeen angus en el norte del pa\u00eds. Las ventas comenzaron con los 120 novillos de 1\u2026","rel":"","context":"En \u00abActualidad\u00bb","block_context":{"text":"Actualidad","link":"https:\/\/lahoradelcampo.com.uy\/site\/category\/actualidad\/"},"img":{"alt_text":"","src":"https:\/\/i0.wp.com\/lahoradelcampo.com.uy\/site\/wp-content\/uploads\/2019\/10\/El-Modelo.jpg?fit=880%2C440&ssl=1&resize=350%2C200","width":350,"height":200,"srcset":"https:\/\/i0.wp.com\/lahoradelcampo.com.uy\/site\/wp-content\/uploads\/2019\/10\/El-Modelo.jpg?fit=880%2C440&ssl=1&resize=350%2C200 1x, https:\/\/i0.wp.com\/lahoradelcampo.com.uy\/site\/wp-content\/uploads\/2019\/10\/El-Modelo.jpg?fit=880%2C440&ssl=1&resize=525%2C300 1.5x, https:\/\/i0.wp.com\/lahoradelcampo.com.uy\/site\/wp-content\/uploads\/2019\/10\/El-Modelo.jpg?fit=880%2C440&ssl=1&resize=700%2C400 2x"},"classes":[]},{"id":24780,"url":"https:\/\/lahoradelcampo.com.uy\/site\/las-cabanas-saltenas-se-lucieron-en-la-pista-de-toros-de-la-expo-chiflero\/","url_meta":{"origin":30714,"position":4},"title":"Las caba\u00f1as salte\u00f1as se lucieron en la pista de toros de la Expo Chiflero","author":"La Hora del Campo","date":"18 octubre, 2020","format":false,"excerpt":"Con un volumen de m\u00e1s de 45 toros en la raza Aberdeen Angus, claramente fue destacada por el jurado debido a su cantidad y calidad de gen\u00e9tica. En la pista se calificaron adem\u00e1s el Poll Merino Australiano y la raza Limousin. Aberdeen Angus En la raza Aberdeen Angus, el jurado\u2026","rel":"","context":"En \u00abActualidad\u00bb","block_context":{"text":"Actualidad","link":"https:\/\/lahoradelcampo.com.uy\/site\/category\/actualidad\/"},"img":{"alt_text":"","src":"https:\/\/i0.wp.com\/lahoradelcampo.com.uy\/site\/wp-content\/uploads\/2020\/10\/Chifleroangus.jpg?fit=880%2C440&ssl=1&resize=350%2C200","width":350,"height":200,"srcset":"https:\/\/i0.wp.com\/lahoradelcampo.com.uy\/site\/wp-content\/uploads\/2020\/10\/Chifleroangus.jpg?fit=880%2C440&ssl=1&resize=350%2C200 1x, https:\/\/i0.wp.com\/lahoradelcampo.com.uy\/site\/wp-content\/uploads\/2020\/10\/Chifleroangus.jpg?fit=880%2C440&ssl=1&resize=525%2C300 1.5x, https:\/\/i0.wp.com\/lahoradelcampo.com.uy\/site\/wp-content\/uploads\/2020\/10\/Chifleroangus.jpg?fit=880%2C440&ssl=1&resize=700%2C400 2x"},"classes":[]},{"id":56044,"url":"https:\/\/lahoradelcampo.com.uy\/site\/interventora-y-responsables-de-casablanca-buscan-mantener-la-actividad\/","url_meta":{"origin":30714,"position":5},"title":"Interventora y responsables de Casablanca, buscan mantener la actividad","author":"La Hora del Campo","date":"30 abril, 2025","format":false,"excerpt":"El Frigor\u00edfico Casablanca, en Paysand\u00fa, se encuentra actualmente bajo un proceso de concurso voluntario de acreedores, iniciado a solicitud de la propia empresa y gestionado por la Justicia. En el procedimiento a seguir en este tipo de casos, ya se ha designado una interventora, una contadora, que ser\u00e1 la encargada\u2026","rel":"","context":"En \u00abActualidad\u00bb","block_context":{"text":"Actualidad","link":"https:\/\/lahoradelcampo.com.uy\/site\/category\/actualidad\/"},"img":{"alt_text":"","src":"https:\/\/i0.wp.com\/lahoradelcampo.com.uy\/site\/wp-content\/uploads\/2021\/01\/Fricasa.jpg?fit=880%2C440&ssl=1&resize=350%2C200","width":350,"height":200,"srcset":"https:\/\/i0.wp.com\/lahoradelcampo.com.uy\/site\/wp-content\/uploads\/2021\/01\/Fricasa.jpg?fit=880%2C440&ssl=1&resize=350%2C200 1x, https:\/\/i0.wp.com\/lahoradelcampo.com.uy\/site\/wp-content\/uploads\/2021\/01\/Fricasa.jpg?fit=880%2C440&ssl=1&resize=525%2C300 1.5x, https:\/\/i0.wp.com\/lahoradelcampo.com.uy\/site\/wp-content\/uploads\/2021\/01\/Fricasa.jpg?fit=880%2C440&ssl=1&resize=700%2C400 2x"},"classes":[]}],"jetpack_likes_enabled":true,"_links":{"self":[{"href":"https:\/\/lahoradelcampo.com.uy\/site\/wp-json\/wp\/v2\/posts\/30714","targetHints":{"allow":["GET"]}}],"collection":[{"href":"https:\/\/lahoradelcampo.com.uy\/site\/wp-json\/wp\/v2\/posts"}],"about":[{"href":"https:\/\/lahoradelcampo.com.uy\/site\/wp-json\/wp\/v2\/types\/post"}],"author":[{"embeddable":true,"href":"https:\/\/lahoradelcampo.com.uy\/site\/wp-json\/wp\/v2\/users\/5"}],"replies":[{"embeddable":true,"href":"https:\/\/lahoradelcampo.com.uy\/site\/wp-json\/wp\/v2\/comments?post=30714"}],"version-history":[{"count":1,"href":"https:\/\/lahoradelcampo.com.uy\/site\/wp-json\/wp\/v2\/posts\/30714\/revisions"}],"predecessor-version":[{"id":30718,"href":"https:\/\/lahoradelcampo.com.uy\/site\/wp-json\/wp\/v2\/posts\/30714\/revisions\/30718"}],"wp:featuredmedia":[{"embeddable":true,"href":"https:\/\/lahoradelcampo.com.uy\/site\/wp-json\/wp\/v2\/media\/30716"}],"wp:attachment":[{"href":"https:\/\/lahoradelcampo.com.uy\/site\/wp-json\/wp\/v2\/media?parent=30714"}],"wp:term":[{"taxonomy":"category","embeddable":true,"href":"https:\/\/lahoradelcampo.com.uy\/site\/wp-json\/wp\/v2\/categories?post=30714"},{"taxonomy":"post_tag","embeddable":true,"href":"https:\/\/lahoradelcampo.com.uy\/site\/wp-json\/wp\/v2\/tags?post=30714"}],"curies":[{"name":"wp","href":"https:\/\/api.w.org\/{rel}","templated":true}]}}