{"id":30184,"date":"2021-05-17T06:30:58","date_gmt":"2021-05-17T09:30:58","guid":{"rendered":"http:\/\/lahoradelcampo.com.uy\/site\/?p=30184"},"modified":"2021-05-15T15:24:35","modified_gmt":"2021-05-15T18:24:35","slug":"bovinos-menores-de-2-anos-se-vacunan-del-1-al-30-de-junio","status":"publish","type":"post","link":"https:\/\/lahoradelcampo.com.uy\/site\/bovinos-menores-de-2-anos-se-vacunan-del-1-al-30-de-junio\/","title":{"rendered":"Bovinos menores de 2 a\u00f1os se vacunan del 1 al 30 de junio"},"content":{"rendered":"\n<figure class=\"wp-block-image\"><img data-recalc-dims=\"1\" loading=\"lazy\" decoding=\"async\" width=\"810\" height=\"405\" data-attachment-id=\"30186\" data-permalink=\"https:\/\/lahoradelcampo.com.uy\/site\/bovinos-menores-de-2-anos-se-vacunan-del-1-al-30-de-junio\/vacunando\/\" data-orig-file=\"https:\/\/i0.wp.com\/lahoradelcampo.com.uy\/site\/wp-content\/uploads\/2021\/05\/vacunando.jpg?fit=880%2C440&amp;ssl=1\" data-orig-size=\"880,440\" data-comments-opened=\"1\" data-image-meta=\"{&quot;aperture&quot;:&quot;0&quot;,&quot;credit&quot;:&quot;&quot;,&quot;camera&quot;:&quot;&quot;,&quot;caption&quot;:&quot;&quot;,&quot;created_timestamp&quot;:&quot;0&quot;,&quot;copyright&quot;:&quot;&quot;,&quot;focal_length&quot;:&quot;0&quot;,&quot;iso&quot;:&quot;0&quot;,&quot;shutter_speed&quot;:&quot;0&quot;,&quot;title&quot;:&quot;&quot;,&quot;orientation&quot;:&quot;1&quot;}\" data-image-title=\"vacunando\" data-image-description=\"\" data-image-caption=\"\" data-large-file=\"https:\/\/i0.wp.com\/lahoradelcampo.com.uy\/site\/wp-content\/uploads\/2021\/05\/vacunando.jpg?fit=810%2C405&amp;ssl=1\" src=\"https:\/\/i0.wp.com\/lahoradelcampo.com.uy\/site\/wp-content\/uploads\/2021\/05\/vacunando.jpg?resize=810%2C405\" alt=\"\" class=\"wp-image-30186\" srcset=\"https:\/\/i0.wp.com\/lahoradelcampo.com.uy\/site\/wp-content\/uploads\/2021\/05\/vacunando.jpg?w=880&amp;ssl=1 880w, https:\/\/i0.wp.com\/lahoradelcampo.com.uy\/site\/wp-content\/uploads\/2021\/05\/vacunando.jpg?resize=300%2C150&amp;ssl=1 300w, https:\/\/i0.wp.com\/lahoradelcampo.com.uy\/site\/wp-content\/uploads\/2021\/05\/vacunando.jpg?resize=768%2C384&amp;ssl=1 768w, https:\/\/i0.wp.com\/lahoradelcampo.com.uy\/site\/wp-content\/uploads\/2021\/05\/vacunando.jpg?resize=820%2C410&amp;ssl=1 820w\" sizes=\"auto, (max-width: 810px) 100vw, 810px\" \/><\/figure>\n\n\n\n<p>La Direcci\u00f3n General de los Servicios Ganaderos ha dispuesto, la vacunaci\u00f3n obligatoria contra la Fiebre Aftosa de las categor\u00edas bovinas menores de 2 a\u00f1os, en el per\u00edodo entre el 1\u00ba y el 30 de junio. Asimismo, se deber\u00e1 cumplir estrictamente con los protocolos de bioseguridad dispuestos por la normativa vigente, y con las instrucciones relativas a la distribuci\u00f3n y entrega de las vacunas. <br><\/p>\n\n\n\n<p>En este sentido, los Servicios Ganaderos informan que no se autoriza el movimiento de bovinos menores de 2 a\u00f1os, entre el 1\u00ba y el 15 de junio. A partir del 16 de junio, podr\u00e1n movilizarse \u00fanicamente los bovinos menores de 2 a\u00f1os que hayan sido vacunados por lo menos con 15 d\u00edas de anticipaci\u00f3n.<br><\/p>\n\n\n\n<p>La vacuna ser\u00e1 entregada al titular presentando la  Declaraci\u00f3n Jurada de existencias de DICOSE al 30 de junio del 2020, la Planilla de Control Interno de existencias y la Planilla de control sanitario actualizada.<br><\/p>\n\n\n\n<p>Por otra parte, no se podr\u00e1n realizar eventos de concentraci\u00f3n de bovinos, tales como remates feria, exposiciones, etc., en el per\u00edodo comprendido entre el 1\u00ba y el 15 de  junio de 2021 inclusive, con la participaci\u00f3n de animales menores de 2 a\u00f1os. Est\u00e1n autorizados los eventos con cambio de propiedad que no impliquen movimiento de animales menores de 2 a\u00f1os tales como remates por pantalla o virtuales), dentro del  per\u00edodo comprendido entre el 1\u00ba y el 15 de junio. <\/p>\n\n\n\n<p style=\"text-align:right\"><strong>Salto, 17 de mayo de 2021<\/strong><\/p>\n","protected":false},"excerpt":{"rendered":"<p>La Direcci\u00f3n General de los Servicios Ganaderos ha dispuesto, la vacunaci\u00f3n obligatoria contra la Fiebre Aftosa de las categor\u00edas bovinas menores de 2 a\u00f1os, en el per\u00edodo entre el 1\u00ba [&hellip;]<\/p>\n","protected":false},"author":5,"featured_media":30186,"comment_status":"open","ping_status":"open","sticky":false,"template":"","format":"standard","meta":{"_price":"","_stock":"","_tribe_ticket_header":"","_tribe_default_ticket_provider":"","_tribe_ticket_capacity":"0","_ticket_start_date":"","_ticket_end_date":"","_tribe_ticket_show_description":"","_tribe_ticket_show_not_going":false,"_tribe_ticket_use_global_stock":"","_tribe_ticket_global_stock_level":"","_global_stock_mode":"","_global_stock_cap":"","_tribe_rsvp_for_event":"","_tribe_ticket_going_count":"","_tribe_ticket_not_going_count":"","_tribe_tickets_list":"[]","_tribe_ticket_has_attendee_info_fields":false,"h5ap_radio_sources":[],"_jetpack_newsletter_access":"","_jetpack_dont_email_post_to_subs":false,"_jetpack_newsletter_tier_id":0,"_jetpack_memberships_contains_paywalled_content":false,"_jetpack_memberships_contains_paid_content":false,"footnotes":""},"categories":[21,5],"tags":[2810,63,303,2804],"class_list":["post-30184","post","type-post","status-publish","format-standard","has-post-thumbnail","hentry","category-actualidad","category-ganaderia","tag-bovinos-menores-de-2-anos","tag-mgap","tag-vacuna","tag-vacunacion-contra-aftosa"],"jetpack_featured_media_url":"https:\/\/i0.wp.com\/lahoradelcampo.com.uy\/site\/wp-content\/uploads\/2021\/05\/vacunando.jpg?fit=880%2C440&ssl=1","jetpack_sharing_enabled":true,"jetpack_shortlink":"https:\/\/wp.me\/p99IaT-7QQ","jetpack-related-posts":[{"id":19060,"url":"https:\/\/lahoradelcampo.com.uy\/site\/vacunacion-contra-aftosa-a-menores-de-2-anos-desde-el-15-de-mayo\/","url_meta":{"origin":30184,"position":0},"title":"Vacunaci\u00f3n contra aftosa a menores de 2 a\u00f1os desde el 15 de mayo","author":"La Hora del Campo","date":"21 abril, 2020","format":false,"excerpt":"La Direcci\u00f3n General de Servicios Ganaderos resolvi\u00f3, por decreto 108\/20 del 15 de abril, establecer \u201ccon car\u00e1cter obligatorio entre el 15 de mayo y el 15 de junio\u201d la \u201cvacunaci\u00f3n contra la fiebre aftosa\u201d para las categor\u00edas vacunas menores a dos a\u00f1os. Por ese motivo, entre el 15 y el\u2026","rel":"","context":"En \u00abActualidad\u00bb","block_context":{"text":"Actualidad","link":"https:\/\/lahoradelcampo.com.uy\/site\/category\/actualidad\/"},"img":{"alt_text":"","src":"https:\/\/i0.wp.com\/lahoradelcampo.com.uy\/site\/wp-content\/uploads\/2017\/12\/Aftosa.jpg?fit=880%2C440&ssl=1&resize=350%2C200","width":350,"height":200,"srcset":"https:\/\/i0.wp.com\/lahoradelcampo.com.uy\/site\/wp-content\/uploads\/2017\/12\/Aftosa.jpg?fit=880%2C440&ssl=1&resize=350%2C200 1x, https:\/\/i0.wp.com\/lahoradelcampo.com.uy\/site\/wp-content\/uploads\/2017\/12\/Aftosa.jpg?fit=880%2C440&ssl=1&resize=525%2C300 1.5x, https:\/\/i0.wp.com\/lahoradelcampo.com.uy\/site\/wp-content\/uploads\/2017\/12\/Aftosa.jpg?fit=880%2C440&ssl=1&resize=700%2C400 2x"},"classes":[]},{"id":30772,"url":"https:\/\/lahoradelcampo.com.uy\/site\/hoy-comienza-la-vacunacion-antiaftosa-a-los-bovinos-menores-de-2-anos\/","url_meta":{"origin":30184,"position":1},"title":"Hoy comienza la vacunaci\u00f3n antiaftosa a los bovinos menores de 2 a\u00f1os","author":"La Hora del Campo","date":"1 junio, 2021","format":false,"excerpt":"Hoy 1 de junio comienza el per\u00edodo de vacunaci\u00f3n contra la fiebre aftosa a todas las categor\u00edas bovinas menores de 2 a\u00f1os. Se recuerda que como condiciones indispensables para entregar la vacuna, los titulares deber\u00e1n presentar la Declaraci\u00f3n Jurada al 30 de junio del 2020; Planilla de Control Interno de\u2026","rel":"","context":"En \u00abActualidad\u00bb","block_context":{"text":"Actualidad","link":"https:\/\/lahoradelcampo.com.uy\/site\/category\/actualidad\/"},"img":{"alt_text":"","src":"https:\/\/i0.wp.com\/lahoradelcampo.com.uy\/site\/wp-content\/uploads\/2019\/04\/vacunacion.jpg?fit=880%2C440&ssl=1&resize=350%2C200","width":350,"height":200,"srcset":"https:\/\/i0.wp.com\/lahoradelcampo.com.uy\/site\/wp-content\/uploads\/2019\/04\/vacunacion.jpg?fit=880%2C440&ssl=1&resize=350%2C200 1x, https:\/\/i0.wp.com\/lahoradelcampo.com.uy\/site\/wp-content\/uploads\/2019\/04\/vacunacion.jpg?fit=880%2C440&ssl=1&resize=525%2C300 1.5x, https:\/\/i0.wp.com\/lahoradelcampo.com.uy\/site\/wp-content\/uploads\/2019\/04\/vacunacion.jpg?fit=880%2C440&ssl=1&resize=700%2C400 2x"},"classes":[]},{"id":30412,"url":"https:\/\/lahoradelcampo.com.uy\/site\/el-1-de-junio-comienza-la-distribucion-de-la-vacuna-antiaftosa-en-salto\/","url_meta":{"origin":30184,"position":2},"title":"El 1 de junio comienza la distribuci\u00f3n de la vacuna antiaftosa en Salto","author":"La Hora del Campo","date":"21 mayo, 2021","format":false,"excerpt":"Tal cual est\u00e1 previsto, el pr\u00f3ximo 1 de junio comienza el per\u00edodo de vacunaci\u00f3n contra la fiebre aftosa a todas las categor\u00edas bovinas menores de 2 a\u00f1os. El Servicio Ganadero de Salto, a cargo de la Dra. Silvia Fern\u00e1ndez Rechac, recuerda que como condiciones indispensables para entregar la vacuna, los\u2026","rel":"","context":"En \u00abActualidad\u00bb","block_context":{"text":"Actualidad","link":"https:\/\/lahoradelcampo.com.uy\/site\/category\/actualidad\/"},"img":{"alt_text":"","src":"https:\/\/i0.wp.com\/lahoradelcampo.com.uy\/site\/wp-content\/uploads\/2019\/04\/vacunacion.jpg?fit=880%2C440&ssl=1&resize=350%2C200","width":350,"height":200,"srcset":"https:\/\/i0.wp.com\/lahoradelcampo.com.uy\/site\/wp-content\/uploads\/2019\/04\/vacunacion.jpg?fit=880%2C440&ssl=1&resize=350%2C200 1x, https:\/\/i0.wp.com\/lahoradelcampo.com.uy\/site\/wp-content\/uploads\/2019\/04\/vacunacion.jpg?fit=880%2C440&ssl=1&resize=525%2C300 1.5x, https:\/\/i0.wp.com\/lahoradelcampo.com.uy\/site\/wp-content\/uploads\/2019\/04\/vacunacion.jpg?fit=880%2C440&ssl=1&resize=700%2C400 2x"},"classes":[]},{"id":27614,"url":"https:\/\/lahoradelcampo.com.uy\/site\/vacunacion-antiaftosa-se-realiza-del-15-de-marzo-al-15-de-abril\/","url_meta":{"origin":30184,"position":3},"title":"Vacunaci\u00f3n antiaftosa se realiza del 15 de marzo al 15 de abril","author":"La Hora del Campo","date":"12 febrero, 2021","format":false,"excerpt":"La Direcci\u00f3n General de Servicios Ganaderos a trav\u00e9s de su Divisi\u00f3n de Sanidad Animal estableci\u00f3 con car\u00e1cter obligatorio que, entre el 15 de marzo y el 15 de abril de 2021, se realice la vacunaci\u00f3n contra la Fiebre Aftosa de todas las categor\u00edas bovinas. El traslado de la vacunaci\u00f3n que\u2026","rel":"","context":"En \u00abActualidad\u00bb","block_context":{"text":"Actualidad","link":"https:\/\/lahoradelcampo.com.uy\/site\/category\/actualidad\/"},"img":{"alt_text":"","src":"https:\/\/i0.wp.com\/lahoradelcampo.com.uy\/site\/wp-content\/uploads\/2019\/04\/vacunacion.jpg?fit=880%2C440&ssl=1&resize=350%2C200","width":350,"height":200,"srcset":"https:\/\/i0.wp.com\/lahoradelcampo.com.uy\/site\/wp-content\/uploads\/2019\/04\/vacunacion.jpg?fit=880%2C440&ssl=1&resize=350%2C200 1x, https:\/\/i0.wp.com\/lahoradelcampo.com.uy\/site\/wp-content\/uploads\/2019\/04\/vacunacion.jpg?fit=880%2C440&ssl=1&resize=525%2C300 1.5x, https:\/\/i0.wp.com\/lahoradelcampo.com.uy\/site\/wp-content\/uploads\/2019\/04\/vacunacion.jpg?fit=880%2C440&ssl=1&resize=700%2C400 2x"},"classes":[]},{"id":51101,"url":"https:\/\/lahoradelcampo.com.uy\/site\/comienza-la-vacunacion-contra-la-fiebre-aftosa-a-todos-los-bovinos-menores-de-dos-anos\/","url_meta":{"origin":30184,"position":4},"title":"Comienza la vacunaci\u00f3n contra la Fiebre Aftosa a todos los bovinos menores de dos a\u00f1os","author":"La Hora del Campo","date":"7 junio, 2023","format":false,"excerpt":"El Ministerio de Ganader\u00eda, Agricultura y Pesca (MGAP) ha anunciado el inicio del per\u00edodo de vacunaci\u00f3n contra la Fiebre Aftosa en el litoral norte del pa\u00eds. Esta campa\u00f1a, que abarcar\u00e1 a todas las categor\u00edas bovinas nacidas en los a\u00f1os 2022 y 2023, se llevar\u00e1 a cabo del 15 de junio\u2026","rel":"","context":"En \u00abActualidad\u00bb","block_context":{"text":"Actualidad","link":"https:\/\/lahoradelcampo.com.uy\/site\/category\/actualidad\/"},"img":{"alt_text":"","src":"https:\/\/i0.wp.com\/lahoradelcampo.com.uy\/site\/wp-content\/uploads\/2023\/03\/MGAP-Vacunacion-Aftosa.jpg?fit=880%2C440&ssl=1&resize=350%2C200","width":350,"height":200,"srcset":"https:\/\/i0.wp.com\/lahoradelcampo.com.uy\/site\/wp-content\/uploads\/2023\/03\/MGAP-Vacunacion-Aftosa.jpg?fit=880%2C440&ssl=1&resize=350%2C200 1x, https:\/\/i0.wp.com\/lahoradelcampo.com.uy\/site\/wp-content\/uploads\/2023\/03\/MGAP-Vacunacion-Aftosa.jpg?fit=880%2C440&ssl=1&resize=525%2C300 1.5x, https:\/\/i0.wp.com\/lahoradelcampo.com.uy\/site\/wp-content\/uploads\/2023\/03\/MGAP-Vacunacion-Aftosa.jpg?fit=880%2C440&ssl=1&resize=700%2C400 2x"},"classes":[]},{"id":29968,"url":"https:\/\/lahoradelcampo.com.uy\/site\/como-dijo-carlos-silva-nosotros-somos-veterinarios-sanitaristas-y-llevamos-la-sanidad-animal-en-las-venas\/","url_meta":{"origin":30184,"position":5},"title":"Como dijo Carlos Silva \u00abnosotros somos veterinarios sanitaristas y llevamos la sanidad animal en las venas\u00bb","author":"La Hora del Campo","date":"12 mayo, 2021","format":false,"excerpt":"Los cambios de autoridades registrados en el Ministerio de Ganader\u00eda, Agricultura y Pesca (MGAP), llevaron al Dr. Mart\u00edn Altuna a ser el responsable de la Divisi\u00f3n de Sanidad Animal de la Direcci\u00f3n General de los Servicios Ganaderos (DGSG). Salte\u00f1o que ha desarrollado su carrera profesional dentro del ministerio siempre en\u2026","rel":"","context":"En \u00abActualidad\u00bb","block_context":{"text":"Actualidad","link":"https:\/\/lahoradelcampo.com.uy\/site\/category\/actualidad\/"},"img":{"alt_text":"","src":"https:\/\/i0.wp.com\/lahoradelcampo.com.uy\/site\/wp-content\/uploads\/2021\/05\/MartinAltuna.jpg?fit=880%2C440&ssl=1&resize=350%2C200","width":350,"height":200,"srcset":"https:\/\/i0.wp.com\/lahoradelcampo.com.uy\/site\/wp-content\/uploads\/2021\/05\/MartinAltuna.jpg?fit=880%2C440&ssl=1&resize=350%2C200 1x, https:\/\/i0.wp.com\/lahoradelcampo.com.uy\/site\/wp-content\/uploads\/2021\/05\/MartinAltuna.jpg?fit=880%2C440&ssl=1&resize=525%2C300 1.5x, https:\/\/i0.wp.com\/lahoradelcampo.com.uy\/site\/wp-content\/uploads\/2021\/05\/MartinAltuna.jpg?fit=880%2C440&ssl=1&resize=700%2C400 2x"},"classes":[]}],"jetpack_likes_enabled":true,"_links":{"self":[{"href":"https:\/\/lahoradelcampo.com.uy\/site\/wp-json\/wp\/v2\/posts\/30184","targetHints":{"allow":["GET"]}}],"collection":[{"href":"https:\/\/lahoradelcampo.com.uy\/site\/wp-json\/wp\/v2\/posts"}],"about":[{"href":"https:\/\/lahoradelcampo.com.uy\/site\/wp-json\/wp\/v2\/types\/post"}],"author":[{"embeddable":true,"href":"https:\/\/lahoradelcampo.com.uy\/site\/wp-json\/wp\/v2\/users\/5"}],"replies":[{"embeddable":true,"href":"https:\/\/lahoradelcampo.com.uy\/site\/wp-json\/wp\/v2\/comments?post=30184"}],"version-history":[{"count":1,"href":"https:\/\/lahoradelcampo.com.uy\/site\/wp-json\/wp\/v2\/posts\/30184\/revisions"}],"predecessor-version":[{"id":30188,"href":"https:\/\/lahoradelcampo.com.uy\/site\/wp-json\/wp\/v2\/posts\/30184\/revisions\/30188"}],"wp:featuredmedia":[{"embeddable":true,"href":"https:\/\/lahoradelcampo.com.uy\/site\/wp-json\/wp\/v2\/media\/30186"}],"wp:attachment":[{"href":"https:\/\/lahoradelcampo.com.uy\/site\/wp-json\/wp\/v2\/media?parent=30184"}],"wp:term":[{"taxonomy":"category","embeddable":true,"href":"https:\/\/lahoradelcampo.com.uy\/site\/wp-json\/wp\/v2\/categories?post=30184"},{"taxonomy":"post_tag","embeddable":true,"href":"https:\/\/lahoradelcampo.com.uy\/site\/wp-json\/wp\/v2\/tags?post=30184"}],"curies":[{"name":"wp","href":"https:\/\/api.w.org\/{rel}","templated":true}]}}