{"id":30170,"date":"2021-05-17T06:15:10","date_gmt":"2021-05-17T09:15:10","guid":{"rendered":"http:\/\/lahoradelcampo.com.uy\/site\/?p=30170"},"modified":"2021-05-15T15:24:11","modified_gmt":"2021-05-15T18:24:11","slug":"paraguay-busca-el-status-de-libre-de-aftosa-sin-vacunacion-para-2025","status":"publish","type":"post","link":"https:\/\/lahoradelcampo.com.uy\/site\/paraguay-busca-el-status-de-libre-de-aftosa-sin-vacunacion-para-2025\/","title":{"rendered":"Paraguay busca el status de libre de aftosa sin vacunaci\u00f3n para 2025"},"content":{"rendered":"\n<figure class=\"wp-block-image\"><img data-recalc-dims=\"1\" loading=\"lazy\" decoding=\"async\" width=\"810\" height=\"405\" data-attachment-id=\"30172\" data-permalink=\"https:\/\/lahoradelcampo.com.uy\/site\/paraguay-busca-el-status-de-libre-de-aftosa-sin-vacunacion-para-2025\/josecarlosmartinsenacsa\/\" data-orig-file=\"https:\/\/i0.wp.com\/lahoradelcampo.com.uy\/site\/wp-content\/uploads\/2021\/05\/Josecarlosmartinsenacsa.jpg?fit=880%2C440&amp;ssl=1\" data-orig-size=\"880,440\" data-comments-opened=\"1\" data-image-meta=\"{&quot;aperture&quot;:&quot;0&quot;,&quot;credit&quot;:&quot;&quot;,&quot;camera&quot;:&quot;&quot;,&quot;caption&quot;:&quot;&quot;,&quot;created_timestamp&quot;:&quot;0&quot;,&quot;copyright&quot;:&quot;&quot;,&quot;focal_length&quot;:&quot;0&quot;,&quot;iso&quot;:&quot;0&quot;,&quot;shutter_speed&quot;:&quot;0&quot;,&quot;title&quot;:&quot;&quot;,&quot;orientation&quot;:&quot;1&quot;}\" data-image-title=\"Josecarlosmartinsenacsa\" data-image-description=\"\" data-image-caption=\"\" data-large-file=\"https:\/\/i0.wp.com\/lahoradelcampo.com.uy\/site\/wp-content\/uploads\/2021\/05\/Josecarlosmartinsenacsa.jpg?fit=810%2C405&amp;ssl=1\" src=\"https:\/\/i0.wp.com\/lahoradelcampo.com.uy\/site\/wp-content\/uploads\/2021\/05\/Josecarlosmartinsenacsa.jpg?resize=810%2C405\" alt=\"\" class=\"wp-image-30172\" srcset=\"https:\/\/i0.wp.com\/lahoradelcampo.com.uy\/site\/wp-content\/uploads\/2021\/05\/Josecarlosmartinsenacsa.jpg?w=880&amp;ssl=1 880w, https:\/\/i0.wp.com\/lahoradelcampo.com.uy\/site\/wp-content\/uploads\/2021\/05\/Josecarlosmartinsenacsa.jpg?resize=300%2C150&amp;ssl=1 300w, https:\/\/i0.wp.com\/lahoradelcampo.com.uy\/site\/wp-content\/uploads\/2021\/05\/Josecarlosmartinsenacsa.jpg?resize=768%2C384&amp;ssl=1 768w, https:\/\/i0.wp.com\/lahoradelcampo.com.uy\/site\/wp-content\/uploads\/2021\/05\/Josecarlosmartinsenacsa.jpg?resize=820%2C410&amp;ssl=1 820w\" sizes=\"auto, (max-width: 810px) 100vw, 810px\" \/><\/figure>\n\n\n\n<p>El presidente del Servicio Nacional de Calidad y Salud Animal (Senacsa) de Paraguay, Jos\u00e9 Carlos Martin, se\u00f1al\u00f3 que el pa\u00eds est\u00e1 en un proceso de transici\u00f3n hacia un estatus de libre aftosa sin vacunaci\u00f3n para 2025.<\/p>\n\n\n\n<p>\u00abParaguay est\u00e1 en una transici\u00f3n desde el momento que bajamos la dosificaci\u00f3n de la vacuna de 5 a 2 mil\u00edmetros y se sac\u00f3 una cepa del virus. Hay una disminuci\u00f3n importante, antes se vacunaba 2,3 veces todo el ganado y hoy se inmuniza 1,2 veces. El pa\u00eds est\u00e1 en un camino sin mucho ruido pero con pasos seguros\u00bb dijo a la revista de la Asociaci\u00f3n Rural del Paraguay (ARP). <br><\/p>\n\n\n\n<p>Si bien sostuvo que se deben cumplir tres aspectos importantes para lograr dicho objetivo, entre los cuales destac\u00f3 la necesidad de la identificaci\u00f3n animal (trazabilidad) por lo menos para todo el rodeo menos de 24 meses.  En este sentido se estima que en julio estar\u00eda el proyecto definitivo terminado y se conocer\u00e1n los costos del sistema. \u00abSi lo hacemos de forma progresiva, como lo hizo Uruguay, vamos bien\u00bb dijo el jerarca, que advirti\u00f3 que acelerar el proceso ser\u00e1 muy costoso. <br><\/p>\n\n\n\n<p>Martin indic\u00f3 que se trabaja en un proyecto con el Banco Interamericano de Desarrollo (BID) que culminar\u00e1 en el 2024 y tiene como objetivo \u00abdar un fortalecimiento general al Servicio Nacional de Calidad y Salud Animal para levantar la vacunaci\u00f3n\u00bb. Al mismo tiempo asegur\u00f3 que Paraguay tiene una muy buena inmunidad a la aftosa y no hay presencia de virus\u00bb en el pa\u00eds.<\/p>\n\n\n\n<p style=\"text-align:right\"><strong>Salto, 17 de mayo de 2021<\/strong><\/p>\n","protected":false},"excerpt":{"rendered":"<p>El presidente del Servicio Nacional de Calidad y Salud Animal (Senacsa) de Paraguay, Jos\u00e9 Carlos Martin, se\u00f1al\u00f3 que el pa\u00eds est\u00e1 en un proceso de transici\u00f3n hacia un estatus de [&hellip;]<\/p>\n","protected":false},"author":5,"featured_media":30172,"comment_status":"open","ping_status":"open","sticky":false,"template":"","format":"standard","meta":{"_price":"","_stock":"","_tribe_ticket_header":"","_tribe_default_ticket_provider":"","_tribe_ticket_capacity":"0","_ticket_start_date":"","_ticket_end_date":"","_tribe_ticket_show_description":"","_tribe_ticket_show_not_going":false,"_tribe_ticket_use_global_stock":"","_tribe_ticket_global_stock_level":"","_global_stock_mode":"","_global_stock_cap":"","_tribe_rsvp_for_event":"","_tribe_ticket_going_count":"","_tribe_ticket_not_going_count":"","_tribe_tickets_list":"[]","_tribe_ticket_has_attendee_info_fields":false,"h5ap_radio_sources":[],"_jetpack_newsletter_access":"","_jetpack_dont_email_post_to_subs":false,"_jetpack_newsletter_tier_id":0,"_jetpack_memberships_contains_paywalled_content":false,"_jetpack_memberships_contains_paid_content":false,"footnotes":""},"categories":[21,15],"tags":[2806,2802,2808,507,2800,2804],"class_list":["post-30170","post","type-post","status-publish","format-standard","has-post-thumbnail","hentry","category-actualidad","category-columnistas","tag-estatus","tag-jose-carlos-martin","tag-libre-sin-vacunacion","tag-paraguay","tag-senacsa","tag-vacunacion-contra-aftosa"],"jetpack_featured_media_url":"https:\/\/i0.wp.com\/lahoradelcampo.com.uy\/site\/wp-content\/uploads\/2021\/05\/Josecarlosmartinsenacsa.jpg?fit=880%2C440&ssl=1","jetpack_sharing_enabled":true,"jetpack_shortlink":"https:\/\/wp.me\/p99IaT-7QC","jetpack-related-posts":[{"id":6157,"url":"https:\/\/lahoradelcampo.com.uy\/site\/paraguay-planea-dejar-de-vacunar-contra-la-aftosa-en-2023\/","url_meta":{"origin":30170,"position":0},"title":"Paraguay planea dejar de vacunar contra la aftosa en 2023","author":"La Hora del Campo","date":"26 marzo, 2018","format":false,"excerpt":"El cronograma de acciones regresivas de inmunizaci\u00f3n contra la enfermedad y la posterior vigilancia sanitaria fue presentado por el Senacsa a la Directora de la OIE. De las tres vacunaciones por a\u00f1o que se realizaban en Paraguay contra la aftosa se pasar\u00e1 a dos en 2019, seg\u00fan anunci\u00f3 el titular\u2026","rel":"","context":"En \u00abActualidad\u00bb","block_context":{"text":"Actualidad","link":"https:\/\/lahoradelcampo.com.uy\/site\/category\/actualidad\/"},"img":{"alt_text":"","src":"https:\/\/i0.wp.com\/lahoradelcampo.com.uy\/site\/wp-content\/uploads\/2018\/03\/Aftosa.jpg?fit=880%2C440&ssl=1&resize=350%2C200","width":350,"height":200,"srcset":"https:\/\/i0.wp.com\/lahoradelcampo.com.uy\/site\/wp-content\/uploads\/2018\/03\/Aftosa.jpg?fit=880%2C440&ssl=1&resize=350%2C200 1x, https:\/\/i0.wp.com\/lahoradelcampo.com.uy\/site\/wp-content\/uploads\/2018\/03\/Aftosa.jpg?fit=880%2C440&ssl=1&resize=525%2C300 1.5x, https:\/\/i0.wp.com\/lahoradelcampo.com.uy\/site\/wp-content\/uploads\/2018\/03\/Aftosa.jpg?fit=880%2C440&ssl=1&resize=700%2C400 2x"},"classes":[]},{"id":30764,"url":"https:\/\/lahoradelcampo.com.uy\/site\/paraguay-asumio-la-presidencia-de-la-oie\/","url_meta":{"origin":30170,"position":1},"title":"Paraguay asumi\u00f3 la presidencia de la OIE","author":"La Hora del Campo","date":"1 junio, 2021","format":false,"excerpt":"Durante la pasada reuni\u00f3n de la Asamblea de la Organizaci\u00f3n Mundial de Sanidad Animal (OIE) quedaron varios temas relevantes para la regi\u00f3n. Entre los principales la decisi\u00f3n de declarar 6 estados de Brasil como Libre de Aftosa sin Vacunaci\u00f3n, principalmente el estado de R\u00edo Grande del Sur que es fronterizo\u2026","rel":"","context":"En \u00abActualidad\u00bb","block_context":{"text":"Actualidad","link":"https:\/\/lahoradelcampo.com.uy\/site\/category\/actualidad\/"},"img":{"alt_text":"","src":"https:\/\/i0.wp.com\/lahoradelcampo.com.uy\/site\/wp-content\/uploads\/2021\/06\/OIE-Idoyaga.jpg?fit=880%2C440&ssl=1&resize=350%2C200","width":350,"height":200,"srcset":"https:\/\/i0.wp.com\/lahoradelcampo.com.uy\/site\/wp-content\/uploads\/2021\/06\/OIE-Idoyaga.jpg?fit=880%2C440&ssl=1&resize=350%2C200 1x, https:\/\/i0.wp.com\/lahoradelcampo.com.uy\/site\/wp-content\/uploads\/2021\/06\/OIE-Idoyaga.jpg?fit=880%2C440&ssl=1&resize=525%2C300 1.5x, https:\/\/i0.wp.com\/lahoradelcampo.com.uy\/site\/wp-content\/uploads\/2021\/06\/OIE-Idoyaga.jpg?fit=880%2C440&ssl=1&resize=700%2C400 2x"},"classes":[]},{"id":33389,"url":"https:\/\/lahoradelcampo.com.uy\/site\/productores-paraguayos-se-oponen-a-dejar-de-vacunar-contra-la-fiebre-aftosa\/","url_meta":{"origin":30170,"position":2},"title":"Productores paraguayos se oponen a dejar de vacunar contra la fiebre aftosa","author":"La Hora del Campo","date":"26 agosto, 2021","format":false,"excerpt":"Los productores ganaderos guaran\u00edes no apoyan la decisi\u00f3n de dejar de vacunar contra la fiebre aftosa. Seg\u00fan manifest\u00f3 el presidente de la Asociaci\u00f3n Rural del Paraguay (ARP), Pedro Galli, \u201cun posible levantamiento de la vacunaci\u00f3n contra la fiebre aftosa en el corto plazo representar\u00e1 un aumento de costos para el\u2026","rel":"","context":"En \u00abActualidad\u00bb","block_context":{"text":"Actualidad","link":"https:\/\/lahoradelcampo.com.uy\/site\/category\/actualidad\/"},"img":{"alt_text":"","src":"https:\/\/i0.wp.com\/lahoradelcampo.com.uy\/site\/wp-content\/uploads\/2017\/09\/Aftosa-Brasil.jpg?fit=880%2C440&ssl=1&resize=350%2C200","width":350,"height":200,"srcset":"https:\/\/i0.wp.com\/lahoradelcampo.com.uy\/site\/wp-content\/uploads\/2017\/09\/Aftosa-Brasil.jpg?fit=880%2C440&ssl=1&resize=350%2C200 1x, https:\/\/i0.wp.com\/lahoradelcampo.com.uy\/site\/wp-content\/uploads\/2017\/09\/Aftosa-Brasil.jpg?fit=880%2C440&ssl=1&resize=525%2C300 1.5x, https:\/\/i0.wp.com\/lahoradelcampo.com.uy\/site\/wp-content\/uploads\/2017\/09\/Aftosa-Brasil.jpg?fit=880%2C440&ssl=1&resize=700%2C400 2x"},"classes":[]},{"id":30580,"url":"https:\/\/lahoradelcampo.com.uy\/site\/rio-grande-del-sur-fue-reconocido-como-libre-de-aftosa-sin-vacunacion\/","url_meta":{"origin":30170,"position":3},"title":"R\u00edo Grande del Sur fue reconocido como libre de aftosa sin vacunaci\u00f3n","author":"La Hora del Campo","date":"28 mayo, 2021","format":false,"excerpt":"En la jornada de ayer, la Organizaci\u00f3n Mundial de Salud Animal (OIE) en su 88\u00aa Sesi\u00f3n General de la Asamblea Mundial de Delegados de la OIE, reconoci\u00f3 al estado de R\u00edo Grande del Sur como libre de fiebre aftosa sin vacunaci\u00f3n. Adem\u00e1s fueron reconocidos tambi\u00e9n los estados de Paran\u00e1, Acre,\u2026","rel":"","context":"En \u00abActualidad\u00bb","block_context":{"text":"Actualidad","link":"https:\/\/lahoradelcampo.com.uy\/site\/category\/actualidad\/"},"img":{"alt_text":"","src":"https:\/\/i0.wp.com\/lahoradelcampo.com.uy\/site\/wp-content\/uploads\/2021\/05\/Aftosabrasil.jpg?fit=880%2C440&ssl=1&resize=350%2C200","width":350,"height":200,"srcset":"https:\/\/i0.wp.com\/lahoradelcampo.com.uy\/site\/wp-content\/uploads\/2021\/05\/Aftosabrasil.jpg?fit=880%2C440&ssl=1&resize=350%2C200 1x, https:\/\/i0.wp.com\/lahoradelcampo.com.uy\/site\/wp-content\/uploads\/2021\/05\/Aftosabrasil.jpg?fit=880%2C440&ssl=1&resize=525%2C300 1.5x, https:\/\/i0.wp.com\/lahoradelcampo.com.uy\/site\/wp-content\/uploads\/2021\/05\/Aftosabrasil.jpg?fit=880%2C440&ssl=1&resize=700%2C400 2x"},"classes":[]},{"id":19424,"url":"https:\/\/lahoradelcampo.com.uy\/site\/uruguay-muestrea-1-400-establecimientos-al-ano-para-fiebre-aftosa\/","url_meta":{"origin":30170,"position":4},"title":"Uruguay muestrea 1.400 establecimientos al a\u00f1o para fiebre aftosa","author":"La Hora del Campo","date":"5 mayo, 2020","format":false,"excerpt":"La Hora del Campo inform\u00f3 el pasado s\u00e1bado la resoluci\u00f3n del gobierno de Brasil, sobre la prohibici\u00f3n de la comercializaci\u00f3n y aplicaci\u00f3n de la vacuna contra la fiebre aftosa en el estado de R\u00edo Grande del Sur. En di\u00e1logo con el Dr. Eduardo Barre, Director de los Servicios Ganaderos del\u2026","rel":"","context":"En \u00abActualidad\u00bb","block_context":{"text":"Actualidad","link":"https:\/\/lahoradelcampo.com.uy\/site\/category\/actualidad\/"},"img":{"alt_text":"","src":"https:\/\/i0.wp.com\/lahoradelcampo.com.uy\/site\/wp-content\/uploads\/2017\/10\/Barre.jpg?fit=880%2C440&ssl=1&resize=350%2C200","width":350,"height":200,"srcset":"https:\/\/i0.wp.com\/lahoradelcampo.com.uy\/site\/wp-content\/uploads\/2017\/10\/Barre.jpg?fit=880%2C440&ssl=1&resize=350%2C200 1x, https:\/\/i0.wp.com\/lahoradelcampo.com.uy\/site\/wp-content\/uploads\/2017\/10\/Barre.jpg?fit=880%2C440&ssl=1&resize=525%2C300 1.5x, https:\/\/i0.wp.com\/lahoradelcampo.com.uy\/site\/wp-content\/uploads\/2017\/10\/Barre.jpg?fit=880%2C440&ssl=1&resize=700%2C400 2x"},"classes":[]},{"id":17494,"url":"https:\/\/lahoradelcampo.com.uy\/site\/es-mas-rentable-dejar-de-vacunar-contra-la-aftosa-pero-se-deben-mejorar-los-controles\/","url_meta":{"origin":30170,"position":5},"title":"Es m\u00e1s rentable dejar de vacunar contra la aftosa pero se deben mejorar los controles","author":"La Hora del Campo","date":"19 febrero, 2020","format":false,"excerpt":"El Ministerio de Ganader\u00eda, Agricultura y Pesca (MGAP). el Instituto Nacional de Investigaci\u00f3n Agropecuaria (INIA) y el Instituto Nacional de Carnes (INAC), solicitaron a una firma independiente la realizaci\u00f3n de un an\u00e1lisis de las implicancias econ\u00f3micas, t\u00e9cnicas y de riesgo, de retirar la vacuna contra la fiebre aftosa en Uruguay.\u2026","rel":"","context":"En \u00abActualidad\u00bb","block_context":{"text":"Actualidad","link":"https:\/\/lahoradelcampo.com.uy\/site\/category\/actualidad\/"},"img":{"alt_text":"","src":"https:\/\/i0.wp.com\/lahoradelcampo.com.uy\/site\/wp-content\/uploads\/2017\/09\/Aftosa-Brasil.jpg?fit=880%2C440&ssl=1&resize=350%2C200","width":350,"height":200,"srcset":"https:\/\/i0.wp.com\/lahoradelcampo.com.uy\/site\/wp-content\/uploads\/2017\/09\/Aftosa-Brasil.jpg?fit=880%2C440&ssl=1&resize=350%2C200 1x, https:\/\/i0.wp.com\/lahoradelcampo.com.uy\/site\/wp-content\/uploads\/2017\/09\/Aftosa-Brasil.jpg?fit=880%2C440&ssl=1&resize=525%2C300 1.5x, https:\/\/i0.wp.com\/lahoradelcampo.com.uy\/site\/wp-content\/uploads\/2017\/09\/Aftosa-Brasil.jpg?fit=880%2C440&ssl=1&resize=700%2C400 2x"},"classes":[]}],"jetpack_likes_enabled":true,"_links":{"self":[{"href":"https:\/\/lahoradelcampo.com.uy\/site\/wp-json\/wp\/v2\/posts\/30170","targetHints":{"allow":["GET"]}}],"collection":[{"href":"https:\/\/lahoradelcampo.com.uy\/site\/wp-json\/wp\/v2\/posts"}],"about":[{"href":"https:\/\/lahoradelcampo.com.uy\/site\/wp-json\/wp\/v2\/types\/post"}],"author":[{"embeddable":true,"href":"https:\/\/lahoradelcampo.com.uy\/site\/wp-json\/wp\/v2\/users\/5"}],"replies":[{"embeddable":true,"href":"https:\/\/lahoradelcampo.com.uy\/site\/wp-json\/wp\/v2\/comments?post=30170"}],"version-history":[{"count":1,"href":"https:\/\/lahoradelcampo.com.uy\/site\/wp-json\/wp\/v2\/posts\/30170\/revisions"}],"predecessor-version":[{"id":30174,"href":"https:\/\/lahoradelcampo.com.uy\/site\/wp-json\/wp\/v2\/posts\/30170\/revisions\/30174"}],"wp:featuredmedia":[{"embeddable":true,"href":"https:\/\/lahoradelcampo.com.uy\/site\/wp-json\/wp\/v2\/media\/30172"}],"wp:attachment":[{"href":"https:\/\/lahoradelcampo.com.uy\/site\/wp-json\/wp\/v2\/media?parent=30170"}],"wp:term":[{"taxonomy":"category","embeddable":true,"href":"https:\/\/lahoradelcampo.com.uy\/site\/wp-json\/wp\/v2\/categories?post=30170"},{"taxonomy":"post_tag","embeddable":true,"href":"https:\/\/lahoradelcampo.com.uy\/site\/wp-json\/wp\/v2\/tags?post=30170"}],"curies":[{"name":"wp","href":"https:\/\/api.w.org\/{rel}","templated":true}]}}