{"id":30164,"date":"2021-05-17T06:40:02","date_gmt":"2021-05-17T09:40:02","guid":{"rendered":"http:\/\/lahoradelcampo.com.uy\/site\/?p=30164"},"modified":"2021-05-17T06:47:21","modified_gmt":"2021-05-17T09:47:21","slug":"arroceros-superaron-los-9-600-kilos-por-hectarea-de-promedio-en-el-norte","status":"publish","type":"post","link":"https:\/\/lahoradelcampo.com.uy\/site\/arroceros-superaron-los-9-600-kilos-por-hectarea-de-promedio-en-el-norte\/","title":{"rendered":"Arroceros superaron los 9.600 kilos por hect\u00e1rea de promedio en el norte"},"content":{"rendered":"\n<figure class=\"wp-block-image\"><img data-recalc-dims=\"1\" loading=\"lazy\" decoding=\"async\" width=\"810\" height=\"405\" data-attachment-id=\"30166\" data-permalink=\"https:\/\/lahoradelcampo.com.uy\/site\/arroceros-superaron-los-9-600-kilos-por-hectarea-de-promedio-en-el-norte\/guillermoobrien-2\/\" data-orig-file=\"https:\/\/i0.wp.com\/lahoradelcampo.com.uy\/site\/wp-content\/uploads\/2021\/05\/Guillermoobrien.jpg?fit=880%2C440&amp;ssl=1\" data-orig-size=\"880,440\" data-comments-opened=\"1\" data-image-meta=\"{&quot;aperture&quot;:&quot;0&quot;,&quot;credit&quot;:&quot;&quot;,&quot;camera&quot;:&quot;&quot;,&quot;caption&quot;:&quot;&quot;,&quot;created_timestamp&quot;:&quot;0&quot;,&quot;copyright&quot;:&quot;&quot;,&quot;focal_length&quot;:&quot;0&quot;,&quot;iso&quot;:&quot;0&quot;,&quot;shutter_speed&quot;:&quot;0&quot;,&quot;title&quot;:&quot;&quot;,&quot;orientation&quot;:&quot;1&quot;}\" data-image-title=\"Guillermoobrien\" data-image-description=\"\" data-image-caption=\"\" data-large-file=\"https:\/\/i0.wp.com\/lahoradelcampo.com.uy\/site\/wp-content\/uploads\/2021\/05\/Guillermoobrien.jpg?fit=810%2C405&amp;ssl=1\" src=\"https:\/\/i0.wp.com\/lahoradelcampo.com.uy\/site\/wp-content\/uploads\/2021\/05\/Guillermoobrien.jpg?resize=810%2C405\" alt=\"\" class=\"wp-image-30166\" srcset=\"https:\/\/i0.wp.com\/lahoradelcampo.com.uy\/site\/wp-content\/uploads\/2021\/05\/Guillermoobrien.jpg?w=880&amp;ssl=1 880w, https:\/\/i0.wp.com\/lahoradelcampo.com.uy\/site\/wp-content\/uploads\/2021\/05\/Guillermoobrien.jpg?resize=300%2C150&amp;ssl=1 300w, https:\/\/i0.wp.com\/lahoradelcampo.com.uy\/site\/wp-content\/uploads\/2021\/05\/Guillermoobrien.jpg?resize=768%2C384&amp;ssl=1 768w, https:\/\/i0.wp.com\/lahoradelcampo.com.uy\/site\/wp-content\/uploads\/2021\/05\/Guillermoobrien.jpg?resize=820%2C410&amp;ssl=1 820w\" sizes=\"auto, (max-width: 810px) 100vw, 810px\" \/><\/figure>\n\n\n\n<p>La Asociaci\u00f3n de Cultivadores de Arroz del Uruguay (ACA) inform\u00f3 que la cosecha de arroz alcanz\u00f3 el 99% al 10 de mayo, sobre un total de 143.247 hect\u00e1reas sembradas con el cereal. En el norte del pa\u00eds (Salto y Artigas) se sembr\u00f3 32.947 hect\u00e1reas, que responden por el 23% del \u00e1rea nacional del cultivo.<br><\/p>\n\n\n\n<p>Guillermo O\u00b4brien, productor arrocero y directivo de ACA, dijo que el \u00e1rea sembrada cay\u00f3 esta zafra debido al potencial de agua en las represas a la hora de la siembra, \u00abpero que realmente termin\u00f3 de forma muy buena en cuanto a rendimiento\u00bb.  De acuerdo al productor \u00abes un a\u00f1o r\u00e9cord de producci\u00f3n en el norte y tambi\u00e9n a nivel pa\u00eds\u00bb. <br><\/p>\n\n\n\n<p>De acuerdo al relevamiento realizado por la gremial, en esta zona norte que incluye a los departamentos de Salto y Artigas, el promedio oscila entre 9.500 y 9.700 kilos por hect\u00e1rea de arroz seco y limpio. En tanto que a nivel pa\u00eds, el productor estim\u00f3 que los resultados estar\u00e1n entre 9.200 y 9.300 kilos por hect\u00e1rea. <br><\/p>\n\n\n\n<p>\u00abDesde el punto de vista productivo un excelente a\u00f1o, donde la cosecha transcurri\u00f3 sin grandes problemas y con un sector que vuelve a estar de pie en funci\u00f3n de producci\u00f3n y de un mercado que hoy demuestra una realidad de negocios que lo hace alentador\u00bb dijo O&#8217;brien. <br><\/p>\n\n\n\n<p><strong>Comercializaci\u00f3n<\/strong><br><\/p>\n\n\n\n<p>Respecto a la venta del cereal para la presente zafra arrocera, el directivo de ACA dijo que \u00abtenemos esas 60.000 toneladas a Iraq vendidas en febrero, que hac\u00eda mucho tiempo que no se vend\u00eda ese tonelaje antes de empezar cosecha\u00bb y destac\u00f3 que a inicios de mayo, el complejo arrocero hab\u00eda logrado colocar el \u00ab26% de la zafra, con niveles de precios por encima de la zafra pasada que se cerr\u00f3 para el productor en US$ 11\u00bb. <br><\/p>\n\n\n\n<p>Las expectativas es lograr superar esa cifra para el precio provisorio a fijarse en el mes de julio. Si bien los valores se encuentran por encima de la zafra anterior, O&#8217;brien dijo que \u00abqueda mucho para llegar al 40% que normalmente se fija el provisorio\u00bb. <br><\/p>\n\n\n\n<p><strong>Costos altos<\/strong><br><\/p>\n\n\n\n<p>La zafra que se acaba de cosechar ha tenido bajos valores para los insumos, pero \u00abel productor va a topar una zafra agr\u00edcola donde hereda la inflaci\u00f3n de los agroqu\u00edmicos de los cultivos principales como puede ser la soja\u00bb. En este sentido dijo que los precios de fertilizantes y agroqu\u00edmicos est\u00e1n un 35% al alza.<br><\/p>\n\n\n\n<p>O&#8217;brien record\u00f3 que el productor arrocero coloca, en la suma de ambos productos, cerca de US$ 300 por hect\u00e1rea, por lo que estim\u00f3 que el aumento de los costos ser\u00e1 cercano al 100% para la pr\u00f3xima zafra.<\/p>\n\n\n\n<p style=\"text-align:right\"><strong>Salto, 17 de mayo de 2021<\/strong><\/p>\n","protected":false},"excerpt":{"rendered":"<p>La Asociaci\u00f3n de Cultivadores de Arroz del Uruguay (ACA) inform\u00f3 que la cosecha de arroz alcanz\u00f3 el 99% al 10 de mayo, sobre un total de 143.247 hect\u00e1reas sembradas con [&hellip;]<\/p>\n","protected":false},"author":5,"featured_media":30166,"comment_status":"open","ping_status":"open","sticky":false,"template":"","format":"standard","meta":{"_price":"","_stock":"","_tribe_ticket_header":"","_tribe_default_ticket_provider":"","_tribe_ticket_capacity":"0","_ticket_start_date":"","_ticket_end_date":"","_tribe_ticket_show_description":"","_tribe_ticket_show_not_going":false,"_tribe_ticket_use_global_stock":"","_tribe_ticket_global_stock_level":"","_global_stock_mode":"","_global_stock_cap":"","_tribe_rsvp_for_event":"","_tribe_ticket_going_count":"","_tribe_ticket_not_going_count":"","_tribe_tickets_list":"[]","_tribe_ticket_has_attendee_info_fields":false,"h5ap_radio_sources":[],"_jetpack_newsletter_access":"","_jetpack_dont_email_post_to_subs":false,"_jetpack_newsletter_tier_id":0,"_jetpack_memberships_contains_paywalled_content":false,"_jetpack_memberships_contains_paid_content":false,"footnotes":""},"categories":[21,7],"tags":[1071,399,815,1721,2690],"class_list":["post-30164","post","type-post","status-publish","format-standard","has-post-thumbnail","hentry","category-actualidad","category-agricultura","tag-aca","tag-arroz","tag-asociacion-de-cultivadores-de-arroz-del-uruguay","tag-guillermo-obrien","tag-sector-arrocero"],"jetpack_featured_media_url":"https:\/\/i0.wp.com\/lahoradelcampo.com.uy\/site\/wp-content\/uploads\/2021\/05\/Guillermoobrien.jpg?fit=880%2C440&ssl=1","jetpack_sharing_enabled":true,"jetpack_shortlink":"https:\/\/wp.me\/p99IaT-7Qw","jetpack-related-posts":[{"id":6337,"url":"https:\/\/lahoradelcampo.com.uy\/site\/aumento-del-arroz-a-nivel-internacional-se-lo-devora-los-costos-industriales\/","url_meta":{"origin":30164,"position":0},"title":"Aumento del arroz a nivel internacional  se lo \u00abdevora\u00bb los costos industriales","author":"La Hora del Campo","date":"4 abril, 2018","format":false,"excerpt":"El sector arrocero uruguayo se encuentra en plena zafra de cosecha de arroz, principalmente aqu\u00ed en el norte del pa\u00eds donde se comienza antes la recolecci\u00f3n del grano. El productor salte\u00f1o y directivo de la Asociaci\u00f3n de Cultivadores de Arroz del Uruguay, Guillermo O'brien, se\u00f1al\u00f3 que de las 28.000 hect\u00e1reas\u2026","rel":"","context":"En \u00abActualidad\u00bb","block_context":{"text":"Actualidad","link":"https:\/\/lahoradelcampo.com.uy\/site\/category\/actualidad\/"},"img":{"alt_text":"","src":"https:\/\/i0.wp.com\/lahoradelcampo.com.uy\/site\/wp-content\/uploads\/2018\/04\/Guillermo-web.jpg?fit=880%2C440&ssl=1&resize=350%2C200","width":350,"height":200,"srcset":"https:\/\/i0.wp.com\/lahoradelcampo.com.uy\/site\/wp-content\/uploads\/2018\/04\/Guillermo-web.jpg?fit=880%2C440&ssl=1&resize=350%2C200 1x, https:\/\/i0.wp.com\/lahoradelcampo.com.uy\/site\/wp-content\/uploads\/2018\/04\/Guillermo-web.jpg?fit=880%2C440&ssl=1&resize=525%2C300 1.5x, https:\/\/i0.wp.com\/lahoradelcampo.com.uy\/site\/wp-content\/uploads\/2018\/04\/Guillermo-web.jpg?fit=880%2C440&ssl=1&resize=700%2C400 2x"},"classes":[]},{"id":9639,"url":"https:\/\/lahoradelcampo.com.uy\/site\/sector-arrocero-alcanzo-el-70-de-la-cosecha-en-el-norte\/","url_meta":{"origin":30164,"position":1},"title":"Sector arrocero alcanz\u00f3 el 70% de la cosecha en el norte","author":"La Hora del Campo","date":"5 abril, 2019","format":false,"excerpt":"El sector arrocero continua avanzando con su cosecha de la zafra 2018\/19, alcanzando un 55% a nivel nacional y con mejores rendimientos en la zona este que en el norte del pa\u00eds. Seg\u00fan Guillermo O'brien, productor arrocero del norte del pa\u00eds e integrante de la Asociaci\u00f3n de Cultivadores de Arroz\u2026","rel":"","context":"En \u00abActualidad\u00bb","block_context":{"text":"Actualidad","link":"https:\/\/lahoradelcampo.com.uy\/site\/category\/actualidad\/"},"img":{"alt_text":"","src":"https:\/\/i0.wp.com\/lahoradelcampo.com.uy\/site\/wp-content\/uploads\/2019\/04\/Arroceros.jpg?fit=880%2C440&ssl=1&resize=350%2C200","width":350,"height":200,"srcset":"https:\/\/i0.wp.com\/lahoradelcampo.com.uy\/site\/wp-content\/uploads\/2019\/04\/Arroceros.jpg?fit=880%2C440&ssl=1&resize=350%2C200 1x, https:\/\/i0.wp.com\/lahoradelcampo.com.uy\/site\/wp-content\/uploads\/2019\/04\/Arroceros.jpg?fit=880%2C440&ssl=1&resize=525%2C300 1.5x, https:\/\/i0.wp.com\/lahoradelcampo.com.uy\/site\/wp-content\/uploads\/2019\/04\/Arroceros.jpg?fit=880%2C440&ssl=1&resize=700%2C400 2x"},"classes":[]},{"id":55883,"url":"https:\/\/lahoradelcampo.com.uy\/site\/avanza-la-cosecha-arrocera-con-buen-ritmo-y-rendimientos-alentadores\/","url_meta":{"origin":30164,"position":2},"title":"Avanza la cosecha arrocera con buen ritmo y rendimientos alentadores","author":"La Hora del Campo","date":"13 abril, 2025","format":false,"excerpt":"De acuerdo con el informe elaborado por la Asociaci\u00f3n de Cultivadores de Arroz del Uruguay (ACA), la zafra arrocera 2024-2025 avanza con un 55% del \u00e1rea cosechada a nivel nacional, sobre un total sembrado de 182.874 hect\u00e1reas. La regi\u00f3n Norte lidera el ritmo con un 70% de avance, seguida por\u2026","rel":"","context":"En \u00abActualidad\u00bb","block_context":{"text":"Actualidad","link":"https:\/\/lahoradelcampo.com.uy\/site\/category\/actualidad\/"},"img":{"alt_text":"","src":"https:\/\/i0.wp.com\/lahoradelcampo.com.uy\/site\/wp-content\/uploads\/2025\/04\/Arrocero-1.jpg?fit=880%2C440&ssl=1&resize=350%2C200","width":350,"height":200,"srcset":"https:\/\/i0.wp.com\/lahoradelcampo.com.uy\/site\/wp-content\/uploads\/2025\/04\/Arrocero-1.jpg?fit=880%2C440&ssl=1&resize=350%2C200 1x, https:\/\/i0.wp.com\/lahoradelcampo.com.uy\/site\/wp-content\/uploads\/2025\/04\/Arrocero-1.jpg?fit=880%2C440&ssl=1&resize=525%2C300 1.5x, https:\/\/i0.wp.com\/lahoradelcampo.com.uy\/site\/wp-content\/uploads\/2025\/04\/Arrocero-1.jpg?fit=880%2C440&ssl=1&resize=700%2C400 2x"},"classes":[]},{"id":45877,"url":"https:\/\/lahoradelcampo.com.uy\/site\/la-siembra-de-arroz-se-ubica-en-el-7-en-el-norte\/","url_meta":{"origin":30164,"position":3},"title":"La siembra de arroz, se ubica en el 7% en el norte","author":"La Hora del Campo","date":"28 septiembre, 2022","format":false,"excerpt":"El sector arrocero puso en marcha la sembradora, y comenz\u00f3 a buen ritmo las labores en las tres principales zonas productivas del cereal a nivel pa\u00eds. De acuerdo al relevamiento realizado por la Asociaci\u00f3n de Cultivadores de Arroz del Uruguay (ACA), al 27 de setiembre, se ha sembrado un 13%\u2026","rel":"","context":"En \u00abActualidad\u00bb","block_context":{"text":"Actualidad","link":"https:\/\/lahoradelcampo.com.uy\/site\/category\/actualidad\/"},"img":{"alt_text":"","src":"https:\/\/i0.wp.com\/lahoradelcampo.com.uy\/site\/wp-content\/uploads\/2017\/10\/Arroz-siembra-1.jpg?fit=880%2C440&ssl=1&resize=350%2C200","width":350,"height":200,"srcset":"https:\/\/i0.wp.com\/lahoradelcampo.com.uy\/site\/wp-content\/uploads\/2017\/10\/Arroz-siembra-1.jpg?fit=880%2C440&ssl=1&resize=350%2C200 1x, https:\/\/i0.wp.com\/lahoradelcampo.com.uy\/site\/wp-content\/uploads\/2017\/10\/Arroz-siembra-1.jpg?fit=880%2C440&ssl=1&resize=525%2C300 1.5x, https:\/\/i0.wp.com\/lahoradelcampo.com.uy\/site\/wp-content\/uploads\/2017\/10\/Arroz-siembra-1.jpg?fit=880%2C440&ssl=1&resize=700%2C400 2x"},"classes":[]},{"id":45169,"url":"https:\/\/lahoradelcampo.com.uy\/site\/arroceros-prontos-para-iniciar-la-siembra-en-setiembre-en-el-norte\/","url_meta":{"origin":30164,"position":4},"title":"Arroceros prontos para iniciar la siembra en setiembre en el norte","author":"La Hora del Campo","date":"1 septiembre, 2022","format":false,"excerpt":"La situaci\u00f3n de los costos preocupa al sector arrocero de cara a lo que ser\u00e1 la siembra de primavera, que como es tradicional comienza primero en el norte del pa\u00eds y para la cual se espera una baja de \u00e1rea a nivel nacional. En este sentido la Asociaci\u00f3n de Cultivadores\u2026","rel":"","context":"En \u00abActualidad\u00bb","block_context":{"text":"Actualidad","link":"https:\/\/lahoradelcampo.com.uy\/site\/category\/actualidad\/"},"img":{"alt_text":"","src":"https:\/\/i0.wp.com\/lahoradelcampo.com.uy\/site\/wp-content\/uploads\/2017\/10\/Arroz-siembra-1.jpg?fit=880%2C440&ssl=1&resize=350%2C200","width":350,"height":200,"srcset":"https:\/\/i0.wp.com\/lahoradelcampo.com.uy\/site\/wp-content\/uploads\/2017\/10\/Arroz-siembra-1.jpg?fit=880%2C440&ssl=1&resize=350%2C200 1x, https:\/\/i0.wp.com\/lahoradelcampo.com.uy\/site\/wp-content\/uploads\/2017\/10\/Arroz-siembra-1.jpg?fit=880%2C440&ssl=1&resize=525%2C300 1.5x, https:\/\/i0.wp.com\/lahoradelcampo.com.uy\/site\/wp-content\/uploads\/2017\/10\/Arroz-siembra-1.jpg?fit=880%2C440&ssl=1&resize=700%2C400 2x"},"classes":[]},{"id":50919,"url":"https:\/\/lahoradelcampo.com.uy\/site\/diea-informo-un-promedio-de-9-336-kilos-por-hectarea-parala-zafra-arrocera-2022-23\/","url_meta":{"origin":30164,"position":5},"title":"DIEA inform\u00f3 un promedio de 9.336 kilos por hect\u00e1rea parala zafra arrocera 2022\/23","author":"La Hora del Campo","date":"31 mayo, 2023","format":false,"excerpt":"El Ministerio de Ganader\u00eda, Agricultura y Pesca, a trav\u00e9s de Estad\u00edsticas Agropecuarias (DIEA), ha dado a conocer los resultados de la Encuesta de Arroz correspondiente a la zafra 2022\/23, realizada en mayo de 2023. El objetivo principal fue obtener estimaciones de \u00e1rea sembrada y producci\u00f3n a nivel nacional para las\u2026","rel":"","context":"En \u00abActualidad\u00bb","block_context":{"text":"Actualidad","link":"https:\/\/lahoradelcampo.com.uy\/site\/category\/actualidad\/"},"img":{"alt_text":"","src":"https:\/\/i0.wp.com\/lahoradelcampo.com.uy\/site\/wp-content\/uploads\/2023\/05\/DIEA-ARROZ.jpg?fit=880%2C440&ssl=1&resize=350%2C200","width":350,"height":200,"srcset":"https:\/\/i0.wp.com\/lahoradelcampo.com.uy\/site\/wp-content\/uploads\/2023\/05\/DIEA-ARROZ.jpg?fit=880%2C440&ssl=1&resize=350%2C200 1x, https:\/\/i0.wp.com\/lahoradelcampo.com.uy\/site\/wp-content\/uploads\/2023\/05\/DIEA-ARROZ.jpg?fit=880%2C440&ssl=1&resize=525%2C300 1.5x, https:\/\/i0.wp.com\/lahoradelcampo.com.uy\/site\/wp-content\/uploads\/2023\/05\/DIEA-ARROZ.jpg?fit=880%2C440&ssl=1&resize=700%2C400 2x"},"classes":[]}],"jetpack_likes_enabled":true,"_links":{"self":[{"href":"https:\/\/lahoradelcampo.com.uy\/site\/wp-json\/wp\/v2\/posts\/30164","targetHints":{"allow":["GET"]}}],"collection":[{"href":"https:\/\/lahoradelcampo.com.uy\/site\/wp-json\/wp\/v2\/posts"}],"about":[{"href":"https:\/\/lahoradelcampo.com.uy\/site\/wp-json\/wp\/v2\/types\/post"}],"author":[{"embeddable":true,"href":"https:\/\/lahoradelcampo.com.uy\/site\/wp-json\/wp\/v2\/users\/5"}],"replies":[{"embeddable":true,"href":"https:\/\/lahoradelcampo.com.uy\/site\/wp-json\/wp\/v2\/comments?post=30164"}],"version-history":[{"count":1,"href":"https:\/\/lahoradelcampo.com.uy\/site\/wp-json\/wp\/v2\/posts\/30164\/revisions"}],"predecessor-version":[{"id":30168,"href":"https:\/\/lahoradelcampo.com.uy\/site\/wp-json\/wp\/v2\/posts\/30164\/revisions\/30168"}],"wp:featuredmedia":[{"embeddable":true,"href":"https:\/\/lahoradelcampo.com.uy\/site\/wp-json\/wp\/v2\/media\/30166"}],"wp:attachment":[{"href":"https:\/\/lahoradelcampo.com.uy\/site\/wp-json\/wp\/v2\/media?parent=30164"}],"wp:term":[{"taxonomy":"category","embeddable":true,"href":"https:\/\/lahoradelcampo.com.uy\/site\/wp-json\/wp\/v2\/categories?post=30164"},{"taxonomy":"post_tag","embeddable":true,"href":"https:\/\/lahoradelcampo.com.uy\/site\/wp-json\/wp\/v2\/tags?post=30164"}],"curies":[{"name":"wp","href":"https:\/\/api.w.org\/{rel}","templated":true}]}}