{"id":30146,"date":"2021-05-17T06:05:39","date_gmt":"2021-05-17T09:05:39","guid":{"rendered":"http:\/\/lahoradelcampo.com.uy\/site\/?p=30146"},"modified":"2021-05-17T06:20:06","modified_gmt":"2021-05-17T09:20:06","slug":"la-noaa-establecio-un-fenomeno-de-el-nino-neutro","status":"publish","type":"post","link":"https:\/\/lahoradelcampo.com.uy\/site\/la-noaa-establecio-un-fenomeno-de-el-nino-neutro\/","title":{"rendered":"La NOAA estableci\u00f3 un fen\u00f3meno de \u00abEl Ni\u00f1o\u00bb neutro"},"content":{"rendered":"\n<figure class=\"wp-block-image\"><img data-recalc-dims=\"1\" loading=\"lazy\" decoding=\"async\" width=\"810\" height=\"405\" data-attachment-id=\"2753\" data-permalink=\"https:\/\/lahoradelcampo.com.uy\/site\/aumenta-probabilidad-de-fenomeno-la-nina\/clima\/\" data-orig-file=\"https:\/\/i0.wp.com\/lahoradelcampo.com.uy\/site\/wp-content\/uploads\/2017\/10\/clima.jpg?fit=880%2C440&amp;ssl=1\" data-orig-size=\"880,440\" data-comments-opened=\"1\" data-image-meta=\"{&quot;aperture&quot;:&quot;0&quot;,&quot;credit&quot;:&quot;Vicente-Manuel-Tort&quot;,&quot;camera&quot;:&quot;&quot;,&quot;caption&quot;:&quot;&quot;,&quot;created_timestamp&quot;:&quot;0&quot;,&quot;copyright&quot;:&quot;Presidencia de la Republica - Sec.Com.Inst.&quot;,&quot;focal_length&quot;:&quot;0&quot;,&quot;iso&quot;:&quot;0&quot;,&quot;shutter_speed&quot;:&quot;0&quot;,&quot;title&quot;:&quot;&quot;,&quot;orientation&quot;:&quot;1&quot;}\" data-image-title=\"clima\" data-image-description=\"\" data-image-caption=\"\" data-large-file=\"https:\/\/i0.wp.com\/lahoradelcampo.com.uy\/site\/wp-content\/uploads\/2017\/10\/clima.jpg?fit=810%2C405&amp;ssl=1\" src=\"https:\/\/i0.wp.com\/lahoradelcampo.com.uy\/site\/wp-content\/uploads\/2017\/10\/clima.jpg?resize=810%2C405\" alt=\"\" class=\"wp-image-2753\" srcset=\"https:\/\/i0.wp.com\/lahoradelcampo.com.uy\/site\/wp-content\/uploads\/2017\/10\/clima.jpg?w=880&amp;ssl=1 880w, https:\/\/i0.wp.com\/lahoradelcampo.com.uy\/site\/wp-content\/uploads\/2017\/10\/clima.jpg?resize=300%2C150&amp;ssl=1 300w, https:\/\/i0.wp.com\/lahoradelcampo.com.uy\/site\/wp-content\/uploads\/2017\/10\/clima.jpg?resize=768%2C384&amp;ssl=1 768w, https:\/\/i0.wp.com\/lahoradelcampo.com.uy\/site\/wp-content\/uploads\/2017\/10\/clima.jpg?resize=820%2C410&amp;ssl=1 820w\" sizes=\"auto, (max-width: 810px) 100vw, 810px\" \/><\/figure>\n\n\n\n<p>El Centro de Predicciones Clim\u00e1ticas de los Estados Unidos (NOAA) ha confirmado en su \u00faltimo informe que las condicionantes clim\u00e1ticas del fen\u00f3meno \u00abEl Ni\u00f1o\u00bb ha entrado en su fase neutra y as\u00ed deber\u00eda continuar en los pr\u00f3ximos meses. Esta situaci\u00f3n determina que la fase denominada La Ni\u00f1a, que significa lluvias por debajo de lo normal para esta regi\u00f3n del mundo, habr\u00eda culminado. <br><\/p>\n\n\n\n<p>En t\u00e9rminos porcentuales el informe oficial determina que existe un 67% de probabilidad que durante el verano del Hemisferio Norte, entre junio-agosto 2021, las condiciones contin\u00faen siendo neutras. <br><\/p>\n\n\n\n<p><strong>Abril<\/strong><br><\/p>\n\n\n\n<p>Durante el mes de abril, el Oc\u00e9ano Pac\u00edfico tropical regres\u00f3 a condiciones de ENSO-neutral mientras se debilitaba el acoplamiento entre la atm\u00f3sfera y el oc\u00e9ano dice el informe. <br><\/p>\n\n\n\n<p>Las temperaturas en la superficie del mar estuvieron casi bajo el promedio a trav\u00e9s de la mayor parte del Oc\u00e9ano Pac\u00edfico ecuatorial en el mes pasado. <br> Los \u00edndices de \u00abEl Ni\u00f1o\u00bb han mostrado una tendencia general que se ubica dentro de los umbrales normales durante los meses pasados.<br><\/p>\n\n\n\n<p>Actualmente, la mayor\u00eda de los modelos en el IRI\/CPC predice una continuaci\u00f3n de ENSO-neutral durante el verano 2021 del Hemisferio Norte. En este sentido los analistas a nivel mundial est\u00e1n de acuerdo que las condiciones se mantendr\u00e1n durante el verano del hemisferio norte, sin embargo se esperan condiciones m\u00e1s fr\u00edas a medida que se acerque el oto\u00f1o en el norte. <br><\/p>\n\n\n\n<figure class=\"wp-block-image\"><img data-recalc-dims=\"1\" loading=\"lazy\" decoding=\"async\" width=\"600\" height=\"400\" data-attachment-id=\"30148\" data-permalink=\"https:\/\/lahoradelcampo.com.uy\/site\/la-noaa-establecio-un-fenomeno-de-el-nino-neutro\/la-nina\/\" data-orig-file=\"https:\/\/i0.wp.com\/lahoradelcampo.com.uy\/site\/wp-content\/uploads\/2021\/05\/la-ni%C3%B1a.jpg?fit=600%2C400&amp;ssl=1\" data-orig-size=\"600,400\" data-comments-opened=\"1\" data-image-meta=\"{&quot;aperture&quot;:&quot;0&quot;,&quot;credit&quot;:&quot;&quot;,&quot;camera&quot;:&quot;&quot;,&quot;caption&quot;:&quot;&quot;,&quot;created_timestamp&quot;:&quot;0&quot;,&quot;copyright&quot;:&quot;&quot;,&quot;focal_length&quot;:&quot;0&quot;,&quot;iso&quot;:&quot;0&quot;,&quot;shutter_speed&quot;:&quot;0&quot;,&quot;title&quot;:&quot;&quot;,&quot;orientation&quot;:&quot;0&quot;}\" data-image-title=\"la ni\u00f1a\" data-image-description=\"\" data-image-caption=\"\" data-large-file=\"https:\/\/i0.wp.com\/lahoradelcampo.com.uy\/site\/wp-content\/uploads\/2021\/05\/la-ni%C3%B1a.jpg?fit=600%2C400&amp;ssl=1\" src=\"https:\/\/i0.wp.com\/lahoradelcampo.com.uy\/site\/wp-content\/uploads\/2021\/05\/la-ni%C3%B1a.jpg?resize=600%2C400\" alt=\"\" class=\"wp-image-30148\" srcset=\"https:\/\/i0.wp.com\/lahoradelcampo.com.uy\/site\/wp-content\/uploads\/2021\/05\/la-ni%C3%B1a.jpg?w=600&amp;ssl=1 600w, https:\/\/i0.wp.com\/lahoradelcampo.com.uy\/site\/wp-content\/uploads\/2021\/05\/la-ni%C3%B1a.jpg?resize=300%2C200&amp;ssl=1 300w\" sizes=\"auto, (max-width: 600px) 100vw, 600px\" \/><\/figure>\n\n\n\n<p><strong>\u00bfLa Ni\u00f1a?<\/strong><br><\/p>\n\n\n\n<p>Dicha ca\u00edda de las temperaturas previstas hacia adelante, donde estar\u00edamos hablando de la primavera en nuestra regi\u00f3n, determina un incremento en las posibilidades de que La Ni\u00f1a vuelva a estar presente. En este sentido el informe se\u00f1ala que las posibilidades son del 50% al 55% de que ello ocurra.  Sin embargo, t\u00edpicamente existe una incertidumbre amplia con los pron\u00f3sticos hechos en la primavera del Hemisferio Norte, por lo que la confianza en ENSO-neutral para las temporadas venideras es alta.<br><\/p>\n\n\n\n<p>En resumen, La Ni\u00f1a ha culminado, con probable continuaci\u00f3n de ENSO-neutral durante el verano del Hemisferio Norte (67% de probabilidad en junio-agosto 2021; seg\u00fan el Consenso del Pron\u00f3stico de CPC\/IRI para la probabilidad en periodos de 3-meses).<\/p>\n\n\n\n<p style=\"text-align:right\"><strong>Salto, 17 de mayo de 2021<\/strong><\/p>\n","protected":false},"excerpt":{"rendered":"<p>El Centro de Predicciones Clim\u00e1ticas de los Estados Unidos (NOAA) ha confirmado en su \u00faltimo informe que las condicionantes clim\u00e1ticas del fen\u00f3meno \u00abEl Ni\u00f1o\u00bb ha entrado en su fase neutra [&hellip;]<\/p>\n","protected":false},"author":5,"featured_media":2753,"comment_status":"open","ping_status":"open","sticky":false,"template":"","format":"standard","meta":{"_price":"","_stock":"","_tribe_ticket_header":"","_tribe_default_ticket_provider":"","_tribe_ticket_capacity":"0","_ticket_start_date":"","_ticket_end_date":"","_tribe_ticket_show_description":"","_tribe_ticket_show_not_going":false,"_tribe_ticket_use_global_stock":"","_tribe_ticket_global_stock_level":"","_global_stock_mode":"","_global_stock_cap":"","_tribe_rsvp_for_event":"","_tribe_ticket_going_count":"","_tribe_ticket_not_going_count":"","_tribe_tickets_list":"[]","_tribe_ticket_has_attendee_info_fields":false,"h5ap_radio_sources":[],"_jetpack_newsletter_access":"","_jetpack_dont_email_post_to_subs":false,"_jetpack_newsletter_tier_id":0,"_jetpack_memberships_contains_paywalled_content":false,"_jetpack_memberships_contains_paid_content":false,"footnotes":""},"categories":[21,5],"tags":[151,749,751,747,149,2790,1241],"class_list":["post-30146","post","type-post","status-publish","format-standard","has-post-thumbnail","hentry","category-actualidad","category-ganaderia","tag-clima","tag-el-nino","tag-fenomeno-climatico","tag-la-nina","tag-lluvias","tag-noaa","tag-seca"],"jetpack_featured_media_url":"https:\/\/i0.wp.com\/lahoradelcampo.com.uy\/site\/wp-content\/uploads\/2017\/10\/clima.jpg?fit=880%2C440&ssl=1","jetpack_sharing_enabled":true,"jetpack_shortlink":"https:\/\/wp.me\/p99IaT-7Qe","jetpack-related-posts":[{"id":2751,"url":"https:\/\/lahoradelcampo.com.uy\/site\/aumenta-probabilidad-de-fenomeno-la-nina\/","url_meta":{"origin":30146,"position":0},"title":"Aumenta probabilidad de fen\u00f3meno La Ni\u00f1a","author":"La Hora del Campo","date":"16 octubre, 2017","format":false,"excerpt":"Los servicios meteorol\u00f3gicos de la Administraci\u00f3n Nacional de Oc\u00e9anos y Atm\u00f3sfera de EEUU (NOAA) aument\u00f3 el porcentaje de probabilidad de que condiciones de La Ni\u00f1a durante el invierno del Hemisferio Norte. De acuerdo a su \u00faltimo reporte, actualizado este jueves, las probabilidades de que esto ocurra son de alrededor del\u2026","rel":"","context":"En \u00abActualidad\u00bb","block_context":{"text":"Actualidad","link":"https:\/\/lahoradelcampo.com.uy\/site\/category\/actualidad\/"},"img":{"alt_text":"","src":"https:\/\/i0.wp.com\/lahoradelcampo.com.uy\/site\/wp-content\/uploads\/2017\/10\/clima.jpg?fit=880%2C440&ssl=1&resize=350%2C200","width":350,"height":200,"srcset":"https:\/\/i0.wp.com\/lahoradelcampo.com.uy\/site\/wp-content\/uploads\/2017\/10\/clima.jpg?fit=880%2C440&ssl=1&resize=350%2C200 1x, https:\/\/i0.wp.com\/lahoradelcampo.com.uy\/site\/wp-content\/uploads\/2017\/10\/clima.jpg?fit=880%2C440&ssl=1&resize=525%2C300 1.5x, https:\/\/i0.wp.com\/lahoradelcampo.com.uy\/site\/wp-content\/uploads\/2017\/10\/clima.jpg?fit=880%2C440&ssl=1&resize=700%2C400 2x"},"classes":[]},{"id":40833,"url":"https:\/\/lahoradelcampo.com.uy\/site\/la-nina-el-evento-continuara-vigente-durante-el-invierno\/","url_meta":{"origin":30146,"position":1},"title":"\u00abLa Ni\u00f1a\u00bb el evento continuar\u00e1 vigente durante el invierno","author":"La Hora del Campo","date":"18 abril, 2022","format":false,"excerpt":"De acuerdo al informe del Instituto Internacional de Investigaci\u00f3n para el Clima y la Sociedad de la Universidad de Columbia (IRI por sus siglas en ingl\u00e9s), en Estados Unidos, publicado este mes, las condicionantes clim\u00e1ticas prev\u00e9n las un escenario favorable para el sostenimiento del fen\u00f3meno de \"La Ni\u00f1a\" durante el\u2026","rel":"","context":"En \u00abActualidad\u00bb","block_context":{"text":"Actualidad","link":"https:\/\/lahoradelcampo.com.uy\/site\/category\/actualidad\/"},"img":{"alt_text":"","src":"https:\/\/i0.wp.com\/lahoradelcampo.com.uy\/site\/wp-content\/uploads\/2017\/10\/clima.jpg?fit=880%2C440&ssl=1&resize=350%2C200","width":350,"height":200,"srcset":"https:\/\/i0.wp.com\/lahoradelcampo.com.uy\/site\/wp-content\/uploads\/2017\/10\/clima.jpg?fit=880%2C440&ssl=1&resize=350%2C200 1x, https:\/\/i0.wp.com\/lahoradelcampo.com.uy\/site\/wp-content\/uploads\/2017\/10\/clima.jpg?fit=880%2C440&ssl=1&resize=525%2C300 1.5x, https:\/\/i0.wp.com\/lahoradelcampo.com.uy\/site\/wp-content\/uploads\/2017\/10\/clima.jpg?fit=880%2C440&ssl=1&resize=700%2C400 2x"},"classes":[]},{"id":54036,"url":"https:\/\/lahoradelcampo.com.uy\/site\/clima-sin-la-nina-o-el-nino-hasta-octubre\/","url_meta":{"origin":30146,"position":2},"title":"Clima: Sin \u00abLa Ni\u00f1a\u00bb o \u00abEl Ni\u00f1o\u00bb hasta octubre","author":"La Hora del Campo","date":"24 julio, 2024","format":false,"excerpt":"El Instituto Internacional de Investigaci\u00f3n para el Clima y la Sociedad (IRI) ha publicado una actualizaci\u00f3n sobre el estado del fen\u00f3meno El Ni\u00f1o-Oscilaci\u00f3n del Sur (ENSO). Seg\u00fan el informe t\u00e9cnico del 19 de julio de 2024, el Pac\u00edfico tropical se encuentra actualmente en condiciones ENSO-neutrales. La anomal\u00eda de la temperatura\u2026","rel":"","context":"En \u00abActualidad\u00bb","block_context":{"text":"Actualidad","link":"https:\/\/lahoradelcampo.com.uy\/site\/category\/actualidad\/"},"img":{"alt_text":"","src":"https:\/\/i0.wp.com\/lahoradelcampo.com.uy\/site\/wp-content\/uploads\/2024\/07\/Clima-lanina.jpg?fit=880%2C440&ssl=1&resize=350%2C200","width":350,"height":200,"srcset":"https:\/\/i0.wp.com\/lahoradelcampo.com.uy\/site\/wp-content\/uploads\/2024\/07\/Clima-lanina.jpg?fit=880%2C440&ssl=1&resize=350%2C200 1x, https:\/\/i0.wp.com\/lahoradelcampo.com.uy\/site\/wp-content\/uploads\/2024\/07\/Clima-lanina.jpg?fit=880%2C440&ssl=1&resize=525%2C300 1.5x, https:\/\/i0.wp.com\/lahoradelcampo.com.uy\/site\/wp-content\/uploads\/2024\/07\/Clima-lanina.jpg?fit=880%2C440&ssl=1&resize=700%2C400 2x"},"classes":[]},{"id":17596,"url":"https:\/\/lahoradelcampo.com.uy\/site\/queda-atras-el-nino-y-vuelven-condiciones-de-neutralidad\/","url_meta":{"origin":30146,"position":3},"title":"Queda atr\u00e1s El Ni\u00f1o y vuelven condiciones de neutralidad","author":"La Hora del Campo","date":"22 febrero, 2020","format":false,"excerpt":"Los Servicios meteorol\u00f3gicos estadounidenses afirman que se aleja el fen\u00f3meno El Ni\u00f1o y vuelven condiciones de normalidad a partir de la primavera del hemisferio norte (oto\u00f1o del hemisferio sur). De acuerdo a la \u00faltima actualizaci\u00f3n del Centro de Predicciones Clim\u00e1ticas de la Administraci\u00f3n Nacional Oce\u00e1nica y Atmosf\u00e9rica (NOAA) hay un\u2026","rel":"","context":"En \u00abActualidad\u00bb","block_context":{"text":"Actualidad","link":"https:\/\/lahoradelcampo.com.uy\/site\/category\/actualidad\/"},"img":{"alt_text":"","src":"https:\/\/i0.wp.com\/lahoradelcampo.com.uy\/site\/wp-content\/uploads\/2017\/10\/clima.jpg?fit=880%2C440&ssl=1&resize=350%2C200","width":350,"height":200,"srcset":"https:\/\/i0.wp.com\/lahoradelcampo.com.uy\/site\/wp-content\/uploads\/2017\/10\/clima.jpg?fit=880%2C440&ssl=1&resize=350%2C200 1x, https:\/\/i0.wp.com\/lahoradelcampo.com.uy\/site\/wp-content\/uploads\/2017\/10\/clima.jpg?fit=880%2C440&ssl=1&resize=525%2C300 1.5x, https:\/\/i0.wp.com\/lahoradelcampo.com.uy\/site\/wp-content\/uploads\/2017\/10\/clima.jpg?fit=880%2C440&ssl=1&resize=700%2C400 2x"},"classes":[]},{"id":39341,"url":"https:\/\/lahoradelcampo.com.uy\/site\/en-marzo-las-lluvias-seran-por-debajo-de-lo-normal-en-el-norte\/","url_meta":{"origin":30146,"position":4},"title":"En marzo las lluvias ser\u00e1n por debajo de lo normal en el norte","author":"La Hora del Campo","date":"22 febrero, 2022","format":false,"excerpt":"El meteor\u00f3logo privado, Jos\u00e9 Mar\u00eda Rodr\u00edguez, emiti\u00f3 en la jornada de ayer sus proyecciones para el trimestre marzo, abril, mayo de 2022. En su informe indic\u00f3 que si bien las temperaturas estar\u00e1n dentro de los registros esperados en todo el pa\u00eds para el mes de marzo, las precipitaciones sobre los\u2026","rel":"","context":"En \u00abActualidad\u00bb","block_context":{"text":"Actualidad","link":"https:\/\/lahoradelcampo.com.uy\/site\/category\/actualidad\/"},"img":{"alt_text":"","src":"https:\/\/i0.wp.com\/lahoradelcampo.com.uy\/site\/wp-content\/uploads\/2019\/05\/Josema.jpg?fit=880%2C440&ssl=1&resize=350%2C200","width":350,"height":200,"srcset":"https:\/\/i0.wp.com\/lahoradelcampo.com.uy\/site\/wp-content\/uploads\/2019\/05\/Josema.jpg?fit=880%2C440&ssl=1&resize=350%2C200 1x, https:\/\/i0.wp.com\/lahoradelcampo.com.uy\/site\/wp-content\/uploads\/2019\/05\/Josema.jpg?fit=880%2C440&ssl=1&resize=525%2C300 1.5x, https:\/\/i0.wp.com\/lahoradelcampo.com.uy\/site\/wp-content\/uploads\/2019\/05\/Josema.jpg?fit=880%2C440&ssl=1&resize=700%2C400 2x"},"classes":[]},{"id":51642,"url":"https:\/\/lahoradelcampo.com.uy\/site\/cada-20-anos-se-registra-un-fenomeno-de-tres-anos-de-la-nina-consecutivos\/","url_meta":{"origin":30146,"position":5},"title":"Cada 20 a\u00f1os se registra un fen\u00f3meno de tres a\u00f1os de \u00abLa Ni\u00f1a\u00bb consecutivos","author":"La Hora del Campo","date":"3 julio, 2023","format":false,"excerpt":"El ingeniero agr\u00f3nomo Adri\u00e1n Cal, de INIA GRAS, estuvo a cargo del m\u00f3dulo \"Agroclima\" en la jornada sobre los desaf\u00edos para la ganader\u00eda extensiva, realizada en el departamento de Artigas, y en su presentaci\u00f3n habl\u00f3 de un 80% de probabilidades que durante la pr\u00f3xima primavera-verano este instalado el fen\u00f3meno de\u2026","rel":"","context":"En \u00abActualidad\u00bb","block_context":{"text":"Actualidad","link":"https:\/\/lahoradelcampo.com.uy\/site\/category\/actualidad\/"},"img":{"alt_text":"","src":"https:\/\/i0.wp.com\/lahoradelcampo.com.uy\/site\/wp-content\/uploads\/2023\/07\/AdrianCAL-INIA.jpg?fit=880%2C440&ssl=1&resize=350%2C200","width":350,"height":200,"srcset":"https:\/\/i0.wp.com\/lahoradelcampo.com.uy\/site\/wp-content\/uploads\/2023\/07\/AdrianCAL-INIA.jpg?fit=880%2C440&ssl=1&resize=350%2C200 1x, https:\/\/i0.wp.com\/lahoradelcampo.com.uy\/site\/wp-content\/uploads\/2023\/07\/AdrianCAL-INIA.jpg?fit=880%2C440&ssl=1&resize=525%2C300 1.5x, https:\/\/i0.wp.com\/lahoradelcampo.com.uy\/site\/wp-content\/uploads\/2023\/07\/AdrianCAL-INIA.jpg?fit=880%2C440&ssl=1&resize=700%2C400 2x"},"classes":[]}],"jetpack_likes_enabled":true,"_links":{"self":[{"href":"https:\/\/lahoradelcampo.com.uy\/site\/wp-json\/wp\/v2\/posts\/30146","targetHints":{"allow":["GET"]}}],"collection":[{"href":"https:\/\/lahoradelcampo.com.uy\/site\/wp-json\/wp\/v2\/posts"}],"about":[{"href":"https:\/\/lahoradelcampo.com.uy\/site\/wp-json\/wp\/v2\/types\/post"}],"author":[{"embeddable":true,"href":"https:\/\/lahoradelcampo.com.uy\/site\/wp-json\/wp\/v2\/users\/5"}],"replies":[{"embeddable":true,"href":"https:\/\/lahoradelcampo.com.uy\/site\/wp-json\/wp\/v2\/comments?post=30146"}],"version-history":[{"count":1,"href":"https:\/\/lahoradelcampo.com.uy\/site\/wp-json\/wp\/v2\/posts\/30146\/revisions"}],"predecessor-version":[{"id":30150,"href":"https:\/\/lahoradelcampo.com.uy\/site\/wp-json\/wp\/v2\/posts\/30146\/revisions\/30150"}],"wp:featuredmedia":[{"embeddable":true,"href":"https:\/\/lahoradelcampo.com.uy\/site\/wp-json\/wp\/v2\/media\/2753"}],"wp:attachment":[{"href":"https:\/\/lahoradelcampo.com.uy\/site\/wp-json\/wp\/v2\/media?parent=30146"}],"wp:term":[{"taxonomy":"category","embeddable":true,"href":"https:\/\/lahoradelcampo.com.uy\/site\/wp-json\/wp\/v2\/categories?post=30146"},{"taxonomy":"post_tag","embeddable":true,"href":"https:\/\/lahoradelcampo.com.uy\/site\/wp-json\/wp\/v2\/tags?post=30146"}],"curies":[{"name":"wp","href":"https:\/\/api.w.org\/{rel}","templated":true}]}}