{"id":30128,"date":"2021-05-17T06:00:51","date_gmt":"2021-05-17T09:00:51","guid":{"rendered":"http:\/\/lahoradelcampo.com.uy\/site\/?p=30128"},"modified":"2021-05-14T20:49:31","modified_gmt":"2021-05-14T23:49:31","slug":"sul-marcado-interes-por-lanas-organicas","status":"publish","type":"post","link":"https:\/\/lahoradelcampo.com.uy\/site\/sul-marcado-interes-por-lanas-organicas\/","title":{"rendered":"SUL: Marcado inter\u00e9s por lanas org\u00e1nicas"},"content":{"rendered":"\n<figure class=\"wp-block-image\"><img data-recalc-dims=\"1\" loading=\"lazy\" decoding=\"async\" width=\"810\" height=\"405\" data-attachment-id=\"5133\" data-permalink=\"https:\/\/lahoradelcampo.com.uy\/site\/costos-en-suba-y-el-clima-son-factores-determinantes-para-la-zafra-arrocera\/lana-5\/\" data-orig-file=\"https:\/\/i0.wp.com\/lahoradelcampo.com.uy\/site\/wp-content\/uploads\/2017\/12\/Lana.jpg?fit=880%2C440&amp;ssl=1\" data-orig-size=\"880,440\" data-comments-opened=\"1\" data-image-meta=\"{&quot;aperture&quot;:&quot;0&quot;,&quot;credit&quot;:&quot;Vicente-Manuel-Tort&quot;,&quot;camera&quot;:&quot;&quot;,&quot;caption&quot;:&quot;&quot;,&quot;created_timestamp&quot;:&quot;0&quot;,&quot;copyright&quot;:&quot;Presidencia de la Republica - Sec.Com.Inst.&quot;,&quot;focal_length&quot;:&quot;0&quot;,&quot;iso&quot;:&quot;0&quot;,&quot;shutter_speed&quot;:&quot;0&quot;,&quot;title&quot;:&quot;&quot;,&quot;orientation&quot;:&quot;1&quot;}\" data-image-title=\"Lana\" data-image-description=\"\" data-image-caption=\"\" data-large-file=\"https:\/\/i0.wp.com\/lahoradelcampo.com.uy\/site\/wp-content\/uploads\/2017\/12\/Lana.jpg?fit=810%2C405&amp;ssl=1\" src=\"https:\/\/i0.wp.com\/lahoradelcampo.com.uy\/site\/wp-content\/uploads\/2017\/12\/Lana.jpg?resize=810%2C405\" alt=\"\" class=\"wp-image-5133\" srcset=\"https:\/\/i0.wp.com\/lahoradelcampo.com.uy\/site\/wp-content\/uploads\/2017\/12\/Lana.jpg?w=880&amp;ssl=1 880w, https:\/\/i0.wp.com\/lahoradelcampo.com.uy\/site\/wp-content\/uploads\/2017\/12\/Lana.jpg?resize=300%2C150&amp;ssl=1 300w, https:\/\/i0.wp.com\/lahoradelcampo.com.uy\/site\/wp-content\/uploads\/2017\/12\/Lana.jpg?resize=768%2C384&amp;ssl=1 768w, https:\/\/i0.wp.com\/lahoradelcampo.com.uy\/site\/wp-content\/uploads\/2017\/12\/Lana.jpg?resize=820%2C410&amp;ssl=1 820w\" sizes=\"auto, (max-width: 810px) 100vw, 810px\" \/><\/figure>\n\n\n\n<p>El mercado lanero a nivel interno se mantiene con actividad \u00aben lotes por debajo de las 21 micras principalmente\u00bb seg\u00fan inform\u00f3 el Secretariado Uruguayo de la Lana (SUL) en bolet\u00edn semanal. <br><\/p>\n\n\n\n<p>La Lic. Mar\u00eda de la Paz Bottaro, responsable por el informe, remarc\u00f3 que existe \u00abinter\u00e9s en lanas acondicionadas, certificadas y org\u00e1nicas\u00bb actualmente en el mercado. <br><\/p>\n\n\n\n<p>En el resto de los micronajes, los negocios contin\u00faan siendo puntuales. Destac\u00e1ndose la concreci\u00f3n durante la pasada semana de un lote destacado de la raza Corriedale con las siguientes caracter\u00edsticas: de dos zafras de 25.5 micras a US$ 3.30 y de 24.5 a US$ 3.85 grifa verde (negocio de San Gerardo de Garcia Pintos).<br><\/p>\n\n\n\n<p>Para esta semana los operadores consultados por el SUL mencionaron un \u00abmercado m\u00e1s pesado que semanas anteriores aunque los valores se mantienen\u00bb.<br><\/p>\n\n\n\n<p>Entre algunas referencias de precios se manejan: lotes en el eje de 20 micras a US$ 6.20 grifa verde, lotes en el eje de 21.5 micras entre 5.50 \u2013 5.80 grifa verde. <\/p>\n\n\n\n<p style=\"text-align:right\"><strong>Salto, 17 de mayo de 2021<\/strong><\/p>\n","protected":false},"excerpt":{"rendered":"<p>El mercado lanero a nivel interno se mantiene con actividad \u00aben lotes por debajo de las 21 micras principalmente\u00bb seg\u00fan inform\u00f3 el Secretariado Uruguayo de la Lana (SUL) en bolet\u00edn [&hellip;]<\/p>\n","protected":false},"author":5,"featured_media":5133,"comment_status":"open","ping_status":"open","sticky":false,"template":"","format":"standard","meta":{"_price":"","_stock":"","_tribe_ticket_header":"","_tribe_default_ticket_provider":"","_tribe_ticket_capacity":"0","_ticket_start_date":"","_ticket_end_date":"","_tribe_ticket_show_description":"","_tribe_ticket_show_not_going":false,"_tribe_ticket_use_global_stock":"","_tribe_ticket_global_stock_level":"","_global_stock_mode":"","_global_stock_cap":"","_tribe_rsvp_for_event":"","_tribe_ticket_going_count":"","_tribe_ticket_not_going_count":"","_tribe_tickets_list":"[]","_tribe_ticket_has_attendee_info_fields":false,"h5ap_radio_sources":[],"_jetpack_newsletter_access":"","_jetpack_dont_email_post_to_subs":false,"_jetpack_newsletter_tier_id":0,"_jetpack_memberships_contains_paywalled_content":false,"_jetpack_memberships_contains_paid_content":false,"footnotes":""},"categories":[21,13],"tags":[2788,299,2786,433,209],"class_list":["post-30128","post","type-post","status-publish","format-standard","has-post-thumbnail","hentry","category-actualidad","category-ovinos","tag-informe-lanero","tag-lana","tag-lana-organica","tag-secretariado-uruguayo-de-la-lana","tag-sul"],"jetpack_featured_media_url":"https:\/\/i0.wp.com\/lahoradelcampo.com.uy\/site\/wp-content\/uploads\/2017\/12\/Lana.jpg?fit=880%2C440&ssl=1","jetpack_sharing_enabled":true,"jetpack_shortlink":"https:\/\/wp.me\/p99IaT-7PW","jetpack-related-posts":[{"id":17878,"url":"https:\/\/lahoradelcampo.com.uy\/site\/semana-con-pocos-negocios-en-el-sector-lanero-segun-el-sul\/","url_meta":{"origin":30128,"position":0},"title":"Semana con pocos negocios en  el sector lanero seg\u00fan el SUL","author":"La Hora del Campo","date":"10 marzo, 2020","format":false,"excerpt":"En su informe semanal, el Secretariado Uruguayo de la Lana dio a conocer que se registraron pocos negocios a nivel local, en comparaci\u00f3n con las semanas previas. De acuerdo a los datos publicados por el SUL; se concret\u00f3 negocio de 8.000 kilos de lana de 20 micras que se pag\u00f3\u2026","rel":"","context":"En \u00abActualidad\u00bb","block_context":{"text":"Actualidad","link":"https:\/\/lahoradelcampo.com.uy\/site\/category\/actualidad\/"},"img":{"alt_text":"","src":"https:\/\/i0.wp.com\/lahoradelcampo.com.uy\/site\/wp-content\/uploads\/2018\/02\/web-lana.jpg?fit=880%2C440&ssl=1&resize=350%2C200","width":350,"height":200,"srcset":"https:\/\/i0.wp.com\/lahoradelcampo.com.uy\/site\/wp-content\/uploads\/2018\/02\/web-lana.jpg?fit=880%2C440&ssl=1&resize=350%2C200 1x, https:\/\/i0.wp.com\/lahoradelcampo.com.uy\/site\/wp-content\/uploads\/2018\/02\/web-lana.jpg?fit=880%2C440&ssl=1&resize=525%2C300 1.5x, https:\/\/i0.wp.com\/lahoradelcampo.com.uy\/site\/wp-content\/uploads\/2018\/02\/web-lana.jpg?fit=880%2C440&ssl=1&resize=700%2C400 2x"},"classes":[]},{"id":2667,"url":"https:\/\/lahoradelcampo.com.uy\/site\/lana-merino-de-185-micras-cotizo-esta-semana-en-us-991\/","url_meta":{"origin":30128,"position":1},"title":"Lana de 18,5 micras alcanzo los U$S 9,91","author":"La Hora del Campo ADMIN","date":"14 octubre, 2017","format":"link","excerpt":"Mercado lanero con poca operativa, en negocios conocidos en los \u00faltimos d\u00edas se concreto la venta de un lote de lana en Artigas a U$S 9,91","rel":"","context":"En \u00abActualidad\u00bb","block_context":{"text":"Actualidad","link":"https:\/\/lahoradelcampo.com.uy\/site\/category\/actualidad\/"},"img":{"alt_text":"","src":"https:\/\/i0.wp.com\/lahoradelcampo.com.uy\/site\/wp-content\/uploads\/2017\/09\/Lanas.jpg?fit=880%2C440&ssl=1&resize=350%2C200","width":350,"height":200,"srcset":"https:\/\/i0.wp.com\/lahoradelcampo.com.uy\/site\/wp-content\/uploads\/2017\/09\/Lanas.jpg?fit=880%2C440&ssl=1&resize=350%2C200 1x, https:\/\/i0.wp.com\/lahoradelcampo.com.uy\/site\/wp-content\/uploads\/2017\/09\/Lanas.jpg?fit=880%2C440&ssl=1&resize=525%2C300 1.5x, https:\/\/i0.wp.com\/lahoradelcampo.com.uy\/site\/wp-content\/uploads\/2017\/09\/Lanas.jpg?fit=880%2C440&ssl=1&resize=700%2C400 2x"},"classes":[]},{"id":5141,"url":"https:\/\/lahoradelcampo.com.uy\/site\/sul-precios-de-la-lana-estables-al-cierre-del-2017\/","url_meta":{"origin":30128,"position":2},"title":"SUL: Precios de la lana estables al cierre del 2017","author":"La Hora del Campo","date":"25 diciembre, 2017","format":false,"excerpt":"El Secretariado Uruguayo de la Lana, en su informe semanal, se\u00f1ala que a pesar del impase en las ventas en Australia, en el mercado interno continuaron los negocios focalizados en lanas de finas principalmente. En este marco se destaca la estabilidad en los precios y la continuidad de negocios a\u2026","rel":"","context":"En \u00abActualidad\u00bb","block_context":{"text":"Actualidad","link":"https:\/\/lahoradelcampo.com.uy\/site\/category\/actualidad\/"},"img":{"alt_text":"","src":"https:\/\/i0.wp.com\/lahoradelcampo.com.uy\/site\/wp-content\/uploads\/2017\/12\/Lana.jpg?fit=880%2C440&ssl=1&resize=350%2C200","width":350,"height":200,"srcset":"https:\/\/i0.wp.com\/lahoradelcampo.com.uy\/site\/wp-content\/uploads\/2017\/12\/Lana.jpg?fit=880%2C440&ssl=1&resize=350%2C200 1x, https:\/\/i0.wp.com\/lahoradelcampo.com.uy\/site\/wp-content\/uploads\/2017\/12\/Lana.jpg?fit=880%2C440&ssl=1&resize=525%2C300 1.5x, https:\/\/i0.wp.com\/lahoradelcampo.com.uy\/site\/wp-content\/uploads\/2017\/12\/Lana.jpg?fit=880%2C440&ssl=1&resize=700%2C400 2x"},"classes":[]},{"id":10413,"url":"https:\/\/lahoradelcampo.com.uy\/site\/a-nivel-local-el-mercado-sigue-con-una-operativa-reducida\/","url_meta":{"origin":30128,"position":3},"title":"A nivel local el mercado sigue con una operativa reducida","author":"La Hora del Campo","date":"3 mayo, 2019","format":false,"excerpt":"El mercado lanero uruguayo contin\u00faa con una operativa muy reducida, con la mayor\u00eda de los productores pensando en las esquilas preparto dentro de dos meses. A diferencia del cierre de la zafra anterior, donde el mercado de las lanas finas ven\u00eda en alza y que luego contin\u00fao acentu\u00e1ndose hasta el\u2026","rel":"","context":"En \u00abActualidad\u00bb","block_context":{"text":"Actualidad","link":"https:\/\/lahoradelcampo.com.uy\/site\/category\/actualidad\/"},"img":{"alt_text":"","src":"https:\/\/i0.wp.com\/lahoradelcampo.com.uy\/site\/wp-content\/uploads\/2018\/05\/Lana-s.jpg?fit=880%2C440&ssl=1&resize=350%2C200","width":350,"height":200,"srcset":"https:\/\/i0.wp.com\/lahoradelcampo.com.uy\/site\/wp-content\/uploads\/2018\/05\/Lana-s.jpg?fit=880%2C440&ssl=1&resize=350%2C200 1x, https:\/\/i0.wp.com\/lahoradelcampo.com.uy\/site\/wp-content\/uploads\/2018\/05\/Lana-s.jpg?fit=880%2C440&ssl=1&resize=525%2C300 1.5x, https:\/\/i0.wp.com\/lahoradelcampo.com.uy\/site\/wp-content\/uploads\/2018\/05\/Lana-s.jpg?fit=880%2C440&ssl=1&resize=700%2C400 2x"},"classes":[]},{"id":19448,"url":"https:\/\/lahoradelcampo.com.uy\/site\/el-ime-bajo-26-en-el-comienzo-de-la-semana\/","url_meta":{"origin":30128,"position":4},"title":"El IME baj\u00f3 2,6% en el comienzo de la semana","author":"La Hora del Campo","date":"5 mayo, 2020","format":false,"excerpt":"El primer d\u00eda de ventas del mercado lanero australiano registr\u00f3 p\u00e9rdidas en el Indicador de Mercados del Este (IME), registrando una ca\u00edda del 2,6% respecto al pasado mi\u00e9rcoles, tras cotizar hoy a US$ 7,79 por kilogramo base limpia, seg\u00fan el informe del Secretariado Uruguayo de la Lana (SUL). Las ventas\u2026","rel":"","context":"En \u00abActualidad\u00bb","block_context":{"text":"Actualidad","link":"https:\/\/lahoradelcampo.com.uy\/site\/category\/actualidad\/"},"img":{"alt_text":"","src":"https:\/\/i0.wp.com\/lahoradelcampo.com.uy\/site\/wp-content\/uploads\/2017\/11\/lanas.jpg?fit=880%2C440&ssl=1&resize=350%2C200","width":350,"height":200,"srcset":"https:\/\/i0.wp.com\/lahoradelcampo.com.uy\/site\/wp-content\/uploads\/2017\/11\/lanas.jpg?fit=880%2C440&ssl=1&resize=350%2C200 1x, https:\/\/i0.wp.com\/lahoradelcampo.com.uy\/site\/wp-content\/uploads\/2017\/11\/lanas.jpg?fit=880%2C440&ssl=1&resize=525%2C300 1.5x, https:\/\/i0.wp.com\/lahoradelcampo.com.uy\/site\/wp-content\/uploads\/2017\/11\/lanas.jpg?fit=880%2C440&ssl=1&resize=700%2C400 2x"},"classes":[]},{"id":2623,"url":"https:\/\/lahoradelcampo.com.uy\/site\/el-mercado-lanero-uruguayo-continua-con-poca-operativa\/","url_meta":{"origin":30128,"position":5},"title":"El mercado lanero uruguayo contin\u00faa con poca operativa","author":"La Hora del Campo","date":"12 octubre, 2017","format":false,"excerpt":"A nivel del mercado lanero uruguayo no se observa una corriente de negocios fluida en las \u00faltimas semanas mientras las esquilas vienen atrasadas al igual que las cargas de fibra comercializada en el lomo en los \u00faltimos meses. Seg\u00fan operadores del mercado la demanda se encuentra expectante a lo que\u2026","rel":"","context":"En \u00abActualidad\u00bb","block_context":{"text":"Actualidad","link":"https:\/\/lahoradelcampo.com.uy\/site\/category\/actualidad\/"},"img":{"alt_text":"","src":"https:\/\/i0.wp.com\/lahoradelcampo.com.uy\/site\/wp-content\/uploads\/2017\/10\/Lanas-uruguay.jpg?fit=880%2C440&ssl=1&resize=350%2C200","width":350,"height":200,"srcset":"https:\/\/i0.wp.com\/lahoradelcampo.com.uy\/site\/wp-content\/uploads\/2017\/10\/Lanas-uruguay.jpg?fit=880%2C440&ssl=1&resize=350%2C200 1x, https:\/\/i0.wp.com\/lahoradelcampo.com.uy\/site\/wp-content\/uploads\/2017\/10\/Lanas-uruguay.jpg?fit=880%2C440&ssl=1&resize=525%2C300 1.5x, https:\/\/i0.wp.com\/lahoradelcampo.com.uy\/site\/wp-content\/uploads\/2017\/10\/Lanas-uruguay.jpg?fit=880%2C440&ssl=1&resize=700%2C400 2x"},"classes":[]}],"jetpack_likes_enabled":true,"_links":{"self":[{"href":"https:\/\/lahoradelcampo.com.uy\/site\/wp-json\/wp\/v2\/posts\/30128","targetHints":{"allow":["GET"]}}],"collection":[{"href":"https:\/\/lahoradelcampo.com.uy\/site\/wp-json\/wp\/v2\/posts"}],"about":[{"href":"https:\/\/lahoradelcampo.com.uy\/site\/wp-json\/wp\/v2\/types\/post"}],"author":[{"embeddable":true,"href":"https:\/\/lahoradelcampo.com.uy\/site\/wp-json\/wp\/v2\/users\/5"}],"replies":[{"embeddable":true,"href":"https:\/\/lahoradelcampo.com.uy\/site\/wp-json\/wp\/v2\/comments?post=30128"}],"version-history":[{"count":1,"href":"https:\/\/lahoradelcampo.com.uy\/site\/wp-json\/wp\/v2\/posts\/30128\/revisions"}],"predecessor-version":[{"id":30130,"href":"https:\/\/lahoradelcampo.com.uy\/site\/wp-json\/wp\/v2\/posts\/30128\/revisions\/30130"}],"wp:featuredmedia":[{"embeddable":true,"href":"https:\/\/lahoradelcampo.com.uy\/site\/wp-json\/wp\/v2\/media\/5133"}],"wp:attachment":[{"href":"https:\/\/lahoradelcampo.com.uy\/site\/wp-json\/wp\/v2\/media?parent=30128"}],"wp:term":[{"taxonomy":"category","embeddable":true,"href":"https:\/\/lahoradelcampo.com.uy\/site\/wp-json\/wp\/v2\/categories?post=30128"},{"taxonomy":"post_tag","embeddable":true,"href":"https:\/\/lahoradelcampo.com.uy\/site\/wp-json\/wp\/v2\/tags?post=30128"}],"curies":[{"name":"wp","href":"https:\/\/api.w.org\/{rel}","templated":true}]}}