{"id":30108,"date":"2021-05-15T06:35:14","date_gmt":"2021-05-15T09:35:14","guid":{"rendered":"http:\/\/lahoradelcampo.com.uy\/site\/?p=30108"},"modified":"2021-05-15T15:37:38","modified_gmt":"2021-05-15T18:37:38","slug":"parada-herreria-con-valores-destacados-para-las-vacas-gordas","status":"publish","type":"post","link":"https:\/\/lahoradelcampo.com.uy\/site\/parada-herreria-con-valores-destacados-para-las-vacas-gordas\/","title":{"rendered":"Parada Herrer\u00eda con valores destacados para las vacas gordas"},"content":{"rendered":"\n<figure class=\"wp-block-image\"><img data-recalc-dims=\"1\" loading=\"lazy\" decoding=\"async\" width=\"810\" height=\"405\" data-attachment-id=\"30112\" data-permalink=\"https:\/\/lahoradelcampo.com.uy\/site\/parada-herreria-con-valores-destacados-para-las-vacas-gordas\/juliogaudin\/\" data-orig-file=\"https:\/\/i0.wp.com\/lahoradelcampo.com.uy\/site\/wp-content\/uploads\/2021\/05\/Juliogaudin.jpg?fit=880%2C440&amp;ssl=1\" data-orig-size=\"880,440\" data-comments-opened=\"1\" data-image-meta=\"{&quot;aperture&quot;:&quot;0&quot;,&quot;credit&quot;:&quot;&quot;,&quot;camera&quot;:&quot;&quot;,&quot;caption&quot;:&quot;&quot;,&quot;created_timestamp&quot;:&quot;0&quot;,&quot;copyright&quot;:&quot;&quot;,&quot;focal_length&quot;:&quot;0&quot;,&quot;iso&quot;:&quot;0&quot;,&quot;shutter_speed&quot;:&quot;0&quot;,&quot;title&quot;:&quot;&quot;,&quot;orientation&quot;:&quot;1&quot;}\" data-image-title=\"Juliogaudin\" data-image-description=\"\" data-image-caption=\"\" data-large-file=\"https:\/\/i0.wp.com\/lahoradelcampo.com.uy\/site\/wp-content\/uploads\/2021\/05\/Juliogaudin.jpg?fit=810%2C405&amp;ssl=1\" src=\"https:\/\/i0.wp.com\/lahoradelcampo.com.uy\/site\/wp-content\/uploads\/2021\/05\/Juliogaudin.jpg?resize=810%2C405\" alt=\"\" class=\"wp-image-30112\" srcset=\"https:\/\/i0.wp.com\/lahoradelcampo.com.uy\/site\/wp-content\/uploads\/2021\/05\/Juliogaudin.jpg?w=880&amp;ssl=1 880w, https:\/\/i0.wp.com\/lahoradelcampo.com.uy\/site\/wp-content\/uploads\/2021\/05\/Juliogaudin.jpg?resize=300%2C150&amp;ssl=1 300w, https:\/\/i0.wp.com\/lahoradelcampo.com.uy\/site\/wp-content\/uploads\/2021\/05\/Juliogaudin.jpg?resize=768%2C384&amp;ssl=1 768w, https:\/\/i0.wp.com\/lahoradelcampo.com.uy\/site\/wp-content\/uploads\/2021\/05\/Juliogaudin.jpg?resize=820%2C410&amp;ssl=1 820w\" sizes=\"auto, (max-width: 810px) 100vw, 810px\" \/><\/figure>\n\n\n\n<p>Con p\u00fablico, resguardando los protocolos sanitarios correspondientes, el escritorio Gaud\u00edn Hnos, realiz\u00f3 ayer una nueva feria en el local Parada Herrer\u00eda, con ventas totales y agilidad en todas las categor\u00edas. <br><\/p>\n\n\n\n<p>El destaque principal fueron las categor\u00edas de ganados gordos para el abasto, tanto local como de Constituci\u00f3n y Bel\u00e9n, donde la disputa llev\u00f3 a que varias vacas que tradicionalmente terminan en manos de los invernadores, en esta oportunidad fueran hacia el abasto. <br><\/p>\n\n\n\n<p>Al finalizar las ventas, el martillero Julio Gaud\u00edn, dijo que \u00abel remate ha acompa\u00f1ado la realidad del mercado actualmente, tanto en lanares como en vacunos\u00bb y remarc\u00f3 la demanda que se visualiz\u00f3 respecto a los ganados gordos.<br><\/p>\n\n\n\n<p>\u00abSin dudas vimos la escases de vacas gordas que hay en la zona para carniceros y abastecedores, no solo en Salto sino tambi\u00e9n en la zona de Bel\u00e9n y Constituci\u00f3n, las vacas gordas buenas que entraron a pista, esas de mucha caja y bien terminadas, se pagaron cerquita de los mil d\u00f3lares, algo que hace rato que no ve\u00edamos\u00bb indic\u00f3. <br><\/p>\n\n\n\n<p>Destac\u00f3 que la necesidad del abasto llev\u00f3 que \u00abse disputaron muchas vacas entre carniceros e invernadores, esa vaca carne blanca que decimos nosotros, en algunos casos se la llevaron los carniceros, esa vaca m\u00e1s empulpada\u00bb. <br><\/p>\n\n\n\n<p>Respecto a los ganados para el campo directamente, dijo que \u00ablas vacas t\u00edpicas de invernar se las llevaron los invernadores que tambi\u00e9n vimos que hab\u00eda mucho inter\u00e9s como lo estamos viendo en el mercado de todo lo que es ganado de reposici\u00f3n. <br><\/p>\n\n\n\n<div class=\"wp-block-image\"><figure class=\"alignright is-resized\"><img data-recalc-dims=\"1\" loading=\"lazy\" decoding=\"async\" data-attachment-id=\"30110\" data-permalink=\"https:\/\/lahoradelcampo.com.uy\/site\/parada-herreria-con-valores-destacados-para-las-vacas-gordas\/parada-herreria-9\/\" data-orig-file=\"https:\/\/i0.wp.com\/lahoradelcampo.com.uy\/site\/wp-content\/uploads\/2021\/05\/parada-herreria.jpg?fit=361%2C541&amp;ssl=1\" data-orig-size=\"361,541\" data-comments-opened=\"1\" data-image-meta=\"{&quot;aperture&quot;:&quot;0&quot;,&quot;credit&quot;:&quot;&quot;,&quot;camera&quot;:&quot;&quot;,&quot;caption&quot;:&quot;&quot;,&quot;created_timestamp&quot;:&quot;0&quot;,&quot;copyright&quot;:&quot;&quot;,&quot;focal_length&quot;:&quot;0&quot;,&quot;iso&quot;:&quot;0&quot;,&quot;shutter_speed&quot;:&quot;0&quot;,&quot;title&quot;:&quot;&quot;,&quot;orientation&quot;:&quot;0&quot;}\" data-image-title=\"parada herreria\" data-image-description=\"\" data-image-caption=\"\" data-large-file=\"https:\/\/i0.wp.com\/lahoradelcampo.com.uy\/site\/wp-content\/uploads\/2021\/05\/parada-herreria.jpg?fit=361%2C541&amp;ssl=1\" src=\"https:\/\/i0.wp.com\/lahoradelcampo.com.uy\/site\/wp-content\/uploads\/2021\/05\/parada-herreria.jpg?resize=262%2C393\" alt=\"\" class=\"wp-image-30110\" width=\"262\" height=\"393\" srcset=\"https:\/\/i0.wp.com\/lahoradelcampo.com.uy\/site\/wp-content\/uploads\/2021\/05\/parada-herreria.jpg?w=361&amp;ssl=1 361w, https:\/\/i0.wp.com\/lahoradelcampo.com.uy\/site\/wp-content\/uploads\/2021\/05\/parada-herreria.jpg?resize=200%2C300&amp;ssl=1 200w\" sizes=\"auto, (max-width: 262px) 100vw, 262px\" \/><\/figure><\/div>\n\n\n\n<p>\u00abLa parte de novillos y terneros chicos siempre se ha pago muy bien en Parada Herrer\u00eda, hubieron muy buenos ganados, si bien los lotecitos eran en el eje de los 5, 10 animales, no eran lotes muy representativos y significativos, se pagaron creo que los precios que estamos viendo en el mercado\u00bb expres\u00f3 Gaud\u00edn. Como referencias indic\u00f3 que \u00abmuy por encima de los US$ 2,30-2,40 se pag\u00f3 por los terneros livianos y en el eje de esa plata los que eran m\u00e1s pesados\u00bb<br><\/p>\n\n\n\n<p><strong>Punto y aparte para el ovino <\/strong><br><\/p>\n\n\n\n<p>Para los lanares el mercado tambi\u00e9n tuvo un comportamiento firme, demandado y \u00e1gil, con \u00ablos capones de 80 d\u00f3lares, algo que tambi\u00e9n hacia much\u00edsimo que no ve\u00edamos en Parada Herrer\u00eda\u00bb dijo Julio Gaud\u00edn, qui\u00e9n aclaro que estos valores se est\u00e1n viendo en lo que est\u00e1 \u00abpagando la industria\u00bb.<br><\/p>\n\n\n\n<p><strong>Pr\u00f3ximas ventas<\/strong><br><\/p>\n\n\n\n<p>A pesar de la llegada del pr\u00f3ximo per\u00edodo de vacunaci\u00f3n a todos los bovinos menores de 2 a\u00f1os, el rematador indic\u00f3 que se trabaja para lo que ser\u00e1 la \u00abcl\u00e1sica quincenal\u00bb en el local Parada Herrer\u00eda, que se espera realizar antes del 1 de junio. \u00abLa verdad que no est\u00e1 muy f\u00e1cil de conseguir los ganados, pero la idea es hacerla antes que comience el periodo de vacunaci\u00f3n de menores de 2 a\u00f1os\u00bb expres\u00f3. <br><\/p>\n\n\n\n<p>Al mismo tiempo record\u00f3 que en la semana del 28 de mayo cierran las inscripciones para el pr\u00f3ximo remate de Lote 21, que se realizar\u00e1 el mi\u00e9rcoles 9 de junio. <\/p>\n\n\n\n<p style=\"text-align:right\"><strong>Salto, 15 de mayo de 2021<\/strong><\/p>\n","protected":false},"excerpt":{"rendered":"<p>Con p\u00fablico, resguardando los protocolos sanitarios correspondientes, el escritorio Gaud\u00edn Hnos, realiz\u00f3 ayer una nueva feria en el local Parada Herrer\u00eda, con ventas totales y agilidad en todas las categor\u00edas. [&hellip;]<\/p>\n","protected":false},"author":5,"featured_media":30112,"comment_status":"open","ping_status":"open","sticky":false,"template":"","format":"standard","meta":{"_price":"","_stock":"","_tribe_ticket_header":"","_tribe_default_ticket_provider":"","_tribe_ticket_capacity":"0","_ticket_start_date":"","_ticket_end_date":"","_tribe_ticket_show_description":"","_tribe_ticket_show_not_going":false,"_tribe_ticket_use_global_stock":"","_tribe_ticket_global_stock_level":"","_global_stock_mode":"","_global_stock_cap":"","_tribe_rsvp_for_event":"","_tribe_ticket_going_count":"","_tribe_ticket_not_going_count":"","_tribe_tickets_list":"[]","_tribe_ticket_has_attendee_info_fields":false,"h5ap_radio_sources":[],"_jetpack_newsletter_access":"","_jetpack_dont_email_post_to_subs":false,"_jetpack_newsletter_tier_id":0,"_jetpack_memberships_contains_paywalled_content":false,"_jetpack_memberships_contains_paid_content":false,"footnotes":""},"categories":[21,5],"tags":[135,43,2782,67,2784,133,219],"class_list":["post-30108","post","type-post","status-publish","format-standard","has-post-thumbnail","hentry","category-actualidad","category-ganaderia","tag-gaudin-hnos","tag-ovinos","tag-parada-hererria","tag-remate","tag-remate-de-reposicion","tag-vaca-gorda","tag-vacunos"],"jetpack_featured_media_url":"https:\/\/i0.wp.com\/lahoradelcampo.com.uy\/site\/wp-content\/uploads\/2021\/05\/Juliogaudin.jpg?fit=880%2C440&ssl=1","jetpack_sharing_enabled":true,"jetpack_shortlink":"https:\/\/wp.me\/p99IaT-7PC","jetpack-related-posts":[{"id":6307,"url":"https:\/\/lahoradelcampo.com.uy\/site\/buena-avidez-por-ganados-gordos-en-parada-herreria\/","url_meta":{"origin":30108,"position":0},"title":"Buena avidez por ganados gordos en Parada Herrer\u00eda","author":"La Hora del Campo","date":"3 abril, 2018","format":false,"excerpt":"Buena demanda por los ganados de abasto se observ\u00f3 ayer en el local Parada Herrer\u00eda, con las ventas del escritorio Gaud\u00edn Hnos. El martillero Germ\u00e1n Gaud\u00edn dijo \"hubo buenos vacajes gordos fundamentalmente, alg\u00fan novillo, pero la oferta era principalmente de vacas. El mercado estuvo bien, realmente las vacas buenas se\u2026","rel":"","context":"En \u00abActualidad\u00bb","block_context":{"text":"Actualidad","link":"https:\/\/lahoradelcampo.com.uy\/site\/category\/actualidad\/"},"img":{"alt_text":"","src":"https:\/\/i0.wp.com\/lahoradelcampo.com.uy\/site\/wp-content\/uploads\/2018\/04\/Parada-herreria-web.jpg?fit=880%2C440&ssl=1&resize=350%2C200","width":350,"height":200,"srcset":"https:\/\/i0.wp.com\/lahoradelcampo.com.uy\/site\/wp-content\/uploads\/2018\/04\/Parada-herreria-web.jpg?fit=880%2C440&ssl=1&resize=350%2C200 1x, https:\/\/i0.wp.com\/lahoradelcampo.com.uy\/site\/wp-content\/uploads\/2018\/04\/Parada-herreria-web.jpg?fit=880%2C440&ssl=1&resize=525%2C300 1.5x, https:\/\/i0.wp.com\/lahoradelcampo.com.uy\/site\/wp-content\/uploads\/2018\/04\/Parada-herreria-web.jpg?fit=880%2C440&ssl=1&resize=700%2C400 2x"},"classes":[]},{"id":38473,"url":"https:\/\/lahoradelcampo.com.uy\/site\/gaudin-hnos-comenzo-el-ano-con-ventas-totales-en-parada-herreria\/","url_meta":{"origin":30108,"position":1},"title":"Gaud\u00edn Hnos comenz\u00f3 el a\u00f1o con ventas totales en Parada Herrer\u00eda","author":"La Hora del Campo","date":"21 enero, 2022","format":false,"excerpt":"El escritorio Gaud\u00edn Hnos, realiz\u00f3 su primer remate de 2022, en el d\u00eda de ayer en el local Parada Herrer\u00eda. Las ventas comenzaron las 17 horas, debido al calor reinante en la zona. Sin embargo las precipitaciones registradas en los \u00faltimos d\u00edas han impulsado una demanda que se mostr\u00f3 muy\u2026","rel":"","context":"En \u00abActualidad\u00bb","block_context":{"text":"Actualidad","link":"https:\/\/lahoradelcampo.com.uy\/site\/category\/actualidad\/"},"img":{"alt_text":"","src":"https:\/\/i0.wp.com\/lahoradelcampo.com.uy\/site\/wp-content\/uploads\/2022\/01\/germanguadin.jpg?fit=880%2C440&ssl=1&resize=350%2C200","width":350,"height":200,"srcset":"https:\/\/i0.wp.com\/lahoradelcampo.com.uy\/site\/wp-content\/uploads\/2022\/01\/germanguadin.jpg?fit=880%2C440&ssl=1&resize=350%2C200 1x, https:\/\/i0.wp.com\/lahoradelcampo.com.uy\/site\/wp-content\/uploads\/2022\/01\/germanguadin.jpg?fit=880%2C440&ssl=1&resize=525%2C300 1.5x, https:\/\/i0.wp.com\/lahoradelcampo.com.uy\/site\/wp-content\/uploads\/2022\/01\/germanguadin.jpg?fit=880%2C440&ssl=1&resize=700%2C400 2x"},"classes":[]},{"id":52246,"url":"https:\/\/lahoradelcampo.com.uy\/site\/gaudin-hnos-coloco-el-100-de-la-oferta-en-parada-herreria-4\/","url_meta":{"origin":30108,"position":2},"title":"Gaud\u00edn Hnos coloc\u00f3 el 100% de la oferta en Parada Herrer\u00eda","author":"La Hora del Campo","date":"21 agosto, 2023","format":false,"excerpt":"Se desarroll\u00f3 el viernes un nuevo remate del escritorio Gaud\u00edn Hnos, en el local Parada Herrer\u00eda, con venta total tanto en vacunos como en ovinos. El Dr. Germ\u00e1n Gaud\u00edn, director de Gaud\u00edn Hnos, remarc\u00f3 la importancia de haber logrado una \"oferta importante\" para este remate, lo que permiti\u00f3 una mayor\u2026","rel":"","context":"En \u00abActualidad\u00bb","block_context":{"text":"Actualidad","link":"https:\/\/lahoradelcampo.com.uy\/site\/category\/actualidad\/"},"img":{"alt_text":"","src":"https:\/\/i0.wp.com\/lahoradelcampo.com.uy\/site\/wp-content\/uploads\/2023\/08\/German-Gaudin.jpg?fit=880%2C440&ssl=1&resize=350%2C200","width":350,"height":200,"srcset":"https:\/\/i0.wp.com\/lahoradelcampo.com.uy\/site\/wp-content\/uploads\/2023\/08\/German-Gaudin.jpg?fit=880%2C440&ssl=1&resize=350%2C200 1x, https:\/\/i0.wp.com\/lahoradelcampo.com.uy\/site\/wp-content\/uploads\/2023\/08\/German-Gaudin.jpg?fit=880%2C440&ssl=1&resize=525%2C300 1.5x, https:\/\/i0.wp.com\/lahoradelcampo.com.uy\/site\/wp-content\/uploads\/2023\/08\/German-Gaudin.jpg?fit=880%2C440&ssl=1&resize=700%2C400 2x"},"classes":[]},{"id":6847,"url":"https:\/\/lahoradelcampo.com.uy\/site\/gaudin-hnos-coloco-el-100-de-la-oferta-ayer-en-parada-herreria\/","url_meta":{"origin":30108,"position":3},"title":"Gaud\u00edn Hnos, coloc\u00f3 el 100% de la oferta ayer en Parada Herrer\u00eda","author":"La Hora del Campo","date":"3 mayo, 2018","format":false,"excerpt":"\"Remate con lluvia nunca falla\", dicen los rematadores, y ayer no fue la excepci\u00f3n en el local Parada Herrer\u00eda donde el escritorio Gaud\u00edn Hnos, coloc\u00f3 \u00e1gilmente el 100% de la oferta que paso por la pista. Sin llegar al local, por cuestiones clim\u00e1ticas, fue nuevamente el ovino. El comienzo del\u2026","rel":"","context":"En \u00abActualidad\u00bb","block_context":{"text":"Actualidad","link":"https:\/\/lahoradelcampo.com.uy\/site\/category\/actualidad\/"},"img":{"alt_text":"","src":"https:\/\/i0.wp.com\/lahoradelcampo.com.uy\/site\/wp-content\/uploads\/2018\/05\/Paradaherreria.jpg?fit=880%2C440&ssl=1&resize=350%2C200","width":350,"height":200,"srcset":"https:\/\/i0.wp.com\/lahoradelcampo.com.uy\/site\/wp-content\/uploads\/2018\/05\/Paradaherreria.jpg?fit=880%2C440&ssl=1&resize=350%2C200 1x, https:\/\/i0.wp.com\/lahoradelcampo.com.uy\/site\/wp-content\/uploads\/2018\/05\/Paradaherreria.jpg?fit=880%2C440&ssl=1&resize=525%2C300 1.5x, https:\/\/i0.wp.com\/lahoradelcampo.com.uy\/site\/wp-content\/uploads\/2018\/05\/Paradaherreria.jpg?fit=880%2C440&ssl=1&resize=700%2C400 2x"},"classes":[]},{"id":14721,"url":"https:\/\/lahoradelcampo.com.uy\/site\/gaudin-hnos-coloco-el-100-de-la-oferta-ayer-en-parada-herreria-2\/","url_meta":{"origin":30108,"position":4},"title":"Gaud\u00edn Hnos. coloc\u00f3 el 100% de la oferta ayer en Parada Herrer\u00eda","author":"La Hora del Campo","date":"2 octubre, 2019","format":false,"excerpt":"En la jornada de ayer el escritorio Gaud\u00edn Hnos, realiz\u00f3 su primera venta quincenal en el local Parada Herrer\u00eda, para este mes de octubre. En la pista se coloc\u00f3 el 100% de la oferta con un mercado \u00e1gil y demandante, con un abasto local firme y productores invernadores que disputaron\u2026","rel":"","context":"En \u00abActualidad\u00bb","block_context":{"text":"Actualidad","link":"https:\/\/lahoradelcampo.com.uy\/site\/category\/actualidad\/"},"img":{"alt_text":"","src":"https:\/\/i0.wp.com\/lahoradelcampo.com.uy\/site\/wp-content\/uploads\/2017\/10\/Parada-Herreria.jpg?fit=880%2C440&ssl=1&resize=350%2C200","width":350,"height":200,"srcset":"https:\/\/i0.wp.com\/lahoradelcampo.com.uy\/site\/wp-content\/uploads\/2017\/10\/Parada-Herreria.jpg?fit=880%2C440&ssl=1&resize=350%2C200 1x, https:\/\/i0.wp.com\/lahoradelcampo.com.uy\/site\/wp-content\/uploads\/2017\/10\/Parada-Herreria.jpg?fit=880%2C440&ssl=1&resize=525%2C300 1.5x, https:\/\/i0.wp.com\/lahoradelcampo.com.uy\/site\/wp-content\/uploads\/2017\/10\/Parada-Herreria.jpg?fit=880%2C440&ssl=1&resize=700%2C400 2x"},"classes":[]},{"id":32680,"url":"https:\/\/lahoradelcampo.com.uy\/site\/venta-total-de-gaudin-hnos-en-el-local-parada-herreria\/","url_meta":{"origin":30108,"position":5},"title":"Venta total de Gaud\u00edn Hnos,  en el local Parada Herrer\u00eda","author":"La Hora del Campo","date":"3 agosto, 2021","format":false,"excerpt":"En la jornada de ayer se realiz\u00f3 la primera venta del mes de agosto del escritorio Gaud\u00edn Hnos en el local Parada Herrer\u00eda, con venta total en vacunos, con una buena demanda tanto de los productores por reponer, as\u00ed como de los abastecedores de Constituci\u00f3n, Bel\u00e9n y Salto que pujaron\u2026","rel":"","context":"En \u00abActualidad\u00bb","block_context":{"text":"Actualidad","link":"https:\/\/lahoradelcampo.com.uy\/site\/category\/actualidad\/"},"img":{"alt_text":"","src":"https:\/\/i0.wp.com\/lahoradelcampo.com.uy\/site\/wp-content\/uploads\/2020\/11\/paradaherreriagaudin.jpg?fit=880%2C440&ssl=1&resize=350%2C200","width":350,"height":200,"srcset":"https:\/\/i0.wp.com\/lahoradelcampo.com.uy\/site\/wp-content\/uploads\/2020\/11\/paradaherreriagaudin.jpg?fit=880%2C440&ssl=1&resize=350%2C200 1x, https:\/\/i0.wp.com\/lahoradelcampo.com.uy\/site\/wp-content\/uploads\/2020\/11\/paradaherreriagaudin.jpg?fit=880%2C440&ssl=1&resize=525%2C300 1.5x, https:\/\/i0.wp.com\/lahoradelcampo.com.uy\/site\/wp-content\/uploads\/2020\/11\/paradaherreriagaudin.jpg?fit=880%2C440&ssl=1&resize=700%2C400 2x"},"classes":[]}],"jetpack_likes_enabled":true,"_links":{"self":[{"href":"https:\/\/lahoradelcampo.com.uy\/site\/wp-json\/wp\/v2\/posts\/30108","targetHints":{"allow":["GET"]}}],"collection":[{"href":"https:\/\/lahoradelcampo.com.uy\/site\/wp-json\/wp\/v2\/posts"}],"about":[{"href":"https:\/\/lahoradelcampo.com.uy\/site\/wp-json\/wp\/v2\/types\/post"}],"author":[{"embeddable":true,"href":"https:\/\/lahoradelcampo.com.uy\/site\/wp-json\/wp\/v2\/users\/5"}],"replies":[{"embeddable":true,"href":"https:\/\/lahoradelcampo.com.uy\/site\/wp-json\/wp\/v2\/comments?post=30108"}],"version-history":[{"count":1,"href":"https:\/\/lahoradelcampo.com.uy\/site\/wp-json\/wp\/v2\/posts\/30108\/revisions"}],"predecessor-version":[{"id":30114,"href":"https:\/\/lahoradelcampo.com.uy\/site\/wp-json\/wp\/v2\/posts\/30108\/revisions\/30114"}],"wp:featuredmedia":[{"embeddable":true,"href":"https:\/\/lahoradelcampo.com.uy\/site\/wp-json\/wp\/v2\/media\/30112"}],"wp:attachment":[{"href":"https:\/\/lahoradelcampo.com.uy\/site\/wp-json\/wp\/v2\/media?parent=30108"}],"wp:term":[{"taxonomy":"category","embeddable":true,"href":"https:\/\/lahoradelcampo.com.uy\/site\/wp-json\/wp\/v2\/categories?post=30108"},{"taxonomy":"post_tag","embeddable":true,"href":"https:\/\/lahoradelcampo.com.uy\/site\/wp-json\/wp\/v2\/tags?post=30108"}],"curies":[{"name":"wp","href":"https:\/\/api.w.org\/{rel}","templated":true}]}}