{"id":2831,"date":"2017-10-17T10:00:15","date_gmt":"2017-10-17T13:00:15","guid":{"rendered":"http:\/\/lahoradelcampo.com.uy\/site\/?p=2831"},"modified":"2017-10-18T14:03:04","modified_gmt":"2017-10-18T17:03:04","slug":"san-rafael-alcanzo-us-2-894-por-los-angus","status":"publish","type":"post","link":"https:\/\/lahoradelcampo.com.uy\/site\/san-rafael-alcanzo-us-2-894-por-los-angus\/","title":{"rendered":"San Rafael alcanz\u00f3 U$S 2.894 por los Angus"},"content":{"rendered":"<p><a href=\"https:\/\/i0.wp.com\/lahoradelcampo.com.uy\/site\/wp-content\/uploads\/2017\/10\/San-Rafael.jpg\"><img data-recalc-dims=\"1\" loading=\"lazy\" decoding=\"async\" data-attachment-id=\"2839\" data-permalink=\"https:\/\/lahoradelcampo.com.uy\/site\/san-rafael-alcanzo-us-2-894-por-los-angus\/san-rafael\/\" data-orig-file=\"https:\/\/i0.wp.com\/lahoradelcampo.com.uy\/site\/wp-content\/uploads\/2017\/10\/San-Rafael.jpg?fit=880%2C440&amp;ssl=1\" data-orig-size=\"880,440\" data-comments-opened=\"1\" data-image-meta=\"{&quot;aperture&quot;:&quot;0&quot;,&quot;credit&quot;:&quot;Vicente-Manuel-Tort&quot;,&quot;camera&quot;:&quot;&quot;,&quot;caption&quot;:&quot;&quot;,&quot;created_timestamp&quot;:&quot;0&quot;,&quot;copyright&quot;:&quot;Presidencia de la Republica - Sec.Com.Inst.&quot;,&quot;focal_length&quot;:&quot;0&quot;,&quot;iso&quot;:&quot;0&quot;,&quot;shutter_speed&quot;:&quot;0&quot;,&quot;title&quot;:&quot;&quot;,&quot;orientation&quot;:&quot;1&quot;}\" data-image-title=\"San Rafael\" data-image-description=\"\" data-image-caption=\"\" data-large-file=\"https:\/\/i0.wp.com\/lahoradelcampo.com.uy\/site\/wp-content\/uploads\/2017\/10\/San-Rafael.jpg?fit=810%2C405&amp;ssl=1\" class=\"aligncenter size-full wp-image-2839\" src=\"https:\/\/i0.wp.com\/lahoradelcampo.com.uy\/site\/wp-content\/uploads\/2017\/10\/San-Rafael.jpg?resize=810%2C405\" alt=\"\" width=\"810\" height=\"405\" srcset=\"https:\/\/i0.wp.com\/lahoradelcampo.com.uy\/site\/wp-content\/uploads\/2017\/10\/San-Rafael.jpg?w=880&amp;ssl=1 880w, https:\/\/i0.wp.com\/lahoradelcampo.com.uy\/site\/wp-content\/uploads\/2017\/10\/San-Rafael.jpg?resize=300%2C150&amp;ssl=1 300w, https:\/\/i0.wp.com\/lahoradelcampo.com.uy\/site\/wp-content\/uploads\/2017\/10\/San-Rafael.jpg?resize=768%2C384&amp;ssl=1 768w, https:\/\/i0.wp.com\/lahoradelcampo.com.uy\/site\/wp-content\/uploads\/2017\/10\/San-Rafael.jpg?resize=820%2C410&amp;ssl=1 820w\" sizes=\"auto, (max-width: 810px) 100vw, 810px\" \/><\/a>Caba\u00f1a San Rafael y Vasco Pampeano comercializaron en la jornada de ayer sus reproductores Angus y Polled Hereford, con colocaci\u00f3n parcial de la oferta de toros Hereford de dos a\u00f1os.<\/p>\n<p>Las ventas comenzaron con los vientres, coloc\u00e1ndose 5 vacas SA pre\u00f1adas a U$S 936 y 3 vaquillonas SA servidas a U$S 840. En tanto las 10 vaquillonas HS de 2 a\u00f1os para entorar se pagaron U$S 600.<\/p>\n<p>En el caso de los reproductores, las ventas comenzaron con el Aberdeen Angus, donde se colocaron los 17 toros ofertados a U$S 2.894 de promedio, con un m\u00e1ximo de 3.120 y un m\u00ednimo de U$S 2,160.<\/p>\n<p>En este caso las ventas comenzaron con buena din\u00e1mica y valores acordes a la oferta presentada en la pista.<\/p>\n<p>En tanto que en la venta de los Polled Hereford, se colocaron r\u00e1pidamente los primeros tres toros de pedigree de tres a\u00f1os, en tanto que en los toros de dos a\u00f1os se trancaron las ventas, quedando ocho toros sin colocaci\u00f3n.<\/p>\n<p>Los valores del Polled Hereford se posicionaron entre U$S 2.880 y U$S 2.160, con un promedio de U$S 2.500 para los 6 toros comercializados.<\/p>\n<p>Omar Burutaran, al cierre del remate dijo que \u00abla realidad nos marca que la raza Angus ha tenido una aceptaci\u00f3n muy grande, no as\u00ed la raza Hereford, lamentablemente de mi parte, hubiera deseado presentar la mercader\u00eda de otra forma, con algunos kilos de m\u00e1s, pero fue un a\u00f1o muy dif\u00edcil, San Rafael tiene un \u00e1rea muy chica donde se puede hacer verdeo y a eso hay que darle diferentes utilidades y eso nos ha llevado a recurrir que los toros tuvieran que estar en un encierre para poder llegar\u00bb.<\/p>\n<p>Escuche la entrevista con Omar Burutaran, al cierre del remate:<\/p>\n\n","protected":false},"excerpt":{"rendered":"<p>Caba\u00f1a San Rafael y Vasco Pampeano comercializaron en la jornada de ayer sus reproductores Angus y Polled Hereford, con colocaci\u00f3n parcial de la oferta de toros Hereford de dos a\u00f1os. [&hellip;]<\/p>\n","protected":false},"author":5,"featured_media":2839,"comment_status":"open","ping_status":"open","sticky":false,"template":"","format":"standard","meta":{"_price":"","_stock":"","_tribe_ticket_header":"","_tribe_default_ticket_provider":"","_tribe_ticket_capacity":"0","_ticket_start_date":"","_ticket_end_date":"","_tribe_ticket_show_description":"","_tribe_ticket_show_not_going":false,"_tribe_ticket_use_global_stock":"","_tribe_ticket_global_stock_level":"","_global_stock_mode":"","_global_stock_cap":"","_tribe_rsvp_for_event":"","_tribe_ticket_going_count":"","_tribe_ticket_not_going_count":"","_tribe_tickets_list":"[]","_tribe_ticket_has_attendee_info_fields":false,"h5ap_radio_sources":[],"_jetpack_newsletter_access":"","_jetpack_dont_email_post_to_subs":false,"_jetpack_newsletter_tier_id":0,"_jetpack_memberships_contains_paywalled_content":false,"_jetpack_memberships_contains_paid_content":false,"footnotes":""},"categories":[21,5],"tags":[231,157,771,555,773],"class_list":["post-2831","post","type-post","status-publish","format-standard","has-post-thumbnail","hentry","category-actualidad","category-ganaderia","tag-angus","tag-hereford","tag-san-rafael","tag-zafra-de-reproductores","tag-zambrano-cia"],"jetpack_featured_media_url":"https:\/\/i0.wp.com\/lahoradelcampo.com.uy\/site\/wp-content\/uploads\/2017\/10\/San-Rafael.jpg?fit=880%2C440&ssl=1","jetpack_sharing_enabled":true,"jetpack_shortlink":"https:\/\/wp.me\/p99IaT-JF","jetpack-related-posts":[{"id":2681,"url":"https:\/\/lahoradelcampo.com.uy\/site\/la-magdalena-vendio-137-toros-a-un-promedio-de-us-3-228\/","url_meta":{"origin":2831,"position":0},"title":"La Magdalena vendi\u00f3 137 toros a un promedio de U$S 3.228","author":"La Hora del Campo","date":"15 octubre, 2017","format":false,"excerpt":"El viernes por la tarde, la caba\u00f1a \"La Magadalena\" de Los Tordos S. en C., realiz\u00f3 su d\u00e9cimo quinto remate anual en el local Valent\u00edn de Salto, en una tarde gris pero \u00e1gil y r\u00e1pida en la concreci\u00f3n de los negocios en la pista, coloc\u00e1ndose el 100% de la oferta\u2026","rel":"","context":"En \u00abActualidad\u00bb","block_context":{"text":"Actualidad","link":"https:\/\/lahoradelcampo.com.uy\/site\/category\/actualidad\/"},"img":{"alt_text":"","src":"https:\/\/i0.wp.com\/lahoradelcampo.com.uy\/site\/wp-content\/uploads\/2017\/10\/La-Magdalena.jpg?fit=880%2C440&ssl=1&resize=350%2C200","width":350,"height":200,"srcset":"https:\/\/i0.wp.com\/lahoradelcampo.com.uy\/site\/wp-content\/uploads\/2017\/10\/La-Magdalena.jpg?fit=880%2C440&ssl=1&resize=350%2C200 1x, https:\/\/i0.wp.com\/lahoradelcampo.com.uy\/site\/wp-content\/uploads\/2017\/10\/La-Magdalena.jpg?fit=880%2C440&ssl=1&resize=525%2C300 1.5x, https:\/\/i0.wp.com\/lahoradelcampo.com.uy\/site\/wp-content\/uploads\/2017\/10\/La-Magdalena.jpg?fit=880%2C440&ssl=1&resize=700%2C400 2x"},"classes":[]},{"id":52753,"url":"https:\/\/lahoradelcampo.com.uy\/site\/san-rafael-alcanzo-us-2-801-por-45-toros-aberdeen-angus-polled-hereford-y-brangus\/","url_meta":{"origin":2831,"position":1},"title":"San Rafael alcanz\u00f3 US$ 2.801 por 45 toros Aberdeen Angus, Polled Hereford y Brangus","author":"La Hora del Campo","date":"13 octubre, 2023","format":false,"excerpt":"En la jornada de ayer, con el martillo de Gerardo Zambrano, se realiz\u00f3 la venta anual de caba\u00f1a San Rafael, en el predio de la Asociaci\u00f3n Agropecuaria de Salto, con la comercializaci\u00f3n del 100% de la oferta a diferentes puntos del pa\u00eds. El comienzo de la subasta fue con los\u2026","rel":"","context":"En \u00abActualidad\u00bb","block_context":{"text":"Actualidad","link":"https:\/\/lahoradelcampo.com.uy\/site\/category\/actualidad\/"},"img":{"alt_text":"","src":"https:\/\/i0.wp.com\/lahoradelcampo.com.uy\/site\/wp-content\/uploads\/2023\/10\/SanRafael.jpg?fit=880%2C440&ssl=1&resize=350%2C200","width":350,"height":200,"srcset":"https:\/\/i0.wp.com\/lahoradelcampo.com.uy\/site\/wp-content\/uploads\/2023\/10\/SanRafael.jpg?fit=880%2C440&ssl=1&resize=350%2C200 1x, https:\/\/i0.wp.com\/lahoradelcampo.com.uy\/site\/wp-content\/uploads\/2023\/10\/SanRafael.jpg?fit=880%2C440&ssl=1&resize=525%2C300 1.5x, https:\/\/i0.wp.com\/lahoradelcampo.com.uy\/site\/wp-content\/uploads\/2023\/10\/SanRafael.jpg?fit=880%2C440&ssl=1&resize=700%2C400 2x"},"classes":[]},{"id":46037,"url":"https:\/\/lahoradelcampo.com.uy\/site\/genetica-con-marca-registrada-coloco-85-toros-a-us-4-137\/","url_meta":{"origin":2831,"position":2},"title":"Gen\u00e9tica  con Marca Registrada coloc\u00f3 85 toros a U$S 4.137","author":"La Hora del Campo","date":"1 octubre, 2022","format":false,"excerpt":"Sociedad Ganadera San Salvador, junto con Frigor\u00edfico Modelo y La Rubeta realizaron \u00e9ste viernes su cl\u00e1sico remate \u201cGen\u00e9tica con Marca Registrada\u201d, en el Centro de Ventas Ganaderas Don Tito, colocando 85 toros Aberdeen Angus y Polled Hereford, con un promedio de U$S 4.137, adem\u00e1s de una muy buena venta de\u2026","rel":"","context":"En \u00abActualidad\u00bb","block_context":{"text":"Actualidad","link":"https:\/\/lahoradelcampo.com.uy\/site\/category\/actualidad\/"},"img":{"alt_text":"","src":"https:\/\/i0.wp.com\/lahoradelcampo.com.uy\/site\/wp-content\/uploads\/2022\/10\/Zafratoros-genetica-1.jpg?fit=880%2C440&ssl=1&resize=350%2C200","width":350,"height":200,"srcset":"https:\/\/i0.wp.com\/lahoradelcampo.com.uy\/site\/wp-content\/uploads\/2022\/10\/Zafratoros-genetica-1.jpg?fit=880%2C440&ssl=1&resize=350%2C200 1x, https:\/\/i0.wp.com\/lahoradelcampo.com.uy\/site\/wp-content\/uploads\/2022\/10\/Zafratoros-genetica-1.jpg?fit=880%2C440&ssl=1&resize=525%2C300 1.5x, https:\/\/i0.wp.com\/lahoradelcampo.com.uy\/site\/wp-content\/uploads\/2022\/10\/Zafratoros-genetica-1.jpg?fit=880%2C440&ssl=1&resize=700%2C400 2x"},"classes":[]},{"id":2131,"url":"https:\/\/lahoradelcampo.com.uy\/site\/tierra-de-toros-us-2-756-por-los-angus-y-us-2-762-por-los-hereford\/","url_meta":{"origin":2831,"position":3},"title":"Tierra de toros: U$S 2.756 por los Angus y U$S 2.762 por los Hereford","author":"La Hora del Campo","date":"4 octubre, 2017","format":false,"excerpt":"El remate \"Tierra de Toros\" realizado en la jornada de ayer en el local de la Exposici\u00f3n Feria de Paysand\u00fa, alcanz\u00f3 un promedio de U$S 2.756 por los Aberdeen Angus, un 1,6% por encima de las ventas de 2016; en tanto que los Polled Hereford alcanzaron U$S 2.762, un 16,9%\u2026","rel":"","context":"En \u00abActualidad\u00bb","block_context":{"text":"Actualidad","link":"https:\/\/lahoradelcampo.com.uy\/site\/category\/actualidad\/"},"img":{"alt_text":"","src":"https:\/\/i0.wp.com\/lahoradelcampo.com.uy\/site\/wp-content\/uploads\/2017\/10\/Remate-Tierra-de-toros.jpg?fit=880%2C440&ssl=1&resize=350%2C200","width":350,"height":200,"srcset":"https:\/\/i0.wp.com\/lahoradelcampo.com.uy\/site\/wp-content\/uploads\/2017\/10\/Remate-Tierra-de-toros.jpg?fit=880%2C440&ssl=1&resize=350%2C200 1x, https:\/\/i0.wp.com\/lahoradelcampo.com.uy\/site\/wp-content\/uploads\/2017\/10\/Remate-Tierra-de-toros.jpg?fit=880%2C440&ssl=1&resize=525%2C300 1.5x, https:\/\/i0.wp.com\/lahoradelcampo.com.uy\/site\/wp-content\/uploads\/2017\/10\/Remate-Tierra-de-toros.jpg?fit=880%2C440&ssl=1&resize=700%2C400 2x"},"classes":[]},{"id":15077,"url":"https:\/\/lahoradelcampo.com.uy\/site\/festejo-y-ventas-totales-en-el-remate-de-san-rafael\/","url_meta":{"origin":2831,"position":4},"title":"Festejo y ventas totales en el remate de San Rafael","author":"La Hora del Campo","date":"15 octubre, 2019","format":false,"excerpt":"La caba\u00f1a San Rafael de Burutaran y Vasco Pampeano, comercializaron ayer sus reproductores en el predio de la Asociaci\u00f3n Agropecuaria de Salto, en una tarde noche fr\u00eda, luego del cambio de clima y las precipitaciones. En la pista una oferta muy bien presentada y previo a las ventas un repaso\u2026","rel":"","context":"En \u00abActualidad\u00bb","block_context":{"text":"Actualidad","link":"https:\/\/lahoradelcampo.com.uy\/site\/category\/actualidad\/"},"img":{"alt_text":"","src":"https:\/\/i0.wp.com\/lahoradelcampo.com.uy\/site\/wp-content\/uploads\/2019\/10\/San-Rafael.jpg?fit=880%2C440&ssl=1&resize=350%2C200","width":350,"height":200,"srcset":"https:\/\/i0.wp.com\/lahoradelcampo.com.uy\/site\/wp-content\/uploads\/2019\/10\/San-Rafael.jpg?fit=880%2C440&ssl=1&resize=350%2C200 1x, https:\/\/i0.wp.com\/lahoradelcampo.com.uy\/site\/wp-content\/uploads\/2019\/10\/San-Rafael.jpg?fit=880%2C440&ssl=1&resize=525%2C300 1.5x, https:\/\/i0.wp.com\/lahoradelcampo.com.uy\/site\/wp-content\/uploads\/2019\/10\/San-Rafael.jpg?fit=880%2C440&ssl=1&resize=700%2C400 2x"},"classes":[]},{"id":24596,"url":"https:\/\/lahoradelcampo.com.uy\/site\/san-rafael-vendio-su-torada-hereford-y-angus-a-us-2-345\/","url_meta":{"origin":2831,"position":5},"title":"San Rafael vendi\u00f3 su torada Hereford y Angus a US$ 2.345","author":"La Hora del Campo","date":"13 octubre, 2020","format":false,"excerpt":"En el local de la Asociaci\u00f3n Agropecuaria de Salto, previo llenado de una planilla de control, la toma de temperatura, el alcohol en gel y el uso de tapabocas, la caba\u00f1a salte\u00f1a San Rafael coloc\u00f3 el 100% de la oferta en la pista, con un muy buen marco de clientes\u2026","rel":"","context":"En \u00abActualidad\u00bb","block_context":{"text":"Actualidad","link":"https:\/\/lahoradelcampo.com.uy\/site\/category\/actualidad\/"},"img":{"alt_text":"","src":"https:\/\/i0.wp.com\/lahoradelcampo.com.uy\/site\/wp-content\/uploads\/2020\/10\/sanrafaelfotoremate.jpg?fit=880%2C440&ssl=1&resize=350%2C200","width":350,"height":200,"srcset":"https:\/\/i0.wp.com\/lahoradelcampo.com.uy\/site\/wp-content\/uploads\/2020\/10\/sanrafaelfotoremate.jpg?fit=880%2C440&ssl=1&resize=350%2C200 1x, https:\/\/i0.wp.com\/lahoradelcampo.com.uy\/site\/wp-content\/uploads\/2020\/10\/sanrafaelfotoremate.jpg?fit=880%2C440&ssl=1&resize=525%2C300 1.5x, https:\/\/i0.wp.com\/lahoradelcampo.com.uy\/site\/wp-content\/uploads\/2020\/10\/sanrafaelfotoremate.jpg?fit=880%2C440&ssl=1&resize=700%2C400 2x"},"classes":[]}],"jetpack_likes_enabled":true,"_links":{"self":[{"href":"https:\/\/lahoradelcampo.com.uy\/site\/wp-json\/wp\/v2\/posts\/2831","targetHints":{"allow":["GET"]}}],"collection":[{"href":"https:\/\/lahoradelcampo.com.uy\/site\/wp-json\/wp\/v2\/posts"}],"about":[{"href":"https:\/\/lahoradelcampo.com.uy\/site\/wp-json\/wp\/v2\/types\/post"}],"author":[{"embeddable":true,"href":"https:\/\/lahoradelcampo.com.uy\/site\/wp-json\/wp\/v2\/users\/5"}],"replies":[{"embeddable":true,"href":"https:\/\/lahoradelcampo.com.uy\/site\/wp-json\/wp\/v2\/comments?post=2831"}],"version-history":[{"count":1,"href":"https:\/\/lahoradelcampo.com.uy\/site\/wp-json\/wp\/v2\/posts\/2831\/revisions"}],"predecessor-version":[{"id":2841,"href":"https:\/\/lahoradelcampo.com.uy\/site\/wp-json\/wp\/v2\/posts\/2831\/revisions\/2841"}],"wp:featuredmedia":[{"embeddable":true,"href":"https:\/\/lahoradelcampo.com.uy\/site\/wp-json\/wp\/v2\/media\/2839"}],"wp:attachment":[{"href":"https:\/\/lahoradelcampo.com.uy\/site\/wp-json\/wp\/v2\/media?parent=2831"}],"wp:term":[{"taxonomy":"category","embeddable":true,"href":"https:\/\/lahoradelcampo.com.uy\/site\/wp-json\/wp\/v2\/categories?post=2831"},{"taxonomy":"post_tag","embeddable":true,"href":"https:\/\/lahoradelcampo.com.uy\/site\/wp-json\/wp\/v2\/tags?post=2831"}],"curies":[{"name":"wp","href":"https:\/\/api.w.org\/{rel}","templated":true}]}}