{"id":2789,"date":"2017-10-17T10:28:18","date_gmt":"2017-10-17T13:28:18","guid":{"rendered":"http:\/\/lahoradelcampo.com.uy\/site\/?p=2789"},"modified":"2017-10-17T10:28:18","modified_gmt":"2017-10-17T13:28:18","slug":"mercado-del-gordo-confirma-su-tendencia-alcista","status":"publish","type":"post","link":"https:\/\/lahoradelcampo.com.uy\/site\/mercado-del-gordo-confirma-su-tendencia-alcista\/","title":{"rendered":"Mercado del gordo confirma su tendencia alcista"},"content":{"rendered":"<p>La planilla semanal de la Asociaci\u00f3n de Consignatarios de Ganados del Uruguay confirm\u00f3 la tendencia alcista que se ha mencionado en las \u00faltimas semanas con respecto al ganado gordo, aunque puntualmente algunos consignatarios han se\u00f1alado que los valores tienden a detener su incremento.<\/p>\n<p>El comentario de los consignatarios a sido: Mercado firme para todas las categor\u00edas.<\/p>\n<p><a href=\"https:\/\/i0.wp.com\/lahoradelcampo.com.uy\/site\/wp-content\/uploads\/2017\/10\/IMG_20171017_034359.jpg\"><img data-recalc-dims=\"1\" loading=\"lazy\" decoding=\"async\" data-attachment-id=\"2795\" data-permalink=\"https:\/\/lahoradelcampo.com.uy\/site\/mercado-del-gordo-confirma-su-tendencia-alcista\/img_20171017_034359\/\" data-orig-file=\"https:\/\/i0.wp.com\/lahoradelcampo.com.uy\/site\/wp-content\/uploads\/2017\/10\/IMG_20171017_034359.jpg?fit=865%2C1700&amp;ssl=1\" data-orig-size=\"865,1700\" data-comments-opened=\"1\" data-image-meta=\"{&quot;aperture&quot;:&quot;0&quot;,&quot;credit&quot;:&quot;&quot;,&quot;camera&quot;:&quot;&quot;,&quot;caption&quot;:&quot;&quot;,&quot;created_timestamp&quot;:&quot;0&quot;,&quot;copyright&quot;:&quot;&quot;,&quot;focal_length&quot;:&quot;0&quot;,&quot;iso&quot;:&quot;0&quot;,&quot;shutter_speed&quot;:&quot;0&quot;,&quot;title&quot;:&quot;&quot;,&quot;orientation&quot;:&quot;0&quot;}\" data-image-title=\"IMG_20171017_034359\" data-image-description=\"\" data-image-caption=\"\" data-large-file=\"https:\/\/i0.wp.com\/lahoradelcampo.com.uy\/site\/wp-content\/uploads\/2017\/10\/IMG_20171017_034359.jpg?fit=521%2C1024&amp;ssl=1\" class=\"aligncenter size-full wp-image-2795\" src=\"https:\/\/i0.wp.com\/lahoradelcampo.com.uy\/site\/wp-content\/uploads\/2017\/10\/IMG_20171017_034359.jpg?resize=810%2C1592\" alt=\"\" width=\"810\" height=\"1592\" srcset=\"https:\/\/i0.wp.com\/lahoradelcampo.com.uy\/site\/wp-content\/uploads\/2017\/10\/IMG_20171017_034359.jpg?w=865&amp;ssl=1 865w, https:\/\/i0.wp.com\/lahoradelcampo.com.uy\/site\/wp-content\/uploads\/2017\/10\/IMG_20171017_034359.jpg?resize=153%2C300&amp;ssl=1 153w, https:\/\/i0.wp.com\/lahoradelcampo.com.uy\/site\/wp-content\/uploads\/2017\/10\/IMG_20171017_034359.jpg?resize=768%2C1509&amp;ssl=1 768w, https:\/\/i0.wp.com\/lahoradelcampo.com.uy\/site\/wp-content\/uploads\/2017\/10\/IMG_20171017_034359.jpg?resize=521%2C1024&amp;ssl=1 521w\" sizes=\"auto, (max-width: 810px) 100vw, 810px\" \/><\/a><\/p>\n<blockquote><p><strong>Ovinos<\/strong><\/p><\/blockquote>\n<p>En esta especie tambi\u00e9n se aprecia un fortalecimiento de los valores en todas las categor\u00edas.<\/p>\n<p>Para el ovino, el comentario es: Mercado firme.<\/p>\n<p><a href=\"https:\/\/i0.wp.com\/lahoradelcampo.com.uy\/site\/wp-content\/uploads\/2017\/10\/IMG_20171017_034433.jpg\"><img data-recalc-dims=\"1\" loading=\"lazy\" decoding=\"async\" data-attachment-id=\"2797\" data-permalink=\"https:\/\/lahoradelcampo.com.uy\/site\/mercado-del-gordo-confirma-su-tendencia-alcista\/img_20171017_034433\/\" data-orig-file=\"https:\/\/i0.wp.com\/lahoradelcampo.com.uy\/site\/wp-content\/uploads\/2017\/10\/IMG_20171017_034433.jpg?fit=865%2C400&amp;ssl=1\" data-orig-size=\"865,400\" data-comments-opened=\"1\" data-image-meta=\"{&quot;aperture&quot;:&quot;0&quot;,&quot;credit&quot;:&quot;&quot;,&quot;camera&quot;:&quot;&quot;,&quot;caption&quot;:&quot;&quot;,&quot;created_timestamp&quot;:&quot;0&quot;,&quot;copyright&quot;:&quot;&quot;,&quot;focal_length&quot;:&quot;0&quot;,&quot;iso&quot;:&quot;0&quot;,&quot;shutter_speed&quot;:&quot;0&quot;,&quot;title&quot;:&quot;&quot;,&quot;orientation&quot;:&quot;0&quot;}\" data-image-title=\"IMG_20171017_034433\" data-image-description=\"\" data-image-caption=\"\" data-large-file=\"https:\/\/i0.wp.com\/lahoradelcampo.com.uy\/site\/wp-content\/uploads\/2017\/10\/IMG_20171017_034433.jpg?fit=810%2C375&amp;ssl=1\" class=\"aligncenter size-full wp-image-2797\" src=\"https:\/\/i0.wp.com\/lahoradelcampo.com.uy\/site\/wp-content\/uploads\/2017\/10\/IMG_20171017_034433.jpg?resize=810%2C375\" alt=\"\" width=\"810\" height=\"375\" srcset=\"https:\/\/i0.wp.com\/lahoradelcampo.com.uy\/site\/wp-content\/uploads\/2017\/10\/IMG_20171017_034433.jpg?w=865&amp;ssl=1 865w, https:\/\/i0.wp.com\/lahoradelcampo.com.uy\/site\/wp-content\/uploads\/2017\/10\/IMG_20171017_034433.jpg?resize=300%2C139&amp;ssl=1 300w, https:\/\/i0.wp.com\/lahoradelcampo.com.uy\/site\/wp-content\/uploads\/2017\/10\/IMG_20171017_034433.jpg?resize=768%2C355&amp;ssl=1 768w\" sizes=\"auto, (max-width: 810px) 100vw, 810px\" \/><\/a><\/p>\n<p>Fuente: ACG<\/p>\n","protected":false},"excerpt":{"rendered":"<p>La planilla semanal de la Asociaci\u00f3n de Consignatarios de Ganados del Uruguay confirm\u00f3 la tendencia alcista que se ha mencionado en las \u00faltimas semanas con respecto al ganado gordo, aunque [&hellip;]<\/p>\n","protected":false},"author":5,"featured_media":2791,"comment_status":"open","ping_status":"open","sticky":false,"template":"","format":"standard","meta":{"_price":"","_stock":"","_tribe_ticket_header":"","_tribe_default_ticket_provider":"","_tribe_ticket_capacity":"0","_ticket_start_date":"","_ticket_end_date":"","_tribe_ticket_show_description":"","_tribe_ticket_show_not_going":false,"_tribe_ticket_use_global_stock":"","_tribe_ticket_global_stock_level":"","_global_stock_mode":"","_global_stock_cap":"","_tribe_rsvp_for_event":"","_tribe_ticket_going_count":"","_tribe_ticket_not_going_count":"","_tribe_tickets_list":"[]","_tribe_ticket_has_attendee_info_fields":false,"h5ap_radio_sources":[],"_jetpack_newsletter_access":"","_jetpack_dont_email_post_to_subs":false,"_jetpack_newsletter_tier_id":0,"_jetpack_memberships_contains_paywalled_content":false,"_jetpack_memberships_contains_paid_content":false,"footnotes":""},"categories":[21,5],"tags":[765,217,363,361,763,761],"class_list":["post-2789","post","type-post","status-publish","format-standard","has-post-thumbnail","hentry","category-actualidad","category-ganaderia","tag-asociacion-de-consg","tag-consignatarios","tag-faena","tag-frigorificos","tag-industria-frigorifica","tag-mercado-de-hacienda-gorda"],"jetpack_featured_media_url":"https:\/\/i0.wp.com\/lahoradelcampo.com.uy\/site\/wp-content\/uploads\/2017\/10\/Ganado-gordo-1.jpg?fit=880%2C440&ssl=1","jetpack_sharing_enabled":true,"jetpack_shortlink":"https:\/\/wp.me\/p99IaT-IZ","jetpack-related-posts":[{"id":3097,"url":"https:\/\/lahoradelcampo.com.uy\/site\/ganado-gordo-continua-con-tendencia-alcista\/","url_meta":{"origin":2789,"position":0},"title":"Ganado gordo contin\u00faa con tendencia alcista","author":"La Hora del Campo","date":"24 octubre, 2017","format":false,"excerpt":"Las referencias del mercado de hacienda gorda brindadas por la Asociaci\u00f3n de Consignatarios de Ganados del Uruguay esta semana marcan una nueva suba en los valores. El novillo gordo, alcanza a cotizar los U$S 3,15 en promedio para la exportaci\u00f3n, en tanto que al abasto interno se ubica en U$S\u2026","rel":"","context":"En \u00abActualidad\u00bb","block_context":{"text":"Actualidad","link":"https:\/\/lahoradelcampo.com.uy\/site\/category\/actualidad\/"},"img":{"alt_text":"","src":"https:\/\/i0.wp.com\/lahoradelcampo.com.uy\/site\/wp-content\/uploads\/2017\/10\/Ganados.jpg?fit=880%2C440&ssl=1&resize=350%2C200","width":350,"height":200,"srcset":"https:\/\/i0.wp.com\/lahoradelcampo.com.uy\/site\/wp-content\/uploads\/2017\/10\/Ganados.jpg?fit=880%2C440&ssl=1&resize=350%2C200 1x, https:\/\/i0.wp.com\/lahoradelcampo.com.uy\/site\/wp-content\/uploads\/2017\/10\/Ganados.jpg?fit=880%2C440&ssl=1&resize=525%2C300 1.5x, https:\/\/i0.wp.com\/lahoradelcampo.com.uy\/site\/wp-content\/uploads\/2017\/10\/Ganados.jpg?fit=880%2C440&ssl=1&resize=700%2C400 2x"},"classes":[]},{"id":56156,"url":"https:\/\/lahoradelcampo.com.uy\/site\/consignatarios-sigue-marcando-subas-en-el-ganado-gordo\/","url_meta":{"origin":2789,"position":1},"title":"Consignatarios sigue marcando subas en el ganado gordo","author":"La Hora del Campo","date":"6 junio, 2025","format":false,"excerpt":"Con \"menor oferta\" y \"buena demanda\" el mercado se mantiene firme y vuelve a tonificar los valores respecto a la pasada semana, de acuerdo con los valores indicados en la planilla de consignatarios correspondiente a la semana cerrada el 31 de mayo. Tras su reuni\u00f3n de precios de este lunes,\u2026","rel":"","context":"En \u00abActualidad\u00bb","block_context":{"text":"Actualidad","link":"https:\/\/lahoradelcampo.com.uy\/site\/category\/actualidad\/"},"img":{"alt_text":"","src":"https:\/\/i0.wp.com\/lahoradelcampo.com.uy\/site\/wp-content\/uploads\/2024\/12\/ganado-reposicion.jpg?fit=880%2C440&ssl=1&resize=350%2C200","width":350,"height":200,"srcset":"https:\/\/i0.wp.com\/lahoradelcampo.com.uy\/site\/wp-content\/uploads\/2024\/12\/ganado-reposicion.jpg?fit=880%2C440&ssl=1&resize=350%2C200 1x, https:\/\/i0.wp.com\/lahoradelcampo.com.uy\/site\/wp-content\/uploads\/2024\/12\/ganado-reposicion.jpg?fit=880%2C440&ssl=1&resize=525%2C300 1.5x, https:\/\/i0.wp.com\/lahoradelcampo.com.uy\/site\/wp-content\/uploads\/2024\/12\/ganado-reposicion.jpg?fit=880%2C440&ssl=1&resize=700%2C400 2x"},"classes":[]},{"id":4599,"url":"https:\/\/lahoradelcampo.com.uy\/site\/mercado-del-gordo-distorsionado\/","url_meta":{"origin":2789,"position":2},"title":"Mercado del gordo distorsionado","author":"La Hora del Campo","date":"5 diciembre, 2017","format":false,"excerpt":"Luego de la reuni\u00f3n de todos los lunes por parte de la Asociaci\u00f3n de Consignatarios de Ganados del Uruguay (ACG) la gremial public\u00f3 la planilla de valores para la hacienda gorda donde se vuelven a ajustar a la baja.\u00a0En su comentario de vacunos, los intermediarios se\u00f1alan que \"persiste mercado distorsionado\u2026","rel":"","context":"En \u00abActualidad\u00bb","block_context":{"text":"Actualidad","link":"https:\/\/lahoradelcampo.com.uy\/site\/category\/actualidad\/"},"img":{"alt_text":"","src":"https:\/\/i0.wp.com\/lahoradelcampo.com.uy\/site\/wp-content\/uploads\/2017\/12\/gordo.jpg?fit=880%2C440&ssl=1&resize=350%2C200","width":350,"height":200,"srcset":"https:\/\/i0.wp.com\/lahoradelcampo.com.uy\/site\/wp-content\/uploads\/2017\/12\/gordo.jpg?fit=880%2C440&ssl=1&resize=350%2C200 1x, https:\/\/i0.wp.com\/lahoradelcampo.com.uy\/site\/wp-content\/uploads\/2017\/12\/gordo.jpg?fit=880%2C440&ssl=1&resize=525%2C300 1.5x, https:\/\/i0.wp.com\/lahoradelcampo.com.uy\/site\/wp-content\/uploads\/2017\/12\/gordo.jpg?fit=880%2C440&ssl=1&resize=700%2C400 2x"},"classes":[]},{"id":56610,"url":"https:\/\/lahoradelcampo.com.uy\/site\/mercado-de-haciendas-sigue-con-demanda-firme-y-precios-al-alza\/","url_meta":{"origin":2789,"position":3},"title":"Mercado de haciendas sigue con demanda firme y precios al alza","author":"La Hora del Campo","date":"19 agosto, 2025","format":false,"excerpt":"Los precios de la hacienda con destino a faena contin\u00faan con su tendencia alcista en todas las categor\u00edas. \u201cCon demanda que se adecua a la \u00e9poca, mercado firme para todas las categor\u00edas\u201d dijo la Asociaci\u00f3n de Consignatarios de Ganados (ACG) tras su reuni\u00f3n de precios de este lunes 18 de\u2026","rel":"","context":"En \u00abActualidad\u00bb","block_context":{"text":"Actualidad","link":"https:\/\/lahoradelcampo.com.uy\/site\/category\/actualidad\/"},"img":{"alt_text":"","src":"https:\/\/i0.wp.com\/lahoradelcampo.com.uy\/site\/wp-content\/uploads\/2024\/07\/GanadoHereford.jpg?fit=880%2C440&ssl=1&resize=350%2C200","width":350,"height":200,"srcset":"https:\/\/i0.wp.com\/lahoradelcampo.com.uy\/site\/wp-content\/uploads\/2024\/07\/GanadoHereford.jpg?fit=880%2C440&ssl=1&resize=350%2C200 1x, https:\/\/i0.wp.com\/lahoradelcampo.com.uy\/site\/wp-content\/uploads\/2024\/07\/GanadoHereford.jpg?fit=880%2C440&ssl=1&resize=525%2C300 1.5x, https:\/\/i0.wp.com\/lahoradelcampo.com.uy\/site\/wp-content\/uploads\/2024\/07\/GanadoHereford.jpg?fit=880%2C440&ssl=1&resize=700%2C400 2x"},"classes":[]},{"id":2483,"url":"https:\/\/lahoradelcampo.com.uy\/site\/con-disparidad-entre-plantas-el-mercado-se-tonifica\/","url_meta":{"origin":2789,"position":4},"title":"Con disparidad entre plantas el mercado del gordo se tonifica","author":"La Hora del Campo","date":"10 octubre, 2017","format":false,"excerpt":"Este lunes la Asociaci\u00f3n de Consignatarios de Ganados del Uruguay se reuni\u00f3 en asamblea en la ciudad de Tacuaremb\u00f3, marcando su visi\u00f3n del mercado y los valores que se han registrado en la \u00faltima semana. Seg\u00fan los operadores el mercado de hacienda gorda en el pa\u00eds, se encuentra con demanda\u2026","rel":"","context":"En \u00abActualidad\u00bb","block_context":{"text":"Actualidad","link":"https:\/\/lahoradelcampo.com.uy\/site\/category\/actualidad\/"},"img":{"alt_text":"","src":"https:\/\/i0.wp.com\/lahoradelcampo.com.uy\/site\/wp-content\/uploads\/2017\/10\/Ganado-gordo.jpg?fit=880%2C440&ssl=1&resize=350%2C200","width":350,"height":200,"srcset":"https:\/\/i0.wp.com\/lahoradelcampo.com.uy\/site\/wp-content\/uploads\/2017\/10\/Ganado-gordo.jpg?fit=880%2C440&ssl=1&resize=350%2C200 1x, https:\/\/i0.wp.com\/lahoradelcampo.com.uy\/site\/wp-content\/uploads\/2017\/10\/Ganado-gordo.jpg?fit=880%2C440&ssl=1&resize=525%2C300 1.5x, https:\/\/i0.wp.com\/lahoradelcampo.com.uy\/site\/wp-content\/uploads\/2017\/10\/Ganado-gordo.jpg?fit=880%2C440&ssl=1&resize=700%2C400 2x"},"classes":[]},{"id":40797,"url":"https:\/\/lahoradelcampo.com.uy\/site\/ganado-gordo-vuelve-a-subir-frente-a-una-demanda-muy-activa-y-agil-en-las-cargas\/","url_meta":{"origin":2789,"position":5},"title":"Ganado gordo vuelve a subir frente a una demanda muy activa y \u00e1gil en las cargas","author":"La Hora del Campo","date":"14 abril, 2022","format":false,"excerpt":"La Asociaci\u00f3n de Consignatarios de Ganado (ACG) volvi\u00f3 a registrar un alza en los valores. Para el ganado gordo, el comentario fue que la \u201cdemanda contin\u00faa muy activa y \u00e1gil en las cargas\u201d en tanto que el \u201cmercado est\u00e1 firme para todas las categor\u00edas\u201d. Los valores son significativos, y contin\u00faan\u2026","rel":"","context":"En \u00abActualidad\u00bb","block_context":{"text":"Actualidad","link":"https:\/\/lahoradelcampo.com.uy\/site\/category\/actualidad\/"},"img":{"alt_text":"","src":"https:\/\/i0.wp.com\/lahoradelcampo.com.uy\/site\/wp-content\/uploads\/2021\/11\/ganado-faena.jpg?fit=880%2C440&ssl=1&resize=350%2C200","width":350,"height":200,"srcset":"https:\/\/i0.wp.com\/lahoradelcampo.com.uy\/site\/wp-content\/uploads\/2021\/11\/ganado-faena.jpg?fit=880%2C440&ssl=1&resize=350%2C200 1x, https:\/\/i0.wp.com\/lahoradelcampo.com.uy\/site\/wp-content\/uploads\/2021\/11\/ganado-faena.jpg?fit=880%2C440&ssl=1&resize=525%2C300 1.5x, https:\/\/i0.wp.com\/lahoradelcampo.com.uy\/site\/wp-content\/uploads\/2021\/11\/ganado-faena.jpg?fit=880%2C440&ssl=1&resize=700%2C400 2x"},"classes":[]}],"jetpack_likes_enabled":true,"_links":{"self":[{"href":"https:\/\/lahoradelcampo.com.uy\/site\/wp-json\/wp\/v2\/posts\/2789","targetHints":{"allow":["GET"]}}],"collection":[{"href":"https:\/\/lahoradelcampo.com.uy\/site\/wp-json\/wp\/v2\/posts"}],"about":[{"href":"https:\/\/lahoradelcampo.com.uy\/site\/wp-json\/wp\/v2\/types\/post"}],"author":[{"embeddable":true,"href":"https:\/\/lahoradelcampo.com.uy\/site\/wp-json\/wp\/v2\/users\/5"}],"replies":[{"embeddable":true,"href":"https:\/\/lahoradelcampo.com.uy\/site\/wp-json\/wp\/v2\/comments?post=2789"}],"version-history":[{"count":1,"href":"https:\/\/lahoradelcampo.com.uy\/site\/wp-json\/wp\/v2\/posts\/2789\/revisions"}],"predecessor-version":[{"id":2801,"href":"https:\/\/lahoradelcampo.com.uy\/site\/wp-json\/wp\/v2\/posts\/2789\/revisions\/2801"}],"wp:featuredmedia":[{"embeddable":true,"href":"https:\/\/lahoradelcampo.com.uy\/site\/wp-json\/wp\/v2\/media\/2791"}],"wp:attachment":[{"href":"https:\/\/lahoradelcampo.com.uy\/site\/wp-json\/wp\/v2\/media?parent=2789"}],"wp:term":[{"taxonomy":"category","embeddable":true,"href":"https:\/\/lahoradelcampo.com.uy\/site\/wp-json\/wp\/v2\/categories?post=2789"},{"taxonomy":"post_tag","embeddable":true,"href":"https:\/\/lahoradelcampo.com.uy\/site\/wp-json\/wp\/v2\/tags?post=2789"}],"curies":[{"name":"wp","href":"https:\/\/api.w.org\/{rel}","templated":true}]}}