{"id":2783,"date":"2017-10-17T10:16:15","date_gmt":"2017-10-17T13:16:15","guid":{"rendered":"http:\/\/lahoradelcampo.com.uy\/site\/?p=2783"},"modified":"2017-10-17T10:16:15","modified_gmt":"2017-10-17T13:16:15","slug":"blaggi-sostuvo-que-las-importaciones-de-lacteos-uruguayos-esta-cerrada","status":"publish","type":"post","link":"https:\/\/lahoradelcampo.com.uy\/site\/blaggi-sostuvo-que-las-importaciones-de-lacteos-uruguayos-esta-cerrada\/","title":{"rendered":"Blaggi sostuvo que las importaciones de l\u00e1cteos uruguayos est\u00e1 cerrada"},"content":{"rendered":"<p><a href=\"https:\/\/i0.wp.com\/lahoradelcampo.com.uy\/site\/wp-content\/uploads\/2017\/10\/Blaggi.jpg\"><img data-recalc-dims=\"1\" loading=\"lazy\" decoding=\"async\" data-attachment-id=\"2785\" data-permalink=\"https:\/\/lahoradelcampo.com.uy\/site\/blaggi-sostuvo-que-las-importaciones-de-lacteos-uruguayos-esta-cerrada\/blaggi\/\" data-orig-file=\"https:\/\/i0.wp.com\/lahoradelcampo.com.uy\/site\/wp-content\/uploads\/2017\/10\/Blaggi.jpg?fit=880%2C440&amp;ssl=1\" data-orig-size=\"880,440\" data-comments-opened=\"1\" data-image-meta=\"{&quot;aperture&quot;:&quot;0&quot;,&quot;credit&quot;:&quot;Vicente-Manuel-Tort&quot;,&quot;camera&quot;:&quot;&quot;,&quot;caption&quot;:&quot;&quot;,&quot;created_timestamp&quot;:&quot;0&quot;,&quot;copyright&quot;:&quot;Presidencia de la Republica - Sec.Com.Inst.&quot;,&quot;focal_length&quot;:&quot;0&quot;,&quot;iso&quot;:&quot;0&quot;,&quot;shutter_speed&quot;:&quot;0&quot;,&quot;title&quot;:&quot;&quot;,&quot;orientation&quot;:&quot;1&quot;}\" data-image-title=\"Blaggi\" data-image-description=\"\" data-image-caption=\"\" data-large-file=\"https:\/\/i0.wp.com\/lahoradelcampo.com.uy\/site\/wp-content\/uploads\/2017\/10\/Blaggi.jpg?fit=810%2C405&amp;ssl=1\" class=\"aligncenter size-full wp-image-2785\" src=\"https:\/\/i0.wp.com\/lahoradelcampo.com.uy\/site\/wp-content\/uploads\/2017\/10\/Blaggi.jpg?resize=810%2C405\" alt=\"\" width=\"810\" height=\"405\" srcset=\"https:\/\/i0.wp.com\/lahoradelcampo.com.uy\/site\/wp-content\/uploads\/2017\/10\/Blaggi.jpg?w=880&amp;ssl=1 880w, https:\/\/i0.wp.com\/lahoradelcampo.com.uy\/site\/wp-content\/uploads\/2017\/10\/Blaggi.jpg?resize=300%2C150&amp;ssl=1 300w, https:\/\/i0.wp.com\/lahoradelcampo.com.uy\/site\/wp-content\/uploads\/2017\/10\/Blaggi.jpg?resize=768%2C384&amp;ssl=1 768w, https:\/\/i0.wp.com\/lahoradelcampo.com.uy\/site\/wp-content\/uploads\/2017\/10\/Blaggi.jpg?resize=820%2C410&amp;ssl=1 820w\" sizes=\"auto, (max-width: 810px) 100vw, 810px\" \/><\/a><\/p>\n<p>El Ministro de Agricultura, Pecuaria e Abastecimento de Brasil, Blairo Maggi, sostuvo en una reuni\u00f3n de productores lecheros que las importaciones de l\u00e1cteos desde Uruguay est\u00e1n suspendidas.<\/p>\n<p>El pasado viernes, el gobierno uruguayo emiti\u00f3 un comunicado en su p\u00e1gina web oficial donde dio a conocer un di\u00e1logo entre el presidente de Brasil, Michel Temer, y el de Uruguay, Dr. Tabar\u00e9 Vazquez, donde el primer mandatario brasile\u00f1o y actual Presidente del Mercosur, \u00able comunic\u00f3 a V\u00e1zquez su compromiso personal de que no habr\u00e1 inconvenientes en el ingreso de productos l\u00e1cteos uruguayos a Brasil\u00bb seg\u00fan dice la misiva.<\/p>\n<p>Blaggi, seg\u00fan el peri\u00f3dico Estadao de San Pablo, dijo en dicha reuni\u00f3n que \u00abTemer queda inhibido para discutir estos problemas con los pa\u00edses vecinos por ser el presidente del Mercosur\u00bb.<\/p>\n<p>El jerarca brasile\u00f1o se\u00f1al\u00f3 que la suspensi\u00f3n actual de las importaciones de l\u00e1cteos desde Uruguay, \u00abes transitoria\u00bb en lugar de ser una decisi\u00f3n totalmente autoritaria como la mencionada la semana precedente. Este cambio en su discurso, seg\u00fan admiti\u00f3 el propio Blaggi se debe a que la medida es \u00abpasible de cuestionamientos por parte del pa\u00eds vecino junto a organismos internacionales\u00bb.<\/p>\n<p>El ministro brasile\u00f1o le dijo a los productores lecheros que \u00abno es una medida definitiva y no se conseguir\u00e1 mantener por mucho tiempo, porque si ellos (Uruguay) recorren a la OMC o cualquier organismo internacional, tendr\u00e1n derecho a vender leche a Brasil\u00bb.<\/p>\n<p>Blaggi sostuvo que la soluci\u00f3n a este conflicto es la cuotificaci\u00f3n del ingreso de leche, al igual que lo gestionado con Argentina de 5.000 toneladas por mes. Adem\u00e1s el ministro brasile\u00f1o dijo que quiere excluir la leche de la lista de productos de libre comercio entre los pa\u00edses del Mercosur.<\/p>\n<p><strong>Nota:<\/strong> en base a publicaci\u00f3n de Estadao (Brasil)<\/p>\n","protected":false},"excerpt":{"rendered":"<p>El Ministro de Agricultura, Pecuaria e Abastecimento de Brasil, Blairo Maggi, sostuvo en una reuni\u00f3n de productores lecheros que las importaciones de l\u00e1cteos desde Uruguay est\u00e1n suspendidas. El pasado viernes, [&hellip;]<\/p>\n","protected":false},"author":5,"featured_media":2785,"comment_status":"open","ping_status":"open","sticky":false,"template":"","format":"standard","meta":{"_price":"","_stock":"","_tribe_ticket_header":"","_tribe_default_ticket_provider":"","_tribe_ticket_capacity":"0","_ticket_start_date":"","_ticket_end_date":"","_tribe_ticket_show_description":"","_tribe_ticket_show_not_going":false,"_tribe_ticket_use_global_stock":"","_tribe_ticket_global_stock_level":"","_global_stock_mode":"","_global_stock_cap":"","_tribe_rsvp_for_event":"","_tribe_ticket_going_count":"","_tribe_ticket_not_going_count":"","_tribe_tickets_list":"[]","_tribe_ticket_has_attendee_info_fields":false,"h5ap_radio_sources":[],"_jetpack_newsletter_access":"","_jetpack_dont_email_post_to_subs":false,"_jetpack_newsletter_tier_id":0,"_jetpack_memberships_contains_paywalled_content":false,"_jetpack_memberships_contains_paid_content":false,"footnotes":""},"categories":[21,11],"tags":[759,669,127,113,547,757,83],"class_list":["post-2783","post","type-post","status-publish","format-standard","has-post-thumbnail","hentry","category-actualidad","category-lecheria","tag-blaggi","tag-blairo-maggi","tag-brasil","tag-leche","tag-mercosur","tag-temer","tag-uruguay"],"jetpack_featured_media_url":"https:\/\/i0.wp.com\/lahoradelcampo.com.uy\/site\/wp-content\/uploads\/2017\/10\/Blaggi.jpg?fit=880%2C440&ssl=1","jetpack_sharing_enabled":true,"jetpack_shortlink":"https:\/\/wp.me\/p99IaT-IT","jetpack-related-posts":[{"id":2511,"url":"https:\/\/lahoradelcampo.com.uy\/site\/maggi-anuncio-la-suspension-de-las-licencias-de-importacion-de-lacteos-de-uruguay\/","url_meta":{"origin":2783,"position":0},"title":"Brasil suspendi\u00f3 licencias de importaci\u00f3n de l\u00e1cteos de Uruguay","author":"La Hora del Campo","date":"10 octubre, 2017","format":false,"excerpt":"El ministro de Agricultura, Pecuaria y Abastecimiento de Brasil, Blairo Maggi, anunci\u00f3 luego de reunirse en la C\u00e1mara de Diputados con integrantes del Frente Parlamentar del Agronegocio, que se suspenden las licencias de importaci\u00f3n de leche desde Uruguay. La decisi\u00f3n sera revertida cuando nuestro pa\u00eds compruebe que el 100% de\u2026","rel":"","context":"En \u00abActualidad\u00bb","block_context":{"text":"Actualidad","link":"https:\/\/lahoradelcampo.com.uy\/site\/category\/actualidad\/"},"img":{"alt_text":"","src":"https:\/\/i0.wp.com\/lahoradelcampo.com.uy\/site\/wp-content\/uploads\/2017\/10\/Leche-en-polvo.jpg?fit=880%2C440&ssl=1&resize=350%2C200","width":350,"height":200,"srcset":"https:\/\/i0.wp.com\/lahoradelcampo.com.uy\/site\/wp-content\/uploads\/2017\/10\/Leche-en-polvo.jpg?fit=880%2C440&ssl=1&resize=350%2C200 1x, https:\/\/i0.wp.com\/lahoradelcampo.com.uy\/site\/wp-content\/uploads\/2017\/10\/Leche-en-polvo.jpg?fit=880%2C440&ssl=1&resize=525%2C300 1.5x, https:\/\/i0.wp.com\/lahoradelcampo.com.uy\/site\/wp-content\/uploads\/2017\/10\/Leche-en-polvo.jpg?fit=880%2C440&ssl=1&resize=700%2C400 2x"},"classes":[]},{"id":2915,"url":"https:\/\/lahoradelcampo.com.uy\/site\/continuan-trabajando-para-rehabilitar-la-exportacion-de-lacteos\/","url_meta":{"origin":2783,"position":1},"title":"Contin\u00faan trabajando para rehabilitar la exportaci\u00f3n de l\u00e1cteos","author":"La Hora del Campo","date":"18 octubre, 2017","format":false,"excerpt":"Siguiendo el di\u00e1logo iniciado por los presidentes Tabar\u00e9 V\u00e1zquez y Michel Temer, delegaciones de ambos gobiernos se encontraron el mi\u00e9rcoles 17 en conferencia virtual. Por Uruguay particip\u00f3 el subsecretario del Ministerio de Ganader\u00eda, Agricultura y Pesca, Enzo Benech, y por Brasil lo hizo el secretario de Defensa Agropecuaria del Ministerio\u2026","rel":"","context":"En \u00abActualidad\u00bb","block_context":{"text":"Actualidad","link":"https:\/\/lahoradelcampo.com.uy\/site\/category\/actualidad\/"},"img":{"alt_text":"","src":"https:\/\/i0.wp.com\/lahoradelcampo.com.uy\/site\/wp-content\/uploads\/2017\/10\/Enzo-Benech.jpg?fit=880%2C440&ssl=1&resize=350%2C200","width":350,"height":200,"srcset":"https:\/\/i0.wp.com\/lahoradelcampo.com.uy\/site\/wp-content\/uploads\/2017\/10\/Enzo-Benech.jpg?fit=880%2C440&ssl=1&resize=350%2C200 1x, https:\/\/i0.wp.com\/lahoradelcampo.com.uy\/site\/wp-content\/uploads\/2017\/10\/Enzo-Benech.jpg?fit=880%2C440&ssl=1&resize=525%2C300 1.5x, https:\/\/i0.wp.com\/lahoradelcampo.com.uy\/site\/wp-content\/uploads\/2017\/10\/Enzo-Benech.jpg?fit=880%2C440&ssl=1&resize=700%2C400 2x"},"classes":[]},{"id":3587,"url":"https:\/\/lahoradelcampo.com.uy\/site\/brasil-volveria-a-habilitar-los-lacteos-uruguayos-a-partir-de-hoy\/","url_meta":{"origin":2783,"position":2},"title":"Brasil volver\u00eda a habilitar los l\u00e1cteos uruguayos a partir de hoy","author":"La Hora del Campo","date":"6 noviembre, 2017","format":false,"excerpt":"La auditoria t\u00e9cnica de Brasil finaliz\u00f3 su trabajo en Uruguay, tal como estaba previsto los t\u00e9cnicos llegaron a nuestro pa\u00eds el pasado 30 de octubre y durante toda la semana realizaron un an\u00e1lisis de la informaci\u00f3n brindada por la institucionalidad agropecuaria y visitaron tres empresas habilitadas para la exportaci\u00f3n de\u2026","rel":"","context":"En \u00abActualidad\u00bb","block_context":{"text":"Actualidad","link":"https:\/\/lahoradelcampo.com.uy\/site\/category\/actualidad\/"},"img":{"alt_text":"","src":"https:\/\/i0.wp.com\/lahoradelcampo.com.uy\/site\/wp-content\/uploads\/2017\/11\/Lecheria.jpg?fit=880%2C440&ssl=1&resize=350%2C200","width":350,"height":200,"srcset":"https:\/\/i0.wp.com\/lahoradelcampo.com.uy\/site\/wp-content\/uploads\/2017\/11\/Lecheria.jpg?fit=880%2C440&ssl=1&resize=350%2C200 1x, https:\/\/i0.wp.com\/lahoradelcampo.com.uy\/site\/wp-content\/uploads\/2017\/11\/Lecheria.jpg?fit=880%2C440&ssl=1&resize=525%2C300 1.5x, https:\/\/i0.wp.com\/lahoradelcampo.com.uy\/site\/wp-content\/uploads\/2017\/11\/Lecheria.jpg?fit=880%2C440&ssl=1&resize=700%2C400 2x"},"classes":[]},{"id":2635,"url":"https:\/\/lahoradelcampo.com.uy\/site\/gremiales-lecheras-rechazaron-enfaticamente-anuncio-brasileno\/","url_meta":{"origin":2783,"position":3},"title":"Gremiales lecheras rechazaron enf\u00e1ticamente anunci\u00f3 brasile\u00f1o","author":"La Hora del Campo","date":"12 octubre, 2017","format":false,"excerpt":"Las gremiales lecheras de Uruguay realizaron un comunicado en el cual rechazan enf\u00e1ticamente los anuncios del ministro de Brasil, Blairo Maggi, de suspender las licencias de importaci\u00f3n de l\u00e1cteos uruguayos, hasta tanto nuestro pa\u00eds demuestre que el 100% de los productos exportados son provenientes de leche producida en el territorio\u2026","rel":"","context":"En \u00abActualidad\u00bb","block_context":{"text":"Actualidad","link":"https:\/\/lahoradelcampo.com.uy\/site\/category\/actualidad\/"},"img":{"alt_text":"","src":"https:\/\/i0.wp.com\/lahoradelcampo.com.uy\/site\/wp-content\/uploads\/2017\/10\/Lecheria.jpg?fit=880%2C440&ssl=1&resize=350%2C200","width":350,"height":200,"srcset":"https:\/\/i0.wp.com\/lahoradelcampo.com.uy\/site\/wp-content\/uploads\/2017\/10\/Lecheria.jpg?fit=880%2C440&ssl=1&resize=350%2C200 1x, https:\/\/i0.wp.com\/lahoradelcampo.com.uy\/site\/wp-content\/uploads\/2017\/10\/Lecheria.jpg?fit=880%2C440&ssl=1&resize=525%2C300 1.5x, https:\/\/i0.wp.com\/lahoradelcampo.com.uy\/site\/wp-content\/uploads\/2017\/10\/Lecheria.jpg?fit=880%2C440&ssl=1&resize=700%2C400 2x"},"classes":[]},{"id":3021,"url":"https:\/\/lahoradelcampo.com.uy\/site\/aguerre-considero-inaceptables-las-limitaciones-de-brasil\/","url_meta":{"origin":2783,"position":4},"title":"Aguerre consider\u00f3 \u00abinaceptables\u00bb las limitaciones de Brasil","author":"La Hora del Campo","date":"20 octubre, 2017","format":false,"excerpt":"El ministro Tabar\u00e9 Aguerre detall\u00f3 que conf\u00eda que las dificultades para el ingreso de productos l\u00e1cteos a Brasil se resuelvan por v\u00eda diplom\u00e1tica. \u201cSigo confiando en que estos problemas, que muchas veces los hemos tenido en l\u00e1cteos, arroz y otros productos, se resuelvan diplom\u00e1ticamente\u201d, subray\u00f3 Aguerre. El ministro explic\u00f3 que\u2026","rel":"","context":"En \u00abActualidad\u00bb","block_context":{"text":"Actualidad","link":"https:\/\/lahoradelcampo.com.uy\/site\/category\/actualidad\/"},"img":{"alt_text":"","src":"https:\/\/i0.wp.com\/lahoradelcampo.com.uy\/site\/wp-content\/uploads\/2017\/10\/Aguerre-lecheria.jpg?fit=880%2C440&ssl=1&resize=350%2C200","width":350,"height":200,"srcset":"https:\/\/i0.wp.com\/lahoradelcampo.com.uy\/site\/wp-content\/uploads\/2017\/10\/Aguerre-lecheria.jpg?fit=880%2C440&ssl=1&resize=350%2C200 1x, https:\/\/i0.wp.com\/lahoradelcampo.com.uy\/site\/wp-content\/uploads\/2017\/10\/Aguerre-lecheria.jpg?fit=880%2C440&ssl=1&resize=525%2C300 1.5x, https:\/\/i0.wp.com\/lahoradelcampo.com.uy\/site\/wp-content\/uploads\/2017\/10\/Aguerre-lecheria.jpg?fit=880%2C440&ssl=1&resize=700%2C400 2x"},"classes":[]},{"id":2603,"url":"https:\/\/lahoradelcampo.com.uy\/site\/uruguay-apuesta-al-dialogo-y-negociaciones-para-zanjar-diferencias-con-brasil\/","url_meta":{"origin":2783,"position":5},"title":"Uruguay apuesta al di\u00e1logo y negociaciones para zanjar diferencias con Brasil","author":"La Hora del Campo","date":"12 octubre, 2017","format":false,"excerpt":"El Ministro de Agricultura, Pecuaria y Abastecimiento de Brasil, Blairo Maggi, anunci\u00f3 el pasado martes por la tarde la suspenci\u00f3n de las licencias de importaci\u00f3n de l\u00e1cteos de Uruguay, aduciendo que la producci\u00f3n l\u00e1ctea de nuestro pa\u00eds no permitir\u00eda el volumen de productos l\u00e1cteos al vecino pa\u00eds. Por lo tanto\u2026","rel":"","context":"En \u00abActualidad\u00bb","block_context":{"text":"Actualidad","link":"https:\/\/lahoradelcampo.com.uy\/site\/category\/actualidad\/"},"img":{"alt_text":"","src":"https:\/\/i0.wp.com\/lahoradelcampo.com.uy\/site\/wp-content\/uploads\/2017\/10\/Aguerre-y-Nin-Novoa.jpg?fit=880%2C440&ssl=1&resize=350%2C200","width":350,"height":200,"srcset":"https:\/\/i0.wp.com\/lahoradelcampo.com.uy\/site\/wp-content\/uploads\/2017\/10\/Aguerre-y-Nin-Novoa.jpg?fit=880%2C440&ssl=1&resize=350%2C200 1x, https:\/\/i0.wp.com\/lahoradelcampo.com.uy\/site\/wp-content\/uploads\/2017\/10\/Aguerre-y-Nin-Novoa.jpg?fit=880%2C440&ssl=1&resize=525%2C300 1.5x, https:\/\/i0.wp.com\/lahoradelcampo.com.uy\/site\/wp-content\/uploads\/2017\/10\/Aguerre-y-Nin-Novoa.jpg?fit=880%2C440&ssl=1&resize=700%2C400 2x"},"classes":[]}],"jetpack_likes_enabled":true,"_links":{"self":[{"href":"https:\/\/lahoradelcampo.com.uy\/site\/wp-json\/wp\/v2\/posts\/2783","targetHints":{"allow":["GET"]}}],"collection":[{"href":"https:\/\/lahoradelcampo.com.uy\/site\/wp-json\/wp\/v2\/posts"}],"about":[{"href":"https:\/\/lahoradelcampo.com.uy\/site\/wp-json\/wp\/v2\/types\/post"}],"author":[{"embeddable":true,"href":"https:\/\/lahoradelcampo.com.uy\/site\/wp-json\/wp\/v2\/users\/5"}],"replies":[{"embeddable":true,"href":"https:\/\/lahoradelcampo.com.uy\/site\/wp-json\/wp\/v2\/comments?post=2783"}],"version-history":[{"count":1,"href":"https:\/\/lahoradelcampo.com.uy\/site\/wp-json\/wp\/v2\/posts\/2783\/revisions"}],"predecessor-version":[{"id":2787,"href":"https:\/\/lahoradelcampo.com.uy\/site\/wp-json\/wp\/v2\/posts\/2783\/revisions\/2787"}],"wp:featuredmedia":[{"embeddable":true,"href":"https:\/\/lahoradelcampo.com.uy\/site\/wp-json\/wp\/v2\/media\/2785"}],"wp:attachment":[{"href":"https:\/\/lahoradelcampo.com.uy\/site\/wp-json\/wp\/v2\/media?parent=2783"}],"wp:term":[{"taxonomy":"category","embeddable":true,"href":"https:\/\/lahoradelcampo.com.uy\/site\/wp-json\/wp\/v2\/categories?post=2783"},{"taxonomy":"post_tag","embeddable":true,"href":"https:\/\/lahoradelcampo.com.uy\/site\/wp-json\/wp\/v2\/tags?post=2783"}],"curies":[{"name":"wp","href":"https:\/\/api.w.org\/{rel}","templated":true}]}}