{"id":2751,"date":"2017-10-16T09:24:49","date_gmt":"2017-10-16T12:24:49","guid":{"rendered":"http:\/\/lahoradelcampo.com.uy\/site\/?p=2751"},"modified":"2017-10-16T09:24:49","modified_gmt":"2017-10-16T12:24:49","slug":"aumenta-probabilidad-de-fenomeno-la-nina","status":"publish","type":"post","link":"https:\/\/lahoradelcampo.com.uy\/site\/aumenta-probabilidad-de-fenomeno-la-nina\/","title":{"rendered":"Aumenta probabilidad de fen\u00f3meno La Ni\u00f1a"},"content":{"rendered":"<p><a href=\"https:\/\/i0.wp.com\/lahoradelcampo.com.uy\/site\/wp-content\/uploads\/2017\/10\/clima.jpg\"><img data-recalc-dims=\"1\" loading=\"lazy\" decoding=\"async\" data-attachment-id=\"2753\" data-permalink=\"https:\/\/lahoradelcampo.com.uy\/site\/aumenta-probabilidad-de-fenomeno-la-nina\/clima\/\" data-orig-file=\"https:\/\/i0.wp.com\/lahoradelcampo.com.uy\/site\/wp-content\/uploads\/2017\/10\/clima.jpg?fit=880%2C440&amp;ssl=1\" data-orig-size=\"880,440\" data-comments-opened=\"1\" data-image-meta=\"{&quot;aperture&quot;:&quot;0&quot;,&quot;credit&quot;:&quot;Vicente-Manuel-Tort&quot;,&quot;camera&quot;:&quot;&quot;,&quot;caption&quot;:&quot;&quot;,&quot;created_timestamp&quot;:&quot;0&quot;,&quot;copyright&quot;:&quot;Presidencia de la Republica - Sec.Com.Inst.&quot;,&quot;focal_length&quot;:&quot;0&quot;,&quot;iso&quot;:&quot;0&quot;,&quot;shutter_speed&quot;:&quot;0&quot;,&quot;title&quot;:&quot;&quot;,&quot;orientation&quot;:&quot;1&quot;}\" data-image-title=\"clima\" data-image-description=\"\" data-image-caption=\"\" data-large-file=\"https:\/\/i0.wp.com\/lahoradelcampo.com.uy\/site\/wp-content\/uploads\/2017\/10\/clima.jpg?fit=810%2C405&amp;ssl=1\" class=\"alignright size-medium wp-image-2753\" src=\"https:\/\/i0.wp.com\/lahoradelcampo.com.uy\/site\/wp-content\/uploads\/2017\/10\/clima.jpg?resize=300%2C150\" alt=\"\" width=\"300\" height=\"150\" srcset=\"https:\/\/i0.wp.com\/lahoradelcampo.com.uy\/site\/wp-content\/uploads\/2017\/10\/clima.jpg?resize=300%2C150&amp;ssl=1 300w, https:\/\/i0.wp.com\/lahoradelcampo.com.uy\/site\/wp-content\/uploads\/2017\/10\/clima.jpg?resize=768%2C384&amp;ssl=1 768w, https:\/\/i0.wp.com\/lahoradelcampo.com.uy\/site\/wp-content\/uploads\/2017\/10\/clima.jpg?resize=820%2C410&amp;ssl=1 820w, https:\/\/i0.wp.com\/lahoradelcampo.com.uy\/site\/wp-content\/uploads\/2017\/10\/clima.jpg?w=880&amp;ssl=1 880w\" sizes=\"auto, (max-width: 300px) 100vw, 300px\" \/><\/a>Los servicios meteorol\u00f3gicos de la Administraci\u00f3n Nacional de Oc\u00e9anos y Atm\u00f3sfera de EEUU (NOAA) aument\u00f3 el porcentaje de probabilidad de que condiciones de La Ni\u00f1a durante el invierno del Hemisferio Norte.<\/p>\n<p>De acuerdo a su \u00faltimo reporte, actualizado este jueves, las probabilidades de que esto ocurra son de alrededor del 55% al 65% entre diciembre de 2017 y febrero de 2018.<\/p>\n<p>\u201cPara el pr\u00f3ximo oto\u00f1o e invierno del Hemisferio Norte una La Ni\u00f1a d\u00e9bil es favorecida en los promedios del modelo din\u00e1mico de la pluma IRI \/ CPC y el Conjunto Multimodal de Am\u00e9rica del Norte (NMME). Varios modelos indican un per\u00edodo de valores de Ni\u00f1o-3.4 promedio en las pr\u00f3ximas semanas, pero luego muestran un crecimiento revigorizado de las anomal\u00edas de SST negativas en el Oc\u00e9ano Pac\u00edfico ecuatorial\u201d, se\u00f1al\u00f3 el informe.<\/p>\n<p>En el trimestre mayo \u2013 julio de 2018, las probabilidades favorecen una vez m\u00e1s las condiciones neutrales (59%), con una peque\u00f1a pero creciente posibilidad para las condiciones de El Ni\u00f1o durante este tiempo (23%).<\/p>\n<p>Ingrese <a href=\"http:\/\/www.cpc.ncep.noaa.gov\/products\/analysis_monitoring\/enso_advisory\/ensodisc.shtml\">aqu\u00ed<\/a> para ver el informe completo <a href=\"http:\/\/www.cpc.ncep.noaa.gov\/products\/analysis_monitoring\/enso_advisory\/ensodisc.shtml\">(enlace)<\/a><\/p>\n","protected":false},"excerpt":{"rendered":"<p>Los servicios meteorol\u00f3gicos de la Administraci\u00f3n Nacional de Oc\u00e9anos y Atm\u00f3sfera de EEUU (NOAA) aument\u00f3 el porcentaje de probabilidad de que condiciones de La Ni\u00f1a durante el invierno del Hemisferio [&hellip;]<\/p>\n","protected":false},"author":5,"featured_media":2753,"comment_status":"open","ping_status":"open","sticky":false,"template":"","format":"standard","meta":{"_price":"","_stock":"","_tribe_ticket_header":"","_tribe_default_ticket_provider":"","_tribe_ticket_capacity":"0","_ticket_start_date":"","_ticket_end_date":"","_tribe_ticket_show_description":"","_tribe_ticket_show_not_going":false,"_tribe_ticket_use_global_stock":"","_tribe_ticket_global_stock_level":"","_global_stock_mode":"","_global_stock_cap":"","_tribe_rsvp_for_event":"","_tribe_ticket_going_count":"","_tribe_ticket_not_going_count":"","_tribe_tickets_list":"[]","_tribe_ticket_has_attendee_info_fields":false,"h5ap_radio_sources":[],"_jetpack_newsletter_access":"","_jetpack_dont_email_post_to_subs":false,"_jetpack_newsletter_tier_id":0,"_jetpack_memberships_contains_paywalled_content":false,"_jetpack_memberships_contains_paid_content":false,"footnotes":""},"categories":[21,7],"tags":[31,151,749,751,747],"class_list":["post-2751","post","type-post","status-publish","format-standard","has-post-thumbnail","hentry","category-actualidad","category-agricultura","tag-agricultura","tag-clima","tag-el-nino","tag-fenomeno-climatico","tag-la-nina"],"jetpack_featured_media_url":"https:\/\/i0.wp.com\/lahoradelcampo.com.uy\/site\/wp-content\/uploads\/2017\/10\/clima.jpg?fit=880%2C440&ssl=1","jetpack_sharing_enabled":true,"jetpack_shortlink":"https:\/\/wp.me\/p99IaT-In","jetpack-related-posts":[{"id":30146,"url":"https:\/\/lahoradelcampo.com.uy\/site\/la-noaa-establecio-un-fenomeno-de-el-nino-neutro\/","url_meta":{"origin":2751,"position":0},"title":"La NOAA estableci\u00f3 un fen\u00f3meno de \u00abEl Ni\u00f1o\u00bb neutro","author":"La Hora del Campo","date":"17 mayo, 2021","format":false,"excerpt":"El Centro de Predicciones Clim\u00e1ticas de los Estados Unidos (NOAA) ha confirmado en su \u00faltimo informe que las condicionantes clim\u00e1ticas del fen\u00f3meno \"El Ni\u00f1o\" ha entrado en su fase neutra y as\u00ed deber\u00eda continuar en los pr\u00f3ximos meses. Esta situaci\u00f3n determina que la fase denominada La Ni\u00f1a, que significa lluvias\u2026","rel":"","context":"En \u00abActualidad\u00bb","block_context":{"text":"Actualidad","link":"https:\/\/lahoradelcampo.com.uy\/site\/category\/actualidad\/"},"img":{"alt_text":"","src":"https:\/\/i0.wp.com\/lahoradelcampo.com.uy\/site\/wp-content\/uploads\/2017\/10\/clima.jpg?fit=880%2C440&ssl=1&resize=350%2C200","width":350,"height":200,"srcset":"https:\/\/i0.wp.com\/lahoradelcampo.com.uy\/site\/wp-content\/uploads\/2017\/10\/clima.jpg?fit=880%2C440&ssl=1&resize=350%2C200 1x, https:\/\/i0.wp.com\/lahoradelcampo.com.uy\/site\/wp-content\/uploads\/2017\/10\/clima.jpg?fit=880%2C440&ssl=1&resize=525%2C300 1.5x, https:\/\/i0.wp.com\/lahoradelcampo.com.uy\/site\/wp-content\/uploads\/2017\/10\/clima.jpg?fit=880%2C440&ssl=1&resize=700%2C400 2x"},"classes":[]},{"id":17596,"url":"https:\/\/lahoradelcampo.com.uy\/site\/queda-atras-el-nino-y-vuelven-condiciones-de-neutralidad\/","url_meta":{"origin":2751,"position":1},"title":"Queda atr\u00e1s El Ni\u00f1o y vuelven condiciones de neutralidad","author":"La Hora del Campo","date":"22 febrero, 2020","format":false,"excerpt":"Los Servicios meteorol\u00f3gicos estadounidenses afirman que se aleja el fen\u00f3meno El Ni\u00f1o y vuelven condiciones de normalidad a partir de la primavera del hemisferio norte (oto\u00f1o del hemisferio sur). De acuerdo a la \u00faltima actualizaci\u00f3n del Centro de Predicciones Clim\u00e1ticas de la Administraci\u00f3n Nacional Oce\u00e1nica y Atmosf\u00e9rica (NOAA) hay un\u2026","rel":"","context":"En \u00abActualidad\u00bb","block_context":{"text":"Actualidad","link":"https:\/\/lahoradelcampo.com.uy\/site\/category\/actualidad\/"},"img":{"alt_text":"","src":"https:\/\/i0.wp.com\/lahoradelcampo.com.uy\/site\/wp-content\/uploads\/2017\/10\/clima.jpg?fit=880%2C440&ssl=1&resize=350%2C200","width":350,"height":200,"srcset":"https:\/\/i0.wp.com\/lahoradelcampo.com.uy\/site\/wp-content\/uploads\/2017\/10\/clima.jpg?fit=880%2C440&ssl=1&resize=350%2C200 1x, https:\/\/i0.wp.com\/lahoradelcampo.com.uy\/site\/wp-content\/uploads\/2017\/10\/clima.jpg?fit=880%2C440&ssl=1&resize=525%2C300 1.5x, https:\/\/i0.wp.com\/lahoradelcampo.com.uy\/site\/wp-content\/uploads\/2017\/10\/clima.jpg?fit=880%2C440&ssl=1&resize=700%2C400 2x"},"classes":[]},{"id":40833,"url":"https:\/\/lahoradelcampo.com.uy\/site\/la-nina-el-evento-continuara-vigente-durante-el-invierno\/","url_meta":{"origin":2751,"position":2},"title":"\u00abLa Ni\u00f1a\u00bb el evento continuar\u00e1 vigente durante el invierno","author":"La Hora del Campo","date":"18 abril, 2022","format":false,"excerpt":"De acuerdo al informe del Instituto Internacional de Investigaci\u00f3n para el Clima y la Sociedad de la Universidad de Columbia (IRI por sus siglas en ingl\u00e9s), en Estados Unidos, publicado este mes, las condicionantes clim\u00e1ticas prev\u00e9n las un escenario favorable para el sostenimiento del fen\u00f3meno de \"La Ni\u00f1a\" durante el\u2026","rel":"","context":"En \u00abActualidad\u00bb","block_context":{"text":"Actualidad","link":"https:\/\/lahoradelcampo.com.uy\/site\/category\/actualidad\/"},"img":{"alt_text":"","src":"https:\/\/i0.wp.com\/lahoradelcampo.com.uy\/site\/wp-content\/uploads\/2017\/10\/clima.jpg?fit=880%2C440&ssl=1&resize=350%2C200","width":350,"height":200,"srcset":"https:\/\/i0.wp.com\/lahoradelcampo.com.uy\/site\/wp-content\/uploads\/2017\/10\/clima.jpg?fit=880%2C440&ssl=1&resize=350%2C200 1x, https:\/\/i0.wp.com\/lahoradelcampo.com.uy\/site\/wp-content\/uploads\/2017\/10\/clima.jpg?fit=880%2C440&ssl=1&resize=525%2C300 1.5x, https:\/\/i0.wp.com\/lahoradelcampo.com.uy\/site\/wp-content\/uploads\/2017\/10\/clima.jpg?fit=880%2C440&ssl=1&resize=700%2C400 2x"},"classes":[]},{"id":50445,"url":"https:\/\/lahoradelcampo.com.uy\/site\/el-nino-impactara-al-alza-en-los-mercados-de-trigo-en-2023-24\/","url_meta":{"origin":2751,"position":3},"title":"El Ni\u00f1o impactar\u00e1 al alza en los mercados de trigo en 2023\/24","author":"La Hora del Campo","date":"20 mayo, 2023","format":false,"excerpt":"El fen\u00f3meno clim\u00e1tico de El Ni\u00f1o se espera que tenga un impacto alcista en los mercados de trigo durante el periodo 2023\/24, seg\u00fan un informe de hEDGEpoint Global Markets. Los productores del Hemisferio Norte con cosechas de primavera y del Hemisferio Sur ser\u00e1n los m\u00e1s afectados. En el caso de\u2026","rel":"","context":"En \u00abActualidad\u00bb","block_context":{"text":"Actualidad","link":"https:\/\/lahoradelcampo.com.uy\/site\/category\/actualidad\/"},"img":{"alt_text":"","src":"https:\/\/i0.wp.com\/lahoradelcampo.com.uy\/site\/wp-content\/uploads\/2017\/10\/Trigos-3.jpg?fit=880%2C440&ssl=1&resize=350%2C200","width":350,"height":200,"srcset":"https:\/\/i0.wp.com\/lahoradelcampo.com.uy\/site\/wp-content\/uploads\/2017\/10\/Trigos-3.jpg?fit=880%2C440&ssl=1&resize=350%2C200 1x, https:\/\/i0.wp.com\/lahoradelcampo.com.uy\/site\/wp-content\/uploads\/2017\/10\/Trigos-3.jpg?fit=880%2C440&ssl=1&resize=525%2C300 1.5x, https:\/\/i0.wp.com\/lahoradelcampo.com.uy\/site\/wp-content\/uploads\/2017\/10\/Trigos-3.jpg?fit=880%2C440&ssl=1&resize=700%2C400 2x"},"classes":[]},{"id":51642,"url":"https:\/\/lahoradelcampo.com.uy\/site\/cada-20-anos-se-registra-un-fenomeno-de-tres-anos-de-la-nina-consecutivos\/","url_meta":{"origin":2751,"position":4},"title":"Cada 20 a\u00f1os se registra un fen\u00f3meno de tres a\u00f1os de \u00abLa Ni\u00f1a\u00bb consecutivos","author":"La Hora del Campo","date":"3 julio, 2023","format":false,"excerpt":"El ingeniero agr\u00f3nomo Adri\u00e1n Cal, de INIA GRAS, estuvo a cargo del m\u00f3dulo \"Agroclima\" en la jornada sobre los desaf\u00edos para la ganader\u00eda extensiva, realizada en el departamento de Artigas, y en su presentaci\u00f3n habl\u00f3 de un 80% de probabilidades que durante la pr\u00f3xima primavera-verano este instalado el fen\u00f3meno de\u2026","rel":"","context":"En \u00abActualidad\u00bb","block_context":{"text":"Actualidad","link":"https:\/\/lahoradelcampo.com.uy\/site\/category\/actualidad\/"},"img":{"alt_text":"","src":"https:\/\/i0.wp.com\/lahoradelcampo.com.uy\/site\/wp-content\/uploads\/2023\/07\/AdrianCAL-INIA.jpg?fit=880%2C440&ssl=1&resize=350%2C200","width":350,"height":200,"srcset":"https:\/\/i0.wp.com\/lahoradelcampo.com.uy\/site\/wp-content\/uploads\/2023\/07\/AdrianCAL-INIA.jpg?fit=880%2C440&ssl=1&resize=350%2C200 1x, https:\/\/i0.wp.com\/lahoradelcampo.com.uy\/site\/wp-content\/uploads\/2023\/07\/AdrianCAL-INIA.jpg?fit=880%2C440&ssl=1&resize=525%2C300 1.5x, https:\/\/i0.wp.com\/lahoradelcampo.com.uy\/site\/wp-content\/uploads\/2023\/07\/AdrianCAL-INIA.jpg?fit=880%2C440&ssl=1&resize=700%2C400 2x"},"classes":[]},{"id":54036,"url":"https:\/\/lahoradelcampo.com.uy\/site\/clima-sin-la-nina-o-el-nino-hasta-octubre\/","url_meta":{"origin":2751,"position":5},"title":"Clima: Sin \u00abLa Ni\u00f1a\u00bb o \u00abEl Ni\u00f1o\u00bb hasta octubre","author":"La Hora del Campo","date":"24 julio, 2024","format":false,"excerpt":"El Instituto Internacional de Investigaci\u00f3n para el Clima y la Sociedad (IRI) ha publicado una actualizaci\u00f3n sobre el estado del fen\u00f3meno El Ni\u00f1o-Oscilaci\u00f3n del Sur (ENSO). Seg\u00fan el informe t\u00e9cnico del 19 de julio de 2024, el Pac\u00edfico tropical se encuentra actualmente en condiciones ENSO-neutrales. La anomal\u00eda de la temperatura\u2026","rel":"","context":"En \u00abActualidad\u00bb","block_context":{"text":"Actualidad","link":"https:\/\/lahoradelcampo.com.uy\/site\/category\/actualidad\/"},"img":{"alt_text":"","src":"https:\/\/i0.wp.com\/lahoradelcampo.com.uy\/site\/wp-content\/uploads\/2024\/07\/Clima-lanina.jpg?fit=880%2C440&ssl=1&resize=350%2C200","width":350,"height":200,"srcset":"https:\/\/i0.wp.com\/lahoradelcampo.com.uy\/site\/wp-content\/uploads\/2024\/07\/Clima-lanina.jpg?fit=880%2C440&ssl=1&resize=350%2C200 1x, https:\/\/i0.wp.com\/lahoradelcampo.com.uy\/site\/wp-content\/uploads\/2024\/07\/Clima-lanina.jpg?fit=880%2C440&ssl=1&resize=525%2C300 1.5x, https:\/\/i0.wp.com\/lahoradelcampo.com.uy\/site\/wp-content\/uploads\/2024\/07\/Clima-lanina.jpg?fit=880%2C440&ssl=1&resize=700%2C400 2x"},"classes":[]}],"jetpack_likes_enabled":true,"_links":{"self":[{"href":"https:\/\/lahoradelcampo.com.uy\/site\/wp-json\/wp\/v2\/posts\/2751","targetHints":{"allow":["GET"]}}],"collection":[{"href":"https:\/\/lahoradelcampo.com.uy\/site\/wp-json\/wp\/v2\/posts"}],"about":[{"href":"https:\/\/lahoradelcampo.com.uy\/site\/wp-json\/wp\/v2\/types\/post"}],"author":[{"embeddable":true,"href":"https:\/\/lahoradelcampo.com.uy\/site\/wp-json\/wp\/v2\/users\/5"}],"replies":[{"embeddable":true,"href":"https:\/\/lahoradelcampo.com.uy\/site\/wp-json\/wp\/v2\/comments?post=2751"}],"version-history":[{"count":1,"href":"https:\/\/lahoradelcampo.com.uy\/site\/wp-json\/wp\/v2\/posts\/2751\/revisions"}],"predecessor-version":[{"id":2755,"href":"https:\/\/lahoradelcampo.com.uy\/site\/wp-json\/wp\/v2\/posts\/2751\/revisions\/2755"}],"wp:featuredmedia":[{"embeddable":true,"href":"https:\/\/lahoradelcampo.com.uy\/site\/wp-json\/wp\/v2\/media\/2753"}],"wp:attachment":[{"href":"https:\/\/lahoradelcampo.com.uy\/site\/wp-json\/wp\/v2\/media?parent=2751"}],"wp:term":[{"taxonomy":"category","embeddable":true,"href":"https:\/\/lahoradelcampo.com.uy\/site\/wp-json\/wp\/v2\/categories?post=2751"},{"taxonomy":"post_tag","embeddable":true,"href":"https:\/\/lahoradelcampo.com.uy\/site\/wp-json\/wp\/v2\/tags?post=2751"}],"curies":[{"name":"wp","href":"https:\/\/api.w.org\/{rel}","templated":true}]}}