{"id":2745,"date":"2017-10-16T09:17:53","date_gmt":"2017-10-16T12:17:53","guid":{"rendered":"http:\/\/lahoradelcampo.com.uy\/site\/?p=2745"},"modified":"2017-10-16T09:17:53","modified_gmt":"2017-10-16T12:17:53","slug":"cultivos-de-trigo-a-la-espera-de-mayor-luminosidad","status":"publish","type":"post","link":"https:\/\/lahoradelcampo.com.uy\/site\/cultivos-de-trigo-a-la-espera-de-mayor-luminosidad\/","title":{"rendered":"Cultivos de trigo a la espera de mayor luminosidad"},"content":{"rendered":"<p><a href=\"https:\/\/i0.wp.com\/lahoradelcampo.com.uy\/site\/wp-content\/uploads\/2017\/10\/Trigo-espiga.jpg\"><img data-recalc-dims=\"1\" loading=\"lazy\" decoding=\"async\" data-attachment-id=\"2747\" data-permalink=\"https:\/\/lahoradelcampo.com.uy\/site\/cultivos-de-trigo-a-la-espera-de-mayor-luminosidad\/trigo-espiga\/\" data-orig-file=\"https:\/\/i0.wp.com\/lahoradelcampo.com.uy\/site\/wp-content\/uploads\/2017\/10\/Trigo-espiga.jpg?fit=880%2C440&amp;ssl=1\" data-orig-size=\"880,440\" data-comments-opened=\"1\" data-image-meta=\"{&quot;aperture&quot;:&quot;0&quot;,&quot;credit&quot;:&quot;Vicente-Manuel-Tort&quot;,&quot;camera&quot;:&quot;&quot;,&quot;caption&quot;:&quot;&quot;,&quot;created_timestamp&quot;:&quot;0&quot;,&quot;copyright&quot;:&quot;Presidencia de la Republica - Sec.Com.Inst.&quot;,&quot;focal_length&quot;:&quot;0&quot;,&quot;iso&quot;:&quot;0&quot;,&quot;shutter_speed&quot;:&quot;0&quot;,&quot;title&quot;:&quot;&quot;,&quot;orientation&quot;:&quot;1&quot;}\" data-image-title=\"Trigo espiga\" data-image-description=\"\" data-image-caption=\"\" data-large-file=\"https:\/\/i0.wp.com\/lahoradelcampo.com.uy\/site\/wp-content\/uploads\/2017\/10\/Trigo-espiga.jpg?fit=810%2C405&amp;ssl=1\" class=\"alignright size-full wp-image-2747\" src=\"https:\/\/i0.wp.com\/lahoradelcampo.com.uy\/site\/wp-content\/uploads\/2017\/10\/Trigo-espiga.jpg?resize=810%2C405\" alt=\"\" width=\"810\" height=\"405\" srcset=\"https:\/\/i0.wp.com\/lahoradelcampo.com.uy\/site\/wp-content\/uploads\/2017\/10\/Trigo-espiga.jpg?w=880&amp;ssl=1 880w, https:\/\/i0.wp.com\/lahoradelcampo.com.uy\/site\/wp-content\/uploads\/2017\/10\/Trigo-espiga.jpg?resize=300%2C150&amp;ssl=1 300w, https:\/\/i0.wp.com\/lahoradelcampo.com.uy\/site\/wp-content\/uploads\/2017\/10\/Trigo-espiga.jpg?resize=768%2C384&amp;ssl=1 768w, https:\/\/i0.wp.com\/lahoradelcampo.com.uy\/site\/wp-content\/uploads\/2017\/10\/Trigo-espiga.jpg?resize=820%2C410&amp;ssl=1 820w\" sizes=\"auto, (max-width: 810px) 100vw, 810px\" \/><\/a><\/p>\n<p>&nbsp;<\/p>\n<p>&nbsp;<\/p>\n<p>&nbsp;<\/p>\n<p>&nbsp;<\/p>\n<p>&nbsp;<\/p>\n<p>&nbsp;<\/p>\n<p>&nbsp;<\/p>\n<p>&nbsp;<\/p>\n<p>&nbsp;<\/p>\n<p>Las condiciones clim\u00e1ticas est\u00e1n mejorando para los cultivos de invierno, con d\u00edas m\u00e1s frescos y sin excesos de lluvias, pero necesitando mayor luminosidad.<\/p>\n<p>\u201cNo tenemos tantos problemas de agua. Si bien est\u00e1 fresco, y eso prolonga los periodos de llenado de grano, como contraparte no tenemos buena luminosidad que enlentece el llenado de grano\u201d, se\u00f1al\u00f3 Edgardo Nasta, integrante del quipo t\u00e9cnico de Copagran Paysand\u00fa.<\/p>\n<p>En general el estado de los cultivos es aceptable, se\u00f1al\u00f3 Alejandro \u00c1lvarez, integrante del equipo t\u00e9cnico de Uni\u00f3n Rural de Flores.<\/p>\n<p>Algunos trigos que fueron golpeados por bacteriosis (Xanthomonas) posiblemente registren problemas de pH, estim\u00f3 \u00c1lvarez. \u201cTrigos que estaban con toda la hoja en una semana quedaron si hoja\u201d, se\u00f1al\u00f3. \u201cTerminaron de llenar muy justos\u201d, agreg\u00f3.<\/p>\n<p>Tambi\u00e9n desde el lado sanitario mencion\u00f3 los problemas puntuales de roya registrados en algunas chacras puntuales, vinculadas a condiciones de humedad y temperaturas por encima de lo normal semanas atr\u00e1s.<\/p>\n<p>\u201cEstos d\u00edas van a venir bien, porque est\u00e1n la mayor\u00eda espigando, con temperaturas m\u00e1s frescas\u201d, y con algunas lluvias que vinieron bien. No se ha registrado problema de exceso de humedad, apunt\u00f3.<\/p>\n<p><strong>Fuente:<\/strong> Grupo Trigo<\/p>\n","protected":false},"excerpt":{"rendered":"<p>&nbsp; &nbsp; &nbsp; &nbsp; &nbsp; &nbsp; &nbsp; &nbsp; &nbsp; Las condiciones clim\u00e1ticas est\u00e1n mejorando para los cultivos de invierno, con d\u00edas m\u00e1s frescos y sin excesos de lluvias, pero necesitando [&hellip;]<\/p>\n","protected":false},"author":5,"featured_media":2747,"comment_status":"open","ping_status":"open","sticky":false,"template":"","format":"standard","meta":{"_price":"","_stock":"","_tribe_ticket_header":"","_tribe_default_ticket_provider":"","_tribe_ticket_capacity":"0","_ticket_start_date":"","_ticket_end_date":"","_tribe_ticket_show_description":"","_tribe_ticket_show_not_going":false,"_tribe_ticket_use_global_stock":"","_tribe_ticket_global_stock_level":"","_global_stock_mode":"","_global_stock_cap":"","_tribe_rsvp_for_event":"","_tribe_ticket_going_count":"","_tribe_ticket_not_going_count":"","_tribe_tickets_list":"[]","_tribe_ticket_has_attendee_info_fields":false,"h5ap_radio_sources":[],"_jetpack_newsletter_access":"","_jetpack_dont_email_post_to_subs":false,"_jetpack_newsletter_tier_id":0,"_jetpack_memberships_contains_paywalled_content":false,"_jetpack_memberships_contains_paid_content":false,"footnotes":""},"categories":[7],"tags":[31,435,33,83],"class_list":["post-2745","post","type-post","status-publish","format-standard","has-post-thumbnail","hentry","category-agricultura","tag-agricultura","tag-grupo-trigo","tag-trigo","tag-uruguay"],"jetpack_featured_media_url":"https:\/\/i0.wp.com\/lahoradelcampo.com.uy\/site\/wp-content\/uploads\/2017\/10\/Trigo-espiga.jpg?fit=880%2C440&ssl=1","jetpack_sharing_enabled":true,"jetpack_shortlink":"https:\/\/wp.me\/p99IaT-Ih","jetpack-related-posts":[{"id":3595,"url":"https:\/\/lahoradelcampo.com.uy\/site\/problemas-sanitarios-en-trigo-afectaran-la-calidad-del-grano\/","url_meta":{"origin":2745,"position":0},"title":"Problemas sanitarios en trigo afectaran la calidad del grano","author":"La Hora del Campo","date":"6 noviembre, 2017","format":false,"excerpt":"Los cultivos de trigo est\u00e1n registrando problemas sanitarios agudos de bacteriosis en varias zonas del pa\u00eds, seg\u00fan inform\u00f3 Grupo Trigo al cierre de la pasada semana. Hay expectativa sobre c\u00f3mo ser\u00e1 el impacto en la calidad de grano, particularmente en cuanto a peso hectol\u00edtrico. Carolina Silveyra, integrante del equipo t\u00e9cnico\u2026","rel":"","context":"En \u00abAgricultura\u00bb","block_context":{"text":"Agricultura","link":"https:\/\/lahoradelcampo.com.uy\/site\/category\/agricultura\/"},"img":{"alt_text":"","src":"https:\/\/i0.wp.com\/lahoradelcampo.com.uy\/site\/wp-content\/uploads\/2017\/11\/trigo.jpg?fit=880%2C440&ssl=1&resize=350%2C200","width":350,"height":200,"srcset":"https:\/\/i0.wp.com\/lahoradelcampo.com.uy\/site\/wp-content\/uploads\/2017\/11\/trigo.jpg?fit=880%2C440&ssl=1&resize=350%2C200 1x, https:\/\/i0.wp.com\/lahoradelcampo.com.uy\/site\/wp-content\/uploads\/2017\/11\/trigo.jpg?fit=880%2C440&ssl=1&resize=525%2C300 1.5x, https:\/\/i0.wp.com\/lahoradelcampo.com.uy\/site\/wp-content\/uploads\/2017\/11\/trigo.jpg?fit=880%2C440&ssl=1&resize=700%2C400 2x"},"classes":[]},{"id":1983,"url":"https:\/\/lahoradelcampo.com.uy\/site\/cultivos-de-trigo-entran-en-etapa-de-definiciones\/","url_meta":{"origin":2745,"position":1},"title":"Cultivos de trigo entran en etapa de definiciones","author":"La Hora del Campo","date":"30 septiembre, 2017","format":false,"excerpt":"Los cultivos de trigo entran en etapa de definiciones, a la espera que no se cumplan los pron\u00f3sticos de lluvias y d\u00edas nublados. Se han registrado algunos problemas sanitarios, de roya y bacteriosis. Jorge Beceiro, gerente de Insumos y Semillas de Copagran, se\u00f1al\u00f3 que los cultivos de trigo se observan\u2026","rel":"","context":"En \u00abAgricultura\u00bb","block_context":{"text":"Agricultura","link":"https:\/\/lahoradelcampo.com.uy\/site\/category\/agricultura\/"},"img":{"alt_text":"","src":"https:\/\/i0.wp.com\/lahoradelcampo.com.uy\/site\/wp-content\/uploads\/2017\/09\/trigo-1.jpg?fit=880%2C440&ssl=1&resize=350%2C200","width":350,"height":200,"srcset":"https:\/\/i0.wp.com\/lahoradelcampo.com.uy\/site\/wp-content\/uploads\/2017\/09\/trigo-1.jpg?fit=880%2C440&ssl=1&resize=350%2C200 1x, https:\/\/i0.wp.com\/lahoradelcampo.com.uy\/site\/wp-content\/uploads\/2017\/09\/trigo-1.jpg?fit=880%2C440&ssl=1&resize=525%2C300 1.5x, https:\/\/i0.wp.com\/lahoradelcampo.com.uy\/site\/wp-content\/uploads\/2017\/09\/trigo-1.jpg?fit=880%2C440&ssl=1&resize=700%2C400 2x"},"classes":[]},{"id":2381,"url":"https:\/\/lahoradelcampo.com.uy\/site\/preocupacion-en-rio-grande-del-sur-por-condicion-de-los-cultivos-de-trigo\/","url_meta":{"origin":2745,"position":2},"title":"Preocupaci\u00f3n en R\u00edo Grande del Sur por condici\u00f3n de los cultivos de trigo","author":"La Hora del Campo","date":"10 octubre, 2017","format":false,"excerpt":"El clima sigue golpeando a los cultivos de invierno en Rio Grande del Sur. El estado de los trigos en ese estado es \u201cextremamente preocupante\u201d, \u00a0de acuerdo al \u00faltimo reporte de la Consultora Trigo & Farinhas, publicado esta semana. Alrededor \u00a0de 5% del \u00e1rea sembrada en ese estado est\u00e1 lista\u2026","rel":"","context":"En \u00abAgricultura\u00bb","block_context":{"text":"Agricultura","link":"https:\/\/lahoradelcampo.com.uy\/site\/category\/agricultura\/"},"img":{"alt_text":"","src":"https:\/\/i0.wp.com\/lahoradelcampo.com.uy\/site\/wp-content\/uploads\/2017\/10\/Trigos-2.jpg?fit=880%2C440&ssl=1&resize=350%2C200","width":350,"height":200,"srcset":"https:\/\/i0.wp.com\/lahoradelcampo.com.uy\/site\/wp-content\/uploads\/2017\/10\/Trigos-2.jpg?fit=880%2C440&ssl=1&resize=350%2C200 1x, https:\/\/i0.wp.com\/lahoradelcampo.com.uy\/site\/wp-content\/uploads\/2017\/10\/Trigos-2.jpg?fit=880%2C440&ssl=1&resize=525%2C300 1.5x, https:\/\/i0.wp.com\/lahoradelcampo.com.uy\/site\/wp-content\/uploads\/2017\/10\/Trigos-2.jpg?fit=880%2C440&ssl=1&resize=700%2C400 2x"},"classes":[]},{"id":15606,"url":"https:\/\/lahoradelcampo.com.uy\/site\/el-exceso-de-lluvias-genera-problemas-en-los-cultivos-de-invierno-y-de-verano\/","url_meta":{"origin":2745,"position":3},"title":"El exceso de lluvias genera problemas en los cultivos de invierno y de verano","author":"La Hora del Campo","date":"5 noviembre, 2019","format":false,"excerpt":"Las copiosas y frecuentes precipitaciones que se han venido desarrollando en todo el territorio nacional han generado grandes problemas en los cultivos de verano y complican la salida del trigo de invierno. El \u00e1rea arrocera apenas supera el 50%, gran parte del \u00e1rea registra perdida de plantas y la secuencia\u2026","rel":"","context":"En \u00abActualidad\u00bb","block_context":{"text":"Actualidad","link":"https:\/\/lahoradelcampo.com.uy\/site\/category\/actualidad\/"},"img":{"alt_text":"","src":"https:\/\/i0.wp.com\/lahoradelcampo.com.uy\/site\/wp-content\/uploads\/2019\/11\/Martincordoba.jpg?fit=880%2C440&ssl=1&resize=350%2C200","width":350,"height":200,"srcset":"https:\/\/i0.wp.com\/lahoradelcampo.com.uy\/site\/wp-content\/uploads\/2019\/11\/Martincordoba.jpg?fit=880%2C440&ssl=1&resize=350%2C200 1x, https:\/\/i0.wp.com\/lahoradelcampo.com.uy\/site\/wp-content\/uploads\/2019\/11\/Martincordoba.jpg?fit=880%2C440&ssl=1&resize=525%2C300 1.5x, https:\/\/i0.wp.com\/lahoradelcampo.com.uy\/site\/wp-content\/uploads\/2019\/11\/Martincordoba.jpg?fit=880%2C440&ssl=1&resize=700%2C400 2x"},"classes":[]},{"id":1691,"url":"https:\/\/lahoradelcampo.com.uy\/site\/cultivos-de-trigo-muestran-mejores-condiciones\/","url_meta":{"origin":2745,"position":4},"title":"Cultivos de trigo muestran mejores condiciones","author":"La Hora del Campo","date":"24 septiembre, 2017","format":false,"excerpt":"La mejora en las condiciones clim\u00e1ticas de los \u00faltimos d\u00edas, con d\u00edas m\u00e1s frescos y soleados, ha dado una tregua al estr\u00e9s h\u00eddrico que ven\u00edan registrando los cultivos de trigo en varias zonas del pa\u00eds. El parate de las intensas lluvias ha permitido adem\u00e1s el ingreso a las chacras y\u2026","rel":"","context":"En \u00abAgricultura\u00bb","block_context":{"text":"Agricultura","link":"https:\/\/lahoradelcampo.com.uy\/site\/category\/agricultura\/"},"img":{"alt_text":"","src":"https:\/\/i0.wp.com\/lahoradelcampo.com.uy\/site\/wp-content\/uploads\/2017\/09\/Trigo-1.jpg?fit=880%2C440&ssl=1&resize=350%2C200","width":350,"height":200,"srcset":"https:\/\/i0.wp.com\/lahoradelcampo.com.uy\/site\/wp-content\/uploads\/2017\/09\/Trigo-1.jpg?fit=880%2C440&ssl=1&resize=350%2C200 1x, https:\/\/i0.wp.com\/lahoradelcampo.com.uy\/site\/wp-content\/uploads\/2017\/09\/Trigo-1.jpg?fit=880%2C440&ssl=1&resize=525%2C300 1.5x, https:\/\/i0.wp.com\/lahoradelcampo.com.uy\/site\/wp-content\/uploads\/2017\/09\/Trigo-1.jpg?fit=880%2C440&ssl=1&resize=700%2C400 2x"},"classes":[]},{"id":3869,"url":"https:\/\/lahoradelcampo.com.uy\/site\/lluvias-generan-magros-rendimientos-en-trigo\/","url_meta":{"origin":2745,"position":5},"title":"Lluvias generan magros rendimientos en trigo","author":"La Hora del Campo","date":"12 noviembre, 2017","format":false,"excerpt":"Aunque ya se han trillado algunas chacras, la cosecha de trigo va a empezar con m\u00e1s firmeza los primeros d\u00edas de la semana que viene. Estas primeras cosechas son la mayor\u00eda para silo de grano h\u00famedo. Las expectativas son de rendimientos magros, por el impacto que causaron las lluvias intensas\u2026","rel":"","context":"En \u00abAgricultura\u00bb","block_context":{"text":"Agricultura","link":"https:\/\/lahoradelcampo.com.uy\/site\/category\/agricultura\/"},"img":{"alt_text":"","src":"https:\/\/i0.wp.com\/lahoradelcampo.com.uy\/site\/wp-content\/uploads\/2017\/11\/trigo-1.jpg?fit=880%2C440&ssl=1&resize=350%2C200","width":350,"height":200,"srcset":"https:\/\/i0.wp.com\/lahoradelcampo.com.uy\/site\/wp-content\/uploads\/2017\/11\/trigo-1.jpg?fit=880%2C440&ssl=1&resize=350%2C200 1x, https:\/\/i0.wp.com\/lahoradelcampo.com.uy\/site\/wp-content\/uploads\/2017\/11\/trigo-1.jpg?fit=880%2C440&ssl=1&resize=525%2C300 1.5x, https:\/\/i0.wp.com\/lahoradelcampo.com.uy\/site\/wp-content\/uploads\/2017\/11\/trigo-1.jpg?fit=880%2C440&ssl=1&resize=700%2C400 2x"},"classes":[]}],"jetpack_likes_enabled":true,"_links":{"self":[{"href":"https:\/\/lahoradelcampo.com.uy\/site\/wp-json\/wp\/v2\/posts\/2745","targetHints":{"allow":["GET"]}}],"collection":[{"href":"https:\/\/lahoradelcampo.com.uy\/site\/wp-json\/wp\/v2\/posts"}],"about":[{"href":"https:\/\/lahoradelcampo.com.uy\/site\/wp-json\/wp\/v2\/types\/post"}],"author":[{"embeddable":true,"href":"https:\/\/lahoradelcampo.com.uy\/site\/wp-json\/wp\/v2\/users\/5"}],"replies":[{"embeddable":true,"href":"https:\/\/lahoradelcampo.com.uy\/site\/wp-json\/wp\/v2\/comments?post=2745"}],"version-history":[{"count":1,"href":"https:\/\/lahoradelcampo.com.uy\/site\/wp-json\/wp\/v2\/posts\/2745\/revisions"}],"predecessor-version":[{"id":2749,"href":"https:\/\/lahoradelcampo.com.uy\/site\/wp-json\/wp\/v2\/posts\/2745\/revisions\/2749"}],"wp:featuredmedia":[{"embeddable":true,"href":"https:\/\/lahoradelcampo.com.uy\/site\/wp-json\/wp\/v2\/media\/2747"}],"wp:attachment":[{"href":"https:\/\/lahoradelcampo.com.uy\/site\/wp-json\/wp\/v2\/media?parent=2745"}],"wp:term":[{"taxonomy":"category","embeddable":true,"href":"https:\/\/lahoradelcampo.com.uy\/site\/wp-json\/wp\/v2\/categories?post=2745"},{"taxonomy":"post_tag","embeddable":true,"href":"https:\/\/lahoradelcampo.com.uy\/site\/wp-json\/wp\/v2\/tags?post=2745"}],"curies":[{"name":"wp","href":"https:\/\/api.w.org\/{rel}","templated":true}]}}