{"id":24932,"date":"2020-10-23T07:02:46","date_gmt":"2020-10-23T10:02:46","guid":{"rendered":"http:\/\/lahoradelcampo.com.uy\/site\/?p=24932"},"modified":"2020-10-23T07:02:51","modified_gmt":"2020-10-23T10:02:51","slug":"uam-aun-faltan-los-servicios-esenciales-para-que-comience-a-funcionar","status":"publish","type":"post","link":"https:\/\/lahoradelcampo.com.uy\/site\/uam-aun-faltan-los-servicios-esenciales-para-que-comience-a-funcionar\/","title":{"rendered":"UAM: A\u00fan faltan los servicios esenciales para que comience  a funcionar"},"content":{"rendered":"\n<figure class=\"wp-block-image\"><img data-recalc-dims=\"1\" loading=\"lazy\" decoding=\"async\" width=\"810\" height=\"405\" data-attachment-id=\"24934\" data-permalink=\"https:\/\/lahoradelcampo.com.uy\/site\/uam-aun-faltan-los-servicios-esenciales-para-que-comience-a-funcionar\/uam-granja\/\" data-orig-file=\"https:\/\/i0.wp.com\/lahoradelcampo.com.uy\/site\/wp-content\/uploads\/2020\/10\/UAM-granja.jpg?fit=880%2C440&amp;ssl=1\" data-orig-size=\"880,440\" data-comments-opened=\"1\" data-image-meta=\"{&quot;aperture&quot;:&quot;0&quot;,&quot;credit&quot;:&quot;&quot;,&quot;camera&quot;:&quot;&quot;,&quot;caption&quot;:&quot;&quot;,&quot;created_timestamp&quot;:&quot;0&quot;,&quot;copyright&quot;:&quot;&quot;,&quot;focal_length&quot;:&quot;0&quot;,&quot;iso&quot;:&quot;0&quot;,&quot;shutter_speed&quot;:&quot;0&quot;,&quot;title&quot;:&quot;&quot;,&quot;orientation&quot;:&quot;1&quot;}\" data-image-title=\"UAM granja\" data-image-description=\"\" data-image-caption=\"\" data-large-file=\"https:\/\/i0.wp.com\/lahoradelcampo.com.uy\/site\/wp-content\/uploads\/2020\/10\/UAM-granja.jpg?fit=810%2C405&amp;ssl=1\" src=\"https:\/\/i0.wp.com\/lahoradelcampo.com.uy\/site\/wp-content\/uploads\/2020\/10\/UAM-granja.jpg?resize=810%2C405\" alt=\"\" class=\"wp-image-24934\" srcset=\"https:\/\/i0.wp.com\/lahoradelcampo.com.uy\/site\/wp-content\/uploads\/2020\/10\/UAM-granja.jpg?w=880&amp;ssl=1 880w, https:\/\/i0.wp.com\/lahoradelcampo.com.uy\/site\/wp-content\/uploads\/2020\/10\/UAM-granja.jpg?resize=300%2C150&amp;ssl=1 300w, https:\/\/i0.wp.com\/lahoradelcampo.com.uy\/site\/wp-content\/uploads\/2020\/10\/UAM-granja.jpg?resize=768%2C384&amp;ssl=1 768w, https:\/\/i0.wp.com\/lahoradelcampo.com.uy\/site\/wp-content\/uploads\/2020\/10\/UAM-granja.jpg?resize=820%2C410&amp;ssl=1 820w\" sizes=\"auto, (max-width: 810px) 100vw, 810px\" \/><\/figure>\n\n\n\n<p>Esta semana la Confederaci\u00f3n Granjera del Uruguay se reuni\u00f3 en consejo directivo, como lo realiza habitualmente todos los martes, para tomar posici\u00f3n ante la aprobaci\u00f3n de la media sanciono en el Parlamento de la Ley de Presupuesto, la cual ha generado un enfrentamiento del Gobierno Nacional con la Intendencia de Montevideo, propietaria del predio donde se levanto la Unidad Agroalimentaria de Montevideo. <br><\/p>\n\n\n\n<p>La C\u00e1mara de Diputados, con los votos del Partido Nacional, Partido Colorado y Cabildo Abierto, aprobaron el cambio en la gobernanza de la Unidad Agroalimentaria de Montevideo (UAM), que determina un menor incidencia de la Intendencia de Montevideo, que hasta el momento tiene a su cargo la presidencia y secretaria de la nueva unidad de negocios. Si la C\u00e1mara de Senadores ratifica en 45 d\u00edas dicho art\u00edculo, la cogobernanza de la UAM pasara a tener la presidencia en manos del Poder Ejecutivo, la cual se prev\u00e9 est\u00e9 en manos del MGAP, en tanto que la secretaria continuaria en manos de la Intendencia capitalina. <br><\/p>\n\n\n\n<p>La Confederaci\u00f3n Granjera del Uruguay, emiti\u00f3 un comunicado donde establece su apoyo a que la Mesa Ejecutiva de la UAM est\u00e9 integrada por miembros del sector productivo sin el involucramiento de los mismos en la designaci\u00f3n del presidente o secretario general de la misma. <br><\/p>\n\n\n\n<p>Adem\u00e1s remarc\u00e1n la ausencia de los servicios \u00abimprescindibles\u00bb para su funcionamiento, como lo son \u00abUTE, OSE (Agua y Saneamiento), Fibra \u00d3ptica, Financieros (pagos y cobranzas), Fr\u00edo, Control de ingreso y ordenamiento de tr\u00e1nsito interno. Temas que entienden son fundamentales para la mudanza del Mercado Modelo a la UAM y el funcionamiento de la misma. <\/p>\n\n\n\n<p style=\"text-align:right\"><strong>Salto, 23 de octubre de 2020<\/strong><\/p>\n","protected":false},"excerpt":{"rendered":"<p>Esta semana la Confederaci\u00f3n Granjera del Uruguay se reuni\u00f3 en consejo directivo, como lo realiza habitualmente todos los martes, para tomar posici\u00f3n ante la aprobaci\u00f3n de la media sanciono en [&hellip;]<\/p>\n","protected":false},"author":5,"featured_media":24934,"comment_status":"open","ping_status":"open","sticky":false,"template":"","format":"standard","meta":{"_price":"","_stock":"","_tribe_ticket_header":"","_tribe_default_ticket_provider":"","_tribe_ticket_capacity":"0","_ticket_start_date":"","_ticket_end_date":"","_tribe_ticket_show_description":"","_tribe_ticket_show_not_going":false,"_tribe_ticket_use_global_stock":"","_tribe_ticket_global_stock_level":"","_global_stock_mode":"","_global_stock_cap":"","_tribe_rsvp_for_event":"","_tribe_ticket_going_count":"","_tribe_ticket_not_going_count":"","_tribe_tickets_list":"[]","_tribe_ticket_has_attendee_info_fields":false,"h5ap_radio_sources":[],"_jetpack_newsletter_access":"","_jetpack_dont_email_post_to_subs":false,"_jetpack_newsletter_tier_id":0,"_jetpack_memberships_contains_paywalled_content":false,"_jetpack_memberships_contains_paid_content":false,"footnotes":""},"categories":[21,9],"tags":[],"class_list":["post-24932","post","type-post","status-publish","format-standard","has-post-thumbnail","hentry","category-actualidad","category-granja"],"jetpack_featured_media_url":"https:\/\/i0.wp.com\/lahoradelcampo.com.uy\/site\/wp-content\/uploads\/2020\/10\/UAM-granja.jpg?fit=880%2C440&ssl=1","jetpack_sharing_enabled":true,"jetpack_shortlink":"https:\/\/wp.me\/p99IaT-6u8","jetpack-related-posts":[{"id":27914,"url":"https:\/\/lahoradelcampo.com.uy\/site\/lacalle-pou-y-carolina-cosse-inauguraron-la-unidad-agroalimentaria-metropolitana\/","url_meta":{"origin":24932,"position":0},"title":"Lacalle Pou y Carolina Cosse inauguraron la Unidad Agroalimentaria Metropolitana","author":"La Hora del Campo","date":"23 febrero, 2021","format":false,"excerpt":"En la jornada de ayer se inaugur\u00f3 la Unidad Agroalimentaria Metropolitana (UAM) dejando atr\u00e1s el viejo Mercado Modelo, que con sus 85 a\u00f1os era el m\u00e1s antiguo de Am\u00e9rica Latina. Ahora la nueva unidad de comercializaci\u00f3n se ha transformado en la m\u00e1s moderna de la regi\u00f3n. Esta apertura se concret\u00f3\u2026","rel":"","context":"En \u00abActualidad\u00bb","block_context":{"text":"Actualidad","link":"https:\/\/lahoradelcampo.com.uy\/site\/category\/actualidad\/"},"img":{"alt_text":"","src":"https:\/\/i0.wp.com\/lahoradelcampo.com.uy\/site\/wp-content\/uploads\/2021\/02\/UAM.jpg?fit=880%2C440&ssl=1&resize=350%2C200","width":350,"height":200,"srcset":"https:\/\/i0.wp.com\/lahoradelcampo.com.uy\/site\/wp-content\/uploads\/2021\/02\/UAM.jpg?fit=880%2C440&ssl=1&resize=350%2C200 1x, https:\/\/i0.wp.com\/lahoradelcampo.com.uy\/site\/wp-content\/uploads\/2021\/02\/UAM.jpg?fit=880%2C440&ssl=1&resize=525%2C300 1.5x, https:\/\/i0.wp.com\/lahoradelcampo.com.uy\/site\/wp-content\/uploads\/2021\/02\/UAM.jpg?fit=880%2C440&ssl=1&resize=700%2C400 2x"},"classes":[]},{"id":13248,"url":"https:\/\/lahoradelcampo.com.uy\/site\/central-horticola-falta-coordinacion-con-la-uam-para-el-apoyo-de-la-junagra\/","url_meta":{"origin":24932,"position":1},"title":"Central Hort\u00edcola: Falta coordinaci\u00f3n con la UAM para el apoyo de la Junagra","author":"La Hora del Campo","date":"3 agosto, 2019","format":false,"excerpt":"Consultado sobre el apoyo a la construcci\u00f3n de la Central Hort\u00edcola del Norte, el Ministro de Ganader\u00eda, Agricultura y Pesca, Enzo Benech, dijo que \"la definici\u00f3n y las condiciones\" de apoyo ya han sido mencionadas por parte del MGAP. Record\u00f3 que las condiciones eran \"que los productores fueran beneficiados, por\u2026","rel":"","context":"En \u00abActualidad\u00bb","block_context":{"text":"Actualidad","link":"https:\/\/lahoradelcampo.com.uy\/site\/category\/actualidad\/"},"img":{"alt_text":"","src":"https:\/\/i0.wp.com\/lahoradelcampo.com.uy\/site\/wp-content\/uploads\/2019\/05\/Salto-Horticola.jpg?fit=880%2C440&ssl=1&resize=350%2C200","width":350,"height":200,"srcset":"https:\/\/i0.wp.com\/lahoradelcampo.com.uy\/site\/wp-content\/uploads\/2019\/05\/Salto-Horticola.jpg?fit=880%2C440&ssl=1&resize=350%2C200 1x, https:\/\/i0.wp.com\/lahoradelcampo.com.uy\/site\/wp-content\/uploads\/2019\/05\/Salto-Horticola.jpg?fit=880%2C440&ssl=1&resize=525%2C300 1.5x, https:\/\/i0.wp.com\/lahoradelcampo.com.uy\/site\/wp-content\/uploads\/2019\/05\/Salto-Horticola.jpg?fit=880%2C440&ssl=1&resize=700%2C400 2x"},"classes":[]},{"id":31160,"url":"https:\/\/lahoradelcampo.com.uy\/site\/tenca-y-grabielli-asumieron-en-la-uam-en-representacion-de-los-saltenos\/","url_meta":{"origin":24932,"position":2},"title":"Tenca y Grabielli asumieron en la UAM en representaci\u00f3n de los salte\u00f1os","author":"La Hora del Campo","date":"10 junio, 2021","format":false,"excerpt":"El Ministro de Ganader\u00eda, Agricultura y Pesca, Carlos Mar\u00eda Uriarte y la Intendenta de Montevideo, Carolina Cosse, informaron en conferencia de prensa, la presentaci\u00f3n formal del nuevo Directorio de la Unidad Agroalimentaria Metropolitana (UAM). Dicha actividad se realiz\u00f3 ayer, 9 de junio, en el sal\u00f3n de actos de la UAM\u2026","rel":"","context":"En \u00abActualidad\u00bb","block_context":{"text":"Actualidad","link":"https:\/\/lahoradelcampo.com.uy\/site\/category\/actualidad\/"},"img":{"alt_text":"","src":"https:\/\/i0.wp.com\/lahoradelcampo.com.uy\/site\/wp-content\/uploads\/2021\/06\/UAM-autoridades.jpg?fit=880%2C440&ssl=1&resize=350%2C200","width":350,"height":200,"srcset":"https:\/\/i0.wp.com\/lahoradelcampo.com.uy\/site\/wp-content\/uploads\/2021\/06\/UAM-autoridades.jpg?fit=880%2C440&ssl=1&resize=350%2C200 1x, https:\/\/i0.wp.com\/lahoradelcampo.com.uy\/site\/wp-content\/uploads\/2021\/06\/UAM-autoridades.jpg?fit=880%2C440&ssl=1&resize=525%2C300 1.5x, https:\/\/i0.wp.com\/lahoradelcampo.com.uy\/site\/wp-content\/uploads\/2021\/06\/UAM-autoridades.jpg?fit=880%2C440&ssl=1&resize=700%2C400 2x"},"classes":[]},{"id":17030,"url":"https:\/\/lahoradelcampo.com.uy\/site\/mgap-autorizo-us-15-millones-a-la-uam-mientras-salto-continua-esperando-su-apoyo\/","url_meta":{"origin":24932,"position":3},"title":"MGAP autoriz\u00f3 US$ 15 millones a la UAM, mientras Salto contin\u00faa esperando su apoyo","author":"La Hora del Campo","date":"22 enero, 2020","format":false,"excerpt":"Con la capital del pa\u00eds como epicentro de la mayor aglomeraci\u00f3n de habitantes, el centralismo contin\u00faa dando una dura batalla a la descentralizaci\u00f3n y la Central Hort\u00edcola del Norte y los productores embarcados en el proyecto, se han vuelto rehenes de una realidad que lamentablemente contin\u00faa tan vigente como hace\u2026","rel":"","context":"En \u00abActualidad\u00bb","block_context":{"text":"Actualidad","link":"https:\/\/lahoradelcampo.com.uy\/site\/category\/actualidad\/"},"img":{"alt_text":"","src":"https:\/\/i0.wp.com\/lahoradelcampo.com.uy\/site\/wp-content\/uploads\/2019\/12\/CentralHorticola1.jpg?fit=880%2C440&ssl=1&resize=350%2C200","width":350,"height":200,"srcset":"https:\/\/i0.wp.com\/lahoradelcampo.com.uy\/site\/wp-content\/uploads\/2019\/12\/CentralHorticola1.jpg?fit=880%2C440&ssl=1&resize=350%2C200 1x, https:\/\/i0.wp.com\/lahoradelcampo.com.uy\/site\/wp-content\/uploads\/2019\/12\/CentralHorticola1.jpg?fit=880%2C440&ssl=1&resize=525%2C300 1.5x, https:\/\/i0.wp.com\/lahoradelcampo.com.uy\/site\/wp-content\/uploads\/2019\/12\/CentralHorticola1.jpg?fit=880%2C440&ssl=1&resize=700%2C400 2x"},"classes":[]},{"id":29880,"url":"https:\/\/lahoradelcampo.com.uy\/site\/volumenes-de-venta-no-conformaron-al-retorno-de-la-operativa-granjera-semanal\/","url_meta":{"origin":24932,"position":4},"title":"Vol\u00famenes de venta no conformaron al retorno de la operativa granjera semanal","author":"La Hora del Campo","date":"11 mayo, 2021","format":false,"excerpt":"El retorno a la operativa comercial esta semana en el mercado granjero ha sido por debajo de las expectativas que ten\u00eda la mayor\u00eda de los operadores referentes en la Unidad Agroalimentaria Metropolitana (UAM). Si bien se destaca un buen marco de compradores que ingresaron en la jornada de ayer lunes\u2026","rel":"","context":"En \u00abActualidad\u00bb","block_context":{"text":"Actualidad","link":"https:\/\/lahoradelcampo.com.uy\/site\/category\/actualidad\/"},"img":{"alt_text":"","src":"https:\/\/i0.wp.com\/lahoradelcampo.com.uy\/site\/wp-content\/uploads\/2021\/05\/Mandarinacriolla.jpg?fit=880%2C440&ssl=1&resize=350%2C200","width":350,"height":200,"srcset":"https:\/\/i0.wp.com\/lahoradelcampo.com.uy\/site\/wp-content\/uploads\/2021\/05\/Mandarinacriolla.jpg?fit=880%2C440&ssl=1&resize=350%2C200 1x, https:\/\/i0.wp.com\/lahoradelcampo.com.uy\/site\/wp-content\/uploads\/2021\/05\/Mandarinacriolla.jpg?fit=880%2C440&ssl=1&resize=525%2C300 1.5x, https:\/\/i0.wp.com\/lahoradelcampo.com.uy\/site\/wp-content\/uploads\/2021\/05\/Mandarinacriolla.jpg?fit=880%2C440&ssl=1&resize=700%2C400 2x"},"classes":[]},{"id":42951,"url":"https:\/\/lahoradelcampo.com.uy\/site\/uam-realizara-las-acciones-necesarias-para-garantizar-las-actividades\/","url_meta":{"origin":24932,"position":5},"title":"UAM realizar\u00e1 \u00ablas acciones necesarias\u00bb para garantizar las actividades","author":"La Hora del Campo","date":"20 junio, 2022","format":false,"excerpt":"Tras un informe de la Auditoria Interna de la Naci\u00f3n, que observ\u00f3 irregularidades sobre la titularidad de los predios donde est\u00e1 ubicada la Unidad Agroalimentaria Metropolitana (UAM), el directorio de la empresa emiti\u00f3 un comunicado donde remarca que se realizar\u00e1n \"todas las acciones necesarias\" para garantizar el desarrollo de la\u2026","rel":"","context":"En \u00abActualidad\u00bb","block_context":{"text":"Actualidad","link":"https:\/\/lahoradelcampo.com.uy\/site\/category\/actualidad\/"},"img":{"alt_text":"","src":"https:\/\/i0.wp.com\/lahoradelcampo.com.uy\/site\/wp-content\/uploads\/2020\/10\/UAM-granja.jpg?fit=880%2C440&ssl=1&resize=350%2C200","width":350,"height":200,"srcset":"https:\/\/i0.wp.com\/lahoradelcampo.com.uy\/site\/wp-content\/uploads\/2020\/10\/UAM-granja.jpg?fit=880%2C440&ssl=1&resize=350%2C200 1x, https:\/\/i0.wp.com\/lahoradelcampo.com.uy\/site\/wp-content\/uploads\/2020\/10\/UAM-granja.jpg?fit=880%2C440&ssl=1&resize=525%2C300 1.5x, https:\/\/i0.wp.com\/lahoradelcampo.com.uy\/site\/wp-content\/uploads\/2020\/10\/UAM-granja.jpg?fit=880%2C440&ssl=1&resize=700%2C400 2x"},"classes":[]}],"jetpack_likes_enabled":true,"_links":{"self":[{"href":"https:\/\/lahoradelcampo.com.uy\/site\/wp-json\/wp\/v2\/posts\/24932","targetHints":{"allow":["GET"]}}],"collection":[{"href":"https:\/\/lahoradelcampo.com.uy\/site\/wp-json\/wp\/v2\/posts"}],"about":[{"href":"https:\/\/lahoradelcampo.com.uy\/site\/wp-json\/wp\/v2\/types\/post"}],"author":[{"embeddable":true,"href":"https:\/\/lahoradelcampo.com.uy\/site\/wp-json\/wp\/v2\/users\/5"}],"replies":[{"embeddable":true,"href":"https:\/\/lahoradelcampo.com.uy\/site\/wp-json\/wp\/v2\/comments?post=24932"}],"version-history":[{"count":1,"href":"https:\/\/lahoradelcampo.com.uy\/site\/wp-json\/wp\/v2\/posts\/24932\/revisions"}],"predecessor-version":[{"id":24936,"href":"https:\/\/lahoradelcampo.com.uy\/site\/wp-json\/wp\/v2\/posts\/24932\/revisions\/24936"}],"wp:featuredmedia":[{"embeddable":true,"href":"https:\/\/lahoradelcampo.com.uy\/site\/wp-json\/wp\/v2\/media\/24934"}],"wp:attachment":[{"href":"https:\/\/lahoradelcampo.com.uy\/site\/wp-json\/wp\/v2\/media?parent=24932"}],"wp:term":[{"taxonomy":"category","embeddable":true,"href":"https:\/\/lahoradelcampo.com.uy\/site\/wp-json\/wp\/v2\/categories?post=24932"},{"taxonomy":"post_tag","embeddable":true,"href":"https:\/\/lahoradelcampo.com.uy\/site\/wp-json\/wp\/v2\/tags?post=24932"}],"curies":[{"name":"wp","href":"https:\/\/api.w.org\/{rel}","templated":true}]}}