{"id":24912,"date":"2020-10-22T06:33:19","date_gmt":"2020-10-22T09:33:19","guid":{"rendered":"http:\/\/lahoradelcampo.com.uy\/site\/?p=24912"},"modified":"2020-10-22T00:36:34","modified_gmt":"2020-10-22T03:36:34","slug":"camba-pyta-vendio-su-torada-en-us-2-960","status":"publish","type":"post","link":"https:\/\/lahoradelcampo.com.uy\/site\/camba-pyta-vendio-su-torada-en-us-2-960\/","title":{"rendered":"Camb\u00e1 Pyt\u00e1 vendi\u00f3 su torada en US$ 2.960"},"content":{"rendered":"\n<figure class=\"wp-block-image\"><img data-recalc-dims=\"1\" loading=\"lazy\" decoding=\"async\" width=\"810\" height=\"405\" data-attachment-id=\"24914\" data-permalink=\"https:\/\/lahoradelcampo.com.uy\/site\/camba-pyta-vendio-su-torada-en-us-2-960\/cambapyta\/\" data-orig-file=\"https:\/\/i0.wp.com\/lahoradelcampo.com.uy\/site\/wp-content\/uploads\/2020\/10\/cambapyta.jpg?fit=880%2C440&amp;ssl=1\" data-orig-size=\"880,440\" data-comments-opened=\"1\" data-image-meta=\"{&quot;aperture&quot;:&quot;0&quot;,&quot;credit&quot;:&quot;&quot;,&quot;camera&quot;:&quot;&quot;,&quot;caption&quot;:&quot;&quot;,&quot;created_timestamp&quot;:&quot;0&quot;,&quot;copyright&quot;:&quot;&quot;,&quot;focal_length&quot;:&quot;0&quot;,&quot;iso&quot;:&quot;0&quot;,&quot;shutter_speed&quot;:&quot;0&quot;,&quot;title&quot;:&quot;&quot;,&quot;orientation&quot;:&quot;1&quot;}\" data-image-title=\"cambapyta\" data-image-description=\"\" data-image-caption=\"\" data-large-file=\"https:\/\/i0.wp.com\/lahoradelcampo.com.uy\/site\/wp-content\/uploads\/2020\/10\/cambapyta.jpg?fit=810%2C405&amp;ssl=1\" src=\"https:\/\/i0.wp.com\/lahoradelcampo.com.uy\/site\/wp-content\/uploads\/2020\/10\/cambapyta.jpg?resize=810%2C405\" alt=\"\" class=\"wp-image-24914\" srcset=\"https:\/\/i0.wp.com\/lahoradelcampo.com.uy\/site\/wp-content\/uploads\/2020\/10\/cambapyta.jpg?w=880&amp;ssl=1 880w, https:\/\/i0.wp.com\/lahoradelcampo.com.uy\/site\/wp-content\/uploads\/2020\/10\/cambapyta.jpg?resize=300%2C150&amp;ssl=1 300w, https:\/\/i0.wp.com\/lahoradelcampo.com.uy\/site\/wp-content\/uploads\/2020\/10\/cambapyta.jpg?resize=768%2C384&amp;ssl=1 768w, https:\/\/i0.wp.com\/lahoradelcampo.com.uy\/site\/wp-content\/uploads\/2020\/10\/cambapyta.jpg?resize=820%2C410&amp;ssl=1 820w\" sizes=\"auto, (max-width: 810px) 100vw, 810px\" \/><\/figure>\n\n\n\n<p>Al ritmo del samba y con toda la alegr\u00eda de la familia Barrios-Romero, se llev\u00f3 adelante el remate de la caba\u00f1a Camb\u00e1 Pyt\u00e1 en el local Chiflero de la Asociaci\u00f3n Agropecuaria de Artigas, con el martillo de Gerardo Zambrano. <br><\/p>\n\n\n\n<p>En una venta \u00e1gil y r\u00e1pida, se disperso la gen\u00e9tica de la caba\u00f1a artiguense a varios puntos del pa\u00eds y a distintas caba\u00f1as de la puntera de la raza que participaron de la puja.  <br><\/p>\n\n\n\n<p>En la pista, los valores para los toros alcanzaron un m\u00e1ximo de US$ 5.400, con un piso de US$ 2.400 y un promedio para los 60 toros comercializados en US$ 2.960. <\/p>\n\n\n\n<p style=\"text-align:right\"><strong>Salto, 23 de octubre de 2020<\/strong><\/p>\n","protected":false},"excerpt":{"rendered":"<p>Al ritmo del samba y con toda la alegr\u00eda de la familia Barrios-Romero, se llev\u00f3 adelante el remate de la caba\u00f1a Camb\u00e1 Pyt\u00e1 en el local Chiflero de la Asociaci\u00f3n [&hellip;]<\/p>\n","protected":false},"author":5,"featured_media":24914,"comment_status":"open","ping_status":"open","sticky":false,"template":"","format":"standard","meta":{"_price":"","_stock":"","_tribe_ticket_header":"","_tribe_default_ticket_provider":"","_tribe_ticket_capacity":"0","_ticket_start_date":"","_ticket_end_date":"","_tribe_ticket_show_description":"","_tribe_ticket_show_not_going":false,"_tribe_ticket_use_global_stock":"","_tribe_ticket_global_stock_level":"","_global_stock_mode":"","_global_stock_cap":"","_tribe_rsvp_for_event":"","_tribe_ticket_going_count":"","_tribe_ticket_not_going_count":"","_tribe_tickets_list":"[]","_tribe_ticket_has_attendee_info_fields":false,"h5ap_radio_sources":[],"_jetpack_newsletter_access":"","_jetpack_dont_email_post_to_subs":false,"_jetpack_newsletter_tier_id":0,"_jetpack_memberships_contains_paywalled_content":false,"_jetpack_memberships_contains_paid_content":false,"footnotes":""},"categories":[21,5],"tags":[],"class_list":["post-24912","post","type-post","status-publish","format-standard","has-post-thumbnail","hentry","category-actualidad","category-ganaderia"],"jetpack_featured_media_url":"https:\/\/i0.wp.com\/lahoradelcampo.com.uy\/site\/wp-content\/uploads\/2020\/10\/cambapyta.jpg?fit=880%2C440&ssl=1","jetpack_sharing_enabled":true,"jetpack_shortlink":"https:\/\/wp.me\/p99IaT-6tO","jetpack-related-posts":[{"id":3185,"url":"https:\/\/lahoradelcampo.com.uy\/site\/camba-pyta-coloco-su-torada-a-ritmo-de-samba\/","url_meta":{"origin":24912,"position":0},"title":"Camb\u00e1 Pyt\u00e1 coloc\u00f3 su torada a ritmo de samba","author":"La Hora del Campo","date":"26 octubre, 2017","format":false,"excerpt":"Al ritmo del samba brasile\u00f1o, caracter\u00edstico de la frontera, la caba\u00f1a artiguense realiz\u00f3 su remate anual en el local Chiflero de la Asociaci\u00f3n Agropecuaria de Artigas. El sal\u00f3n de ventas colmado con la presencia de clientes y amigos de la caba\u00f1a y en el martillo Gerardo Zambrano, que como un\u2026","rel":"","context":"En \u00abActualidad\u00bb","block_context":{"text":"Actualidad","link":"https:\/\/lahoradelcampo.com.uy\/site\/category\/actualidad\/"},"img":{"alt_text":"","src":"https:\/\/i0.wp.com\/lahoradelcampo.com.uy\/site\/wp-content\/uploads\/2017\/10\/Camba-Pyta.jpg?fit=880%2C440&ssl=1&resize=350%2C200","width":350,"height":200,"srcset":"https:\/\/i0.wp.com\/lahoradelcampo.com.uy\/site\/wp-content\/uploads\/2017\/10\/Camba-Pyta.jpg?fit=880%2C440&ssl=1&resize=350%2C200 1x, https:\/\/i0.wp.com\/lahoradelcampo.com.uy\/site\/wp-content\/uploads\/2017\/10\/Camba-Pyta.jpg?fit=880%2C440&ssl=1&resize=525%2C300 1.5x, https:\/\/i0.wp.com\/lahoradelcampo.com.uy\/site\/wp-content\/uploads\/2017\/10\/Camba-Pyta.jpg?fit=880%2C440&ssl=1&resize=700%2C400 2x"},"classes":[]},{"id":35449,"url":"https:\/\/lahoradelcampo.com.uy\/site\/camba-pyta-alcanzo-us-4-191-de-promedio-por-sus-angus\/","url_meta":{"origin":24912,"position":1},"title":"Camba Pyt\u00e1 alcanz\u00f3 US$ 4.191 de promedio por sus Angus","author":"La Hora del Campo","date":"14 octubre, 2021","format":false,"excerpt":"En la tarde noche de ayer, la caba\u00f1a artiguense Camba Pyt\u00e1, realiz\u00f3 un nuevo remate anual, con la colocaci\u00f3n total de un centenar de angus en la pista del local Chiflero de la Asociaci\u00f3n Agropecuaria de Artigas. En el detalle se comercializaron al comienzo 40 vacas y vaquillonas aberdeen angus\u2026","rel":"","context":"En \u00abActualidad\u00bb","block_context":{"text":"Actualidad","link":"https:\/\/lahoradelcampo.com.uy\/site\/category\/actualidad\/"},"img":{"alt_text":"","src":"https:\/\/i0.wp.com\/lahoradelcampo.com.uy\/site\/wp-content\/uploads\/2021\/10\/zafra-cambapyta.jpg?fit=880%2C440&ssl=1&resize=350%2C200","width":350,"height":200,"srcset":"https:\/\/i0.wp.com\/lahoradelcampo.com.uy\/site\/wp-content\/uploads\/2021\/10\/zafra-cambapyta.jpg?fit=880%2C440&ssl=1&resize=350%2C200 1x, https:\/\/i0.wp.com\/lahoradelcampo.com.uy\/site\/wp-content\/uploads\/2021\/10\/zafra-cambapyta.jpg?fit=880%2C440&ssl=1&resize=525%2C300 1.5x, https:\/\/i0.wp.com\/lahoradelcampo.com.uy\/site\/wp-content\/uploads\/2021\/10\/zafra-cambapyta.jpg?fit=880%2C440&ssl=1&resize=700%2C400 2x"},"classes":[]},{"id":46375,"url":"https:\/\/lahoradelcampo.com.uy\/site\/en-nueve-remates-se-vendieron-438-toros-us-3-808-de-promedio\/","url_meta":{"origin":24912,"position":2},"title":"En nueve remates se vendieron 438 toros US$ 3.808 de promedio","author":"La Hora del Campo","date":"16 octubre, 2022","format":false,"excerpt":"La zafra de toros viene con buen ritmo de colocaci\u00f3n de la oferta y con valores promedios dentro de lo esperado por las caba\u00f1as, m\u00e1s all\u00e1 de alg\u00fan remate puntual. A quince d\u00edas del mes de octubre, pr\u00e1cticamente en la mitad de la presente zafra, le presentamos un resumen de\u2026","rel":"","context":"En \u00abActualidad\u00bb","block_context":{"text":"Actualidad","link":"https:\/\/lahoradelcampo.com.uy\/site\/category\/actualidad\/"},"img":{"alt_text":"","src":"https:\/\/i0.wp.com\/lahoradelcampo.com.uy\/site\/wp-content\/uploads\/2021\/11\/zafradetoros1.jpg?fit=880%2C440&ssl=1&resize=350%2C200","width":350,"height":200,"srcset":"https:\/\/i0.wp.com\/lahoradelcampo.com.uy\/site\/wp-content\/uploads\/2021\/11\/zafradetoros1.jpg?fit=880%2C440&ssl=1&resize=350%2C200 1x, https:\/\/i0.wp.com\/lahoradelcampo.com.uy\/site\/wp-content\/uploads\/2021\/11\/zafradetoros1.jpg?fit=880%2C440&ssl=1&resize=525%2C300 1.5x, https:\/\/i0.wp.com\/lahoradelcampo.com.uy\/site\/wp-content\/uploads\/2021\/11\/zafradetoros1.jpg?fit=880%2C440&ssl=1&resize=700%2C400 2x"},"classes":[]},{"id":46413,"url":"https:\/\/lahoradelcampo.com.uy\/site\/cabana-salto-y-la-plazoleta-vendieron-el-100-de-la-oferta\/","url_meta":{"origin":24912,"position":3},"title":"Caba\u00f1a Salto y La Plazoleta vendieron el 100% de la oferta","author":"La Hora del Campo","date":"18 octubre, 2022","format":false,"excerpt":"En el predio de la Asociaci\u00f3n Agropecuaria de Salto, se realiz\u00f3 el remate anual de \u201cCaba\u00f1a Salto\u201d del Joint Venture Limitour, con el martillo de la firma Zambrano & C\u00eda. Como caba\u00f1a invitada particip\u00f3 la caba\u00f1a \u201cLa Plazoleta\u201d de Daniel Constant\u00edn. Los negocios iniciaron con la venta vertical de una\u2026","rel":"","context":"En \u00abActualidad\u00bb","block_context":{"text":"Actualidad","link":"https:\/\/lahoradelcampo.com.uy\/site\/category\/actualidad\/"},"img":{"alt_text":"","src":"https:\/\/i0.wp.com\/lahoradelcampo.com.uy\/site\/wp-content\/uploads\/2022\/10\/Caba%C3%B1aSalto-Limitour.jpg?fit=880%2C440&ssl=1&resize=350%2C200","width":350,"height":200,"srcset":"https:\/\/i0.wp.com\/lahoradelcampo.com.uy\/site\/wp-content\/uploads\/2022\/10\/Caba%C3%B1aSalto-Limitour.jpg?fit=880%2C440&ssl=1&resize=350%2C200 1x, https:\/\/i0.wp.com\/lahoradelcampo.com.uy\/site\/wp-content\/uploads\/2022\/10\/Caba%C3%B1aSalto-Limitour.jpg?fit=880%2C440&ssl=1&resize=525%2C300 1.5x, https:\/\/i0.wp.com\/lahoradelcampo.com.uy\/site\/wp-content\/uploads\/2022\/10\/Caba%C3%B1aSalto-Limitour.jpg?fit=880%2C440&ssl=1&resize=700%2C400 2x"},"classes":[]},{"id":46215,"url":"https:\/\/lahoradelcampo.com.uy\/site\/cabana-macedo-vendio-el-100-de-la-oferta-angus-y-brangus\/","url_meta":{"origin":24912,"position":4},"title":"Caba\u00f1a Macedo vendi\u00f3 el 100% de la oferta Angus y Brangus","author":"La Hora del Campo","date":"10 octubre, 2022","format":false,"excerpt":"Con los martillos de Jos\u00e9 Aicardi y Gast\u00f3n Araujo, la caba\u00f1a artiguense entro a pista con su oferta de hembras y toros Aberdeen Angus y Brangus, acompa\u00f1ada por las caba\u00f1as invitadas El Tacur\u00fa en Brangus y Santa Mar\u00eda del Arapey en Polled Hereford. En tres horas se coloc\u00f3 la totalidad\u2026","rel":"","context":"En \u00abActualidad\u00bb","block_context":{"text":"Actualidad","link":"https:\/\/lahoradelcampo.com.uy\/site\/category\/actualidad\/"},"img":{"alt_text":"","src":"https:\/\/i0.wp.com\/lahoradelcampo.com.uy\/site\/wp-content\/uploads\/2022\/10\/caba%C3%B1amacedo.jpg?fit=880%2C440&ssl=1&resize=350%2C200","width":350,"height":200,"srcset":"https:\/\/i0.wp.com\/lahoradelcampo.com.uy\/site\/wp-content\/uploads\/2022\/10\/caba%C3%B1amacedo.jpg?fit=880%2C440&ssl=1&resize=350%2C200 1x, https:\/\/i0.wp.com\/lahoradelcampo.com.uy\/site\/wp-content\/uploads\/2022\/10\/caba%C3%B1amacedo.jpg?fit=880%2C440&ssl=1&resize=525%2C300 1.5x, https:\/\/i0.wp.com\/lahoradelcampo.com.uy\/site\/wp-content\/uploads\/2022\/10\/caba%C3%B1amacedo.jpg?fit=880%2C440&ssl=1&resize=700%2C400 2x"},"classes":[]},{"id":4187,"url":"https:\/\/lahoradelcampo.com.uy\/site\/este-viernes-otto-fernandez-vende-los-toros-de-maria-isabel\/","url_meta":{"origin":24912,"position":5},"title":"Este viernes Otto Fern\u00e1ndez vende los toros de Mar\u00eda Isabel","author":"La Hora del Campo","date":"24 noviembre, 2017","format":false,"excerpt":"Hoy viernes 24 de noviembre, en la \u00faltima actividad de la presente zafra de toros, el escritorio Otto Fern\u00e1ndez realizar\u00e1 la venta de la caba\u00f1a Mar\u00eda Isabel, de Luis Mar\u00eda Dos Santos. \u201cSe trata de una caba\u00f1a nueva pero con muchos logros, tanto en el prado, logrando el Reservado Campe\u00f3n\u2026","rel":"","context":"En \u00abActualidad\u00bb","block_context":{"text":"Actualidad","link":"https:\/\/lahoradelcampo.com.uy\/site\/category\/actualidad\/"},"img":{"alt_text":"","src":"https:\/\/i0.wp.com\/lahoradelcampo.com.uy\/site\/wp-content\/uploads\/2017\/11\/MariaIsabel.jpg?fit=880%2C440&ssl=1&resize=350%2C200","width":350,"height":200,"srcset":"https:\/\/i0.wp.com\/lahoradelcampo.com.uy\/site\/wp-content\/uploads\/2017\/11\/MariaIsabel.jpg?fit=880%2C440&ssl=1&resize=350%2C200 1x, https:\/\/i0.wp.com\/lahoradelcampo.com.uy\/site\/wp-content\/uploads\/2017\/11\/MariaIsabel.jpg?fit=880%2C440&ssl=1&resize=525%2C300 1.5x, https:\/\/i0.wp.com\/lahoradelcampo.com.uy\/site\/wp-content\/uploads\/2017\/11\/MariaIsabel.jpg?fit=880%2C440&ssl=1&resize=700%2C400 2x"},"classes":[]}],"jetpack_likes_enabled":true,"_links":{"self":[{"href":"https:\/\/lahoradelcampo.com.uy\/site\/wp-json\/wp\/v2\/posts\/24912","targetHints":{"allow":["GET"]}}],"collection":[{"href":"https:\/\/lahoradelcampo.com.uy\/site\/wp-json\/wp\/v2\/posts"}],"about":[{"href":"https:\/\/lahoradelcampo.com.uy\/site\/wp-json\/wp\/v2\/types\/post"}],"author":[{"embeddable":true,"href":"https:\/\/lahoradelcampo.com.uy\/site\/wp-json\/wp\/v2\/users\/5"}],"replies":[{"embeddable":true,"href":"https:\/\/lahoradelcampo.com.uy\/site\/wp-json\/wp\/v2\/comments?post=24912"}],"version-history":[{"count":1,"href":"https:\/\/lahoradelcampo.com.uy\/site\/wp-json\/wp\/v2\/posts\/24912\/revisions"}],"predecessor-version":[{"id":24916,"href":"https:\/\/lahoradelcampo.com.uy\/site\/wp-json\/wp\/v2\/posts\/24912\/revisions\/24916"}],"wp:featuredmedia":[{"embeddable":true,"href":"https:\/\/lahoradelcampo.com.uy\/site\/wp-json\/wp\/v2\/media\/24914"}],"wp:attachment":[{"href":"https:\/\/lahoradelcampo.com.uy\/site\/wp-json\/wp\/v2\/media?parent=24912"}],"wp:term":[{"taxonomy":"category","embeddable":true,"href":"https:\/\/lahoradelcampo.com.uy\/site\/wp-json\/wp\/v2\/categories?post=24912"},{"taxonomy":"post_tag","embeddable":true,"href":"https:\/\/lahoradelcampo.com.uy\/site\/wp-json\/wp\/v2\/tags?post=24912"}],"curies":[{"name":"wp","href":"https:\/\/api.w.org\/{rel}","templated":true}]}}