{"id":24906,"date":"2020-10-22T06:26:00","date_gmt":"2020-10-22T09:26:00","guid":{"rendered":"http:\/\/lahoradelcampo.com.uy\/site\/?p=24906"},"modified":"2020-10-22T00:29:35","modified_gmt":"2020-10-22T03:29:35","slug":"plaza-rural-coloco-el-634-de-la-oferta-de-terneros","status":"publish","type":"post","link":"https:\/\/lahoradelcampo.com.uy\/site\/plaza-rural-coloco-el-634-de-la-oferta-de-terneros\/","title":{"rendered":"Plaza Rural coloc\u00f3 el 63,4%  de la oferta de terneros"},"content":{"rendered":"\n<figure class=\"wp-block-image\"><img data-recalc-dims=\"1\" loading=\"lazy\" decoding=\"async\" width=\"810\" height=\"405\" data-attachment-id=\"24908\" data-permalink=\"https:\/\/lahoradelcampo.com.uy\/site\/plaza-rural-coloco-el-634-de-la-oferta-de-terneros\/plazarural-3\/\" data-orig-file=\"https:\/\/i0.wp.com\/lahoradelcampo.com.uy\/site\/wp-content\/uploads\/2020\/10\/plazarural.jpg?fit=880%2C440&amp;ssl=1\" data-orig-size=\"880,440\" data-comments-opened=\"1\" data-image-meta=\"{&quot;aperture&quot;:&quot;0&quot;,&quot;credit&quot;:&quot;&quot;,&quot;camera&quot;:&quot;&quot;,&quot;caption&quot;:&quot;&quot;,&quot;created_timestamp&quot;:&quot;0&quot;,&quot;copyright&quot;:&quot;&quot;,&quot;focal_length&quot;:&quot;0&quot;,&quot;iso&quot;:&quot;0&quot;,&quot;shutter_speed&quot;:&quot;0&quot;,&quot;title&quot;:&quot;&quot;,&quot;orientation&quot;:&quot;1&quot;}\" data-image-title=\"plazarural\" data-image-description=\"\" data-image-caption=\"\" data-large-file=\"https:\/\/i0.wp.com\/lahoradelcampo.com.uy\/site\/wp-content\/uploads\/2020\/10\/plazarural.jpg?fit=810%2C405&amp;ssl=1\" src=\"https:\/\/i0.wp.com\/lahoradelcampo.com.uy\/site\/wp-content\/uploads\/2020\/10\/plazarural.jpg?resize=810%2C405\" alt=\"\" class=\"wp-image-24908\" srcset=\"https:\/\/i0.wp.com\/lahoradelcampo.com.uy\/site\/wp-content\/uploads\/2020\/10\/plazarural.jpg?w=880&amp;ssl=1 880w, https:\/\/i0.wp.com\/lahoradelcampo.com.uy\/site\/wp-content\/uploads\/2020\/10\/plazarural.jpg?resize=300%2C150&amp;ssl=1 300w, https:\/\/i0.wp.com\/lahoradelcampo.com.uy\/site\/wp-content\/uploads\/2020\/10\/plazarural.jpg?resize=768%2C384&amp;ssl=1 768w, https:\/\/i0.wp.com\/lahoradelcampo.com.uy\/site\/wp-content\/uploads\/2020\/10\/plazarural.jpg?resize=820%2C410&amp;ssl=1 820w\" sizes=\"auto, (max-width: 810px) 100vw, 810px\" \/><\/figure>\n\n\n\n<p>Ayer se registr\u00f3 la primera jornada de ventas (de cuatro) que tiene este remate de Plaza Rural que sorprendi\u00f3 por el alto nivel de oferta que se concret\u00f3 para esta oportunidad. La ausencia de precipitaciones en varias zonas del pa\u00eds, terneros m\u00e1s pesados, casi haciendo el a\u00f1o y las pretensiones de los vendedores, generaron que las ventas alcanzaran \u00fanicamente el 63,4% de la oferta. <br><\/p>\n\n\n\n<p>En este sentido las ventas de terneros livianos anduvieron r\u00e1pido y con ventas casi que totales, sin embargo a medida que fueron increment\u00e1ndose los kilos, el mercado estuvo m\u00e1s pesado y disminuy\u00f3 el nivel de colocaci\u00f3n. Quedando en muchos casos lotes con ofertas que no fueron aceptadas. <br><\/p>\n\n\n\n<p>En los valores, los terneros de menos de 140 kilos  cotizaron a US$ 2,68 de m\u00e1ximo, US$ 2,15 de m\u00ednimo y US$ 2,36 de promedio al kilo, llegando a US$ 308,6 al bulto. Por su parte los terneros entre 140 y 180 kilos fluctuaron entre US$ 2,35 y US$ 1,93, con un promedio de US$ 2,12 al kilo o US$ 339,50 al bulto.<br> Los terneros de m\u00e1s de 180 kilos cotizaron entre US$ 2,16 y US$ 1,84, con un promedio de US$ 1,92 al kilo y US$ 443,6 al bulto. Todos los terneros cerraron en US$ 2,01 de promedio al kilo o US$ 403,13 al bulto. Ayer tambi\u00e9n se ofertaron los lotes mixtos de terneros y terneras, donde los valores fueron desde US$ 2.30 de m\u00e1ximo a US$ 1,70 de m\u00ednimo con US$ 2,02 de promedio. <br> En lo que respecta al Aberdeen Angus, que recordemos en esta oportunidad se lleva adelante el Plaza Angus, ayer los terneros entre 140 y 180 kilos cotizaron a US$ 2,35 de m\u00e1ximo, US$ 2,24 de m\u00ednimo y US$ 2,30 de promedio. En tanto que los terneros de m\u00e1s de 180 kilos fueron de US$ 2,16 a US$ 1,84 con un promedio de US$ 1,92. <br> Para hoy jueves desde la hora 9, se ofrecer\u00e1n: 2.467 novillos de 1 a 2 a\u00f1os, 1.419 novillos de 2 a 3 a\u00f1os, 78 novillos de m\u00e1s de 3 a\u00f1os, 207 Holando, 3.001 vaquillonas de 1 a 2 a\u00f1os y 267 vaquillonas de m\u00e1s de 2 a\u00f1os. <br> El remate se realiza desde el Hotel Cottage, pero en forma 100% virtual, sin p\u00fablico.<\/p>\n","protected":false},"excerpt":{"rendered":"<p>Ayer se registr\u00f3 la primera jornada de ventas (de cuatro) que tiene este remate de Plaza Rural que sorprendi\u00f3 por el alto nivel de oferta que se concret\u00f3 para esta [&hellip;]<\/p>\n","protected":false},"author":5,"featured_media":24908,"comment_status":"open","ping_status":"open","sticky":false,"template":"","format":"standard","meta":{"_price":"","_stock":"","_tribe_ticket_header":"","_tribe_default_ticket_provider":"","_tribe_ticket_capacity":"0","_ticket_start_date":"","_ticket_end_date":"","_tribe_ticket_show_description":"","_tribe_ticket_show_not_going":false,"_tribe_ticket_use_global_stock":"","_tribe_ticket_global_stock_level":"","_global_stock_mode":"","_global_stock_cap":"","_tribe_rsvp_for_event":"","_tribe_ticket_going_count":"","_tribe_ticket_not_going_count":"","_tribe_tickets_list":"[]","_tribe_ticket_has_attendee_info_fields":false,"h5ap_radio_sources":[],"_jetpack_newsletter_access":"","_jetpack_dont_email_post_to_subs":false,"_jetpack_newsletter_tier_id":0,"_jetpack_memberships_contains_paywalled_content":false,"_jetpack_memberships_contains_paid_content":false,"footnotes":""},"categories":[21,5],"tags":[],"class_list":["post-24906","post","type-post","status-publish","format-standard","has-post-thumbnail","hentry","category-actualidad","category-ganaderia"],"jetpack_featured_media_url":"https:\/\/i0.wp.com\/lahoradelcampo.com.uy\/site\/wp-content\/uploads\/2020\/10\/plazarural.jpg?fit=880%2C440&ssl=1","jetpack_sharing_enabled":true,"jetpack_shortlink":"https:\/\/wp.me\/p99IaT-6tI","jetpack-related-posts":[{"id":42851,"url":"https:\/\/lahoradelcampo.com.uy\/site\/plaza-rural-cerro-la-primera-jornada-de-ventas-con-alto-nivel-de-colocacion\/","url_meta":{"origin":24906,"position":0},"title":"Plaza Rural cerr\u00f3 la primera jornada de ventas con alto nivel de colocaci\u00f3n","author":"La Hora del Campo","date":"16 junio, 2022","format":false,"excerpt":"Plaza Rural concret\u00f3 la primera jornada de ventas del remate 249, con un alto nivel de colocaci\u00f3n en las categor\u00edas de terneros y novillos. Al cierre de la comercializaci\u00f3n de los terneros, Gerardo Zambrano indic\u00f3 que el mercado \"se present\u00f3 m\u00e1s firme de lo que pod\u00edamos pensar, por el volumen\u2026","rel":"","context":"En \u00abActualidad\u00bb","block_context":{"text":"Actualidad","link":"https:\/\/lahoradelcampo.com.uy\/site\/category\/actualidad\/"},"img":{"alt_text":"","src":"https:\/\/i0.wp.com\/lahoradelcampo.com.uy\/site\/wp-content\/uploads\/2021\/02\/PLazarural.jpg?fit=880%2C440&ssl=1&resize=350%2C200","width":350,"height":200,"srcset":"https:\/\/i0.wp.com\/lahoradelcampo.com.uy\/site\/wp-content\/uploads\/2021\/02\/PLazarural.jpg?fit=880%2C440&ssl=1&resize=350%2C200 1x, https:\/\/i0.wp.com\/lahoradelcampo.com.uy\/site\/wp-content\/uploads\/2021\/02\/PLazarural.jpg?fit=880%2C440&ssl=1&resize=525%2C300 1.5x, https:\/\/i0.wp.com\/lahoradelcampo.com.uy\/site\/wp-content\/uploads\/2021\/02\/PLazarural.jpg?fit=880%2C440&ssl=1&resize=700%2C400 2x"},"classes":[]},{"id":55998,"url":"https:\/\/lahoradelcampo.com.uy\/site\/plaza-rural-inicia-hoy-las-ventas-con-mas-de-7-000-terneros\/","url_meta":{"origin":24906,"position":1},"title":"Plaza Rural inicia hoy las ventas con m\u00e1s de 7.000 terneros","author":"La Hora del Campo","date":"24 abril, 2025","format":false,"excerpt":"Con un volumen significativo de m\u00e1s de 7.000 terneros, terneras y lotes mixtos, la segunda venta de abril de Plaza Rural, seg\u00fan lo anticip\u00f3 Francisco C\u00e1nepa, principal del escritorio Rub\u00e9n F. C\u00e1nepa, se llevar\u00e1 a cabo en dos jornadas, comenzando en el d\u00eda de hoy con las categor\u00edas mencionadas y\u2026","rel":"","context":"En \u00abActualidad\u00bb","block_context":{"text":"Actualidad","link":"https:\/\/lahoradelcampo.com.uy\/site\/category\/actualidad\/"},"img":{"alt_text":"","src":"https:\/\/i0.wp.com\/lahoradelcampo.com.uy\/site\/wp-content\/uploads\/2024\/07\/FranciscoCanepa.jpg?fit=880%2C440&ssl=1&resize=350%2C200","width":350,"height":200,"srcset":"https:\/\/i0.wp.com\/lahoradelcampo.com.uy\/site\/wp-content\/uploads\/2024\/07\/FranciscoCanepa.jpg?fit=880%2C440&ssl=1&resize=350%2C200 1x, https:\/\/i0.wp.com\/lahoradelcampo.com.uy\/site\/wp-content\/uploads\/2024\/07\/FranciscoCanepa.jpg?fit=880%2C440&ssl=1&resize=525%2C300 1.5x, https:\/\/i0.wp.com\/lahoradelcampo.com.uy\/site\/wp-content\/uploads\/2024\/07\/FranciscoCanepa.jpg?fit=880%2C440&ssl=1&resize=700%2C400 2x"},"classes":[]},{"id":40043,"url":"https:\/\/lahoradelcampo.com.uy\/site\/canepa-marco-el-maximo-en-terneros-y-novillos-de-1-a-2-anos-en-plaza-rural\/","url_meta":{"origin":24906,"position":2},"title":"C\u00e1nepa marc\u00f3 el m\u00e1ximo en terneros y novillos de 1 a 2 a\u00f1os en Plaza Rural","author":"La Hora del Campo","date":"20 marzo, 2022","format":false,"excerpt":"El consorcio de rematadores de Plaza Rural realiz\u00f3 los primeros tres d\u00edas de ventas de su remate 245, que finalizar\u00e1 el pr\u00f3ximo mi\u00e9rcoles 23 de marzo con la venta de los ganados de cr\u00eda. En estos primeros d\u00edas, se ha logrado un alto nivel de colocaci\u00f3n de la oferta, con\u2026","rel":"","context":"En \u00abActualidad\u00bb","block_context":{"text":"Actualidad","link":"https:\/\/lahoradelcampo.com.uy\/site\/category\/actualidad\/"},"img":{"alt_text":"","src":"https:\/\/i0.wp.com\/lahoradelcampo.com.uy\/site\/wp-content\/uploads\/2022\/03\/Plaza-Canepa.jpg?fit=880%2C440&ssl=1&resize=350%2C200","width":350,"height":200,"srcset":"https:\/\/i0.wp.com\/lahoradelcampo.com.uy\/site\/wp-content\/uploads\/2022\/03\/Plaza-Canepa.jpg?fit=880%2C440&ssl=1&resize=350%2C200 1x, https:\/\/i0.wp.com\/lahoradelcampo.com.uy\/site\/wp-content\/uploads\/2022\/03\/Plaza-Canepa.jpg?fit=880%2C440&ssl=1&resize=525%2C300 1.5x, https:\/\/i0.wp.com\/lahoradelcampo.com.uy\/site\/wp-content\/uploads\/2022\/03\/Plaza-Canepa.jpg?fit=880%2C440&ssl=1&resize=700%2C400 2x"},"classes":[]},{"id":28702,"url":"https:\/\/lahoradelcampo.com.uy\/site\/en-las-tres-primeras-jornadas-de-ventas-plaza-rural-coloco-el-95\/","url_meta":{"origin":24906,"position":3},"title":"En las tres primeras jornadas de ventas Plaza Rural coloc\u00f3 el 95%","author":"La Hora del Campo","date":"22 marzo, 2021","format":false,"excerpt":"El consorcio de rematadores de Plaza Rural concret\u00f3 los tres primeros d\u00edas de ventas, con un 95% de colocaci\u00f3n de la oferta. El primer d\u00eda con las ventas de los terneros, el mercado se present\u00f3 fuerte al alza, con subas importantes respecto al remate anterior. En este sentido la demanda\u2026","rel":"","context":"En \u00abActualidad\u00bb","block_context":{"text":"Actualidad","link":"https:\/\/lahoradelcampo.com.uy\/site\/category\/actualidad\/"},"img":{"alt_text":"","src":"https:\/\/i0.wp.com\/lahoradelcampo.com.uy\/site\/wp-content\/uploads\/2021\/02\/PLazarural.jpg?fit=880%2C440&ssl=1&resize=350%2C200","width":350,"height":200,"srcset":"https:\/\/i0.wp.com\/lahoradelcampo.com.uy\/site\/wp-content\/uploads\/2021\/02\/PLazarural.jpg?fit=880%2C440&ssl=1&resize=350%2C200 1x, https:\/\/i0.wp.com\/lahoradelcampo.com.uy\/site\/wp-content\/uploads\/2021\/02\/PLazarural.jpg?fit=880%2C440&ssl=1&resize=525%2C300 1.5x, https:\/\/i0.wp.com\/lahoradelcampo.com.uy\/site\/wp-content\/uploads\/2021\/02\/PLazarural.jpg?fit=880%2C440&ssl=1&resize=700%2C400 2x"},"classes":[]},{"id":41981,"url":"https:\/\/lahoradelcampo.com.uy\/site\/plaza-rural-coloco-el-957-de-ventas-en-la-primera-jornada-del-plaza-angus\/","url_meta":{"origin":24906,"position":4},"title":"Plaza Rural coloc\u00f3 el 95,7% de ventas en la primera jornada del Plaza Angus","author":"La Hora del Campo","date":"19 mayo, 2022","format":false,"excerpt":"Plaza Rural concret\u00f3 en la jornada de ayer la primera jornada de ventas de su remate 248, que incluye el Plaza Angus, con un 95,7% de colocaci\u00f3n. Donde con m\u00e1s de ocho horas de remate y una oferta que super\u00f3 los 6.000 terneros, se registr\u00f3 un baja del 4,7% en\u2026","rel":"","context":"En \u00abActualidad\u00bb","block_context":{"text":"Actualidad","link":"https:\/\/lahoradelcampo.com.uy\/site\/category\/actualidad\/"},"img":{"alt_text":"","src":"https:\/\/i0.wp.com\/lahoradelcampo.com.uy\/site\/wp-content\/uploads\/2022\/05\/PLazaRural-general.jpg?fit=880%2C440&ssl=1&resize=350%2C200","width":350,"height":200,"srcset":"https:\/\/i0.wp.com\/lahoradelcampo.com.uy\/site\/wp-content\/uploads\/2022\/05\/PLazaRural-general.jpg?fit=880%2C440&ssl=1&resize=350%2C200 1x, https:\/\/i0.wp.com\/lahoradelcampo.com.uy\/site\/wp-content\/uploads\/2022\/05\/PLazaRural-general.jpg?fit=880%2C440&ssl=1&resize=525%2C300 1.5x, https:\/\/i0.wp.com\/lahoradelcampo.com.uy\/site\/wp-content\/uploads\/2022\/05\/PLazaRural-general.jpg?fit=880%2C440&ssl=1&resize=700%2C400 2x"},"classes":[]},{"id":56071,"url":"https:\/\/lahoradelcampo.com.uy\/site\/zafra-de-terneros-se-vendieron-mas-de-60-mil-cabezas-a-us-297\/","url_meta":{"origin":24906,"position":5},"title":"Zafra de terneros: Se vendieron m\u00e1s de 60 mil cabezas a US$ 2,97","author":"La Hora del Campo","date":"5 mayo, 2025","format":false,"excerpt":"Con una producci\u00f3n que super\u00f3 los tres millones de terneros para la zafra 2024\/2025, la zafra de venta de terneros presentaba algunos desaf\u00edos para los criadores, tanto desde el punto de vista de colocaci\u00f3n, como de los precios que se pudieran lograr, por lo que la zafra se adelant\u00f3 respecto\u2026","rel":"","context":"En \u00abActualidad\u00bb","block_context":{"text":"Actualidad","link":"https:\/\/lahoradelcampo.com.uy\/site\/category\/actualidad\/"},"img":{"alt_text":"","src":"https:\/\/i0.wp.com\/lahoradelcampo.com.uy\/site\/wp-content\/uploads\/2025\/05\/zafra-terneros.jpg?fit=880%2C440&ssl=1&resize=350%2C200","width":350,"height":200,"srcset":"https:\/\/i0.wp.com\/lahoradelcampo.com.uy\/site\/wp-content\/uploads\/2025\/05\/zafra-terneros.jpg?fit=880%2C440&ssl=1&resize=350%2C200 1x, https:\/\/i0.wp.com\/lahoradelcampo.com.uy\/site\/wp-content\/uploads\/2025\/05\/zafra-terneros.jpg?fit=880%2C440&ssl=1&resize=525%2C300 1.5x, https:\/\/i0.wp.com\/lahoradelcampo.com.uy\/site\/wp-content\/uploads\/2025\/05\/zafra-terneros.jpg?fit=880%2C440&ssl=1&resize=700%2C400 2x"},"classes":[]}],"jetpack_likes_enabled":true,"_links":{"self":[{"href":"https:\/\/lahoradelcampo.com.uy\/site\/wp-json\/wp\/v2\/posts\/24906","targetHints":{"allow":["GET"]}}],"collection":[{"href":"https:\/\/lahoradelcampo.com.uy\/site\/wp-json\/wp\/v2\/posts"}],"about":[{"href":"https:\/\/lahoradelcampo.com.uy\/site\/wp-json\/wp\/v2\/types\/post"}],"author":[{"embeddable":true,"href":"https:\/\/lahoradelcampo.com.uy\/site\/wp-json\/wp\/v2\/users\/5"}],"replies":[{"embeddable":true,"href":"https:\/\/lahoradelcampo.com.uy\/site\/wp-json\/wp\/v2\/comments?post=24906"}],"version-history":[{"count":1,"href":"https:\/\/lahoradelcampo.com.uy\/site\/wp-json\/wp\/v2\/posts\/24906\/revisions"}],"predecessor-version":[{"id":24910,"href":"https:\/\/lahoradelcampo.com.uy\/site\/wp-json\/wp\/v2\/posts\/24906\/revisions\/24910"}],"wp:featuredmedia":[{"embeddable":true,"href":"https:\/\/lahoradelcampo.com.uy\/site\/wp-json\/wp\/v2\/media\/24908"}],"wp:attachment":[{"href":"https:\/\/lahoradelcampo.com.uy\/site\/wp-json\/wp\/v2\/media?parent=24906"}],"wp:term":[{"taxonomy":"category","embeddable":true,"href":"https:\/\/lahoradelcampo.com.uy\/site\/wp-json\/wp\/v2\/categories?post=24906"},{"taxonomy":"post_tag","embeddable":true,"href":"https:\/\/lahoradelcampo.com.uy\/site\/wp-json\/wp\/v2\/tags?post=24906"}],"curies":[{"name":"wp","href":"https:\/\/api.w.org\/{rel}","templated":true}]}}