{"id":24902,"date":"2020-10-22T06:23:08","date_gmt":"2020-10-22T09:23:08","guid":{"rendered":"http:\/\/lahoradelcampo.com.uy\/site\/?p=24902"},"modified":"2020-10-22T00:25:50","modified_gmt":"2020-10-22T03:25:50","slug":"don-roberto-debuta-manana-con-su-primer-remate-en-la-zafra","status":"publish","type":"post","link":"https:\/\/lahoradelcampo.com.uy\/site\/don-roberto-debuta-manana-con-su-primer-remate-en-la-zafra\/","title":{"rendered":"Don Roberto debuta ma\u00f1ana con su primer remate en la zafra"},"content":{"rendered":"\n<figure class=\"wp-block-image\"><img data-recalc-dims=\"1\" loading=\"lazy\" decoding=\"async\" width=\"810\" height=\"405\" data-attachment-id=\"24868\" data-permalink=\"https:\/\/lahoradelcampo.com.uy\/site\/autoridades-y-productores-visitaron-las-obras-de-la-central-horticola-del-norte\/donrobertoconferencia\/\" data-orig-file=\"https:\/\/i0.wp.com\/lahoradelcampo.com.uy\/site\/wp-content\/uploads\/2020\/10\/DonRobertoconferencia.jpg?fit=880%2C440&amp;ssl=1\" data-orig-size=\"880,440\" data-comments-opened=\"1\" data-image-meta=\"{&quot;aperture&quot;:&quot;0&quot;,&quot;credit&quot;:&quot;&quot;,&quot;camera&quot;:&quot;&quot;,&quot;caption&quot;:&quot;&quot;,&quot;created_timestamp&quot;:&quot;0&quot;,&quot;copyright&quot;:&quot;&quot;,&quot;focal_length&quot;:&quot;0&quot;,&quot;iso&quot;:&quot;0&quot;,&quot;shutter_speed&quot;:&quot;0&quot;,&quot;title&quot;:&quot;&quot;,&quot;orientation&quot;:&quot;1&quot;}\" data-image-title=\"DonRobertoconferencia\" data-image-description=\"\" data-image-caption=\"\" data-large-file=\"https:\/\/i0.wp.com\/lahoradelcampo.com.uy\/site\/wp-content\/uploads\/2020\/10\/DonRobertoconferencia.jpg?fit=810%2C405&amp;ssl=1\" src=\"https:\/\/i0.wp.com\/lahoradelcampo.com.uy\/site\/wp-content\/uploads\/2020\/10\/DonRobertoconferencia.jpg?resize=810%2C405\" alt=\"\" class=\"wp-image-24868\" srcset=\"https:\/\/i0.wp.com\/lahoradelcampo.com.uy\/site\/wp-content\/uploads\/2020\/10\/DonRobertoconferencia.jpg?w=880&amp;ssl=1 880w, https:\/\/i0.wp.com\/lahoradelcampo.com.uy\/site\/wp-content\/uploads\/2020\/10\/DonRobertoconferencia.jpg?resize=300%2C150&amp;ssl=1 300w, https:\/\/i0.wp.com\/lahoradelcampo.com.uy\/site\/wp-content\/uploads\/2020\/10\/DonRobertoconferencia.jpg?resize=768%2C384&amp;ssl=1 768w, https:\/\/i0.wp.com\/lahoradelcampo.com.uy\/site\/wp-content\/uploads\/2020\/10\/DonRobertoconferencia.jpg?resize=820%2C410&amp;ssl=1 820w\" sizes=\"auto, (max-width: 810px) 100vw, 810px\" \/><\/figure>\n\n\n\n<p>Caba\u00f1a Don Roberto tiene historia en la venta de gen\u00e9tica, pero tradicionalmente lo hacia a nivel de su predio. Este a\u00f1o el Dr. Marcelo Texeira Nu\u00f1ez, principal de la caba\u00f1a, decidi\u00f3 salir al ruedo y abrir las porteras de su primer remate en el local de la Asociaci\u00f3n Agropecuaria de Salto en la jornada de ma\u00f1ana. <\/p>\n\n\n\n<p>El remate estar\u00e1 a cargo de las firmas Gaud\u00edn Hnos, y Megaagro, con una oferta de 40 toros de pedigree Angus y Hereford, con todos los datos de EPD y 150 hembras seleccionadas. <\/p>\n\n\n\n<p>Las ventas cuentan con flete gratis y 180 d\u00edas libres para los toros, descuento por pago al contado. <\/p>\n\n\n\n<p>\u00abImperdible\u00bb as\u00ed se defini\u00f3 el remate en la conferencia de prensa. El Dr. Marcelo Texeira Nu\u00f1ez se\u00f1al\u00f3 que \u00abson toros probados, la mayor parte en las dos razas son gen\u00e9tica nuestra, est\u00e1n prontos para salir a trabajar, locos de ganas de vacas\u00bb. <\/p>\n\n\n\n<p>Esta gen\u00e9tica es criada en los campos duros de la Cuchilla de Salto, y se preparan los reproductores en los verdeos para llegar con la preparaci\u00f3n que tienen los toros para presentarse en la pista. <\/p>\n\n\n\n<p>El Dr. Germ\u00e1n Gaud\u00edn, de Gaud\u00edn Hnos, dijo que \u00abes una gen\u00e9tica muy conocida en la zona\u00bb y record\u00f3 que en la Expo Salto Don Roberto obtuvo el \u00abCampe\u00f3n Supremo\u00bb de la raza Aberdeen Angus. <\/p>\n\n\n\n<p>Por su parte Marcos Ruso, del escritorio Megaagro se\u00f1al\u00f3 que la oferta de la caba\u00f1a se complementa con un lote de vaquillonas con peso de entore Hereford de \u00abNecho\u00bb Courdin y de \u00abEl Talero SA\u00bb un lote de terneras y vaquillonas Angus. Mientras que al final del remate se ofreceran 7 yeguas y caballos de \u00abEl Retobado\u00bb. <\/p>\n\n\n\n<p style=\"text-align:right\"><strong>Salto, 22 de octubre de 2020<\/strong><\/p>\n","protected":false},"excerpt":{"rendered":"<p>Caba\u00f1a Don Roberto tiene historia en la venta de gen\u00e9tica, pero tradicionalmente lo hacia a nivel de su predio. Este a\u00f1o el Dr. Marcelo Texeira Nu\u00f1ez, principal de la caba\u00f1a, [&hellip;]<\/p>\n","protected":false},"author":5,"featured_media":24868,"comment_status":"open","ping_status":"open","sticky":false,"template":"","format":"standard","meta":{"_price":"","_stock":"","_tribe_ticket_header":"","_tribe_default_ticket_provider":"","_tribe_ticket_capacity":"0","_ticket_start_date":"","_ticket_end_date":"","_tribe_ticket_show_description":"","_tribe_ticket_show_not_going":false,"_tribe_ticket_use_global_stock":"","_tribe_ticket_global_stock_level":"","_global_stock_mode":"","_global_stock_cap":"","_tribe_rsvp_for_event":"","_tribe_ticket_going_count":"","_tribe_ticket_not_going_count":"","_tribe_tickets_list":"[]","_tribe_ticket_has_attendee_info_fields":false,"h5ap_radio_sources":[],"_jetpack_newsletter_access":"","_jetpack_dont_email_post_to_subs":false,"_jetpack_newsletter_tier_id":0,"_jetpack_memberships_contains_paywalled_content":false,"_jetpack_memberships_contains_paid_content":false,"footnotes":""},"categories":[21,5],"tags":[],"class_list":["post-24902","post","type-post","status-publish","format-standard","has-post-thumbnail","hentry","category-actualidad","category-ganaderia"],"jetpack_featured_media_url":"https:\/\/i0.wp.com\/lahoradelcampo.com.uy\/site\/wp-content\/uploads\/2020\/10\/DonRobertoconferencia.jpg?fit=880%2C440&ssl=1","jetpack_sharing_enabled":true,"jetpack_shortlink":"https:\/\/wp.me\/p99IaT-6tE","jetpack-related-posts":[{"id":35895,"url":"https:\/\/lahoradelcampo.com.uy\/site\/don-roberto-coloco-sus-44-toros-us-3-895-de-promedio\/","url_meta":{"origin":24902,"position":0},"title":"Don Roberto coloc\u00f3 sus 44 toros US$ 3.895 de promedio","author":"La Hora del Campo","date":"25 octubre, 2021","format":false,"excerpt":"El a\u00f1o pasado llovi\u00f3 durante el remate, este a\u00f1o llovi\u00f3 en la ma\u00f1ana, pero al final de las ventas qued\u00f3 la colocaci\u00f3n total, la agilidad en los negocios y los promedios que superan en un 13,7% los alcanzados en 2020. En el local de la Agropecuaria de Salto, con un\u2026","rel":"","context":"En \u00abActualidad\u00bb","block_context":{"text":"Actualidad","link":"https:\/\/lahoradelcampo.com.uy\/site\/category\/actualidad\/"},"img":{"alt_text":"","src":"https:\/\/i0.wp.com\/lahoradelcampo.com.uy\/site\/wp-content\/uploads\/2021\/10\/Zafra-DonRoberto.jpg?fit=880%2C440&ssl=1&resize=350%2C200","width":350,"height":200,"srcset":"https:\/\/i0.wp.com\/lahoradelcampo.com.uy\/site\/wp-content\/uploads\/2021\/10\/Zafra-DonRoberto.jpg?fit=880%2C440&ssl=1&resize=350%2C200 1x, https:\/\/i0.wp.com\/lahoradelcampo.com.uy\/site\/wp-content\/uploads\/2021\/10\/Zafra-DonRoberto.jpg?fit=880%2C440&ssl=1&resize=525%2C300 1.5x, https:\/\/i0.wp.com\/lahoradelcampo.com.uy\/site\/wp-content\/uploads\/2021\/10\/Zafra-DonRoberto.jpg?fit=880%2C440&ssl=1&resize=700%2C400 2x"},"classes":[]},{"id":24978,"url":"https:\/\/lahoradelcampo.com.uy\/site\/don-roberto-vendio-sus-toros-hereford-y-angus-en-us-3-441-de-promedio\/","url_meta":{"origin":24902,"position":1},"title":"\u00abDon Roberto\u00bb vendi\u00f3 sus toros Hereford  y Angus en US$  3.441 de promedio","author":"La Hora del Campo","date":"25 octubre, 2020","format":false,"excerpt":"Primer remate y con la llegada de la lluvia tan esperada a la zona, las ventas los Aberdeen Angus y Polled Hereford de caba\u00f1a Don Roberto en el predio de la Asociaci\u00f3n Agropecuaria de Salto, fueron \u00e1giles, r\u00e1pidas y totales. Los negocios estuvieron a cargo de los escritorios Gaud\u00edn Hnos\u2026","rel":"","context":"En \u00abActualidad\u00bb","block_context":{"text":"Actualidad","link":"https:\/\/lahoradelcampo.com.uy\/site\/category\/actualidad\/"},"img":{"alt_text":"","src":"https:\/\/i0.wp.com\/lahoradelcampo.com.uy\/site\/wp-content\/uploads\/2020\/10\/Donrobertoremate.jpg?fit=880%2C440&ssl=1&resize=350%2C200","width":350,"height":200,"srcset":"https:\/\/i0.wp.com\/lahoradelcampo.com.uy\/site\/wp-content\/uploads\/2020\/10\/Donrobertoremate.jpg?fit=880%2C440&ssl=1&resize=350%2C200 1x, https:\/\/i0.wp.com\/lahoradelcampo.com.uy\/site\/wp-content\/uploads\/2020\/10\/Donrobertoremate.jpg?fit=880%2C440&ssl=1&resize=525%2C300 1.5x, https:\/\/i0.wp.com\/lahoradelcampo.com.uy\/site\/wp-content\/uploads\/2020\/10\/Donrobertoremate.jpg?fit=880%2C440&ssl=1&resize=700%2C400 2x"},"classes":[]},{"id":57052,"url":"https:\/\/lahoradelcampo.com.uy\/site\/don-roberto-vendio-el-100-a-us-4-822-de-promedio\/","url_meta":{"origin":24902,"position":2},"title":"Don Roberto vendi\u00f3 el 100%, a US$ 4.822 de promedio","author":"La Hora del Campo","date":"12 octubre, 2025","format":false,"excerpt":"El remate anual de caba\u00f1a Don Roberto, ayer en la Asociaci\u00f3n Agropecuaria de Salto, volvi\u00f3 a dejar su sello en la zafra de reproductores, con una pista colmada y que reflej\u00f3 el respaldo de los criadores a una gen\u00e9tica consolidada. Las ventas comenzaron con agilidad en la colocaci\u00f3n de los\u2026","rel":"","context":"En \u00abActualidad\u00bb","block_context":{"text":"Actualidad","link":"https:\/\/lahoradelcampo.com.uy\/site\/category\/actualidad\/"},"img":{"alt_text":"","src":"https:\/\/i0.wp.com\/lahoradelcampo.com.uy\/site\/wp-content\/uploads\/2025\/10\/Donroberto-remato.jpg?fit=880%2C440&ssl=1&resize=350%2C200","width":350,"height":200,"srcset":"https:\/\/i0.wp.com\/lahoradelcampo.com.uy\/site\/wp-content\/uploads\/2025\/10\/Donroberto-remato.jpg?fit=880%2C440&ssl=1&resize=350%2C200 1x, https:\/\/i0.wp.com\/lahoradelcampo.com.uy\/site\/wp-content\/uploads\/2025\/10\/Donroberto-remato.jpg?fit=880%2C440&ssl=1&resize=525%2C300 1.5x, https:\/\/i0.wp.com\/lahoradelcampo.com.uy\/site\/wp-content\/uploads\/2025\/10\/Donroberto-remato.jpg?fit=880%2C440&ssl=1&resize=700%2C400 2x"},"classes":[]},{"id":35829,"url":"https:\/\/lahoradelcampo.com.uy\/site\/hoy-se-vende-el-polled-hereford-y-angus-de-cabana-don-roberto\/","url_meta":{"origin":24902,"position":3},"title":"Hoy se vende el Polled Hereford y Angus de caba\u00f1a Don Roberto","author":"La Hora del Campo","date":"23 octubre, 2021","format":false,"excerpt":"La zafra de reproductores contin\u00faa con sus ventas en todo el pa\u00eds, y en la jornada de hoy se concreta el segundo remate anual de la caba\u00f1a Don Roberto del Dr. Marcelo Texeira Nu\u00f1ez, en el local de la Asociaci\u00f3n Agropecuaria de Salto, a partir de las 17 horas y\u2026","rel":"","context":"En \u00abActualidad\u00bb","block_context":{"text":"Actualidad","link":"https:\/\/lahoradelcampo.com.uy\/site\/category\/actualidad\/"},"img":{"alt_text":"","src":"https:\/\/i0.wp.com\/lahoradelcampo.com.uy\/site\/wp-content\/uploads\/2021\/10\/DonRobertoconferencia.jpg?fit=880%2C440&ssl=1&resize=350%2C200","width":350,"height":200,"srcset":"https:\/\/i0.wp.com\/lahoradelcampo.com.uy\/site\/wp-content\/uploads\/2021\/10\/DonRobertoconferencia.jpg?fit=880%2C440&ssl=1&resize=350%2C200 1x, https:\/\/i0.wp.com\/lahoradelcampo.com.uy\/site\/wp-content\/uploads\/2021\/10\/DonRobertoconferencia.jpg?fit=880%2C440&ssl=1&resize=525%2C300 1.5x, https:\/\/i0.wp.com\/lahoradelcampo.com.uy\/site\/wp-content\/uploads\/2021\/10\/DonRobertoconferencia.jpg?fit=880%2C440&ssl=1&resize=700%2C400 2x"},"classes":[]},{"id":46369,"url":"https:\/\/lahoradelcampo.com.uy\/site\/don-roberto-vendio-sus-angus-y-polled-hereford-a-us-4-289\/","url_meta":{"origin":24902,"position":4},"title":"Don Roberto vendi\u00f3 sus Angus y Polled Hereford a US$ 4.289","author":"La Hora del Campo","date":"16 octubre, 2022","format":false,"excerpt":"Casa llena y pista limpia, as\u00ed fue el remate de caba\u00f1a Don Roberto en la jornada de ayer, con una importante presencia de amigos y clientes de la caba\u00f1a, que se acercaron al predio de la Asociaci\u00f3n Agropecuaria de Salto, para el cuarto remate anual. Que como es tradicional se\u2026","rel":"","context":"En \u00abActualidad\u00bb","block_context":{"text":"Actualidad","link":"https:\/\/lahoradelcampo.com.uy\/site\/category\/actualidad\/"},"img":{"alt_text":"","src":"https:\/\/i0.wp.com\/lahoradelcampo.com.uy\/site\/wp-content\/uploads\/2022\/10\/DonRoberto-remate.jpg?fit=880%2C440&ssl=1&resize=350%2C200","width":350,"height":200,"srcset":"https:\/\/i0.wp.com\/lahoradelcampo.com.uy\/site\/wp-content\/uploads\/2022\/10\/DonRoberto-remate.jpg?fit=880%2C440&ssl=1&resize=350%2C200 1x, https:\/\/i0.wp.com\/lahoradelcampo.com.uy\/site\/wp-content\/uploads\/2022\/10\/DonRoberto-remate.jpg?fit=880%2C440&ssl=1&resize=525%2C300 1.5x, https:\/\/i0.wp.com\/lahoradelcampo.com.uy\/site\/wp-content\/uploads\/2022\/10\/DonRoberto-remate.jpg?fit=880%2C440&ssl=1&resize=700%2C400 2x"},"classes":[]},{"id":54880,"url":"https:\/\/lahoradelcampo.com.uy\/site\/los-46-toros-de-don-roberto-se-vendieron-a-us-4-323\/","url_meta":{"origin":24902,"position":5},"title":"Los 46 toros de \u00abDon Roberto\u00bb se vendieron a US$ 4.323","author":"La Hora del Campo","date":"13 octubre, 2024","format":false,"excerpt":"Este s\u00e1bado en el local de la Asociaci\u00f3n Agropecuaria de Salto, se realiz\u00f3 el quinto remate anual de la caba\u00f1a \"Don Roberto\" del Dr. Marcelo Texeira Nu\u00f1ez, coloc\u00e1ndose el 100% de la oferta tanto en el Aberdeen Angus, como en el Polled Hereford, con los negocios a cargo de los\u2026","rel":"","context":"En \u00abActualidad\u00bb","block_context":{"text":"Actualidad","link":"https:\/\/lahoradelcampo.com.uy\/site\/category\/actualidad\/"},"img":{"alt_text":"","src":"https:\/\/i0.wp.com\/lahoradelcampo.com.uy\/site\/wp-content\/uploads\/2024\/10\/Donroberto-2024.jpg?fit=880%2C440&ssl=1&resize=350%2C200","width":350,"height":200,"srcset":"https:\/\/i0.wp.com\/lahoradelcampo.com.uy\/site\/wp-content\/uploads\/2024\/10\/Donroberto-2024.jpg?fit=880%2C440&ssl=1&resize=350%2C200 1x, https:\/\/i0.wp.com\/lahoradelcampo.com.uy\/site\/wp-content\/uploads\/2024\/10\/Donroberto-2024.jpg?fit=880%2C440&ssl=1&resize=525%2C300 1.5x, https:\/\/i0.wp.com\/lahoradelcampo.com.uy\/site\/wp-content\/uploads\/2024\/10\/Donroberto-2024.jpg?fit=880%2C440&ssl=1&resize=700%2C400 2x"},"classes":[]}],"jetpack_likes_enabled":true,"_links":{"self":[{"href":"https:\/\/lahoradelcampo.com.uy\/site\/wp-json\/wp\/v2\/posts\/24902","targetHints":{"allow":["GET"]}}],"collection":[{"href":"https:\/\/lahoradelcampo.com.uy\/site\/wp-json\/wp\/v2\/posts"}],"about":[{"href":"https:\/\/lahoradelcampo.com.uy\/site\/wp-json\/wp\/v2\/types\/post"}],"author":[{"embeddable":true,"href":"https:\/\/lahoradelcampo.com.uy\/site\/wp-json\/wp\/v2\/users\/5"}],"replies":[{"embeddable":true,"href":"https:\/\/lahoradelcampo.com.uy\/site\/wp-json\/wp\/v2\/comments?post=24902"}],"version-history":[{"count":1,"href":"https:\/\/lahoradelcampo.com.uy\/site\/wp-json\/wp\/v2\/posts\/24902\/revisions"}],"predecessor-version":[{"id":24904,"href":"https:\/\/lahoradelcampo.com.uy\/site\/wp-json\/wp\/v2\/posts\/24902\/revisions\/24904"}],"wp:featuredmedia":[{"embeddable":true,"href":"https:\/\/lahoradelcampo.com.uy\/site\/wp-json\/wp\/v2\/media\/24868"}],"wp:attachment":[{"href":"https:\/\/lahoradelcampo.com.uy\/site\/wp-json\/wp\/v2\/media?parent=24902"}],"wp:term":[{"taxonomy":"category","embeddable":true,"href":"https:\/\/lahoradelcampo.com.uy\/site\/wp-json\/wp\/v2\/categories?post=24902"},{"taxonomy":"post_tag","embeddable":true,"href":"https:\/\/lahoradelcampo.com.uy\/site\/wp-json\/wp\/v2\/tags?post=24902"}],"curies":[{"name":"wp","href":"https:\/\/api.w.org\/{rel}","templated":true}]}}