{"id":24898,"date":"2020-10-22T06:19:03","date_gmt":"2020-10-22T09:19:03","guid":{"rendered":"http:\/\/lahoradelcampo.com.uy\/site\/?p=24898"},"modified":"2020-10-22T00:22:49","modified_gmt":"2020-10-22T03:22:49","slug":"manana-frigorifico-modelo-vende-su-oferta-reservada-para-artigas","status":"publish","type":"post","link":"https:\/\/lahoradelcampo.com.uy\/site\/manana-frigorifico-modelo-vende-su-oferta-reservada-para-artigas\/","title":{"rendered":"Ma\u00f1ana Frigor\u00edfico Modelo vende su oferta reservada para Artigas"},"content":{"rendered":"\n<figure class=\"wp-block-image\"><img data-recalc-dims=\"1\" loading=\"lazy\" decoding=\"async\" width=\"810\" height=\"405\" data-attachment-id=\"24872\" data-permalink=\"https:\/\/lahoradelcampo.com.uy\/site\/autoridades-y-productores-visitaron-las-obras-de-la-central-horticola-del-norte\/modeloartigas\/\" data-orig-file=\"https:\/\/i0.wp.com\/lahoradelcampo.com.uy\/site\/wp-content\/uploads\/2020\/10\/modeloartigas.jpg?fit=880%2C440&amp;ssl=1\" data-orig-size=\"880,440\" data-comments-opened=\"1\" data-image-meta=\"{&quot;aperture&quot;:&quot;0&quot;,&quot;credit&quot;:&quot;&quot;,&quot;camera&quot;:&quot;&quot;,&quot;caption&quot;:&quot;&quot;,&quot;created_timestamp&quot;:&quot;0&quot;,&quot;copyright&quot;:&quot;&quot;,&quot;focal_length&quot;:&quot;0&quot;,&quot;iso&quot;:&quot;0&quot;,&quot;shutter_speed&quot;:&quot;0&quot;,&quot;title&quot;:&quot;&quot;,&quot;orientation&quot;:&quot;1&quot;}\" data-image-title=\"modeloartigas\" data-image-description=\"\" data-image-caption=\"\" data-large-file=\"https:\/\/i0.wp.com\/lahoradelcampo.com.uy\/site\/wp-content\/uploads\/2020\/10\/modeloartigas.jpg?fit=810%2C405&amp;ssl=1\" src=\"https:\/\/i0.wp.com\/lahoradelcampo.com.uy\/site\/wp-content\/uploads\/2020\/10\/modeloartigas.jpg?resize=810%2C405\" alt=\"\" class=\"wp-image-24872\" srcset=\"https:\/\/i0.wp.com\/lahoradelcampo.com.uy\/site\/wp-content\/uploads\/2020\/10\/modeloartigas.jpg?w=880&amp;ssl=1 880w, https:\/\/i0.wp.com\/lahoradelcampo.com.uy\/site\/wp-content\/uploads\/2020\/10\/modeloartigas.jpg?resize=300%2C150&amp;ssl=1 300w, https:\/\/i0.wp.com\/lahoradelcampo.com.uy\/site\/wp-content\/uploads\/2020\/10\/modeloartigas.jpg?resize=768%2C384&amp;ssl=1 768w, https:\/\/i0.wp.com\/lahoradelcampo.com.uy\/site\/wp-content\/uploads\/2020\/10\/modeloartigas.jpg?resize=820%2C410&amp;ssl=1 820w\" sizes=\"auto, (max-width: 810px) 100vw, 810px\" \/><\/figure>\n\n\n\n<p>El remate de la familia Fern\u00e1ndez de ma\u00f1ana, junto al escritorio Rub\u00e9n F. Canepa, es un cl\u00e1sico esperado en el local Chiflero de la Asociaci\u00f3n Agropecuaria de Artigas. <\/p>\n\n\n\n<p>El productor de la regi\u00f3n que conoce la historia de este remate, sabe que la oferta es igual que en la primera venta de la zafra de la caba\u00f1a, porque a pesar de la fecha, Luis Fern\u00e1ndez y su familia han mantenido una oferta reservada para este remate, que seguramente al final de las ventas, al igual que en a\u00f1os anteriores dejar\u00e1 satisfechos a clientes y amigos que tradicionalmente acompa\u00f1an este remate.  <\/p>\n\n\n\n<p>Rodrigo Fern\u00e1ndez, destac\u00f3 la presencia de toros Padres Planteleros que se ofertaran en este remate, as\u00ed como tambi\u00e9n una destacada oferta de red angus, debido a la consecuencia de los productores por esta variedad, puntualmente en este remate. <\/p>\n\n\n\n<p>La oferta estar\u00e1 compuesta por 45 toros de pedigree, todos con datos de EPD e inmunizados, 25 vaquillonas de pedigree pre\u00f1adas. Adem\u00e1s se suma como es tradicional la oferta de 150 vacas SA pre\u00f1adas y sin servicio, as\u00ed como tambi\u00e9n 100 novillos de 2 a\u00f1os, donde los productores ya pueden ver in situ, el resultado de la producci\u00f3n de la gen\u00e9tica de Frigor\u00edfico Modelo. <\/p>\n\n\n\n<p>El martillo como es tradicional estar\u00e1 a cargo de Francisco C\u00e1nepa y como se ha manejado en toda la zafra, los productores podr\u00e1n realizar su pre-oferta hasta las 19 horas, con Mauricio Salinas al 099 73 73 24. <\/p>\n\n\n\n<p>Los toros y vientres de pedigree se venden en 12 cuotas o 180 d\u00edas libres y flete gratis, mientras que los vientres SA y novillos con 90 d\u00edas. Transmite Campo TV. <\/p>\n\n\n\n<p style=\"text-align:right\"><strong>Salto, 22 de octubre de 2020<\/strong><\/p>\n","protected":false},"excerpt":{"rendered":"<p>El remate de la familia Fern\u00e1ndez de ma\u00f1ana, junto al escritorio Rub\u00e9n F. Canepa, es un cl\u00e1sico esperado en el local Chiflero de la Asociaci\u00f3n Agropecuaria de Artigas. El productor [&hellip;]<\/p>\n","protected":false},"author":5,"featured_media":24872,"comment_status":"open","ping_status":"open","sticky":false,"template":"","format":"standard","meta":{"_price":"","_stock":"","_tribe_ticket_header":"","_tribe_default_ticket_provider":"","_tribe_ticket_capacity":"0","_ticket_start_date":"","_ticket_end_date":"","_tribe_ticket_show_description":"","_tribe_ticket_show_not_going":false,"_tribe_ticket_use_global_stock":"","_tribe_ticket_global_stock_level":"","_global_stock_mode":"","_global_stock_cap":"","_tribe_rsvp_for_event":"","_tribe_ticket_going_count":"","_tribe_ticket_not_going_count":"","_tribe_tickets_list":"[]","_tribe_ticket_has_attendee_info_fields":false,"h5ap_radio_sources":[],"_jetpack_newsletter_access":"","_jetpack_dont_email_post_to_subs":false,"_jetpack_newsletter_tier_id":0,"_jetpack_memberships_contains_paywalled_content":false,"_jetpack_memberships_contains_paid_content":false,"footnotes":""},"categories":[21,5],"tags":[],"class_list":["post-24898","post","type-post","status-publish","format-standard","has-post-thumbnail","hentry","category-actualidad","category-ganaderia"],"jetpack_featured_media_url":"https:\/\/i0.wp.com\/lahoradelcampo.com.uy\/site\/wp-content\/uploads\/2020\/10\/modeloartigas.jpg?fit=880%2C440&ssl=1","jetpack_sharing_enabled":true,"jetpack_shortlink":"https:\/\/wp.me\/p99IaT-6tA","jetpack-related-posts":[{"id":41841,"url":"https:\/\/lahoradelcampo.com.uy\/site\/venta-total-del-remate-parada-del-ternero\/","url_meta":{"origin":24898,"position":0},"title":"Venta total del remate Parada del Ternero","author":"La Hora del Campo","date":"16 mayo, 2022","format":false,"excerpt":"Con una importante oferta de terneros y terneras, el escritorio Otto Fern\u00e1ndez realiz\u00f3 su remate \"Parada del Ternero\" el pasado viernes, con una colocaci\u00f3n total de la oferta. La venta combino la presencia de lotes en la pista y tambi\u00e9n una importante oferta a trav\u00e9s de la pantalla ubicada en\u2026","rel":"","context":"En \u00abActualidad\u00bb","block_context":{"text":"Actualidad","link":"https:\/\/lahoradelcampo.com.uy\/site\/category\/actualidad\/"},"img":{"alt_text":"","src":"https:\/\/i0.wp.com\/lahoradelcampo.com.uy\/site\/wp-content\/uploads\/2022\/05\/paradafari%C3%B1a-otto.jpg?fit=880%2C440&ssl=1&resize=350%2C200","width":350,"height":200,"srcset":"https:\/\/i0.wp.com\/lahoradelcampo.com.uy\/site\/wp-content\/uploads\/2022\/05\/paradafari%C3%B1a-otto.jpg?fit=880%2C440&ssl=1&resize=350%2C200 1x, https:\/\/i0.wp.com\/lahoradelcampo.com.uy\/site\/wp-content\/uploads\/2022\/05\/paradafari%C3%B1a-otto.jpg?fit=880%2C440&ssl=1&resize=525%2C300 1.5x, https:\/\/i0.wp.com\/lahoradelcampo.com.uy\/site\/wp-content\/uploads\/2022\/05\/paradafari%C3%B1a-otto.jpg?fit=880%2C440&ssl=1&resize=700%2C400 2x"},"classes":[]},{"id":20422,"url":"https:\/\/lahoradelcampo.com.uy\/site\/pantalla-uruguay-cerro-con-la-venta-del-88-de-la-oferta\/","url_meta":{"origin":24898,"position":1},"title":"Pantalla Uruguay cerr\u00f3 con  la venta del 88% de la oferta","author":"La Hora del Campo","date":"1 junio, 2020","format":false,"excerpt":"El pasado s\u00e1bado por la ma\u00f1ana, el consorcio de rematadores de Pantalla Uruguay cerr\u00f3 su remate 216, que incluy\u00f3 un destacad\u00edsima oferta de ganados certificados dentro de la 7\u00aa edici\u00f3n de la Ganadera Angus. Al igual que en las ventas anteriores, los escritorios se organizaron por zonas con distintos telecentros\u2026","rel":"","context":"En \u00abActualidad\u00bb","block_context":{"text":"Actualidad","link":"https:\/\/lahoradelcampo.com.uy\/site\/category\/actualidad\/"},"img":{"alt_text":"","src":"https:\/\/i0.wp.com\/lahoradelcampo.com.uy\/site\/wp-content\/uploads\/2020\/05\/otto-Fernandez-hijo.jpg?fit=880%2C440&ssl=1&resize=350%2C200","width":350,"height":200,"srcset":"https:\/\/i0.wp.com\/lahoradelcampo.com.uy\/site\/wp-content\/uploads\/2020\/05\/otto-Fernandez-hijo.jpg?fit=880%2C440&ssl=1&resize=350%2C200 1x, https:\/\/i0.wp.com\/lahoradelcampo.com.uy\/site\/wp-content\/uploads\/2020\/05\/otto-Fernandez-hijo.jpg?fit=880%2C440&ssl=1&resize=525%2C300 1.5x, https:\/\/i0.wp.com\/lahoradelcampo.com.uy\/site\/wp-content\/uploads\/2020\/05\/otto-Fernandez-hijo.jpg?fit=880%2C440&ssl=1&resize=700%2C400 2x"},"classes":[]},{"id":16478,"url":"https:\/\/lahoradelcampo.com.uy\/site\/parada-farina-con-colocacion-total-de-ovinos-y-vacunos-en-artigas\/","url_meta":{"origin":24898,"position":2},"title":"Parada Fari\u00f1a con colocaci\u00f3n total de ovinos y vacunos en Artigas","author":"La Hora del Campo","date":"18 diciembre, 2019","format":false,"excerpt":"En la jornada de ayer, el escritorio Otto Fern\u00e1ndez, realiz\u00f3 su \u00faltimo remate del a\u00f1o en el local Parada Fari\u00f1a, con la colocaci\u00f3n total tanto de ovinos como de vacunos y yeguarizos de la feria general y un 75% de la oferta de caballos criollos de pedigree de caba\u00f1a San\u2026","rel":"","context":"En \u00abActualidad\u00bb","block_context":{"text":"Actualidad","link":"https:\/\/lahoradelcampo.com.uy\/site\/category\/actualidad\/"},"img":{"alt_text":"","src":"https:\/\/i0.wp.com\/lahoradelcampo.com.uy\/site\/wp-content\/uploads\/2019\/12\/ottokiko.jpg?fit=880%2C440&ssl=1&resize=350%2C200","width":350,"height":200,"srcset":"https:\/\/i0.wp.com\/lahoradelcampo.com.uy\/site\/wp-content\/uploads\/2019\/12\/ottokiko.jpg?fit=880%2C440&ssl=1&resize=350%2C200 1x, https:\/\/i0.wp.com\/lahoradelcampo.com.uy\/site\/wp-content\/uploads\/2019\/12\/ottokiko.jpg?fit=880%2C440&ssl=1&resize=525%2C300 1.5x, https:\/\/i0.wp.com\/lahoradelcampo.com.uy\/site\/wp-content\/uploads\/2019\/12\/ottokiko.jpg?fit=880%2C440&ssl=1&resize=700%2C400 2x"},"classes":[]},{"id":38925,"url":"https:\/\/lahoradelcampo.com.uy\/site\/arranco-la-zafra-de-reproductores-ovinos-en-el-norte\/","url_meta":{"origin":24898,"position":3},"title":"Arranc\u00f3 la zafra de reproductores ovinos en el norte","author":"La Hora del Campo","date":"7 febrero, 2022","format":false,"excerpt":"Comenz\u00f3 la zafra de reproductores con mucha selectividad en las pistas de remate. El viernes se registraron ventas en Artigas y Rivera, donde se comercializaron reproductores ovinos de distintas razas. Rivera En el caso de Rivera, el martillero Gast\u00f3n Araujo, llev\u00f3 adelante las ventas de \"Corriedale de Primera\" donde las\u2026","rel":"","context":"En \u00abActualidad\u00bb","block_context":{"text":"Actualidad","link":"https:\/\/lahoradelcampo.com.uy\/site\/category\/actualidad\/"},"img":{"alt_text":"","src":"https:\/\/i0.wp.com\/lahoradelcampo.com.uy\/site\/wp-content\/uploads\/2022\/02\/paradafari%C3%B1aovinos.jpg?fit=880%2C440&ssl=1&resize=350%2C200","width":350,"height":200,"srcset":"https:\/\/i0.wp.com\/lahoradelcampo.com.uy\/site\/wp-content\/uploads\/2022\/02\/paradafari%C3%B1aovinos.jpg?fit=880%2C440&ssl=1&resize=350%2C200 1x, https:\/\/i0.wp.com\/lahoradelcampo.com.uy\/site\/wp-content\/uploads\/2022\/02\/paradafari%C3%B1aovinos.jpg?fit=880%2C440&ssl=1&resize=525%2C300 1.5x, https:\/\/i0.wp.com\/lahoradelcampo.com.uy\/site\/wp-content\/uploads\/2022\/02\/paradafari%C3%B1aovinos.jpg?fit=880%2C440&ssl=1&resize=700%2C400 2x"},"classes":[]},{"id":35887,"url":"https:\/\/lahoradelcampo.com.uy\/site\/maria-isabel-coloco-el-100-de-la-oferta-en-el-local-parada-farina\/","url_meta":{"origin":24898,"position":4},"title":"Mar\u00eda Isabel coloc\u00f3 el 100% de  la oferta en Parada Fari\u00f1a","author":"La Hora del Campo","date":"25 octubre, 2021","format":false,"excerpt":"El s\u00e1bado por la tarde la caba\u00f1a artiguense \"Mar\u00eda Isabel\" del Ing. Luis Mar\u00eda Dos Santos, coloc\u00f3 el 100% de la oferta en el local Parada Fari\u00f1a baj\u00f3 el martillo del escritorio Otto Fern\u00e1ndez. Como es tradicional el remate se realiz\u00f3 con una importante oferta de ganados generales Aberdeen Angus,\u2026","rel":"","context":"En \u00abActualidad\u00bb","block_context":{"text":"Actualidad","link":"https:\/\/lahoradelcampo.com.uy\/site\/category\/actualidad\/"},"img":{"alt_text":"","src":"https:\/\/i0.wp.com\/lahoradelcampo.com.uy\/site\/wp-content\/uploads\/2021\/10\/Zafra-mariaisabel.jpg?fit=880%2C440&ssl=1&resize=350%2C200","width":350,"height":200,"srcset":"https:\/\/i0.wp.com\/lahoradelcampo.com.uy\/site\/wp-content\/uploads\/2021\/10\/Zafra-mariaisabel.jpg?fit=880%2C440&ssl=1&resize=350%2C200 1x, https:\/\/i0.wp.com\/lahoradelcampo.com.uy\/site\/wp-content\/uploads\/2021\/10\/Zafra-mariaisabel.jpg?fit=880%2C440&ssl=1&resize=525%2C300 1.5x, https:\/\/i0.wp.com\/lahoradelcampo.com.uy\/site\/wp-content\/uploads\/2021\/10\/Zafra-mariaisabel.jpg?fit=880%2C440&ssl=1&resize=700%2C400 2x"},"classes":[]},{"id":1587,"url":"https:\/\/lahoradelcampo.com.uy\/site\/parada-farina-con-agilidad-y-buenos-valores\/","url_meta":{"origin":24898,"position":5},"title":"Parada Fari\u00f1a con agilidad y buenos valores","author":"La Hora del Campo","date":"20 septiembre, 2017","format":false,"excerpt":"En la tarde de este mi\u00e9rcoles 20 de setiembre se realiz\u00f3 el segundo remate quincenal del escritorio Otto Fern\u00e1ndez, en el local Parada Fari\u00f1a en el departamento de Artigas. El mercado demostr\u00f3 una muy buena agilidad y din\u00e1mica en los negocios, con una importante presencia de productores en las compras,\u2026","rel":"","context":"En \u00abActualidad\u00bb","block_context":{"text":"Actualidad","link":"https:\/\/lahoradelcampo.com.uy\/site\/category\/actualidad\/"},"img":{"alt_text":"","src":"https:\/\/i0.wp.com\/lahoradelcampo.com.uy\/site\/wp-content\/uploads\/2017\/09\/Otto-Fernandez.jpg?fit=880%2C440&ssl=1&resize=350%2C200","width":350,"height":200,"srcset":"https:\/\/i0.wp.com\/lahoradelcampo.com.uy\/site\/wp-content\/uploads\/2017\/09\/Otto-Fernandez.jpg?fit=880%2C440&ssl=1&resize=350%2C200 1x, https:\/\/i0.wp.com\/lahoradelcampo.com.uy\/site\/wp-content\/uploads\/2017\/09\/Otto-Fernandez.jpg?fit=880%2C440&ssl=1&resize=525%2C300 1.5x, https:\/\/i0.wp.com\/lahoradelcampo.com.uy\/site\/wp-content\/uploads\/2017\/09\/Otto-Fernandez.jpg?fit=880%2C440&ssl=1&resize=700%2C400 2x"},"classes":[]}],"jetpack_likes_enabled":true,"_links":{"self":[{"href":"https:\/\/lahoradelcampo.com.uy\/site\/wp-json\/wp\/v2\/posts\/24898","targetHints":{"allow":["GET"]}}],"collection":[{"href":"https:\/\/lahoradelcampo.com.uy\/site\/wp-json\/wp\/v2\/posts"}],"about":[{"href":"https:\/\/lahoradelcampo.com.uy\/site\/wp-json\/wp\/v2\/types\/post"}],"author":[{"embeddable":true,"href":"https:\/\/lahoradelcampo.com.uy\/site\/wp-json\/wp\/v2\/users\/5"}],"replies":[{"embeddable":true,"href":"https:\/\/lahoradelcampo.com.uy\/site\/wp-json\/wp\/v2\/comments?post=24898"}],"version-history":[{"count":1,"href":"https:\/\/lahoradelcampo.com.uy\/site\/wp-json\/wp\/v2\/posts\/24898\/revisions"}],"predecessor-version":[{"id":24900,"href":"https:\/\/lahoradelcampo.com.uy\/site\/wp-json\/wp\/v2\/posts\/24898\/revisions\/24900"}],"wp:featuredmedia":[{"embeddable":true,"href":"https:\/\/lahoradelcampo.com.uy\/site\/wp-json\/wp\/v2\/media\/24872"}],"wp:attachment":[{"href":"https:\/\/lahoradelcampo.com.uy\/site\/wp-json\/wp\/v2\/media?parent=24898"}],"wp:term":[{"taxonomy":"category","embeddable":true,"href":"https:\/\/lahoradelcampo.com.uy\/site\/wp-json\/wp\/v2\/categories?post=24898"},{"taxonomy":"post_tag","embeddable":true,"href":"https:\/\/lahoradelcampo.com.uy\/site\/wp-json\/wp\/v2\/tags?post=24898"}],"curies":[{"name":"wp","href":"https:\/\/api.w.org\/{rel}","templated":true}]}}