{"id":24894,"date":"2020-10-22T06:15:28","date_gmt":"2020-10-22T09:15:28","guid":{"rendered":"http:\/\/lahoradelcampo.com.uy\/site\/?p=24894"},"modified":"2020-10-22T00:18:53","modified_gmt":"2020-10-22T03:18:53","slug":"salto-represento-el-22-de-las-ventas-al-exterior-en-2019","status":"publish","type":"post","link":"https:\/\/lahoradelcampo.com.uy\/site\/salto-represento-el-22-de-las-ventas-al-exterior-en-2019\/","title":{"rendered":"Salto represent\u00f3 el 2,2% de las ventas al exterior en 2019"},"content":{"rendered":"\n<figure class=\"wp-block-image\"><img data-recalc-dims=\"1\" loading=\"lazy\" decoding=\"async\" width=\"810\" height=\"405\" data-attachment-id=\"21116\" data-permalink=\"https:\/\/lahoradelcampo.com.uy\/site\/el-valor-del-novillo-se-afirma-a-fuerza-de-escasez-de-oferta\/ganadosweb\/\" data-orig-file=\"https:\/\/i0.wp.com\/lahoradelcampo.com.uy\/site\/wp-content\/uploads\/2020\/06\/Ganadosweb.jpg?fit=880%2C440&amp;ssl=1\" data-orig-size=\"880,440\" data-comments-opened=\"1\" data-image-meta=\"{&quot;aperture&quot;:&quot;0&quot;,&quot;credit&quot;:&quot;&quot;,&quot;camera&quot;:&quot;&quot;,&quot;caption&quot;:&quot;&quot;,&quot;created_timestamp&quot;:&quot;0&quot;,&quot;copyright&quot;:&quot;&quot;,&quot;focal_length&quot;:&quot;0&quot;,&quot;iso&quot;:&quot;0&quot;,&quot;shutter_speed&quot;:&quot;0&quot;,&quot;title&quot;:&quot;&quot;,&quot;orientation&quot;:&quot;1&quot;}\" data-image-title=\"Ganadosweb\" data-image-description=\"\" data-image-caption=\"\" data-large-file=\"https:\/\/i0.wp.com\/lahoradelcampo.com.uy\/site\/wp-content\/uploads\/2020\/06\/Ganadosweb.jpg?fit=810%2C405&amp;ssl=1\" src=\"https:\/\/i0.wp.com\/lahoradelcampo.com.uy\/site\/wp-content\/uploads\/2020\/06\/Ganadosweb.jpg?resize=810%2C405\" alt=\"\" class=\"wp-image-21116\" srcset=\"https:\/\/i0.wp.com\/lahoradelcampo.com.uy\/site\/wp-content\/uploads\/2020\/06\/Ganadosweb.jpg?w=880&amp;ssl=1 880w, https:\/\/i0.wp.com\/lahoradelcampo.com.uy\/site\/wp-content\/uploads\/2020\/06\/Ganadosweb.jpg?resize=300%2C150&amp;ssl=1 300w, https:\/\/i0.wp.com\/lahoradelcampo.com.uy\/site\/wp-content\/uploads\/2020\/06\/Ganadosweb.jpg?resize=768%2C384&amp;ssl=1 768w, https:\/\/i0.wp.com\/lahoradelcampo.com.uy\/site\/wp-content\/uploads\/2020\/06\/Ganadosweb.jpg?resize=820%2C410&amp;ssl=1 820w\" sizes=\"auto, (max-width: 810px) 100vw, 810px\" \/><\/figure>\n\n\n\n<p>Durante el a\u00f1o 2019 las ventas al exterior provenientes de empresas ubicadas en el departamento de Salto, sumaron 202 millones de d\u00f3lares de ingresos al pa\u00eds, es decir el 2,2% de la facturaci\u00f3n total, de acuerdo a los datos aportados por el Instituto Uruguay XXI.<br><\/p>\n\n\n\n<p>El documento elaborado por el instituto de promoci\u00f3n de las exportaciones, en base a los datos aportados por la Direcci\u00f3n Nacional de Aduanas, indican que la carne bovina es el principal producto de exportaci\u00f3n. Las ventas de este producto sumaron 107 millones de d\u00f3lares (53%). Siendo la firma Marfrig la principal exportadora.<br><\/p>\n\n\n\n<p>Le siguen en importancia los productos l\u00e1cteos (11%), las frutas c\u00edtricas (11%), la carne ovina (6%), despojos c\u00e1rnicos (5%), entre otros. <br> Si se observan los destinos, el principal socio comercial de Salto, es China, adquiriendo el 43% de nuestras ventas al exterior. Le siguen en importancia Estados Unidos (27,2%) y Brasil (12%) entre otros. <br><\/p>\n\n\n\n<p><strong>A nivel pa\u00eds<\/strong><br><\/p>\n\n\n\n<p>Colonia y Montevideo son los departamentos que siempre han registrado un mayor monto de exportaciones. Pr\u00e1cticamente el 40% de las exportaciones de bienes de Uruguay han tenido su origen en estos dos departamentos.<br><\/p>\n\n\n\n<p>Colonia representa el 22,2% de las exportaciones de bienes (2019), debido fundamentalmente a la producci\u00f3n industrial dentro de Zonas Francas. En Colonia se encuentra la planta de celulosa de Montes del Plata y la planta de concentrado de bebidas de Pepsico.<br><\/p>\n\n\n\n<p>Montevideo tiene una participaci\u00f3n de 17,2% en los bienes exportados en 2019.<\/p>\n\n\n\n<p style=\"text-align:right\"><strong>Salto, 22 de octubre de 2020<\/strong><\/p>\n","protected":false},"excerpt":{"rendered":"<p>Durante el a\u00f1o 2019 las ventas al exterior provenientes de empresas ubicadas en el departamento de Salto, sumaron 202 millones de d\u00f3lares de ingresos al pa\u00eds, es decir el 2,2% [&hellip;]<\/p>\n","protected":false},"author":5,"featured_media":21116,"comment_status":"open","ping_status":"open","sticky":false,"template":"","format":"standard","meta":{"_price":"","_stock":"","_tribe_ticket_header":"","_tribe_default_ticket_provider":"","_tribe_ticket_capacity":"0","_ticket_start_date":"","_ticket_end_date":"","_tribe_ticket_show_description":"","_tribe_ticket_show_not_going":false,"_tribe_ticket_use_global_stock":"","_tribe_ticket_global_stock_level":"","_global_stock_mode":"","_global_stock_cap":"","_tribe_rsvp_for_event":"","_tribe_ticket_going_count":"","_tribe_ticket_not_going_count":"","_tribe_tickets_list":"[]","_tribe_ticket_has_attendee_info_fields":false,"h5ap_radio_sources":[],"_jetpack_newsletter_access":"","_jetpack_dont_email_post_to_subs":false,"_jetpack_newsletter_tier_id":0,"_jetpack_memberships_contains_paywalled_content":false,"_jetpack_memberships_contains_paid_content":false,"footnotes":""},"categories":[21,5],"tags":[],"class_list":["post-24894","post","type-post","status-publish","format-standard","has-post-thumbnail","hentry","category-actualidad","category-ganaderia"],"jetpack_featured_media_url":"https:\/\/i0.wp.com\/lahoradelcampo.com.uy\/site\/wp-content\/uploads\/2020\/06\/Ganadosweb.jpg?fit=880%2C440&ssl=1","jetpack_sharing_enabled":true,"jetpack_shortlink":"https:\/\/wp.me\/p99IaT-6tw","jetpack-related-posts":[{"id":29824,"url":"https:\/\/lahoradelcampo.com.uy\/site\/las-ventas-de-soja-al-exterior-cayeron-un-3-en-abril-segun-uruguay-xxi\/","url_meta":{"origin":24894,"position":0},"title":"Las ventas de soja al exterior cayeron un 3% en abril, seg\u00fan Uruguay XXI","author":"La Hora del Campo","date":"8 mayo, 2021","format":false,"excerpt":"Durante el pasado mes de abril, la soja fue el segundo producto de exportaci\u00f3n de Uruguay, detr\u00e1s de la carne vacuna. Si bien la carne lider\u00f3 las subas en los ingresos de divisas al pa\u00eds, la soja a pesar de su aumento de valores que se ha venido observando en\u2026","rel":"","context":"En \u00abActualidad\u00bb","block_context":{"text":"Actualidad","link":"https:\/\/lahoradelcampo.com.uy\/site\/category\/actualidad\/"},"img":{"alt_text":"","src":"https:\/\/i0.wp.com\/lahoradelcampo.com.uy\/site\/wp-content\/uploads\/2021\/05\/soja1.jpg?fit=880%2C440&ssl=1&resize=350%2C200","width":350,"height":200,"srcset":"https:\/\/i0.wp.com\/lahoradelcampo.com.uy\/site\/wp-content\/uploads\/2021\/05\/soja1.jpg?fit=880%2C440&ssl=1&resize=350%2C200 1x, https:\/\/i0.wp.com\/lahoradelcampo.com.uy\/site\/wp-content\/uploads\/2021\/05\/soja1.jpg?fit=880%2C440&ssl=1&resize=525%2C300 1.5x, https:\/\/i0.wp.com\/lahoradelcampo.com.uy\/site\/wp-content\/uploads\/2021\/05\/soja1.jpg?fit=880%2C440&ssl=1&resize=700%2C400 2x"},"classes":[]},{"id":32868,"url":"https:\/\/lahoradelcampo.com.uy\/site\/exportaciones-de-celulosa-y-madera-subieron-en-julio\/","url_meta":{"origin":24894,"position":1},"title":"Exportaciones de celulosa y madera subieron en julio","author":"La Hora del Campo","date":"9 agosto, 2021","format":false,"excerpt":"De acuerdo a los datos del Instituto Uruguay XXI, las exportaciones tanto de celulosa como de madera contin\u00faan mostrando un marcado incremento de las ventas al exterior del sector forestal en este a\u00f1o 2021, de acuerdo a los datos del mes de julio. Las ventas de celulosa, que se vieron\u2026","rel":"","context":"En \u00abActualidad\u00bb","block_context":{"text":"Actualidad","link":"https:\/\/lahoradelcampo.com.uy\/site\/category\/actualidad\/"},"img":{"alt_text":"","src":"https:\/\/i0.wp.com\/lahoradelcampo.com.uy\/site\/wp-content\/uploads\/2021\/06\/madera.jpg?fit=880%2C440&ssl=1&resize=350%2C200","width":350,"height":200,"srcset":"https:\/\/i0.wp.com\/lahoradelcampo.com.uy\/site\/wp-content\/uploads\/2021\/06\/madera.jpg?fit=880%2C440&ssl=1&resize=350%2C200 1x, https:\/\/i0.wp.com\/lahoradelcampo.com.uy\/site\/wp-content\/uploads\/2021\/06\/madera.jpg?fit=880%2C440&ssl=1&resize=525%2C300 1.5x, https:\/\/i0.wp.com\/lahoradelcampo.com.uy\/site\/wp-content\/uploads\/2021\/06\/madera.jpg?fit=880%2C440&ssl=1&resize=700%2C400 2x"},"classes":[]},{"id":30336,"url":"https:\/\/lahoradelcampo.com.uy\/site\/exportaciones-agroindustriales-crecieron-un-23-en-el-primer-cuatrimestre-de-2021\/","url_meta":{"origin":24894,"position":2},"title":"Exportaciones agroindustriales crecieron un 23% en el primer cuatrimestre de 2021","author":"La Hora del Campo","date":"20 mayo, 2021","format":false,"excerpt":"Las exportaciones de los rubros agroindustriales m\u00e1s relevantes del pa\u00eds crecieron un 23% en el primer cuatrimestre de 2021, seg\u00fan los datos aportados por el Ministerio de Ganader\u00eda, Agricultura y Pesca. En dicho per\u00edodo se registr\u00f3 un ingreso de US$ 2.306 millones al pa\u00eds, lo que marca el aumento mencionado\u2026","rel":"","context":"En \u00abActualidad\u00bb","block_context":{"text":"Actualidad","link":"https:\/\/lahoradelcampo.com.uy\/site\/category\/actualidad\/"},"img":{"alt_text":"","src":"https:\/\/i0.wp.com\/lahoradelcampo.com.uy\/site\/wp-content\/uploads\/2021\/05\/exportaciones.jpg?fit=880%2C440&ssl=1&resize=350%2C200","width":350,"height":200,"srcset":"https:\/\/i0.wp.com\/lahoradelcampo.com.uy\/site\/wp-content\/uploads\/2021\/05\/exportaciones.jpg?fit=880%2C440&ssl=1&resize=350%2C200 1x, https:\/\/i0.wp.com\/lahoradelcampo.com.uy\/site\/wp-content\/uploads\/2021\/05\/exportaciones.jpg?fit=880%2C440&ssl=1&resize=525%2C300 1.5x, https:\/\/i0.wp.com\/lahoradelcampo.com.uy\/site\/wp-content\/uploads\/2021\/05\/exportaciones.jpg?fit=880%2C440&ssl=1&resize=700%2C400 2x"},"classes":[]},{"id":48731,"url":"https:\/\/lahoradelcampo.com.uy\/site\/en-enero-disminuyeron-un-20-las-ventas-de-lana-al-exterior\/","url_meta":{"origin":24894,"position":3},"title":"En enero disminuyeron un 20% las ventas de lana al exterior","author":"La Hora del Campo","date":"14 febrero, 2023","format":false,"excerpt":"Con una ca\u00edda del 21% respecto a enero de 2022, las exportaciones de todo el rubro ovino, en enero de 2023, fueron de US$ 19,8. Los principales destinos fueron Italia y China en lanas, y China y Brasil en carnes. Exportaciones de Lana Las lanas exportadas en el primer mes\u2026","rel":"","context":"En \u00abActualidad\u00bb","block_context":{"text":"Actualidad","link":"https:\/\/lahoradelcampo.com.uy\/site\/category\/actualidad\/"},"img":{"alt_text":"","src":"https:\/\/i0.wp.com\/lahoradelcampo.com.uy\/site\/wp-content\/uploads\/2017\/11\/Lanas.jpg?fit=880%2C440&ssl=1&resize=350%2C200","width":350,"height":200,"srcset":"https:\/\/i0.wp.com\/lahoradelcampo.com.uy\/site\/wp-content\/uploads\/2017\/11\/Lanas.jpg?fit=880%2C440&ssl=1&resize=350%2C200 1x, https:\/\/i0.wp.com\/lahoradelcampo.com.uy\/site\/wp-content\/uploads\/2017\/11\/Lanas.jpg?fit=880%2C440&ssl=1&resize=525%2C300 1.5x, https:\/\/i0.wp.com\/lahoradelcampo.com.uy\/site\/wp-content\/uploads\/2017\/11\/Lanas.jpg?fit=880%2C440&ssl=1&resize=700%2C400 2x"},"classes":[]},{"id":1891,"url":"https:\/\/lahoradelcampo.com.uy\/site\/exportaciones-carnicas-a-china-alcanzan-los-us-519-millones\/","url_meta":{"origin":24894,"position":4},"title":"Exportaciones c\u00e1rnicas a China alcanzan los U$S 519 millones","author":"La Hora del Campo ADMIN","date":"29 septiembre, 2017","format":false,"excerpt":"Las exportaciones del sector c\u00e1rnico uruguayo suman U$S 1.341.028 de ingreso al pa\u00eds, un 11,7% por encima del mismo per\u00edodo del a\u00f1o pasado, seg\u00fan los datos aportados por el Instituto Nacional de Carnes.\u00a0 En este marco, entre el primero de enero y el 23 de setiembre, las ventas a China\u2026","rel":"","context":"En \u00abActualidad\u00bb","block_context":{"text":"Actualidad","link":"https:\/\/lahoradelcampo.com.uy\/site\/category\/actualidad\/"},"img":{"alt_text":"","src":"https:\/\/i0.wp.com\/lahoradelcampo.com.uy\/site\/wp-content\/uploads\/2017\/09\/IMG_20170929_085716-1.jpg?fit=1024%2C441&ssl=1&resize=350%2C200","width":350,"height":200,"srcset":"https:\/\/i0.wp.com\/lahoradelcampo.com.uy\/site\/wp-content\/uploads\/2017\/09\/IMG_20170929_085716-1.jpg?fit=1024%2C441&ssl=1&resize=350%2C200 1x, https:\/\/i0.wp.com\/lahoradelcampo.com.uy\/site\/wp-content\/uploads\/2017\/09\/IMG_20170929_085716-1.jpg?fit=1024%2C441&ssl=1&resize=525%2C300 1.5x, https:\/\/i0.wp.com\/lahoradelcampo.com.uy\/site\/wp-content\/uploads\/2017\/09\/IMG_20170929_085716-1.jpg?fit=1024%2C441&ssl=1&resize=700%2C400 2x"},"classes":[]},{"id":51690,"url":"https:\/\/lahoradelcampo.com.uy\/site\/el-norte-del-rio-negro-representa-el-201-de-las-exportaciones-de-2022\/","url_meta":{"origin":24894,"position":5},"title":"El norte del r\u00edo Negro representa el 20,1% de las exportaciones de 2022","author":"La Hora del Campo","date":"6 julio, 2023","format":false,"excerpt":"El Instituto Uruguay XXI ha dado a conocer un informe sobre las exportaciones de 2022, detallando los datos por departamento. El informe se basa en informaci\u00f3n de la Direcci\u00f3n Nacional de Aduanas (MEF) y se complement\u00f3 con otras fuentes primarias para cuantificar los productos y destinos desde cada departamento del\u2026","rel":"","context":"En \u00abActualidad\u00bb","block_context":{"text":"Actualidad","link":"https:\/\/lahoradelcampo.com.uy\/site\/category\/actualidad\/"},"img":{"alt_text":"","src":"https:\/\/i0.wp.com\/lahoradelcampo.com.uy\/site\/wp-content\/uploads\/2023\/07\/PuertoMontevideo.jpg?fit=880%2C440&ssl=1&resize=350%2C200","width":350,"height":200,"srcset":"https:\/\/i0.wp.com\/lahoradelcampo.com.uy\/site\/wp-content\/uploads\/2023\/07\/PuertoMontevideo.jpg?fit=880%2C440&ssl=1&resize=350%2C200 1x, https:\/\/i0.wp.com\/lahoradelcampo.com.uy\/site\/wp-content\/uploads\/2023\/07\/PuertoMontevideo.jpg?fit=880%2C440&ssl=1&resize=525%2C300 1.5x, https:\/\/i0.wp.com\/lahoradelcampo.com.uy\/site\/wp-content\/uploads\/2023\/07\/PuertoMontevideo.jpg?fit=880%2C440&ssl=1&resize=700%2C400 2x"},"classes":[]}],"jetpack_likes_enabled":true,"_links":{"self":[{"href":"https:\/\/lahoradelcampo.com.uy\/site\/wp-json\/wp\/v2\/posts\/24894","targetHints":{"allow":["GET"]}}],"collection":[{"href":"https:\/\/lahoradelcampo.com.uy\/site\/wp-json\/wp\/v2\/posts"}],"about":[{"href":"https:\/\/lahoradelcampo.com.uy\/site\/wp-json\/wp\/v2\/types\/post"}],"author":[{"embeddable":true,"href":"https:\/\/lahoradelcampo.com.uy\/site\/wp-json\/wp\/v2\/users\/5"}],"replies":[{"embeddable":true,"href":"https:\/\/lahoradelcampo.com.uy\/site\/wp-json\/wp\/v2\/comments?post=24894"}],"version-history":[{"count":1,"href":"https:\/\/lahoradelcampo.com.uy\/site\/wp-json\/wp\/v2\/posts\/24894\/revisions"}],"predecessor-version":[{"id":24896,"href":"https:\/\/lahoradelcampo.com.uy\/site\/wp-json\/wp\/v2\/posts\/24894\/revisions\/24896"}],"wp:featuredmedia":[{"embeddable":true,"href":"https:\/\/lahoradelcampo.com.uy\/site\/wp-json\/wp\/v2\/media\/21116"}],"wp:attachment":[{"href":"https:\/\/lahoradelcampo.com.uy\/site\/wp-json\/wp\/v2\/media?parent=24894"}],"wp:term":[{"taxonomy":"category","embeddable":true,"href":"https:\/\/lahoradelcampo.com.uy\/site\/wp-json\/wp\/v2\/categories?post=24894"},{"taxonomy":"post_tag","embeddable":true,"href":"https:\/\/lahoradelcampo.com.uy\/site\/wp-json\/wp\/v2\/tags?post=24894"}],"curies":[{"name":"wp","href":"https:\/\/api.w.org\/{rel}","templated":true}]}}