{"id":24788,"date":"2020-10-20T06:09:20","date_gmt":"2020-10-20T09:09:20","guid":{"rendered":"http:\/\/lahoradelcampo.com.uy\/site\/?p=24788"},"modified":"2020-10-20T05:19:41","modified_gmt":"2020-10-20T08:19:41","slug":"se-colocaron-42-toros-a-us-2-526-en-la-expo-chiflero","status":"publish","type":"post","link":"https:\/\/lahoradelcampo.com.uy\/site\/se-colocaron-42-toros-a-us-2-526-en-la-expo-chiflero\/","title":{"rendered":"Se colocaron 42 toros a US$ 2.526 en la Expo Chiflero"},"content":{"rendered":"\n<figure class=\"wp-block-image\"><img data-recalc-dims=\"1\" loading=\"lazy\" decoding=\"async\" width=\"810\" height=\"405\" data-attachment-id=\"24790\" data-permalink=\"https:\/\/lahoradelcampo.com.uy\/site\/se-colocaron-42-toros-a-us-2-526-en-la-expo-chiflero\/expochiflerotoros\/\" data-orig-file=\"https:\/\/i0.wp.com\/lahoradelcampo.com.uy\/site\/wp-content\/uploads\/2020\/10\/ExpoChiflerotoros.jpg?fit=880%2C440&amp;ssl=1\" data-orig-size=\"880,440\" data-comments-opened=\"1\" data-image-meta=\"{&quot;aperture&quot;:&quot;0&quot;,&quot;credit&quot;:&quot;&quot;,&quot;camera&quot;:&quot;&quot;,&quot;caption&quot;:&quot;&quot;,&quot;created_timestamp&quot;:&quot;0&quot;,&quot;copyright&quot;:&quot;&quot;,&quot;focal_length&quot;:&quot;0&quot;,&quot;iso&quot;:&quot;0&quot;,&quot;shutter_speed&quot;:&quot;0&quot;,&quot;title&quot;:&quot;&quot;,&quot;orientation&quot;:&quot;1&quot;}\" data-image-title=\"ExpoChiflerotoros\" data-image-description=\"\" data-image-caption=\"\" data-large-file=\"https:\/\/i0.wp.com\/lahoradelcampo.com.uy\/site\/wp-content\/uploads\/2020\/10\/ExpoChiflerotoros.jpg?fit=810%2C405&amp;ssl=1\" src=\"https:\/\/i0.wp.com\/lahoradelcampo.com.uy\/site\/wp-content\/uploads\/2020\/10\/ExpoChiflerotoros.jpg?resize=810%2C405\" alt=\"\" class=\"wp-image-24790\" srcset=\"https:\/\/i0.wp.com\/lahoradelcampo.com.uy\/site\/wp-content\/uploads\/2020\/10\/ExpoChiflerotoros.jpg?w=880&amp;ssl=1 880w, https:\/\/i0.wp.com\/lahoradelcampo.com.uy\/site\/wp-content\/uploads\/2020\/10\/ExpoChiflerotoros.jpg?resize=300%2C150&amp;ssl=1 300w, https:\/\/i0.wp.com\/lahoradelcampo.com.uy\/site\/wp-content\/uploads\/2020\/10\/ExpoChiflerotoros.jpg?resize=768%2C384&amp;ssl=1 768w, https:\/\/i0.wp.com\/lahoradelcampo.com.uy\/site\/wp-content\/uploads\/2020\/10\/ExpoChiflerotoros.jpg?resize=820%2C410&amp;ssl=1 820w\" sizes=\"auto, (max-width: 810px) 100vw, 810px\" \/><\/figure>\n\n\n\n<p>La Expo Chiflero en Artigas, volvi\u00f3 a marcar la importancia de la venta de reproductores  para las caba\u00f1as que participan as\u00ed como tambi\u00e9n para los peque\u00f1os productos del departamento. <br><\/p>\n\n\n\n<p>En total la oferta fue de 51 toros de los cuales se colocaron al cierre de las ventas, el d\u00eda domingo, 42 reproductores a un promedio de US$ 2.526. <br><\/p>\n\n\n\n<p>Dos toros Shorthorn PO se vendieron a US$ 1.800, tres toros Polled Hereford en 3.667 con un m\u00e1ximo de US$ 4.000 y un m\u00ednimo de US$ 3.050. <\/p>\n\n\n\n<p>Luego se vendieron los toros Aberdeen Angus, donde el mejor toro de pedigree se pag\u00f3 4.500, con un piso 2.400 y un promedio de US$ 2,943. En el caso del PO se pag\u00f3 entre US$ 3.000 y US$ 2.000, con un promedio de US$ 2.280 y finalmente el puro controlado promedio US$ 2.307. <\/p>\n\n\n\n<p style=\"text-align:right\"><strong>Salto, 20 de octubre de 2020<\/strong><\/p>\n","protected":false},"excerpt":{"rendered":"<p>La Expo Chiflero en Artigas, volvi\u00f3 a marcar la importancia de la venta de reproductores para las caba\u00f1as que participan as\u00ed como tambi\u00e9n para los peque\u00f1os productos del departamento. En [&hellip;]<\/p>\n","protected":false},"author":5,"featured_media":24790,"comment_status":"open","ping_status":"open","sticky":false,"template":"","format":"standard","meta":{"_price":"","_stock":"","_tribe_ticket_header":"","_tribe_default_ticket_provider":"","_tribe_ticket_capacity":"0","_ticket_start_date":"","_ticket_end_date":"","_tribe_ticket_show_description":"","_tribe_ticket_show_not_going":false,"_tribe_ticket_use_global_stock":"","_tribe_ticket_global_stock_level":"","_global_stock_mode":"","_global_stock_cap":"","_tribe_rsvp_for_event":"","_tribe_ticket_going_count":"","_tribe_ticket_not_going_count":"","_tribe_tickets_list":"[]","_tribe_ticket_has_attendee_info_fields":false,"h5ap_radio_sources":[],"_jetpack_newsletter_access":"","_jetpack_dont_email_post_to_subs":false,"_jetpack_newsletter_tier_id":0,"_jetpack_memberships_contains_paywalled_content":false,"_jetpack_memberships_contains_paid_content":false,"footnotes":""},"categories":[21,5],"tags":[],"class_list":["post-24788","post","type-post","status-publish","format-standard","has-post-thumbnail","hentry","category-actualidad","category-ganaderia"],"jetpack_featured_media_url":"https:\/\/i0.wp.com\/lahoradelcampo.com.uy\/site\/wp-content\/uploads\/2020\/10\/ExpoChiflerotoros.jpg?fit=880%2C440&ssl=1","jetpack_sharing_enabled":true,"jetpack_shortlink":"https:\/\/wp.me\/p99IaT-6rO","jetpack-related-posts":[{"id":14639,"url":"https:\/\/lahoradelcampo.com.uy\/site\/el-cerro-y-el-coraje-colocaron-el-100-de-la-oferta-agilmente\/","url_meta":{"origin":24788,"position":0},"title":"El Cerro y El Coraje colocaron el 100% de la oferta \u00e1gilmente","author":"La Hora del Campo","date":"30 septiembre, 2019","format":false,"excerpt":"Las caba\u00f1as El Cerro de la familia Vigan\u00f3 y El Coraje de Bove Itzaina, comercializaron ayer sus reproductores en esta zafra 2019, con un importante fluidez en los negocios y con valores por sobre 2018. En el caso de la caba\u00f1a \"El Cerro\" se colocaron 27 reproductores de las razas\u2026","rel":"","context":"En \u00abActualidad\u00bb","block_context":{"text":"Actualidad","link":"https:\/\/lahoradelcampo.com.uy\/site\/category\/actualidad\/"},"img":{"alt_text":"","src":"https:\/\/i0.wp.com\/lahoradelcampo.com.uy\/site\/wp-content\/uploads\/2019\/09\/elcoraje.jpg?fit=880%2C440&ssl=1&resize=350%2C200","width":350,"height":200,"srcset":"https:\/\/i0.wp.com\/lahoradelcampo.com.uy\/site\/wp-content\/uploads\/2019\/09\/elcoraje.jpg?fit=880%2C440&ssl=1&resize=350%2C200 1x, https:\/\/i0.wp.com\/lahoradelcampo.com.uy\/site\/wp-content\/uploads\/2019\/09\/elcoraje.jpg?fit=880%2C440&ssl=1&resize=525%2C300 1.5x, https:\/\/i0.wp.com\/lahoradelcampo.com.uy\/site\/wp-content\/uploads\/2019\/09\/elcoraje.jpg?fit=880%2C440&ssl=1&resize=700%2C400 2x"},"classes":[]},{"id":24774,"url":"https:\/\/lahoradelcampo.com.uy\/site\/los-ovinos-tuvieron-buenas-ventas-en-la-expo-chiflero\/","url_meta":{"origin":24788,"position":1},"title":"Los ovinos tuvieron buenas ventas en la Expo Chiflero","author":"La Hora del Campo","date":"18 octubre, 2020","format":false,"excerpt":"Las ventas de reproductores ovinos, a pesar de estar lejos de la encarnerada y con el panorama actual del mercado lanero, contin\u00faan siendo muy buenas para los caba\u00f1eros que participan a\u00f1o a a\u00f1o de la Expo Chiflero en Artigas. En este sentido se comercializaron 21 reproductores Merino Australiano de pedigree,\u2026","rel":"","context":"En \u00abActualidad\u00bb","block_context":{"text":"Actualidad","link":"https:\/\/lahoradelcampo.com.uy\/site\/category\/actualidad\/"},"img":{"alt_text":"","src":"https:\/\/i0.wp.com\/lahoradelcampo.com.uy\/site\/wp-content\/uploads\/2020\/10\/Juracorriedale.jpg?fit=880%2C440&ssl=1&resize=350%2C200","width":350,"height":200,"srcset":"https:\/\/i0.wp.com\/lahoradelcampo.com.uy\/site\/wp-content\/uploads\/2020\/10\/Juracorriedale.jpg?fit=880%2C440&ssl=1&resize=350%2C200 1x, https:\/\/i0.wp.com\/lahoradelcampo.com.uy\/site\/wp-content\/uploads\/2020\/10\/Juracorriedale.jpg?fit=880%2C440&ssl=1&resize=525%2C300 1.5x, https:\/\/i0.wp.com\/lahoradelcampo.com.uy\/site\/wp-content\/uploads\/2020\/10\/Juracorriedale.jpg?fit=880%2C440&ssl=1&resize=700%2C400 2x"},"classes":[]},{"id":35621,"url":"https:\/\/lahoradelcampo.com.uy\/site\/expo-chiflero-coloco-31-toros-a-us-3-174\/","url_meta":{"origin":24788,"position":2},"title":"Expo Chiflero coloc\u00f3 31 toros a US$ 3.174","author":"La Hora del Campo","date":"19 octubre, 2021","format":false,"excerpt":"Las ventas en el marco de la Explo Chiflero, en Artigas, logr\u00f3 la colocaci\u00f3n de 31 toros de los 40 ofertados. Las ventas estuvieron bajo los martillos de Gast\u00f3n Araujo Agronegocios y Roberto Berstch Negocios Rurales. De acuerdo a la informaci\u00f3n brindada por la gremial, se colocaron 7 toros Aberdeen\u2026","rel":"","context":"En \u00abActualidad\u00bb","block_context":{"text":"Actualidad","link":"https:\/\/lahoradelcampo.com.uy\/site\/category\/actualidad\/"},"img":{"alt_text":"","src":"https:\/\/i0.wp.com\/lahoradelcampo.com.uy\/site\/wp-content\/uploads\/2021\/10\/Zafra-chiflero.jpg?fit=880%2C440&ssl=1&resize=350%2C200","width":350,"height":200,"srcset":"https:\/\/i0.wp.com\/lahoradelcampo.com.uy\/site\/wp-content\/uploads\/2021\/10\/Zafra-chiflero.jpg?fit=880%2C440&ssl=1&resize=350%2C200 1x, https:\/\/i0.wp.com\/lahoradelcampo.com.uy\/site\/wp-content\/uploads\/2021\/10\/Zafra-chiflero.jpg?fit=880%2C440&ssl=1&resize=525%2C300 1.5x, https:\/\/i0.wp.com\/lahoradelcampo.com.uy\/site\/wp-content\/uploads\/2021\/10\/Zafra-chiflero.jpg?fit=880%2C440&ssl=1&resize=700%2C400 2x"},"classes":[]},{"id":15120,"url":"https:\/\/lahoradelcampo.com.uy\/site\/la-lucha-y-buen-abrigo-colocaron-el-100-de-la-oferta\/","url_meta":{"origin":24788,"position":3},"title":"La Lucha y Buen Abrigo colocaron el 100% de la oferta","author":"La Hora del Campo ADMIN","date":"17 octubre, 2019","format":false,"excerpt":"En su primer remate realizado en conjunto en Salto, las caba\u00f1as La Lucha de Echeverr\u00eda y Buen Abrigo de Martin Peters, alcanzaron el 100% de colocaci\u00f3n tanto en Hereford y Charolais, como en Aberdeen Angus. Los negocios estuvieron a cargo de los escritorios Jos\u00e9 F. Jaso y Coco Morales. En\u2026","rel":"","context":"En \u00abActualidad\u00bb","block_context":{"text":"Actualidad","link":"https:\/\/lahoradelcampo.com.uy\/site\/category\/actualidad\/"},"img":{"alt_text":"","src":"https:\/\/i0.wp.com\/lahoradelcampo.com.uy\/site\/wp-content\/uploads\/2019\/10\/nuevo-proyecto-23251739064291925541..jpg?fit=800%2C440&ssl=1&resize=350%2C200","width":350,"height":200,"srcset":"https:\/\/i0.wp.com\/lahoradelcampo.com.uy\/site\/wp-content\/uploads\/2019\/10\/nuevo-proyecto-23251739064291925541..jpg?fit=800%2C440&ssl=1&resize=350%2C200 1x, https:\/\/i0.wp.com\/lahoradelcampo.com.uy\/site\/wp-content\/uploads\/2019\/10\/nuevo-proyecto-23251739064291925541..jpg?fit=800%2C440&ssl=1&resize=525%2C300 1.5x, https:\/\/i0.wp.com\/lahoradelcampo.com.uy\/site\/wp-content\/uploads\/2019\/10\/nuevo-proyecto-23251739064291925541..jpg?fit=800%2C440&ssl=1&resize=700%2C400 2x"},"classes":[]},{"id":45817,"url":"https:\/\/lahoradelcampo.com.uy\/site\/la-venta-de-toros-comenzo-con-valores-superiores-a-2021\/","url_meta":{"origin":24788,"position":4},"title":"La venta de toros comenz\u00f3 con valores superiores a 2021","author":"La Hora del Campo","date":"26 septiembre, 2022","format":false,"excerpt":"Como es tradicional, la zafra de reproductores comenz\u00f3 en el marco de la Expo Prado, con valores muy destacados en el caso de los grandes campeones, pero luego tambi\u00e9n en los promedios alcanzados en los primeros remates de caba\u00f1a. En este sentido el Gran Campe\u00f3n Aberdeen Angus alcanz\u00f3 los US$\u2026","rel":"","context":"En \u00abActualidad\u00bb","block_context":{"text":"Actualidad","link":"https:\/\/lahoradelcampo.com.uy\/site\/category\/actualidad\/"},"img":{"alt_text":"","src":"https:\/\/i0.wp.com\/lahoradelcampo.com.uy\/site\/wp-content\/uploads\/2022\/09\/TorosHereford.jpg?fit=880%2C440&ssl=1&resize=350%2C200","width":350,"height":200,"srcset":"https:\/\/i0.wp.com\/lahoradelcampo.com.uy\/site\/wp-content\/uploads\/2022\/09\/TorosHereford.jpg?fit=880%2C440&ssl=1&resize=350%2C200 1x, https:\/\/i0.wp.com\/lahoradelcampo.com.uy\/site\/wp-content\/uploads\/2022\/09\/TorosHereford.jpg?fit=880%2C440&ssl=1&resize=525%2C300 1.5x, https:\/\/i0.wp.com\/lahoradelcampo.com.uy\/site\/wp-content\/uploads\/2022\/09\/TorosHereford.jpg?fit=880%2C440&ssl=1&resize=700%2C400 2x"},"classes":[]},{"id":34975,"url":"https:\/\/lahoradelcampo.com.uy\/site\/buenas-ventas-de-reproductores-en-la-expo-salto\/","url_meta":{"origin":24788,"position":5},"title":"Buenas ventas de reproductores en la Expo Salto","author":"La Hora del Campo","date":"3 octubre, 2021","format":false,"excerpt":"El remate con bandera libre, en la exposici\u00f3n, logr\u00f3 la comercializaci\u00f3n de 15 toros, con un m\u00e1ximo de US$ 3.600 y un m\u00ednimo de US$ 2.500. En el detalle, se vendieron 4 Aberdeen Angus PO a US$ 3.100 de promedio, 8 toros Hereford a US$ 2.712 y 3 Normando a\u2026","rel":"","context":"En \u00abActualidad\u00bb","block_context":{"text":"Actualidad","link":"https:\/\/lahoradelcampo.com.uy\/site\/category\/actualidad\/"},"img":{"alt_text":"","src":"https:\/\/i0.wp.com\/lahoradelcampo.com.uy\/site\/wp-content\/uploads\/2021\/10\/Expo-normandos.jpg?fit=880%2C440&ssl=1&resize=350%2C200","width":350,"height":200,"srcset":"https:\/\/i0.wp.com\/lahoradelcampo.com.uy\/site\/wp-content\/uploads\/2021\/10\/Expo-normandos.jpg?fit=880%2C440&ssl=1&resize=350%2C200 1x, https:\/\/i0.wp.com\/lahoradelcampo.com.uy\/site\/wp-content\/uploads\/2021\/10\/Expo-normandos.jpg?fit=880%2C440&ssl=1&resize=525%2C300 1.5x, https:\/\/i0.wp.com\/lahoradelcampo.com.uy\/site\/wp-content\/uploads\/2021\/10\/Expo-normandos.jpg?fit=880%2C440&ssl=1&resize=700%2C400 2x"},"classes":[]}],"jetpack_likes_enabled":true,"_links":{"self":[{"href":"https:\/\/lahoradelcampo.com.uy\/site\/wp-json\/wp\/v2\/posts\/24788","targetHints":{"allow":["GET"]}}],"collection":[{"href":"https:\/\/lahoradelcampo.com.uy\/site\/wp-json\/wp\/v2\/posts"}],"about":[{"href":"https:\/\/lahoradelcampo.com.uy\/site\/wp-json\/wp\/v2\/types\/post"}],"author":[{"embeddable":true,"href":"https:\/\/lahoradelcampo.com.uy\/site\/wp-json\/wp\/v2\/users\/5"}],"replies":[{"embeddable":true,"href":"https:\/\/lahoradelcampo.com.uy\/site\/wp-json\/wp\/v2\/comments?post=24788"}],"version-history":[{"count":1,"href":"https:\/\/lahoradelcampo.com.uy\/site\/wp-json\/wp\/v2\/posts\/24788\/revisions"}],"predecessor-version":[{"id":24792,"href":"https:\/\/lahoradelcampo.com.uy\/site\/wp-json\/wp\/v2\/posts\/24788\/revisions\/24792"}],"wp:featuredmedia":[{"embeddable":true,"href":"https:\/\/lahoradelcampo.com.uy\/site\/wp-json\/wp\/v2\/media\/24790"}],"wp:attachment":[{"href":"https:\/\/lahoradelcampo.com.uy\/site\/wp-json\/wp\/v2\/media?parent=24788"}],"wp:term":[{"taxonomy":"category","embeddable":true,"href":"https:\/\/lahoradelcampo.com.uy\/site\/wp-json\/wp\/v2\/categories?post=24788"},{"taxonomy":"post_tag","embeddable":true,"href":"https:\/\/lahoradelcampo.com.uy\/site\/wp-json\/wp\/v2\/tags?post=24788"}],"curies":[{"name":"wp","href":"https:\/\/api.w.org\/{rel}","templated":true}]}}