{"id":24780,"date":"2020-10-18T16:49:45","date_gmt":"2020-10-18T19:49:45","guid":{"rendered":"http:\/\/lahoradelcampo.com.uy\/site\/?p=24780"},"modified":"2020-10-18T16:49:52","modified_gmt":"2020-10-18T19:49:52","slug":"las-cabanas-saltenas-se-lucieron-en-la-pista-de-toros-de-la-expo-chiflero","status":"publish","type":"post","link":"https:\/\/lahoradelcampo.com.uy\/site\/las-cabanas-saltenas-se-lucieron-en-la-pista-de-toros-de-la-expo-chiflero\/","title":{"rendered":"Las caba\u00f1as salte\u00f1as se lucieron en la pista de toros de la Expo Chiflero"},"content":{"rendered":"\n<figure class=\"wp-block-image\"><img data-recalc-dims=\"1\" loading=\"lazy\" decoding=\"async\" width=\"810\" height=\"405\" data-attachment-id=\"24782\" data-permalink=\"https:\/\/lahoradelcampo.com.uy\/site\/las-cabanas-saltenas-se-lucieron-en-la-pista-de-toros-de-la-expo-chiflero\/chifleroangus\/\" data-orig-file=\"https:\/\/i0.wp.com\/lahoradelcampo.com.uy\/site\/wp-content\/uploads\/2020\/10\/Chifleroangus.jpg?fit=880%2C440&amp;ssl=1\" data-orig-size=\"880,440\" data-comments-opened=\"1\" data-image-meta=\"{&quot;aperture&quot;:&quot;0&quot;,&quot;credit&quot;:&quot;&quot;,&quot;camera&quot;:&quot;&quot;,&quot;caption&quot;:&quot;&quot;,&quot;created_timestamp&quot;:&quot;0&quot;,&quot;copyright&quot;:&quot;&quot;,&quot;focal_length&quot;:&quot;0&quot;,&quot;iso&quot;:&quot;0&quot;,&quot;shutter_speed&quot;:&quot;0&quot;,&quot;title&quot;:&quot;&quot;,&quot;orientation&quot;:&quot;1&quot;}\" data-image-title=\"Chifleroangus\" data-image-description=\"\" data-image-caption=\"\" data-large-file=\"https:\/\/i0.wp.com\/lahoradelcampo.com.uy\/site\/wp-content\/uploads\/2020\/10\/Chifleroangus.jpg?fit=810%2C405&amp;ssl=1\" src=\"https:\/\/i0.wp.com\/lahoradelcampo.com.uy\/site\/wp-content\/uploads\/2020\/10\/Chifleroangus.jpg?resize=810%2C405\" alt=\"\" class=\"wp-image-24782\" srcset=\"https:\/\/i0.wp.com\/lahoradelcampo.com.uy\/site\/wp-content\/uploads\/2020\/10\/Chifleroangus.jpg?w=880&amp;ssl=1 880w, https:\/\/i0.wp.com\/lahoradelcampo.com.uy\/site\/wp-content\/uploads\/2020\/10\/Chifleroangus.jpg?resize=300%2C150&amp;ssl=1 300w, https:\/\/i0.wp.com\/lahoradelcampo.com.uy\/site\/wp-content\/uploads\/2020\/10\/Chifleroangus.jpg?resize=768%2C384&amp;ssl=1 768w, https:\/\/i0.wp.com\/lahoradelcampo.com.uy\/site\/wp-content\/uploads\/2020\/10\/Chifleroangus.jpg?resize=820%2C410&amp;ssl=1 820w\" sizes=\"auto, (max-width: 810px) 100vw, 810px\" \/><\/figure>\n\n\n\n<p>Con un volumen de m\u00e1s de 45 toros en la raza Aberdeen Angus, claramente fue destacada por el jurado debido a su cantidad y calidad de gen\u00e9tica. En la pista se calificaron adem\u00e1s el Poll Merino Australiano y la raza Limousin. <\/p>\n\n\n\n<p>Aberdeen Angus<\/p>\n\n\n\n<p>En la raza Aberdeen Angus, el jurado fue el Ing. Rodrigo Fern\u00e1ndez de la caba\u00f1a Frigor\u00edfico Modelo. Resalt\u00f3 la calidad los toros colorados que se presentaron, principalmente en el pedigree, donde los toros que se eligieron para disputar el copa eran todos colorados. <\/p>\n\n\n\n<p>En el Puro controlado, el mejor lote fue el brete 10 de La Colorada de Germ\u00e1n Morixe, del cual sali\u00f3 el tatuaje 2874 como el mejor ejemplar. En tanto en el Puro de Origen, el Lote Especial PO fue expuesto por Los Tordos S en C, con el tatuaje 2040 como el mejor toro. <\/p>\n\n\n\n<p>En el pedigree el Mejor lote de Hembras fue expuesto por la caba\u00f1a artiguense Maria Isabel, del Ing. Agr. Luis Mar\u00eda Dos Santos, premi\u00e1ndose al tatuaje 289 de la misma caba\u00f1a, una vaca parida, como la mejor hembra de la muestra. <\/p>\n\n\n\n<p>En los toros, el brete 16 de La Magdalena de los Tordos fue el Mejor Lote de la Muestra, saliendo de all\u00ed el tatuaje 1808 un toro colorado como el toro copa de la muestra. El Segundo Mejor Lote fue el brete 3 de La Colorada de Morixe y el Tercer Mejor Lote, el brete 5 de Maria Isabel de Luis Maria Dos Santos de donde sale el tatuaje 336 como el tercer mejor toro. En el caso del segundo mejor toro fue expuesto en el brete 4 de La Colorada de Morixe. <\/p>\n\n\n\n<p>Polled Hereford<\/p>\n\n\n\n<p>En el caso del Polled Hereford, el jurado fue Germ\u00e1n Morixe, que premi\u00f3 el brete 1 como el mejor lote, perteneciente a La Magdalena de Los Tordos, en tanto que el mejor toro fue el tatuaje 1017 del mismo lote. <\/p>\n\n\n\n<p>Limousin<\/p>\n\n\n\n<p>Morixe tambi\u00e9n fue invitado a calificar el Limousin, donde se presentaron los toros de la caba\u00f1a salte\u00f1a \u00abLa Queser\u00eda\u00bb de Alberto Secco, donde el Mejor Lote fue el Brete 14 y el Segundo Mejor Lote el brete 15, ambos de la misma caba\u00f1a. El tatuaje 1750 fue elegido el mejor ejemplar de la muestra.<\/p>\n\n\n\n<p style=\"text-align:right\"><strong>Salto, 18 de octubre de 2020<\/strong><\/p>\n","protected":false},"excerpt":{"rendered":"<p>Con un volumen de m\u00e1s de 45 toros en la raza Aberdeen Angus, claramente fue destacada por el jurado debido a su cantidad y calidad de gen\u00e9tica. En la pista [&hellip;]<\/p>\n","protected":false},"author":5,"featured_media":24782,"comment_status":"open","ping_status":"open","sticky":false,"template":"","format":"standard","meta":{"_price":"","_stock":"","_tribe_ticket_header":"","_tribe_default_ticket_provider":"","_tribe_ticket_capacity":"0","_ticket_start_date":"","_ticket_end_date":"","_tribe_ticket_show_description":"","_tribe_ticket_show_not_going":false,"_tribe_ticket_use_global_stock":"","_tribe_ticket_global_stock_level":"","_global_stock_mode":"","_global_stock_cap":"","_tribe_rsvp_for_event":"","_tribe_ticket_going_count":"","_tribe_ticket_not_going_count":"","_tribe_tickets_list":"[]","_tribe_ticket_has_attendee_info_fields":false,"h5ap_radio_sources":[],"_jetpack_newsletter_access":"","_jetpack_dont_email_post_to_subs":false,"_jetpack_newsletter_tier_id":0,"_jetpack_memberships_contains_paywalled_content":false,"_jetpack_memberships_contains_paid_content":false,"footnotes":""},"categories":[21,5],"tags":[],"class_list":["post-24780","post","type-post","status-publish","format-standard","has-post-thumbnail","hentry","category-actualidad","category-ganaderia"],"jetpack_featured_media_url":"https:\/\/i0.wp.com\/lahoradelcampo.com.uy\/site\/wp-content\/uploads\/2020\/10\/Chifleroangus.jpg?fit=880%2C440&ssl=1","jetpack_sharing_enabled":true,"jetpack_shortlink":"https:\/\/wp.me\/p99IaT-6rG","jetpack-related-posts":[{"id":35587,"url":"https:\/\/lahoradelcampo.com.uy\/site\/la-magdalena-en-el-angus-pi-y-la-madrugada-en-el-hereford-pi\/","url_meta":{"origin":24780,"position":0},"title":"La Magdalena en el Angus PI y La Madrugada en el Hereford PI","author":"La Hora del Campo","date":"18 octubre, 2021","format":false,"excerpt":"La muestra de reproductores no fue muy importante, como la cantidad de toros que pasaron por la pista de remates. En las calificaciones pasaron 21 toros y por el martillo m\u00e1s de 40 reproductores. Las calificaciones comenzaron cerca de la hora 11, con un muy buen marco de p\u00fablico. \"Artigas\u2026","rel":"","context":"En \u00abActualidad\u00bb","block_context":{"text":"Actualidad","link":"https:\/\/lahoradelcampo.com.uy\/site\/category\/actualidad\/"},"img":{"alt_text":"","src":"https:\/\/i0.wp.com\/lahoradelcampo.com.uy\/site\/wp-content\/uploads\/2021\/10\/Angus-Grancampeon.jpg?fit=880%2C440&ssl=1&resize=350%2C200","width":350,"height":200,"srcset":"https:\/\/i0.wp.com\/lahoradelcampo.com.uy\/site\/wp-content\/uploads\/2021\/10\/Angus-Grancampeon.jpg?fit=880%2C440&ssl=1&resize=350%2C200 1x, https:\/\/i0.wp.com\/lahoradelcampo.com.uy\/site\/wp-content\/uploads\/2021\/10\/Angus-Grancampeon.jpg?fit=880%2C440&ssl=1&resize=525%2C300 1.5x, https:\/\/i0.wp.com\/lahoradelcampo.com.uy\/site\/wp-content\/uploads\/2021\/10\/Angus-Grancampeon.jpg?fit=880%2C440&ssl=1&resize=700%2C400 2x"},"classes":[]},{"id":1265,"url":"https:\/\/lahoradelcampo.com.uy\/site\/cabana-el-yunque-obtuvo-el-gran-campeon-aberdeen-angus\/","url_meta":{"origin":24780,"position":1},"title":"Caba\u00f1a El Yunque obtuv\u00f3 el Gran Campe\u00f3n Aberdeen Angus","author":"La Hora del Campo","date":"15 septiembre, 2017","format":false,"excerpt":"En la jornada de ayer se concret\u00f3 la elecci\u00f3n del Gran Campe\u00f3n de la raza Aberdeen Angus, con una fila con tres promesas dentro del futuro de la raza, en las categor\u00edas m\u00e1s j\u00f3venes y reproductores ya consolidados desmostrando el potencial gen\u00e9tico que tiene la raza en el pa\u00eds. En\u2026","rel":"","context":"En \u00abActualidad\u00bb","block_context":{"text":"Actualidad","link":"https:\/\/lahoradelcampo.com.uy\/site\/category\/actualidad\/"},"img":{"alt_text":"","src":"https:\/\/i0.wp.com\/lahoradelcampo.com.uy\/site\/wp-content\/uploads\/2017\/09\/GCM-Aberdeen-Angus.jpg?fit=880%2C440&ssl=1&resize=350%2C200","width":350,"height":200,"srcset":"https:\/\/i0.wp.com\/lahoradelcampo.com.uy\/site\/wp-content\/uploads\/2017\/09\/GCM-Aberdeen-Angus.jpg?fit=880%2C440&ssl=1&resize=350%2C200 1x, https:\/\/i0.wp.com\/lahoradelcampo.com.uy\/site\/wp-content\/uploads\/2017\/09\/GCM-Aberdeen-Angus.jpg?fit=880%2C440&ssl=1&resize=525%2C300 1.5x, https:\/\/i0.wp.com\/lahoradelcampo.com.uy\/site\/wp-content\/uploads\/2017\/09\/GCM-Aberdeen-Angus.jpg?fit=880%2C440&ssl=1&resize=700%2C400 2x"},"classes":[]},{"id":15120,"url":"https:\/\/lahoradelcampo.com.uy\/site\/la-lucha-y-buen-abrigo-colocaron-el-100-de-la-oferta\/","url_meta":{"origin":24780,"position":2},"title":"La Lucha y Buen Abrigo colocaron el 100% de la oferta","author":"La Hora del Campo ADMIN","date":"17 octubre, 2019","format":false,"excerpt":"En su primer remate realizado en conjunto en Salto, las caba\u00f1as La Lucha de Echeverr\u00eda y Buen Abrigo de Martin Peters, alcanzaron el 100% de colocaci\u00f3n tanto en Hereford y Charolais, como en Aberdeen Angus. Los negocios estuvieron a cargo de los escritorios Jos\u00e9 F. Jaso y Coco Morales. En\u2026","rel":"","context":"En \u00abActualidad\u00bb","block_context":{"text":"Actualidad","link":"https:\/\/lahoradelcampo.com.uy\/site\/category\/actualidad\/"},"img":{"alt_text":"","src":"https:\/\/i0.wp.com\/lahoradelcampo.com.uy\/site\/wp-content\/uploads\/2019\/10\/nuevo-proyecto-23251739064291925541..jpg?fit=800%2C440&ssl=1&resize=350%2C200","width":350,"height":200,"srcset":"https:\/\/i0.wp.com\/lahoradelcampo.com.uy\/site\/wp-content\/uploads\/2019\/10\/nuevo-proyecto-23251739064291925541..jpg?fit=800%2C440&ssl=1&resize=350%2C200 1x, https:\/\/i0.wp.com\/lahoradelcampo.com.uy\/site\/wp-content\/uploads\/2019\/10\/nuevo-proyecto-23251739064291925541..jpg?fit=800%2C440&ssl=1&resize=525%2C300 1.5x, https:\/\/i0.wp.com\/lahoradelcampo.com.uy\/site\/wp-content\/uploads\/2019\/10\/nuevo-proyecto-23251739064291925541..jpg?fit=800%2C440&ssl=1&resize=700%2C400 2x"},"classes":[]},{"id":54880,"url":"https:\/\/lahoradelcampo.com.uy\/site\/los-46-toros-de-don-roberto-se-vendieron-a-us-4-323\/","url_meta":{"origin":24780,"position":3},"title":"Los 46 toros de \u00abDon Roberto\u00bb se vendieron a US$ 4.323","author":"La Hora del Campo","date":"13 octubre, 2024","format":false,"excerpt":"Este s\u00e1bado en el local de la Asociaci\u00f3n Agropecuaria de Salto, se realiz\u00f3 el quinto remate anual de la caba\u00f1a \"Don Roberto\" del Dr. Marcelo Texeira Nu\u00f1ez, coloc\u00e1ndose el 100% de la oferta tanto en el Aberdeen Angus, como en el Polled Hereford, con los negocios a cargo de los\u2026","rel":"","context":"En \u00abActualidad\u00bb","block_context":{"text":"Actualidad","link":"https:\/\/lahoradelcampo.com.uy\/site\/category\/actualidad\/"},"img":{"alt_text":"","src":"https:\/\/i0.wp.com\/lahoradelcampo.com.uy\/site\/wp-content\/uploads\/2024\/10\/Donroberto-2024.jpg?fit=880%2C440&ssl=1&resize=350%2C200","width":350,"height":200,"srcset":"https:\/\/i0.wp.com\/lahoradelcampo.com.uy\/site\/wp-content\/uploads\/2024\/10\/Donroberto-2024.jpg?fit=880%2C440&ssl=1&resize=350%2C200 1x, https:\/\/i0.wp.com\/lahoradelcampo.com.uy\/site\/wp-content\/uploads\/2024\/10\/Donroberto-2024.jpg?fit=880%2C440&ssl=1&resize=525%2C300 1.5x, https:\/\/i0.wp.com\/lahoradelcampo.com.uy\/site\/wp-content\/uploads\/2024\/10\/Donroberto-2024.jpg?fit=880%2C440&ssl=1&resize=700%2C400 2x"},"classes":[]},{"id":36185,"url":"https:\/\/lahoradelcampo.com.uy\/site\/us-3-570-fue-el-promedio-de-la-zafra-de-toros-en-salto\/","url_meta":{"origin":24780,"position":4},"title":"US$ 3.570 fue el promedio de la zafra de toros en Salto","author":"La Hora del Campo","date":"3 noviembre, 2021","format":false,"excerpt":"En el departamento de Salto, durante el mes de octubre, se realizaron nueve remates con un total de 447 toros comercializados. En el siguiente an\u00e1lisis de la zafra solamente analizaremos ocho ventas, con 435 toros, ya que el remate de la Exposici\u00f3n de Salto donde se comercializaron 12 reproductores estuvimos\u2026","rel":"","context":"En \u00abActualidad\u00bb","block_context":{"text":"Actualidad","link":"https:\/\/lahoradelcampo.com.uy\/site\/category\/actualidad\/"},"img":{"alt_text":"","src":"https:\/\/i0.wp.com\/lahoradelcampo.com.uy\/site\/wp-content\/uploads\/2021\/11\/zafradetoros1.jpg?fit=880%2C440&ssl=1&resize=350%2C200","width":350,"height":200,"srcset":"https:\/\/i0.wp.com\/lahoradelcampo.com.uy\/site\/wp-content\/uploads\/2021\/11\/zafradetoros1.jpg?fit=880%2C440&ssl=1&resize=350%2C200 1x, https:\/\/i0.wp.com\/lahoradelcampo.com.uy\/site\/wp-content\/uploads\/2021\/11\/zafradetoros1.jpg?fit=880%2C440&ssl=1&resize=525%2C300 1.5x, https:\/\/i0.wp.com\/lahoradelcampo.com.uy\/site\/wp-content\/uploads\/2021\/11\/zafradetoros1.jpg?fit=880%2C440&ssl=1&resize=700%2C400 2x"},"classes":[]},{"id":24810,"url":"https:\/\/lahoradelcampo.com.uy\/site\/us-2-325-para-el-aberdeen-angus-de-limitour-en-la-agropecuaria-de-salto\/","url_meta":{"origin":24780,"position":5},"title":"US$ 2.325 para el Aberdeen Angus de Limitour en la Agropecuaria de Salto","author":"La Hora del Campo","date":"20 octubre, 2020","format":false,"excerpt":"En una venta con un poco menos de piques que en remates anteriores, pero con colocaci\u00f3n total, Limitour coloc\u00f3 el 100% de su oferta en la pista de la Asociaci\u00f3n Agropecuaria de Salto en la jornada de ayer, y la caba\u00f1a invitada La Plazoleta de Constat\u00edn tambi\u00e9n vendi\u00f3 sus toros\u2026","rel":"","context":"En \u00abActualidad\u00bb","block_context":{"text":"Actualidad","link":"https:\/\/lahoradelcampo.com.uy\/site\/category\/actualidad\/"},"img":{"alt_text":"","src":"https:\/\/i0.wp.com\/lahoradelcampo.com.uy\/site\/wp-content\/uploads\/2020\/10\/Rematelimitour.jpg?fit=880%2C440&ssl=1&resize=350%2C200","width":350,"height":200,"srcset":"https:\/\/i0.wp.com\/lahoradelcampo.com.uy\/site\/wp-content\/uploads\/2020\/10\/Rematelimitour.jpg?fit=880%2C440&ssl=1&resize=350%2C200 1x, https:\/\/i0.wp.com\/lahoradelcampo.com.uy\/site\/wp-content\/uploads\/2020\/10\/Rematelimitour.jpg?fit=880%2C440&ssl=1&resize=525%2C300 1.5x, https:\/\/i0.wp.com\/lahoradelcampo.com.uy\/site\/wp-content\/uploads\/2020\/10\/Rematelimitour.jpg?fit=880%2C440&ssl=1&resize=700%2C400 2x"},"classes":[]}],"jetpack_likes_enabled":true,"_links":{"self":[{"href":"https:\/\/lahoradelcampo.com.uy\/site\/wp-json\/wp\/v2\/posts\/24780","targetHints":{"allow":["GET"]}}],"collection":[{"href":"https:\/\/lahoradelcampo.com.uy\/site\/wp-json\/wp\/v2\/posts"}],"about":[{"href":"https:\/\/lahoradelcampo.com.uy\/site\/wp-json\/wp\/v2\/types\/post"}],"author":[{"embeddable":true,"href":"https:\/\/lahoradelcampo.com.uy\/site\/wp-json\/wp\/v2\/users\/5"}],"replies":[{"embeddable":true,"href":"https:\/\/lahoradelcampo.com.uy\/site\/wp-json\/wp\/v2\/comments?post=24780"}],"version-history":[{"count":1,"href":"https:\/\/lahoradelcampo.com.uy\/site\/wp-json\/wp\/v2\/posts\/24780\/revisions"}],"predecessor-version":[{"id":24784,"href":"https:\/\/lahoradelcampo.com.uy\/site\/wp-json\/wp\/v2\/posts\/24780\/revisions\/24784"}],"wp:featuredmedia":[{"embeddable":true,"href":"https:\/\/lahoradelcampo.com.uy\/site\/wp-json\/wp\/v2\/media\/24782"}],"wp:attachment":[{"href":"https:\/\/lahoradelcampo.com.uy\/site\/wp-json\/wp\/v2\/media?parent=24780"}],"wp:term":[{"taxonomy":"category","embeddable":true,"href":"https:\/\/lahoradelcampo.com.uy\/site\/wp-json\/wp\/v2\/categories?post=24780"},{"taxonomy":"post_tag","embeddable":true,"href":"https:\/\/lahoradelcampo.com.uy\/site\/wp-json\/wp\/v2\/tags?post=24780"}],"curies":[{"name":"wp","href":"https:\/\/api.w.org\/{rel}","templated":true}]}}