{"id":24774,"date":"2020-10-18T16:18:26","date_gmt":"2020-10-18T19:18:26","guid":{"rendered":"http:\/\/lahoradelcampo.com.uy\/site\/?p=24774"},"modified":"2020-10-18T16:18:33","modified_gmt":"2020-10-18T19:18:33","slug":"los-ovinos-tuvieron-buenas-ventas-en-la-expo-chiflero","status":"publish","type":"post","link":"https:\/\/lahoradelcampo.com.uy\/site\/los-ovinos-tuvieron-buenas-ventas-en-la-expo-chiflero\/","title":{"rendered":"Los ovinos tuvieron buenas ventas en la Expo Chiflero"},"content":{"rendered":"\n<figure class=\"wp-block-image\"><img data-recalc-dims=\"1\" loading=\"lazy\" decoding=\"async\" width=\"810\" height=\"405\" data-attachment-id=\"24776\" data-permalink=\"https:\/\/lahoradelcampo.com.uy\/site\/los-ovinos-tuvieron-buenas-ventas-en-la-expo-chiflero\/juracorriedale\/\" data-orig-file=\"https:\/\/i0.wp.com\/lahoradelcampo.com.uy\/site\/wp-content\/uploads\/2020\/10\/Juracorriedale.jpg?fit=880%2C440&amp;ssl=1\" data-orig-size=\"880,440\" data-comments-opened=\"1\" data-image-meta=\"{&quot;aperture&quot;:&quot;0&quot;,&quot;credit&quot;:&quot;&quot;,&quot;camera&quot;:&quot;&quot;,&quot;caption&quot;:&quot;&quot;,&quot;created_timestamp&quot;:&quot;0&quot;,&quot;copyright&quot;:&quot;&quot;,&quot;focal_length&quot;:&quot;0&quot;,&quot;iso&quot;:&quot;0&quot;,&quot;shutter_speed&quot;:&quot;0&quot;,&quot;title&quot;:&quot;&quot;,&quot;orientation&quot;:&quot;1&quot;}\" data-image-title=\"Juracorriedale\" data-image-description=\"\" data-image-caption=\"\" data-large-file=\"https:\/\/i0.wp.com\/lahoradelcampo.com.uy\/site\/wp-content\/uploads\/2020\/10\/Juracorriedale.jpg?fit=810%2C405&amp;ssl=1\" src=\"https:\/\/i0.wp.com\/lahoradelcampo.com.uy\/site\/wp-content\/uploads\/2020\/10\/Juracorriedale.jpg?resize=810%2C405\" alt=\"\" class=\"wp-image-24776\" srcset=\"https:\/\/i0.wp.com\/lahoradelcampo.com.uy\/site\/wp-content\/uploads\/2020\/10\/Juracorriedale.jpg?w=880&amp;ssl=1 880w, https:\/\/i0.wp.com\/lahoradelcampo.com.uy\/site\/wp-content\/uploads\/2020\/10\/Juracorriedale.jpg?resize=300%2C150&amp;ssl=1 300w, https:\/\/i0.wp.com\/lahoradelcampo.com.uy\/site\/wp-content\/uploads\/2020\/10\/Juracorriedale.jpg?resize=768%2C384&amp;ssl=1 768w, https:\/\/i0.wp.com\/lahoradelcampo.com.uy\/site\/wp-content\/uploads\/2020\/10\/Juracorriedale.jpg?resize=820%2C410&amp;ssl=1 820w\" sizes=\"auto, (max-width: 810px) 100vw, 810px\" \/><\/figure>\n\n\n\n<p>Las ventas de reproductores ovinos, a pesar de estar lejos de la encarnerada y con el panorama actual del mercado lanero, contin\u00faan siendo muy buenas para los caba\u00f1eros que participan a\u00f1o a a\u00f1o de la Expo Chiflero en Artigas. <\/p>\n\n\n\n<p>En este sentido se comercializaron 21 reproductores Merino Australiano de pedigree, con valores que fueron desde US$ 600 a US$ 1.400, con un promedio de US$ 1.091, el PO se vendi\u00f3 entre US$ 750 y US$ 1.200 y con US$ 930 de promedio.  Al final del merino, los carneros de campo se pagaron a US$ 385 de promedio. <\/p>\n\n\n\n<p>En el Corriedale se vendieron 10 reproductores, con el pedigree en US$ 500, el PO en US$ 450 y los carneros de campo se colocaron entre US$ 250 y US$ 300, con US$ 280 de promedio. <\/p>\n\n\n\n<p>Luego en la raza Ideal se vendieron a US$ 750 el pedigree y entre US$ 600 y US$ 700 los PO. En el texel se vendieron dos carneros de campo en US$ 300 y un Ile de France tambi\u00e9n en US$ 300. <\/p>\n\n\n\n<p style=\"text-align:right\"><strong>Salto, 18 de octubre de 2020<\/strong><\/p>\n","protected":false},"excerpt":{"rendered":"<p>Las ventas de reproductores ovinos, a pesar de estar lejos de la encarnerada y con el panorama actual del mercado lanero, contin\u00faan siendo muy buenas para los caba\u00f1eros que participan [&hellip;]<\/p>\n","protected":false},"author":5,"featured_media":24776,"comment_status":"open","ping_status":"open","sticky":false,"template":"","format":"standard","meta":{"_price":"","_stock":"","_tribe_ticket_header":"","_tribe_default_ticket_provider":"","_tribe_ticket_capacity":"0","_ticket_start_date":"","_ticket_end_date":"","_tribe_ticket_show_description":"","_tribe_ticket_show_not_going":false,"_tribe_ticket_use_global_stock":"","_tribe_ticket_global_stock_level":"","_global_stock_mode":"","_global_stock_cap":"","_tribe_rsvp_for_event":"","_tribe_ticket_going_count":"","_tribe_ticket_not_going_count":"","_tribe_tickets_list":"[]","_tribe_ticket_has_attendee_info_fields":false,"h5ap_radio_sources":[],"_jetpack_newsletter_access":"","_jetpack_dont_email_post_to_subs":false,"_jetpack_newsletter_tier_id":0,"_jetpack_memberships_contains_paywalled_content":false,"_jetpack_memberships_contains_paid_content":false,"footnotes":""},"categories":[21,5],"tags":[],"class_list":["post-24774","post","type-post","status-publish","format-standard","has-post-thumbnail","hentry","category-actualidad","category-ganaderia"],"jetpack_featured_media_url":"https:\/\/i0.wp.com\/lahoradelcampo.com.uy\/site\/wp-content\/uploads\/2020\/10\/Juracorriedale.jpg?fit=880%2C440&ssl=1","jetpack_sharing_enabled":true,"jetpack_shortlink":"https:\/\/wp.me\/p99IaT-6rA","jetpack-related-posts":[{"id":34975,"url":"https:\/\/lahoradelcampo.com.uy\/site\/buenas-ventas-de-reproductores-en-la-expo-salto\/","url_meta":{"origin":24774,"position":0},"title":"Buenas ventas de reproductores en la Expo Salto","author":"La Hora del Campo","date":"3 octubre, 2021","format":false,"excerpt":"El remate con bandera libre, en la exposici\u00f3n, logr\u00f3 la comercializaci\u00f3n de 15 toros, con un m\u00e1ximo de US$ 3.600 y un m\u00ednimo de US$ 2.500. En el detalle, se vendieron 4 Aberdeen Angus PO a US$ 3.100 de promedio, 8 toros Hereford a US$ 2.712 y 3 Normando a\u2026","rel":"","context":"En \u00abActualidad\u00bb","block_context":{"text":"Actualidad","link":"https:\/\/lahoradelcampo.com.uy\/site\/category\/actualidad\/"},"img":{"alt_text":"","src":"https:\/\/i0.wp.com\/lahoradelcampo.com.uy\/site\/wp-content\/uploads\/2021\/10\/Expo-normandos.jpg?fit=880%2C440&ssl=1&resize=350%2C200","width":350,"height":200,"srcset":"https:\/\/i0.wp.com\/lahoradelcampo.com.uy\/site\/wp-content\/uploads\/2021\/10\/Expo-normandos.jpg?fit=880%2C440&ssl=1&resize=350%2C200 1x, https:\/\/i0.wp.com\/lahoradelcampo.com.uy\/site\/wp-content\/uploads\/2021\/10\/Expo-normandos.jpg?fit=880%2C440&ssl=1&resize=525%2C300 1.5x, https:\/\/i0.wp.com\/lahoradelcampo.com.uy\/site\/wp-content\/uploads\/2021\/10\/Expo-normandos.jpg?fit=880%2C440&ssl=1&resize=700%2C400 2x"},"classes":[]},{"id":17464,"url":"https:\/\/lahoradelcampo.com.uy\/site\/la-expo-ovina-en-artigas-coloco-100-carneros-y-132-vientres\/","url_meta":{"origin":24774,"position":1},"title":"La Expo Ovina en Artigas coloc\u00f3 100 carneros y 132 vientres","author":"La Hora del Campo","date":"18 febrero, 2020","format":false,"excerpt":"Como es tradicional, el pasado viernes, se desarrollo la Expo Ovina en Artigas, en el local Chiflero, que se hizo esperar y tras algunas horas de retraso se llev\u00f3 adelante el ingreso a la pista de ventas de un importante n\u00famero de reproductores de las diferentes razas ovinas participantes, tanto\u2026","rel":"","context":"En \u00abActualidad\u00bb","block_context":{"text":"Actualidad","link":"https:\/\/lahoradelcampo.com.uy\/site\/category\/actualidad\/"},"img":{"alt_text":"","src":"https:\/\/i0.wp.com\/lahoradelcampo.com.uy\/site\/wp-content\/uploads\/2020\/02\/AAAOvinos.jpg?fit=880%2C440&ssl=1&resize=350%2C200","width":350,"height":200,"srcset":"https:\/\/i0.wp.com\/lahoradelcampo.com.uy\/site\/wp-content\/uploads\/2020\/02\/AAAOvinos.jpg?fit=880%2C440&ssl=1&resize=350%2C200 1x, https:\/\/i0.wp.com\/lahoradelcampo.com.uy\/site\/wp-content\/uploads\/2020\/02\/AAAOvinos.jpg?fit=880%2C440&ssl=1&resize=525%2C300 1.5x, https:\/\/i0.wp.com\/lahoradelcampo.com.uy\/site\/wp-content\/uploads\/2020\/02\/AAAOvinos.jpg?fit=880%2C440&ssl=1&resize=700%2C400 2x"},"classes":[]},{"id":24788,"url":"https:\/\/lahoradelcampo.com.uy\/site\/se-colocaron-42-toros-a-us-2-526-en-la-expo-chiflero\/","url_meta":{"origin":24774,"position":2},"title":"Se colocaron 42 toros a US$ 2.526 en la Expo Chiflero","author":"La Hora del Campo","date":"20 octubre, 2020","format":false,"excerpt":"La Expo Chiflero en Artigas, volvi\u00f3 a marcar la importancia de la venta de reproductores para las caba\u00f1as que participan as\u00ed como tambi\u00e9n para los peque\u00f1os productos del departamento. En total la oferta fue de 51 toros de los cuales se colocaron al cierre de las ventas, el d\u00eda domingo,\u2026","rel":"","context":"En \u00abActualidad\u00bb","block_context":{"text":"Actualidad","link":"https:\/\/lahoradelcampo.com.uy\/site\/category\/actualidad\/"},"img":{"alt_text":"","src":"https:\/\/i0.wp.com\/lahoradelcampo.com.uy\/site\/wp-content\/uploads\/2020\/10\/ExpoChiflerotoros.jpg?fit=880%2C440&ssl=1&resize=350%2C200","width":350,"height":200,"srcset":"https:\/\/i0.wp.com\/lahoradelcampo.com.uy\/site\/wp-content\/uploads\/2020\/10\/ExpoChiflerotoros.jpg?fit=880%2C440&ssl=1&resize=350%2C200 1x, https:\/\/i0.wp.com\/lahoradelcampo.com.uy\/site\/wp-content\/uploads\/2020\/10\/ExpoChiflerotoros.jpg?fit=880%2C440&ssl=1&resize=525%2C300 1.5x, https:\/\/i0.wp.com\/lahoradelcampo.com.uy\/site\/wp-content\/uploads\/2020\/10\/ExpoChiflerotoros.jpg?fit=880%2C440&ssl=1&resize=700%2C400 2x"},"classes":[]},{"id":35621,"url":"https:\/\/lahoradelcampo.com.uy\/site\/expo-chiflero-coloco-31-toros-a-us-3-174\/","url_meta":{"origin":24774,"position":3},"title":"Expo Chiflero coloc\u00f3 31 toros a US$ 3.174","author":"La Hora del Campo","date":"19 octubre, 2021","format":false,"excerpt":"Las ventas en el marco de la Explo Chiflero, en Artigas, logr\u00f3 la colocaci\u00f3n de 31 toros de los 40 ofertados. Las ventas estuvieron bajo los martillos de Gast\u00f3n Araujo Agronegocios y Roberto Berstch Negocios Rurales. De acuerdo a la informaci\u00f3n brindada por la gremial, se colocaron 7 toros Aberdeen\u2026","rel":"","context":"En \u00abActualidad\u00bb","block_context":{"text":"Actualidad","link":"https:\/\/lahoradelcampo.com.uy\/site\/category\/actualidad\/"},"img":{"alt_text":"","src":"https:\/\/i0.wp.com\/lahoradelcampo.com.uy\/site\/wp-content\/uploads\/2021\/10\/Zafra-chiflero.jpg?fit=880%2C440&ssl=1&resize=350%2C200","width":350,"height":200,"srcset":"https:\/\/i0.wp.com\/lahoradelcampo.com.uy\/site\/wp-content\/uploads\/2021\/10\/Zafra-chiflero.jpg?fit=880%2C440&ssl=1&resize=350%2C200 1x, https:\/\/i0.wp.com\/lahoradelcampo.com.uy\/site\/wp-content\/uploads\/2021\/10\/Zafra-chiflero.jpg?fit=880%2C440&ssl=1&resize=525%2C300 1.5x, https:\/\/i0.wp.com\/lahoradelcampo.com.uy\/site\/wp-content\/uploads\/2021\/10\/Zafra-chiflero.jpg?fit=880%2C440&ssl=1&resize=700%2C400 2x"},"classes":[]},{"id":53470,"url":"https:\/\/lahoradelcampo.com.uy\/site\/la-magdalena-de-los-tordos-vendio-175-carneros-merinos-en-us-1014\/","url_meta":{"origin":24774,"position":4},"title":"La Magdalena de Los Tordos vendio 175 carneros merinos en US$ 1014","author":"La Hora del Campo","date":"27 febrero, 2024","format":false,"excerpt":"Dejando en claro porque es la caba\u00f1a de los \u00faltimos grandes campeones de las principales exposiciones del pa\u00eds en Merino Australiano: Expo Prado y Expo Salto, La Magdalena de Los Tordos realiz\u00f3 en la v\u00edspera un gran remate, comercializando 175 carneros en U$S 1.014 de promedio, un valor pocas veces\u2026","rel":"","context":"En \u00abActualidad\u00bb","block_context":{"text":"Actualidad","link":"https:\/\/lahoradelcampo.com.uy\/site\/category\/actualidad\/"},"img":{"alt_text":"","src":"https:\/\/i0.wp.com\/lahoradelcampo.com.uy\/site\/wp-content\/uploads\/2024\/02\/La-Magdalena.jpg?fit=880%2C440&ssl=1&resize=350%2C200","width":350,"height":200,"srcset":"https:\/\/i0.wp.com\/lahoradelcampo.com.uy\/site\/wp-content\/uploads\/2024\/02\/La-Magdalena.jpg?fit=880%2C440&ssl=1&resize=350%2C200 1x, https:\/\/i0.wp.com\/lahoradelcampo.com.uy\/site\/wp-content\/uploads\/2024\/02\/La-Magdalena.jpg?fit=880%2C440&ssl=1&resize=525%2C300 1.5x, https:\/\/i0.wp.com\/lahoradelcampo.com.uy\/site\/wp-content\/uploads\/2024\/02\/La-Magdalena.jpg?fit=880%2C440&ssl=1&resize=700%2C400 2x"},"classes":[]},{"id":17368,"url":"https:\/\/lahoradelcampo.com.uy\/site\/arranque-de-la-zafra-ovina-con-buenos-valores-y-demanda-en-todas-las-razas\/","url_meta":{"origin":24774,"position":5},"title":"Arranque de la zafra ovina con  buenos valores y demanda en todas las razas","author":"La Hora del Campo","date":"12 febrero, 2020","format":false,"excerpt":"La zafra de reproductores ovinos ha comenzado con ventas, con buenos valores pero sobre todo con demanda en todas las razas. El arranque fue con el Texel de la caba\u00f1a Illescas en el centro del pa\u00eds, pero ya se comercializaron carneros Merino Australiano, Donhe e Ideal en el norte y\u2026","rel":"","context":"En \u00abActualidad\u00bb","block_context":{"text":"Actualidad","link":"https:\/\/lahoradelcampo.com.uy\/site\/category\/actualidad\/"},"img":{"alt_text":"","src":"https:\/\/i0.wp.com\/lahoradelcampo.com.uy\/site\/wp-content\/uploads\/2018\/02\/web-carneros.jpg?fit=880%2C440&ssl=1&resize=350%2C200","width":350,"height":200,"srcset":"https:\/\/i0.wp.com\/lahoradelcampo.com.uy\/site\/wp-content\/uploads\/2018\/02\/web-carneros.jpg?fit=880%2C440&ssl=1&resize=350%2C200 1x, https:\/\/i0.wp.com\/lahoradelcampo.com.uy\/site\/wp-content\/uploads\/2018\/02\/web-carneros.jpg?fit=880%2C440&ssl=1&resize=525%2C300 1.5x, https:\/\/i0.wp.com\/lahoradelcampo.com.uy\/site\/wp-content\/uploads\/2018\/02\/web-carneros.jpg?fit=880%2C440&ssl=1&resize=700%2C400 2x"},"classes":[]}],"jetpack_likes_enabled":true,"_links":{"self":[{"href":"https:\/\/lahoradelcampo.com.uy\/site\/wp-json\/wp\/v2\/posts\/24774","targetHints":{"allow":["GET"]}}],"collection":[{"href":"https:\/\/lahoradelcampo.com.uy\/site\/wp-json\/wp\/v2\/posts"}],"about":[{"href":"https:\/\/lahoradelcampo.com.uy\/site\/wp-json\/wp\/v2\/types\/post"}],"author":[{"embeddable":true,"href":"https:\/\/lahoradelcampo.com.uy\/site\/wp-json\/wp\/v2\/users\/5"}],"replies":[{"embeddable":true,"href":"https:\/\/lahoradelcampo.com.uy\/site\/wp-json\/wp\/v2\/comments?post=24774"}],"version-history":[{"count":1,"href":"https:\/\/lahoradelcampo.com.uy\/site\/wp-json\/wp\/v2\/posts\/24774\/revisions"}],"predecessor-version":[{"id":24778,"href":"https:\/\/lahoradelcampo.com.uy\/site\/wp-json\/wp\/v2\/posts\/24774\/revisions\/24778"}],"wp:featuredmedia":[{"embeddable":true,"href":"https:\/\/lahoradelcampo.com.uy\/site\/wp-json\/wp\/v2\/media\/24776"}],"wp:attachment":[{"href":"https:\/\/lahoradelcampo.com.uy\/site\/wp-json\/wp\/v2\/media?parent=24774"}],"wp:term":[{"taxonomy":"category","embeddable":true,"href":"https:\/\/lahoradelcampo.com.uy\/site\/wp-json\/wp\/v2\/categories?post=24774"},{"taxonomy":"post_tag","embeddable":true,"href":"https:\/\/lahoradelcampo.com.uy\/site\/wp-json\/wp\/v2\/tags?post=24774"}],"curies":[{"name":"wp","href":"https:\/\/api.w.org\/{rel}","templated":true}]}}