{"id":24766,"date":"2020-10-18T16:03:03","date_gmt":"2020-10-18T19:03:03","guid":{"rendered":"http:\/\/lahoradelcampo.com.uy\/site\/?p=24766"},"modified":"2020-10-18T16:05:21","modified_gmt":"2020-10-18T19:05:21","slug":"nu-pora-presento-el-copa-de-honor-hereford-de-la-expo-paysandu","status":"publish","type":"post","link":"https:\/\/lahoradelcampo.com.uy\/site\/nu-pora-presento-el-copa-de-honor-hereford-de-la-expo-paysandu\/","title":{"rendered":"\u00d1u Por\u00e1 present\u00f3 el Copa de Honor  Hereford de la Expo Paysand\u00fa"},"content":{"rendered":"\n<figure class=\"wp-block-image\"><img data-recalc-dims=\"1\" loading=\"lazy\" decoding=\"async\" width=\"810\" height=\"405\" data-attachment-id=\"24768\" data-permalink=\"https:\/\/lahoradelcampo.com.uy\/site\/nu-pora-presento-el-copa-de-honor-hereford-de-la-expo-paysandu\/paysanduhereford\/\" data-orig-file=\"https:\/\/i0.wp.com\/lahoradelcampo.com.uy\/site\/wp-content\/uploads\/2020\/10\/Paysanduhereford.jpg?fit=880%2C440&amp;ssl=1\" data-orig-size=\"880,440\" data-comments-opened=\"1\" data-image-meta=\"{&quot;aperture&quot;:&quot;0&quot;,&quot;credit&quot;:&quot;&quot;,&quot;camera&quot;:&quot;&quot;,&quot;caption&quot;:&quot;&quot;,&quot;created_timestamp&quot;:&quot;0&quot;,&quot;copyright&quot;:&quot;&quot;,&quot;focal_length&quot;:&quot;0&quot;,&quot;iso&quot;:&quot;0&quot;,&quot;shutter_speed&quot;:&quot;0&quot;,&quot;title&quot;:&quot;&quot;,&quot;orientation&quot;:&quot;1&quot;}\" data-image-title=\"Paysanduhereford\" data-image-description=\"\" data-image-caption=\"\" data-large-file=\"https:\/\/i0.wp.com\/lahoradelcampo.com.uy\/site\/wp-content\/uploads\/2020\/10\/Paysanduhereford.jpg?fit=810%2C405&amp;ssl=1\" src=\"https:\/\/i0.wp.com\/lahoradelcampo.com.uy\/site\/wp-content\/uploads\/2020\/10\/Paysanduhereford.jpg?resize=810%2C405\" alt=\"\" class=\"wp-image-24768\" srcset=\"https:\/\/i0.wp.com\/lahoradelcampo.com.uy\/site\/wp-content\/uploads\/2020\/10\/Paysanduhereford.jpg?w=880&amp;ssl=1 880w, https:\/\/i0.wp.com\/lahoradelcampo.com.uy\/site\/wp-content\/uploads\/2020\/10\/Paysanduhereford.jpg?resize=300%2C150&amp;ssl=1 300w, https:\/\/i0.wp.com\/lahoradelcampo.com.uy\/site\/wp-content\/uploads\/2020\/10\/Paysanduhereford.jpg?resize=768%2C384&amp;ssl=1 768w, https:\/\/i0.wp.com\/lahoradelcampo.com.uy\/site\/wp-content\/uploads\/2020\/10\/Paysanduhereford.jpg?resize=820%2C410&amp;ssl=1 820w\" sizes=\"auto, (max-width: 810px) 100vw, 810px\" \/><\/figure>\n\n\n\n<p>En una jornada, tambi\u00e9n calurosa, se realiz\u00f3 la actividad de calificaciones de la Expo Paysand\u00fa, que adem\u00e1s cuenta con una importante para toda la familia. Ayer, el p\u00fablico acompa\u00f1o y colm\u00f3 el aforo previsto para este a\u00f1o, por motivos de la pandemia. <br><\/p>\n\n\n\n<p>En la pista se calificaron los mejores ejemplares de las distintas razas, donde \u00d1u Por\u00e1 se destac\u00f3 con el Copa de Honor Hereford y La Acacia de Martigani en Aberdeen Angus. <br><\/p>\n\n\n\n<p><strong>Polled Hereford<\/strong><br><\/p>\n\n\n\n<p>Jurados Javier Aznarez y Francisco Mendiola. Gran Campe\u00f3n de \u201cAtaliba\u201d de Agust\u00edn \u00c1lvarez Minetto; reservado Gran Campe\u00f3n de \u201cEl Tr\u00e9bol\u201d de Pedro Mart\u00edn Salto, Tercer Mejor Macho El Tr\u00e9bol.<br><\/p>\n\n\n\n<p>En hembras, Gran Campeona \u201cSanta Mar\u00eda de Arapey\u201d de Alejandra Parietti Henderson, reservada Gran Campeona \u201cLa Reconquista\u201d de Nin\u00f3n Ram\u00edrez, Tercera Mejor Hembra \u201cEl Tr\u00e9bol\u201d.<br><\/p>\n\n\n\n<p>De campo. Lote Campe\u00f3n Santa Mar\u00eda de Arapey, Segundo Mejor Lote \u201c\u00d1u Por\u00e1\u201d de Pingo Viejo SG, Tercer Mejor Lote \u201cSanta Eulalia\u201d de Juan Moreno SRL.<br><\/p>\n\n\n\n<p>Toro Copa de Honor de \u00d1u Por\u00e1, segundo mejor toro Santa Mar\u00eda de Arapey y Tercer mejor toro de Juan Moreno SRL.<br><\/p>\n\n\n\n<p><strong>Hereford<\/strong><br><\/p>\n\n\n\n<p>Gran Campe\u00f3n de La Reconquista. En hembras, Gran Campeona \u201cLa Reconquista, Segunda Mejor Hembra y reservada Gran Campeona La Reconquista, Tercera Mejor Hembra de Santa Mar\u00eda de Arapey.<br><\/p>\n\n\n\n<p><strong>Aberdeen Angus<\/strong><br><\/p>\n\n\n\n<p>Jurados Ignacio Zerbino y Jos\u00e9 Mar\u00eda Bentancur. Gran Campe\u00f3n \u201cLa Pituca\u201d de Ignacio y Rafael Algorta, reservado Gran Campe\u00f3n \u201cLa Acacia\u201d de Octavio Martigani y familia, Tercer Mejor Toro de \u201cLa Acacia\u201d.<br><\/p>\n\n\n\n<p>En hembras: Gran Campeona, Reservada Gran Campeona y Tercera Mejor Hembra de \u201cLa Acacia\u201d.<br><\/p>\n\n\n\n<p>De campo: Lote Campe\u00f3n y Segundo Mejor Lote de La Acacia. Toro Copa de Honor, segundo y tercer mejor toro La Acacia. En hembras de campo, Lote Campe\u00f3n y segundo mejor lote La Acacia. Mejor hembra, segunda y tercera mejor hembra La Acacia.<br><\/p>\n\n\n\n<p><strong>Brangus<\/strong><br><\/p>\n\n\n\n<p>Jurado Jos\u00e9 Mar\u00eda Bentancur. De Bozal: Gran Campe\u00f3n de caba\u00f1a \u201cCangu\u00e9\u201d de Esteban Morales. De Campo. Lote Campe\u00f3n, toro Copa, segundo y mejor toro de Cangu\u00e9. En hembras: Mejor lote, Mejor hembra, segunda y tercera Mejor Hembra de Cangu\u00e9.<br><\/p>\n\n\n\n<p>Puros de Origen: Lote Especial de machos de Cangu\u00e9. Lote especial de hembras, de Cangu\u00e9.<br><\/p>\n\n\n\n<p><strong>Criollos<\/strong><br><\/p>\n\n\n\n<p>Jurados: Kevin Carpenter y Juan Manuel Vivo. Gran Campe\u00f3n \u201cJB Navidad\u201d de Jaques Boutmy, reservado Gran Campe\u00f3n, reservado Gran Campe\u00f3n \u201cPac\u00edfico Gur\u00ed de la Carilina\u201d de La Pac\u00edfica, Tercer Mejor Macho \u201cPac\u00edfico Mano Mora\u201d de La Pac\u00edfica.<br><\/p>\n\n\n\n<p>En hembras, Gran Campeona y Mejor Ejemplar Sin Distinci\u00f3n de Sexo \u201cConstancia Talita 1859\u201d de Arandusa SRL de Mario Aramendi y Juan Pablo Dur\u00e1n; reservada Gran Campeona \u201cDel Silencio 2094\u201d de \u201cSanta Mar\u00eda de Arapey\u201d de Burjel Parietti Hermanos; Tercera Mejor Hembra \u201cEl Gavil\u00e1n Jardinera\u201d de Alexis Quintana.<br><\/p>\n\n\n\n<p>Campe\u00f3n Incentivo Machos: \u201cAmazonia Del Recreo\u201d de Nicol\u00e1s Gigli. Campeona Incentivo hembras: \u201cEl Bord\u00f3n Dulce\u201d de Ana Paula Mattiauda Beneventano.<br><\/p>\n\n\n\n<p><strong>Ovinos<\/strong><br><\/p>\n\n\n\n<p>Raza Texel. Jurado Facundo De Le\u00f3n. De Pedigr\u00ed: Gran Campe\u00f3n Jos\u00e9 Luis Callero. Hembras PI Gran Campeona del mismo expositor. Machos Puros de Origen: Gran Campe\u00f3n de Jos\u00e9 Luis Callero, reservado Gran Campe\u00f3n de Leonardo Torres.<br><\/p>\n\n\n\n<p>Raza Suffolk. Jurado Jos\u00e9 Francisco Ramos. Gran Campe\u00f3n y reservado Gran Campe\u00f3n de Pingo Viejo\u201d SG.<br><\/p>\n\n\n\n<p>Raza Ideal. Jurado V\u00edctor \u00c1lvarez. Gran Campe\u00f3n Puro de Origen de \u201cEl Renuevo\u201d del ingeniero agr\u00f3nomo Oscar Zabaleta.<\/p>\n\n\n\n<p><strong>Informe especial de Pablo Blanc de El Tel\u00e9grafo<\/strong><\/p>\n\n\n\n<p style=\"text-align:right\"><strong>Salto, 18 de octubre de 2020<\/strong><\/p>\n","protected":false},"excerpt":{"rendered":"<p>En una jornada, tambi\u00e9n calurosa, se realiz\u00f3 la actividad de calificaciones de la Expo Paysand\u00fa, que adem\u00e1s cuenta con una importante para toda la familia. Ayer, el p\u00fablico acompa\u00f1o y [&hellip;]<\/p>\n","protected":false},"author":5,"featured_media":24768,"comment_status":"open","ping_status":"open","sticky":false,"template":"","format":"standard","meta":{"_price":"","_stock":"","_tribe_ticket_header":"","_tribe_default_ticket_provider":"","_tribe_ticket_capacity":"0","_ticket_start_date":"","_ticket_end_date":"","_tribe_ticket_show_description":"","_tribe_ticket_show_not_going":false,"_tribe_ticket_use_global_stock":"","_tribe_ticket_global_stock_level":"","_global_stock_mode":"","_global_stock_cap":"","_tribe_rsvp_for_event":"","_tribe_ticket_going_count":"","_tribe_ticket_not_going_count":"","_tribe_tickets_list":"[]","_tribe_ticket_has_attendee_info_fields":false,"h5ap_radio_sources":[],"_jetpack_newsletter_access":"","_jetpack_dont_email_post_to_subs":false,"_jetpack_newsletter_tier_id":0,"_jetpack_memberships_contains_paywalled_content":false,"_jetpack_memberships_contains_paid_content":false,"footnotes":""},"categories":[21,5],"tags":[],"class_list":["post-24766","post","type-post","status-publish","format-standard","has-post-thumbnail","hentry","category-actualidad","category-ganaderia"],"jetpack_featured_media_url":"https:\/\/i0.wp.com\/lahoradelcampo.com.uy\/site\/wp-content\/uploads\/2020\/10\/Paysanduhereford.jpg?fit=880%2C440&ssl=1","jetpack_sharing_enabled":true,"jetpack_shortlink":"https:\/\/wp.me\/p99IaT-6rs","jetpack-related-posts":[{"id":2675,"url":"https:\/\/lahoradelcampo.com.uy\/site\/grandes-campeones-de-la-expo-paysandu\/","url_meta":{"origin":24766,"position":0},"title":"Grandes Campeones de la Expo Paysand\u00fa","author":"La Hora del Campo","date":"15 octubre, 2017","format":false,"excerpt":"Paysand\u00fa realiz\u00f3 una interesante muestra de r\u00fasticos y animales de bozal, con destaques en n\u00famero de ejemplares de las razas Polled Hereford, Aberdeen Angus, y por primera vez un interesante n\u00famero de Brangus. Hereford Jurado: Ignacio Clemente. Polled Hereford: De Campo: Lote Campe\u00f3n de \u00d1u Por\u00e1, Segundo Mejor Lote de\u2026","rel":"","context":"En \u00abActualidad\u00bb","block_context":{"text":"Actualidad","link":"https:\/\/lahoradelcampo.com.uy\/site\/category\/actualidad\/"},"img":{"alt_text":"","src":"https:\/\/i0.wp.com\/lahoradelcampo.com.uy\/site\/wp-content\/uploads\/2017\/10\/Expo-Paysand%C3%BA.jpg?fit=880%2C440&ssl=1&resize=350%2C200","width":350,"height":200,"srcset":"https:\/\/i0.wp.com\/lahoradelcampo.com.uy\/site\/wp-content\/uploads\/2017\/10\/Expo-Paysand%C3%BA.jpg?fit=880%2C440&ssl=1&resize=350%2C200 1x, https:\/\/i0.wp.com\/lahoradelcampo.com.uy\/site\/wp-content\/uploads\/2017\/10\/Expo-Paysand%C3%BA.jpg?fit=880%2C440&ssl=1&resize=525%2C300 1.5x, https:\/\/i0.wp.com\/lahoradelcampo.com.uy\/site\/wp-content\/uploads\/2017\/10\/Expo-Paysand%C3%BA.jpg?fit=880%2C440&ssl=1&resize=700%2C400 2x"},"classes":[]},{"id":2327,"url":"https:\/\/lahoradelcampo.com.uy\/site\/nu-pora-y-santa-maria-de-arapey-ganaron-en-polled-hereford\/","url_meta":{"origin":24766,"position":1},"title":"\u201c\u00d1u Por\u00e1\u201d y \u201cSanta Mar\u00eda de Arapey\u201d ganaron en Polled Hereford","author":"La Hora del Campo","date":"8 octubre, 2017","format":false,"excerpt":"En la jornada de ayer, la pista de bovinos de la Asociaci\u00f3n Agropecuaria de Salto comenz\u00f3 con la jura de la raza Hereford, en sus dos variedades mocha y astada, con los hermanos Fernando y Guzm\u00e1n Alfonso como jurados. Al finalizar la jura, Fernando Alfonso dijo que los ejemplares presentados\u2026","rel":"","context":"En \u00abActualidad\u00bb","block_context":{"text":"Actualidad","link":"https:\/\/lahoradelcampo.com.uy\/site\/category\/actualidad\/"},"img":{"alt_text":"","src":"https:\/\/i0.wp.com\/lahoradelcampo.com.uy\/site\/wp-content\/uploads\/2017\/10\/Hereford.jpg?fit=880%2C440&ssl=1&resize=350%2C200","width":350,"height":200,"srcset":"https:\/\/i0.wp.com\/lahoradelcampo.com.uy\/site\/wp-content\/uploads\/2017\/10\/Hereford.jpg?fit=880%2C440&ssl=1&resize=350%2C200 1x, https:\/\/i0.wp.com\/lahoradelcampo.com.uy\/site\/wp-content\/uploads\/2017\/10\/Hereford.jpg?fit=880%2C440&ssl=1&resize=525%2C300 1.5x, https:\/\/i0.wp.com\/lahoradelcampo.com.uy\/site\/wp-content\/uploads\/2017\/10\/Hereford.jpg?fit=880%2C440&ssl=1&resize=700%2C400 2x"},"classes":[]},{"id":7139,"url":"https:\/\/lahoradelcampo.com.uy\/site\/exposicion-nacional-del-hereford-premio-los-grandes-campeones-de-la-muestra\/","url_meta":{"origin":24766,"position":2},"title":"Exposici\u00f3n nacional del Hereford premi\u00f3  los grandes campeones de la muestra","author":"La Hora del Campo","date":"13 mayo, 2018","format":false,"excerpt":"Con un clima muy agradable y el optimismo que generan las lluvias para el sector ganadero, la Nacional Hereford que se desarroll\u00f3 entre viernes y s\u00e1bado en el predio de la Exposici\u00f3n Feria de Paysand\u00fa, colm\u00f3 las expectativas, al jurado, p\u00fablico y organizadores. \u201cVi una pista excepcional\u201d, describi\u00f3 Enrique Bonino.\u2026","rel":"","context":"En \u00abActualidad\u00bb","block_context":{"text":"Actualidad","link":"https:\/\/lahoradelcampo.com.uy\/site\/category\/actualidad\/"},"img":{"alt_text":"","src":"https:\/\/i0.wp.com\/lahoradelcampo.com.uy\/site\/wp-content\/uploads\/2018\/05\/hereford-2.jpg?fit=880%2C440&ssl=1&resize=350%2C200","width":350,"height":200,"srcset":"https:\/\/i0.wp.com\/lahoradelcampo.com.uy\/site\/wp-content\/uploads\/2018\/05\/hereford-2.jpg?fit=880%2C440&ssl=1&resize=350%2C200 1x, https:\/\/i0.wp.com\/lahoradelcampo.com.uy\/site\/wp-content\/uploads\/2018\/05\/hereford-2.jpg?fit=880%2C440&ssl=1&resize=525%2C300 1.5x, https:\/\/i0.wp.com\/lahoradelcampo.com.uy\/site\/wp-content\/uploads\/2018\/05\/hereford-2.jpg?fit=880%2C440&ssl=1&resize=700%2C400 2x"},"classes":[]},{"id":46045,"url":"https:\/\/lahoradelcampo.com.uy\/site\/delgado-premio-el-lote-campeon-polled-hereford-pi-de-nu-pora\/","url_meta":{"origin":24766,"position":3},"title":"Delgado premi\u00f3 el lote campe\u00f3n Polled Hereford PI de \u00d1u Por\u00e1","author":"La Hora del Campo","date":"2 octubre, 2022","format":false,"excerpt":"El Hereford dio una muy buena muestra en la pista de la Expo Salto, con el mayor n\u00famero de animales presentes, y con ejemplares, tanto mochos como astados, que dieron trabajo para los jurados Agust\u00edn \u00c1lvarez y Joaqu\u00edn Zabaleta Stirling. \u201cUna muestra muy linda y con un buen volumen de\u2026","rel":"","context":"En \u00abActualidad\u00bb","block_context":{"text":"Actualidad","link":"https:\/\/lahoradelcampo.com.uy\/site\/category\/actualidad\/"},"img":{"alt_text":"","src":"https:\/\/i0.wp.com\/lahoradelcampo.com.uy\/site\/wp-content\/uploads\/2022\/10\/Exposalto-%C3%91upora.jpg?fit=880%2C440&ssl=1&resize=350%2C200","width":350,"height":200,"srcset":"https:\/\/i0.wp.com\/lahoradelcampo.com.uy\/site\/wp-content\/uploads\/2022\/10\/Exposalto-%C3%91upora.jpg?fit=880%2C440&ssl=1&resize=350%2C200 1x, https:\/\/i0.wp.com\/lahoradelcampo.com.uy\/site\/wp-content\/uploads\/2022\/10\/Exposalto-%C3%91upora.jpg?fit=880%2C440&ssl=1&resize=525%2C300 1.5x, https:\/\/i0.wp.com\/lahoradelcampo.com.uy\/site\/wp-content\/uploads\/2022\/10\/Exposalto-%C3%91upora.jpg?fit=880%2C440&ssl=1&resize=700%2C400 2x"},"classes":[]},{"id":54811,"url":"https:\/\/lahoradelcampo.com.uy\/site\/de-santa-maria-de-arapey-y-nu-pora-los-grandes-campeones-en-polled-hereford\/","url_meta":{"origin":24766,"position":4},"title":"De Santa Mar\u00eda de Arapey y \u00d1u Por\u00e1 los Grandes Campeones en Polled Hereford","author":"La Hora del Campo","date":"8 octubre, 2024","format":false,"excerpt":"Las caba\u00f1as Santa Mar\u00eda de Arapey, de Alejandra Parietti, y \u00d1u Por\u00e1, de Carlos y Natalia Parietti, presentaron los mejores animales de pedigr\u00ed en la categor\u00eda Polled Hereford de la Expo Salto. El jurado estuvo compuesto por el doctor Santiago Bordaberry y su hija, Mar\u00eda Emilia. La encargada de organizar\u2026","rel":"","context":"En \u00abActualidad\u00bb","block_context":{"text":"Actualidad","link":"https:\/\/lahoradelcampo.com.uy\/site\/category\/actualidad\/"},"img":{"alt_text":"","src":"https:\/\/i0.wp.com\/lahoradelcampo.com.uy\/site\/wp-content\/uploads\/2024\/10\/exposalto-hereford.jpg?fit=880%2C440&ssl=1&resize=350%2C200","width":350,"height":200,"srcset":"https:\/\/i0.wp.com\/lahoradelcampo.com.uy\/site\/wp-content\/uploads\/2024\/10\/exposalto-hereford.jpg?fit=880%2C440&ssl=1&resize=350%2C200 1x, https:\/\/i0.wp.com\/lahoradelcampo.com.uy\/site\/wp-content\/uploads\/2024\/10\/exposalto-hereford.jpg?fit=880%2C440&ssl=1&resize=525%2C300 1.5x, https:\/\/i0.wp.com\/lahoradelcampo.com.uy\/site\/wp-content\/uploads\/2024\/10\/exposalto-hereford.jpg?fit=880%2C440&ssl=1&resize=700%2C400 2x"},"classes":[]},{"id":54931,"url":"https:\/\/lahoradelcampo.com.uy\/site\/el-hereford-presento-el-nivel-de-las-grandes-ligas\/","url_meta":{"origin":24766,"position":5},"title":"El Hereford present\u00f3 \u00abel nivel de las grandes ligas\u00bb","author":"La Hora del Campo","date":"20 octubre, 2024","format":false,"excerpt":"En el marco de la Expo Paysand\u00fa el fin de semana, el jurado argentino Patricio Spiazzi fue el encargado de seleccionar los mejores ejemplares del Polled Hereford, elogiando la calidad y el potencial gen\u00e9tico de la raza en los animales presentados en esta oportunidad. Al finalizar su trabajo dijo que\u2026","rel":"","context":"En \u00abActualidad\u00bb","block_context":{"text":"Actualidad","link":"https:\/\/lahoradelcampo.com.uy\/site\/category\/actualidad\/"},"img":{"alt_text":"","src":"https:\/\/i0.wp.com\/lahoradelcampo.com.uy\/site\/wp-content\/uploads\/2024\/10\/Hereford.jpg?fit=880%2C440&ssl=1&resize=350%2C200","width":350,"height":200,"srcset":"https:\/\/i0.wp.com\/lahoradelcampo.com.uy\/site\/wp-content\/uploads\/2024\/10\/Hereford.jpg?fit=880%2C440&ssl=1&resize=350%2C200 1x, https:\/\/i0.wp.com\/lahoradelcampo.com.uy\/site\/wp-content\/uploads\/2024\/10\/Hereford.jpg?fit=880%2C440&ssl=1&resize=525%2C300 1.5x, https:\/\/i0.wp.com\/lahoradelcampo.com.uy\/site\/wp-content\/uploads\/2024\/10\/Hereford.jpg?fit=880%2C440&ssl=1&resize=700%2C400 2x"},"classes":[]}],"jetpack_likes_enabled":true,"_links":{"self":[{"href":"https:\/\/lahoradelcampo.com.uy\/site\/wp-json\/wp\/v2\/posts\/24766","targetHints":{"allow":["GET"]}}],"collection":[{"href":"https:\/\/lahoradelcampo.com.uy\/site\/wp-json\/wp\/v2\/posts"}],"about":[{"href":"https:\/\/lahoradelcampo.com.uy\/site\/wp-json\/wp\/v2\/types\/post"}],"author":[{"embeddable":true,"href":"https:\/\/lahoradelcampo.com.uy\/site\/wp-json\/wp\/v2\/users\/5"}],"replies":[{"embeddable":true,"href":"https:\/\/lahoradelcampo.com.uy\/site\/wp-json\/wp\/v2\/comments?post=24766"}],"version-history":[{"count":2,"href":"https:\/\/lahoradelcampo.com.uy\/site\/wp-json\/wp\/v2\/posts\/24766\/revisions"}],"predecessor-version":[{"id":24772,"href":"https:\/\/lahoradelcampo.com.uy\/site\/wp-json\/wp\/v2\/posts\/24766\/revisions\/24772"}],"wp:featuredmedia":[{"embeddable":true,"href":"https:\/\/lahoradelcampo.com.uy\/site\/wp-json\/wp\/v2\/media\/24768"}],"wp:attachment":[{"href":"https:\/\/lahoradelcampo.com.uy\/site\/wp-json\/wp\/v2\/media?parent=24766"}],"wp:term":[{"taxonomy":"category","embeddable":true,"href":"https:\/\/lahoradelcampo.com.uy\/site\/wp-json\/wp\/v2\/categories?post=24766"},{"taxonomy":"post_tag","embeddable":true,"href":"https:\/\/lahoradelcampo.com.uy\/site\/wp-json\/wp\/v2\/tags?post=24766"}],"curies":[{"name":"wp","href":"https:\/\/api.w.org\/{rel}","templated":true}]}}