{"id":24760,"date":"2020-10-18T15:59:16","date_gmt":"2020-10-18T18:59:16","guid":{"rendered":"http:\/\/lahoradelcampo.com.uy\/site\/?p=24760"},"modified":"2020-10-18T15:59:24","modified_gmt":"2020-10-18T18:59:24","slug":"la-revancha-de-dominguez-presento-la-gran-campeona-en-criollos","status":"publish","type":"post","link":"https:\/\/lahoradelcampo.com.uy\/site\/la-revancha-de-dominguez-presento-la-gran-campeona-en-criollos\/","title":{"rendered":"La Revancha de Dominguez present\u00f3 la Gran Campeona en Criollos"},"content":{"rendered":"\n<figure class=\"wp-block-image\"><img data-recalc-dims=\"1\" loading=\"lazy\" decoding=\"async\" width=\"810\" height=\"405\" data-attachment-id=\"24762\" data-permalink=\"https:\/\/lahoradelcampo.com.uy\/site\/la-revancha-de-dominguez-presento-la-gran-campeona-en-criollos\/chiflerocriollos\/\" data-orig-file=\"https:\/\/i0.wp.com\/lahoradelcampo.com.uy\/site\/wp-content\/uploads\/2020\/10\/Chiflerocriollos.jpg?fit=880%2C440&amp;ssl=1\" data-orig-size=\"880,440\" data-comments-opened=\"1\" data-image-meta=\"{&quot;aperture&quot;:&quot;0&quot;,&quot;credit&quot;:&quot;&quot;,&quot;camera&quot;:&quot;&quot;,&quot;caption&quot;:&quot;&quot;,&quot;created_timestamp&quot;:&quot;0&quot;,&quot;copyright&quot;:&quot;&quot;,&quot;focal_length&quot;:&quot;0&quot;,&quot;iso&quot;:&quot;0&quot;,&quot;shutter_speed&quot;:&quot;0&quot;,&quot;title&quot;:&quot;&quot;,&quot;orientation&quot;:&quot;1&quot;}\" data-image-title=\"Chiflerocriollos\" data-image-description=\"\" data-image-caption=\"\" data-large-file=\"https:\/\/i0.wp.com\/lahoradelcampo.com.uy\/site\/wp-content\/uploads\/2020\/10\/Chiflerocriollos.jpg?fit=810%2C405&amp;ssl=1\" src=\"https:\/\/i0.wp.com\/lahoradelcampo.com.uy\/site\/wp-content\/uploads\/2020\/10\/Chiflerocriollos.jpg?resize=810%2C405\" alt=\"\" class=\"wp-image-24762\" srcset=\"https:\/\/i0.wp.com\/lahoradelcampo.com.uy\/site\/wp-content\/uploads\/2020\/10\/Chiflerocriollos.jpg?w=880&amp;ssl=1 880w, https:\/\/i0.wp.com\/lahoradelcampo.com.uy\/site\/wp-content\/uploads\/2020\/10\/Chiflerocriollos.jpg?resize=300%2C150&amp;ssl=1 300w, https:\/\/i0.wp.com\/lahoradelcampo.com.uy\/site\/wp-content\/uploads\/2020\/10\/Chiflerocriollos.jpg?resize=768%2C384&amp;ssl=1 768w, https:\/\/i0.wp.com\/lahoradelcampo.com.uy\/site\/wp-content\/uploads\/2020\/10\/Chiflerocriollos.jpg?resize=820%2C410&amp;ssl=1 820w\" sizes=\"auto, (max-width: 810px) 100vw, 810px\" \/><\/figure>\n\n\n\n<p>Jos\u00e9 Luis Savio y Carlos Parietti fueron los encargados de calificar en la Expo Chiflero los mejores ejemplares expuestos por la raza criolla. En una pista con pocos animales, pero con un importante nivel de morfolog\u00eda.<br><\/p>\n\n\n\n<p>En las calificaciones, en la categor\u00eda incentivo la mejor hembra fue expuesta por el criador riverense Ra\u00fal Posada Casadei, en tanto que el mejor macho lo expuso Gabriel Riani de Caba\u00f1a Macedo de Artigas. <br><\/p>\n\n\n\n<p>En Hembras la Gran Campeona y mejor ejemplar sin distinci\u00f3n de sexo fue expuesto por La Revancha de Alejandro Dominguez. En machos el Gran Campe\u00f3n lo expuso Marcelo Berrutti. <br><\/p>\n\n\n\n<p>\u00abFue una muy buena pista, no muy numerosa, pero de muy buen nivel, con yeguas muy bien preparadas y los machos tambi\u00e9n, as\u00ed que est\u00e9 muy conforme con el nivel presentado, sobre todo yeguas muy buenas\u00bb dijo Carlos Parietti en di\u00e1logo con CAMBIO. <br> Destac\u00f3 el excelente desplazamiento de la yegua que fue premiada como Gran Campeona. <\/p>\n\n\n\n<p>Jos\u00e9 Luis Savio y Carlos Parietti fueron los encargados de calificar en la Expo Chiflero los mejores ejemplares expuestos por la raza criolla. En una pista con pocos animales, pero con un importante nivel de morfolog\u00eda.<br><\/p>\n\n\n\n<p>En las calificaciones, en la categor\u00eda incentivo la mejor hembra fue expuesta por el criador riverense Ra\u00fal Posada Casadei, en tanto que el mejor macho lo expuso Gabriel Riani de Caba\u00f1a Macedo de Artigas. <br><\/p>\n\n\n\n<p>En Hembras la Gran Campeona y mejor ejemplar sin distinci\u00f3n de sexo fue expuesto por La Revancha de Alejandro Dominguez. En machos el Gran Campe\u00f3n lo expuso Marcelo Berrutti. <br><\/p>\n\n\n\n<p>\u00abFue una muy buena pista, no muy numerosa, pero de muy buen nivel, con yeguas muy bien preparadas y los machos tambi\u00e9n, as\u00ed que est\u00e9 muy conforme con el nivel presentado, sobre todo yeguas muy buenas\u00bb dijo Carlos Parietti en di\u00e1logo con La Hora del Campo. <br><\/p>\n\n\n\n<p>Destac\u00f3 el excelente desplazamiento de la yegua que fue premiada como Gran Campeona. <\/p>\n\n\n\n<p style=\"text-align:right\"><strong>Salto, 18 de octubre de 2020<\/strong><\/p>\n","protected":false},"excerpt":{"rendered":"<p>Jos\u00e9 Luis Savio y Carlos Parietti fueron los encargados de calificar en la Expo Chiflero los mejores ejemplares expuestos por la raza criolla. En una pista con pocos animales, pero [&hellip;]<\/p>\n","protected":false},"author":5,"featured_media":24762,"comment_status":"open","ping_status":"open","sticky":false,"template":"","format":"standard","meta":{"_price":"","_stock":"","_tribe_ticket_header":"","_tribe_default_ticket_provider":"","_tribe_ticket_capacity":"0","_ticket_start_date":"","_ticket_end_date":"","_tribe_ticket_show_description":"","_tribe_ticket_show_not_going":false,"_tribe_ticket_use_global_stock":"","_tribe_ticket_global_stock_level":"","_global_stock_mode":"","_global_stock_cap":"","_tribe_rsvp_for_event":"","_tribe_ticket_going_count":"","_tribe_ticket_not_going_count":"","_tribe_tickets_list":"[]","_tribe_ticket_has_attendee_info_fields":false,"h5ap_radio_sources":[],"_jetpack_newsletter_access":"","_jetpack_dont_email_post_to_subs":false,"_jetpack_newsletter_tier_id":0,"_jetpack_memberships_contains_paywalled_content":false,"_jetpack_memberships_contains_paid_content":false,"footnotes":""},"categories":[21,23],"tags":[],"class_list":["post-24760","post","type-post","status-publish","format-standard","has-post-thumbnail","hentry","category-actualidad","category-equinos"],"jetpack_featured_media_url":"https:\/\/i0.wp.com\/lahoradelcampo.com.uy\/site\/wp-content\/uploads\/2020\/10\/Chiflerocriollos.jpg?fit=880%2C440&ssl=1","jetpack_sharing_enabled":true,"jetpack_shortlink":"https:\/\/wp.me\/p99IaT-6rm","jetpack-related-posts":[{"id":54928,"url":"https:\/\/lahoradelcampo.com.uy\/site\/el-angus-mostro-una-pista-muy-competitiva-en-paysandu\/","url_meta":{"origin":24760,"position":0},"title":"El Angus mostr\u00f3 una pista muy competitiva en Paysand\u00fa","author":"La Hora del Campo","date":"20 octubre, 2024","format":false,"excerpt":"Angus de \"Capilla Vieja\" en Puros de Origen, de \"La Porte\u00f1a\" en pedigr\u00ed y \"Santa In\u00e9s\" en hembras y \"Do\u00f1a Mila\" en machos de bozal, se destacaron en la muestra Aberdeen Angus que tuvo a Jos\u00e9 Mar\u00eda Bentacur como jurado. Sobre lo observado en la pista de bozal, indic\u00f3 que\u2026","rel":"","context":"En \u00abActualidad\u00bb","block_context":{"text":"Actualidad","link":"https:\/\/lahoradelcampo.com.uy\/site\/category\/actualidad\/"},"img":{"alt_text":"","src":"https:\/\/i0.wp.com\/lahoradelcampo.com.uy\/site\/wp-content\/uploads\/2024\/10\/AngusPaysandu.jpg?fit=880%2C440&ssl=1&resize=350%2C200","width":350,"height":200,"srcset":"https:\/\/i0.wp.com\/lahoradelcampo.com.uy\/site\/wp-content\/uploads\/2024\/10\/AngusPaysandu.jpg?fit=880%2C440&ssl=1&resize=350%2C200 1x, https:\/\/i0.wp.com\/lahoradelcampo.com.uy\/site\/wp-content\/uploads\/2024\/10\/AngusPaysandu.jpg?fit=880%2C440&ssl=1&resize=525%2C300 1.5x, https:\/\/i0.wp.com\/lahoradelcampo.com.uy\/site\/wp-content\/uploads\/2024\/10\/AngusPaysandu.jpg?fit=880%2C440&ssl=1&resize=700%2C400 2x"},"classes":[]},{"id":45481,"url":"https:\/\/lahoradelcampo.com.uy\/site\/los-principales-lauros-en-charolais-los-obtuvo-cabana-la-margarita\/","url_meta":{"origin":24760,"position":1},"title":"Los principales lauros en Charolais, los obtuvo caba\u00f1a \u00abLa Margarita\u00bb","author":"La Hora del Campo","date":"14 septiembre, 2022","format":false,"excerpt":"Los jurados de la raza Charolais llegaron desde Brasil, Joaqu\u00edn Villegas y Rosalina Ribas Gonzales, definiendo los grandes campeones en machos y hembras de la caba\u00f1a La Margarita de Horacio y Andr\u00e9s Bianchi, quienes el a\u00f1o pasado y con estos mismos ejemplares fueron reservados de grandes campeones. El jurado se\u2026","rel":"","context":"En \u00abActualidad\u00bb","block_context":{"text":"Actualidad","link":"https:\/\/lahoradelcampo.com.uy\/site\/category\/actualidad\/"},"img":{"alt_text":"","src":"https:\/\/i0.wp.com\/lahoradelcampo.com.uy\/site\/wp-content\/uploads\/2022\/09\/Prado-Charolais-1.jpg?fit=880%2C440&ssl=1&resize=350%2C200","width":350,"height":200,"srcset":"https:\/\/i0.wp.com\/lahoradelcampo.com.uy\/site\/wp-content\/uploads\/2022\/09\/Prado-Charolais-1.jpg?fit=880%2C440&ssl=1&resize=350%2C200 1x, https:\/\/i0.wp.com\/lahoradelcampo.com.uy\/site\/wp-content\/uploads\/2022\/09\/Prado-Charolais-1.jpg?fit=880%2C440&ssl=1&resize=525%2C300 1.5x, https:\/\/i0.wp.com\/lahoradelcampo.com.uy\/site\/wp-content\/uploads\/2022\/09\/Prado-Charolais-1.jpg?fit=880%2C440&ssl=1&resize=700%2C400 2x"},"classes":[]},{"id":45575,"url":"https:\/\/lahoradelcampo.com.uy\/site\/la-esperanza-de-barcena-exhibio-la-mejor-normando\/","url_meta":{"origin":24760,"position":2},"title":"La Esperanza de B\u00e1rcena, exhibi\u00f3 la mejor Normando","author":"La Hora del Campo","date":"16 septiembre, 2022","format":false,"excerpt":"Caba\u00f1a \u201cLa Esperanza\u201d de Javier Pedro B\u00e1rcena expuso la Gran Campeona, Mejor Ubre y Mejor de Raza, as\u00ed como\u00a0 la Tercera Mejor Hembra,\u00a0 en la muestra de la raza Normando, que fue calificada por el t\u00e9cnico\u00a0 colombiano doctor Andr\u00e9s Benavides Mart\u00ednez. El productor coloniense dijo que \u201ces una vaca que\u2026","rel":"","context":"En \u00abActualidad\u00bb","block_context":{"text":"Actualidad","link":"https:\/\/lahoradelcampo.com.uy\/site\/category\/actualidad\/"},"img":{"alt_text":"","src":"https:\/\/i0.wp.com\/lahoradelcampo.com.uy\/site\/wp-content\/uploads\/2022\/09\/Prado-Normando-1.jpg?fit=880%2C440&ssl=1&resize=350%2C200","width":350,"height":200,"srcset":"https:\/\/i0.wp.com\/lahoradelcampo.com.uy\/site\/wp-content\/uploads\/2022\/09\/Prado-Normando-1.jpg?fit=880%2C440&ssl=1&resize=350%2C200 1x, https:\/\/i0.wp.com\/lahoradelcampo.com.uy\/site\/wp-content\/uploads\/2022\/09\/Prado-Normando-1.jpg?fit=880%2C440&ssl=1&resize=525%2C300 1.5x, https:\/\/i0.wp.com\/lahoradelcampo.com.uy\/site\/wp-content\/uploads\/2022\/09\/Prado-Normando-1.jpg?fit=880%2C440&ssl=1&resize=700%2C400 2x"},"classes":[]},{"id":34949,"url":"https:\/\/lahoradelcampo.com.uy\/site\/bayucua-y-la-magdalena-ganaron-en-la-pista-del-angus\/","url_meta":{"origin":24760,"position":3},"title":"Bayucu\u00e1 y La Magdalena ganar\u00f3n en la pista del Angus","author":"La Hora del Campo","date":"3 octubre, 2021","format":false,"excerpt":"La pista salte\u00f1a del Aberdeen Angus, como es tradicional, es muy competitiva, con un gran potencial gen\u00e9tico tanto en los toros como en las hembras. Aqu\u00ed se presentan caba\u00f1as de primer nivel, con historia y un importante programa de selecci\u00f3n, por lo que m\u00e1s all\u00e1 de venir 200 o 50\u2026","rel":"","context":"En \u00abActualidad\u00bb","block_context":{"text":"Actualidad","link":"https:\/\/lahoradelcampo.com.uy\/site\/category\/actualidad\/"},"img":{"alt_text":"","src":"https:\/\/i0.wp.com\/lahoradelcampo.com.uy\/site\/wp-content\/uploads\/2021\/10\/Expo-Angus.jpg?fit=880%2C440&ssl=1&resize=350%2C200","width":350,"height":200,"srcset":"https:\/\/i0.wp.com\/lahoradelcampo.com.uy\/site\/wp-content\/uploads\/2021\/10\/Expo-Angus.jpg?fit=880%2C440&ssl=1&resize=350%2C200 1x, https:\/\/i0.wp.com\/lahoradelcampo.com.uy\/site\/wp-content\/uploads\/2021\/10\/Expo-Angus.jpg?fit=880%2C440&ssl=1&resize=525%2C300 1.5x, https:\/\/i0.wp.com\/lahoradelcampo.com.uy\/site\/wp-content\/uploads\/2021\/10\/Expo-Angus.jpg?fit=880%2C440&ssl=1&resize=700%2C400 2x"},"classes":[]},{"id":45529,"url":"https:\/\/lahoradelcampo.com.uy\/site\/shorthorn-la-mejor-raza-para-hacer-cruzamientos-pero-no-es-moda\/","url_meta":{"origin":24760,"position":4},"title":"Shorthorn: \u201cla mejor raza para hacer cruzamientos, pero no es moda\u201d","author":"La Hora del Campo","date":"16 septiembre, 2022","format":false,"excerpt":"Con biotipos de animales muy diferentes en la pista, Norman Catto experto de origen escoc\u00e9s radicado en Argentina calific\u00f3 el Shorthorn en la Expo Prado, defini\u00e9ndola como \u201cla mejor raza para hacer cruzamientos, pero se usa poco porque no es moda y hay otras que van ganando terreno\u201d. Adem\u00e1s expres\u00f3\u2026","rel":"","context":"En \u00abActualidad\u00bb","block_context":{"text":"Actualidad","link":"https:\/\/lahoradelcampo.com.uy\/site\/category\/actualidad\/"},"img":{"alt_text":"","src":"https:\/\/i0.wp.com\/lahoradelcampo.com.uy\/site\/wp-content\/uploads\/2022\/09\/Prado-shorthorn-1.jpg?fit=880%2C440&ssl=1&resize=350%2C200","width":350,"height":200,"srcset":"https:\/\/i0.wp.com\/lahoradelcampo.com.uy\/site\/wp-content\/uploads\/2022\/09\/Prado-shorthorn-1.jpg?fit=880%2C440&ssl=1&resize=350%2C200 1x, https:\/\/i0.wp.com\/lahoradelcampo.com.uy\/site\/wp-content\/uploads\/2022\/09\/Prado-shorthorn-1.jpg?fit=880%2C440&ssl=1&resize=525%2C300 1.5x, https:\/\/i0.wp.com\/lahoradelcampo.com.uy\/site\/wp-content\/uploads\/2022\/09\/Prado-shorthorn-1.jpg?fit=880%2C440&ssl=1&resize=700%2C400 2x"},"classes":[]},{"id":45569,"url":"https:\/\/lahoradelcampo.com.uy\/site\/mucha-calidad-en-pista-jersey\/","url_meta":{"origin":24760,"position":5},"title":"Mucha calidad en pista Jersey","author":"La Hora del Campo","date":"16 septiembre, 2022","format":false,"excerpt":"Bosque Frondoso S.A. se adjudic\u00f3 la Gran Campeona, la Reservada Gran Campeona y el Gran Campe\u00f3n en la pista Jersey, mientras que el Reservado Gran Campe\u00f3n lo expuso Mart\u00edn Fossali Cedr\u00e9s. El Tercer Mejor Toro represent\u00f3 la gen\u00e9tica de Los Kiwis Srl. La calificaci\u00f3n estuvo en manos de Alejo Ghich\u00f3n,\u2026","rel":"","context":"En \u00abActualidad\u00bb","block_context":{"text":"Actualidad","link":"https:\/\/lahoradelcampo.com.uy\/site\/category\/actualidad\/"},"img":{"alt_text":"","src":"https:\/\/i0.wp.com\/lahoradelcampo.com.uy\/site\/wp-content\/uploads\/2022\/09\/Pradojersey.jpg?fit=880%2C440&ssl=1&resize=350%2C200","width":350,"height":200,"srcset":"https:\/\/i0.wp.com\/lahoradelcampo.com.uy\/site\/wp-content\/uploads\/2022\/09\/Pradojersey.jpg?fit=880%2C440&ssl=1&resize=350%2C200 1x, https:\/\/i0.wp.com\/lahoradelcampo.com.uy\/site\/wp-content\/uploads\/2022\/09\/Pradojersey.jpg?fit=880%2C440&ssl=1&resize=525%2C300 1.5x, https:\/\/i0.wp.com\/lahoradelcampo.com.uy\/site\/wp-content\/uploads\/2022\/09\/Pradojersey.jpg?fit=880%2C440&ssl=1&resize=700%2C400 2x"},"classes":[]}],"jetpack_likes_enabled":true,"_links":{"self":[{"href":"https:\/\/lahoradelcampo.com.uy\/site\/wp-json\/wp\/v2\/posts\/24760","targetHints":{"allow":["GET"]}}],"collection":[{"href":"https:\/\/lahoradelcampo.com.uy\/site\/wp-json\/wp\/v2\/posts"}],"about":[{"href":"https:\/\/lahoradelcampo.com.uy\/site\/wp-json\/wp\/v2\/types\/post"}],"author":[{"embeddable":true,"href":"https:\/\/lahoradelcampo.com.uy\/site\/wp-json\/wp\/v2\/users\/5"}],"replies":[{"embeddable":true,"href":"https:\/\/lahoradelcampo.com.uy\/site\/wp-json\/wp\/v2\/comments?post=24760"}],"version-history":[{"count":1,"href":"https:\/\/lahoradelcampo.com.uy\/site\/wp-json\/wp\/v2\/posts\/24760\/revisions"}],"predecessor-version":[{"id":24764,"href":"https:\/\/lahoradelcampo.com.uy\/site\/wp-json\/wp\/v2\/posts\/24760\/revisions\/24764"}],"wp:featuredmedia":[{"embeddable":true,"href":"https:\/\/lahoradelcampo.com.uy\/site\/wp-json\/wp\/v2\/media\/24762"}],"wp:attachment":[{"href":"https:\/\/lahoradelcampo.com.uy\/site\/wp-json\/wp\/v2\/media?parent=24760"}],"wp:term":[{"taxonomy":"category","embeddable":true,"href":"https:\/\/lahoradelcampo.com.uy\/site\/wp-json\/wp\/v2\/categories?post=24760"},{"taxonomy":"post_tag","embeddable":true,"href":"https:\/\/lahoradelcampo.com.uy\/site\/wp-json\/wp\/v2\/tags?post=24760"}],"curies":[{"name":"wp","href":"https:\/\/api.w.org\/{rel}","templated":true}]}}