{"id":24756,"date":"2020-10-18T15:52:13","date_gmt":"2020-10-18T18:52:13","guid":{"rendered":"http:\/\/lahoradelcampo.com.uy\/site\/?p=24756"},"modified":"2020-10-18T15:52:21","modified_gmt":"2020-10-18T18:52:21","slug":"expo-chiflero-con-destaque-especial-para-el-merino-australiano","status":"publish","type":"post","link":"https:\/\/lahoradelcampo.com.uy\/site\/expo-chiflero-con-destaque-especial-para-el-merino-australiano\/","title":{"rendered":"Expo Chiflero con destaque especial para el Merino Australiano"},"content":{"rendered":"\n<figure class=\"wp-block-image\"><img data-recalc-dims=\"1\" loading=\"lazy\" decoding=\"async\" width=\"810\" height=\"405\" data-attachment-id=\"24744\" data-permalink=\"https:\/\/lahoradelcampo.com.uy\/site\/sol-calor-y-una-pista-destacada-en-la-genetica-ovina-de-la-expo-chiflero-2020\/chifleromerino\/\" data-orig-file=\"https:\/\/i0.wp.com\/lahoradelcampo.com.uy\/site\/wp-content\/uploads\/2020\/10\/Chifleromerino.jpg?fit=880%2C440&amp;ssl=1\" data-orig-size=\"880,440\" data-comments-opened=\"1\" data-image-meta=\"{&quot;aperture&quot;:&quot;0&quot;,&quot;credit&quot;:&quot;&quot;,&quot;camera&quot;:&quot;&quot;,&quot;caption&quot;:&quot;&quot;,&quot;created_timestamp&quot;:&quot;0&quot;,&quot;copyright&quot;:&quot;&quot;,&quot;focal_length&quot;:&quot;0&quot;,&quot;iso&quot;:&quot;0&quot;,&quot;shutter_speed&quot;:&quot;0&quot;,&quot;title&quot;:&quot;&quot;,&quot;orientation&quot;:&quot;1&quot;}\" data-image-title=\"Chifleromerino\" data-image-description=\"\" data-image-caption=\"\" data-large-file=\"https:\/\/i0.wp.com\/lahoradelcampo.com.uy\/site\/wp-content\/uploads\/2020\/10\/Chifleromerino.jpg?fit=810%2C405&amp;ssl=1\" src=\"https:\/\/i0.wp.com\/lahoradelcampo.com.uy\/site\/wp-content\/uploads\/2020\/10\/Chifleromerino.jpg?resize=810%2C405\" alt=\"\" class=\"wp-image-24744\" srcset=\"https:\/\/i0.wp.com\/lahoradelcampo.com.uy\/site\/wp-content\/uploads\/2020\/10\/Chifleromerino.jpg?w=880&amp;ssl=1 880w, https:\/\/i0.wp.com\/lahoradelcampo.com.uy\/site\/wp-content\/uploads\/2020\/10\/Chifleromerino.jpg?resize=300%2C150&amp;ssl=1 300w, https:\/\/i0.wp.com\/lahoradelcampo.com.uy\/site\/wp-content\/uploads\/2020\/10\/Chifleromerino.jpg?resize=768%2C384&amp;ssl=1 768w, https:\/\/i0.wp.com\/lahoradelcampo.com.uy\/site\/wp-content\/uploads\/2020\/10\/Chifleromerino.jpg?resize=820%2C410&amp;ssl=1 820w\" sizes=\"auto, (max-width: 810px) 100vw, 810px\" \/><\/figure>\n\n\n\n<p>Y no es solamente un decir que la pista del merino fue destacada, mientras las razas minoritarias se calificaron bajo techo, en la vieja pista de venta de ovinos, la Sociedad de Criadores de Merino Australiano del Uruguay decidi\u00f3 realizar la jura en la pista tradicional, al aire libre y as\u00ed fu\u00e9 que a pesar de arrancar las calificaciones a las 12 horas, el p\u00fablico se qued\u00f3 y acompa\u00f1o todos los premios. Filliol estuvo acompa\u00f1ado con tres secretarias en una apuesta de la gremial de acercar a los j\u00f3venes a la raza. <br><\/p>\n\n\n\n<p>En las calificaciones, la Gran Campeona Hembra y el Gran Campe\u00f3n Macho PO Poll Merino Australiano fueron expuestos por  La Magdalena de Los Tordos S en C. <br><\/p>\n\n\n\n<p>En el pedigree, los mejores animales los presentaron La Asturiana de Tafernaberry Paniza en Hembras y La Magdalena de Los Tordos S en C en machos. <br><\/p>\n\n\n\n<p>En el astado la Gran Campeona y el Gran Campe\u00f3n PO fueron presentados por La Magdalena de Los Tordos S en C, mientras que el pedigree la Gran Campeona Hembra la present\u00f3 tambi\u00e9n la caba\u00f1a salte\u00f1a, La Magdalena de Los Tordos y el Gran Campe\u00f3n Macho lo present\u00f3 El Araza de Suc. de Arturo Aguerre. <br><\/p>\n\n\n\n<p>Al cierre de las calificaciones la Dra Fernanda Maldonado, Directora General del MGAP, premi\u00f3 el Campe\u00f3n Supremo, que correspondi\u00f3 al Gran Campe\u00f3n Macho Astado de La Magadalena. En tanto que el Campe\u00f3n Supremo de Pedigree fue premiado por el Ing. Ignacio Buffa, Subsecretario del MGAP, que fue el Gran Campe\u00f3n Astado de El Araza. <br><\/p>\n\n\n\n<p>Eduardo Filliol dijo al cierre de las calificaciones que \u00abhab\u00edan dos l\u00edneas gen\u00e9ticas, las dos eran excelentes\u00bb pero marc\u00f3 claramente en la pista su preferencia por los animales m\u00e1s finos, aunque destac\u00f3 la muy buena conformaci\u00f3n que ten\u00edan todos los animales, tanto en machos como en hembras. <\/p>\n\n\n\n<p style=\"text-align:right\"><strong>Salto, 18 de octubre de 2020<\/strong><\/p>\n","protected":false},"excerpt":{"rendered":"<p>Y no es solamente un decir que la pista del merino fue destacada, mientras las razas minoritarias se calificaron bajo techo, en la vieja pista de venta de ovinos, la [&hellip;]<\/p>\n","protected":false},"author":5,"featured_media":24744,"comment_status":"open","ping_status":"open","sticky":false,"template":"","format":"standard","meta":{"_price":"","_stock":"","_tribe_ticket_header":"","_tribe_default_ticket_provider":"","_tribe_ticket_capacity":"0","_ticket_start_date":"","_ticket_end_date":"","_tribe_ticket_show_description":"","_tribe_ticket_show_not_going":false,"_tribe_ticket_use_global_stock":"","_tribe_ticket_global_stock_level":"","_global_stock_mode":"","_global_stock_cap":"","_tribe_rsvp_for_event":"","_tribe_ticket_going_count":"","_tribe_ticket_not_going_count":"","_tribe_tickets_list":"[]","_tribe_ticket_has_attendee_info_fields":false,"h5ap_radio_sources":[],"_jetpack_newsletter_access":"","_jetpack_dont_email_post_to_subs":false,"_jetpack_newsletter_tier_id":0,"_jetpack_memberships_contains_paywalled_content":false,"_jetpack_memberships_contains_paid_content":false,"footnotes":""},"categories":[21,5],"tags":[],"class_list":["post-24756","post","type-post","status-publish","format-standard","has-post-thumbnail","hentry","category-actualidad","category-ganaderia"],"jetpack_featured_media_url":"https:\/\/i0.wp.com\/lahoradelcampo.com.uy\/site\/wp-content\/uploads\/2020\/10\/Chifleromerino.jpg?fit=880%2C440&ssl=1","jetpack_sharing_enabled":true,"jetpack_shortlink":"https:\/\/wp.me\/p99IaT-6ri","jetpack-related-posts":[{"id":54799,"url":"https:\/\/lahoradelcampo.com.uy\/site\/la-magdalena-y-el-faro-presentaron-los-campeones-supremos-del-merino\/","url_meta":{"origin":24756,"position":0},"title":"\u00abLa Magdalena\u00bb y \u00abEl Faro\u00bb presentaron los Campeones Supremos del Merino","author":"La Hora del Campo","date":"8 octubre, 2024","format":false,"excerpt":"En una pista que arranc\u00f3 tempranito, en hora, y con un jurado australiano que destac\u00f3 la calidad y fertilidad de las hembras Merino Australiano en la pista, se fueron definiendo los grandes campeonatos.Andrew Calvert, el jurado australiano, destac\u00f3 la decisi\u00f3n de la Sociedad de Criadores de Merino Australiano del Uruguay,\u2026","rel":"","context":"En \u00abActualidad\u00bb","block_context":{"text":"Actualidad","link":"https:\/\/lahoradelcampo.com.uy\/site\/category\/actualidad\/"},"img":{"alt_text":"","src":"https:\/\/i0.wp.com\/lahoradelcampo.com.uy\/site\/wp-content\/uploads\/2024\/10\/ExpoSalto-GCMerino.jpg?fit=880%2C440&ssl=1&resize=350%2C200","width":350,"height":200,"srcset":"https:\/\/i0.wp.com\/lahoradelcampo.com.uy\/site\/wp-content\/uploads\/2024\/10\/ExpoSalto-GCMerino.jpg?fit=880%2C440&ssl=1&resize=350%2C200 1x, https:\/\/i0.wp.com\/lahoradelcampo.com.uy\/site\/wp-content\/uploads\/2024\/10\/ExpoSalto-GCMerino.jpg?fit=880%2C440&ssl=1&resize=525%2C300 1.5x, https:\/\/i0.wp.com\/lahoradelcampo.com.uy\/site\/wp-content\/uploads\/2024\/10\/ExpoSalto-GCMerino.jpg?fit=880%2C440&ssl=1&resize=700%2C400 2x"},"classes":[]},{"id":14817,"url":"https:\/\/lahoradelcampo.com.uy\/site\/el-merino-salteno-se-lucio-en-la-pista\/","url_meta":{"origin":24756,"position":1},"title":"El merino salte\u00f1o se luci\u00f3 en la pista","author":"La Hora del Campo","date":"5 octubre, 2019","format":false,"excerpt":"En una pista de gen\u00e9tica destacada, con lo mejor del Merino en el pa\u00eds, la muestra de la raza en la exposici\u00f3n salte\u00f1a volvi\u00f3 a tener como jurado al australiano Hamish McLaren, principal de la reconocida caba\u00f1a Nerstane, que por tercera vez orden\u00f3 las filas en la muestra. El experto\u2026","rel":"","context":"En \u00abActualidad\u00bb","block_context":{"text":"Actualidad","link":"https:\/\/lahoradelcampo.com.uy\/site\/category\/actualidad\/"},"img":{"alt_text":"","src":"https:\/\/i0.wp.com\/lahoradelcampo.com.uy\/site\/wp-content\/uploads\/2019\/10\/expo-merino.jpg?fit=880%2C440&ssl=1&resize=350%2C200","width":350,"height":200,"srcset":"https:\/\/i0.wp.com\/lahoradelcampo.com.uy\/site\/wp-content\/uploads\/2019\/10\/expo-merino.jpg?fit=880%2C440&ssl=1&resize=350%2C200 1x, https:\/\/i0.wp.com\/lahoradelcampo.com.uy\/site\/wp-content\/uploads\/2019\/10\/expo-merino.jpg?fit=880%2C440&ssl=1&resize=525%2C300 1.5x, https:\/\/i0.wp.com\/lahoradelcampo.com.uy\/site\/wp-content\/uploads\/2019\/10\/expo-merino.jpg?fit=880%2C440&ssl=1&resize=700%2C400 2x"},"classes":[]},{"id":15260,"url":"https:\/\/lahoradelcampo.com.uy\/site\/expo-artigas-en-merino-australiano-la-magdalena-y-la-asturiana\/","url_meta":{"origin":24756,"position":2},"title":"Expo Artigas: En Merino Australiano \u00abLa Magdalena\u00bb y \u00abLa Asturiana\u00bb","author":"La Hora del Campo","date":"22 octubre, 2019","format":false,"excerpt":"En la raza Merino Australiano, el jurado fue el Ing. Agr. Fernando Dutra Da Silveira, de la caba\u00f1a Petra de Tacuaremb\u00f3. La muestra cont\u00f3 con la participaci\u00f3n de seis caba\u00f1as y 19 ejemplares en la pista. En las calificaciones, el jurado premi\u00f3 en el Poll Merino Australiano a una oveja\u2026","rel":"","context":"En \u00abActualidad\u00bb","block_context":{"text":"Actualidad","link":"https:\/\/lahoradelcampo.com.uy\/site\/category\/actualidad\/"},"img":{"alt_text":"","src":"https:\/\/i0.wp.com\/lahoradelcampo.com.uy\/site\/wp-content\/uploads\/2019\/10\/Merino-expoartigas.jpg?fit=880%2C440&ssl=1&resize=350%2C200","width":350,"height":200,"srcset":"https:\/\/i0.wp.com\/lahoradelcampo.com.uy\/site\/wp-content\/uploads\/2019\/10\/Merino-expoartigas.jpg?fit=880%2C440&ssl=1&resize=350%2C200 1x, https:\/\/i0.wp.com\/lahoradelcampo.com.uy\/site\/wp-content\/uploads\/2019\/10\/Merino-expoartigas.jpg?fit=880%2C440&ssl=1&resize=525%2C300 1.5x, https:\/\/i0.wp.com\/lahoradelcampo.com.uy\/site\/wp-content\/uploads\/2019\/10\/Merino-expoartigas.jpg?fit=880%2C440&ssl=1&resize=700%2C400 2x"},"classes":[]},{"id":52696,"url":"https:\/\/lahoradelcampo.com.uy\/site\/la-magdalena-exhibio-su-potencial-genetico-en-la-pista-del-merino-en-salto\/","url_meta":{"origin":24756,"position":3},"title":"\u00abLa Magdalena\u00bb exhibi\u00f3 su potencial gen\u00e9tico en la pista del merino en Salto","author":"La Hora del Campo","date":"5 octubre, 2023","format":false,"excerpt":"Como es tradicional, la pista del Merino Australiano en Salto, es la de mayor presencia de animales y caba\u00f1as de la raza a nivel pa\u00eds. La \"cuna del merino\" como es denominada este a\u00f1o no defraud\u00f3 y mostr\u00f3 al jurado australiano Hamish McLaren, un evoluci\u00f3n muy destacada en los ejemplares\u2026","rel":"","context":"En \u00abActualidad\u00bb","block_context":{"text":"Actualidad","link":"https:\/\/lahoradelcampo.com.uy\/site\/category\/actualidad\/"},"img":{"alt_text":"","src":"https:\/\/i0.wp.com\/lahoradelcampo.com.uy\/site\/wp-content\/uploads\/2023\/10\/merino-la-magdalena.jpg?fit=880%2C440&ssl=1&resize=350%2C200","width":350,"height":200,"srcset":"https:\/\/i0.wp.com\/lahoradelcampo.com.uy\/site\/wp-content\/uploads\/2023\/10\/merino-la-magdalena.jpg?fit=880%2C440&ssl=1&resize=350%2C200 1x, https:\/\/i0.wp.com\/lahoradelcampo.com.uy\/site\/wp-content\/uploads\/2023\/10\/merino-la-magdalena.jpg?fit=880%2C440&ssl=1&resize=525%2C300 1.5x, https:\/\/i0.wp.com\/lahoradelcampo.com.uy\/site\/wp-content\/uploads\/2023\/10\/merino-la-magdalena.jpg?fit=880%2C440&ssl=1&resize=700%2C400 2x"},"classes":[]},{"id":23764,"url":"https:\/\/lahoradelcampo.com.uy\/site\/la-magdalena-arraso-con-la-pista-del-merino-australiano\/","url_meta":{"origin":24756,"position":4},"title":"\u00abLa Magdalena\u00bb arras\u00f3 con la pista del Merino Australiano","author":"La Hora del Campo","date":"18 septiembre, 2020","format":false,"excerpt":"La principal atracci\u00f3n en los ovinos durante la ma\u00f1ana y entrada la tarde, fue la calificaci\u00f3n de la raza Merino Australiano, que estuvo a cargo del Ing. Agr. Gustavo Peinado, ya que el segundo jurado designado no particip\u00f3 de la muestra por motivos de fuerza mayor, explicaron desde la gremial.\u2026","rel":"","context":"En \u00abActualidad\u00bb","block_context":{"text":"Actualidad","link":"https:\/\/lahoradelcampo.com.uy\/site\/category\/actualidad\/"},"img":{"alt_text":"","src":"https:\/\/i0.wp.com\/lahoradelcampo.com.uy\/site\/wp-content\/uploads\/2020\/09\/MerinoOtegui.jpg?fit=880%2C440&ssl=1&resize=350%2C200","width":350,"height":200,"srcset":"https:\/\/i0.wp.com\/lahoradelcampo.com.uy\/site\/wp-content\/uploads\/2020\/09\/MerinoOtegui.jpg?fit=880%2C440&ssl=1&resize=350%2C200 1x, https:\/\/i0.wp.com\/lahoradelcampo.com.uy\/site\/wp-content\/uploads\/2020\/09\/MerinoOtegui.jpg?fit=880%2C440&ssl=1&resize=525%2C300 1.5x, https:\/\/i0.wp.com\/lahoradelcampo.com.uy\/site\/wp-content\/uploads\/2020\/09\/MerinoOtegui.jpg?fit=880%2C440&ssl=1&resize=700%2C400 2x"},"classes":[]},{"id":54570,"url":"https:\/\/lahoradelcampo.com.uy\/site\/los-mejores-poll-merino-australiano-po-son-de-la-magdalena\/","url_meta":{"origin":24756,"position":5},"title":"Los mejores Poll Merino Australiano PO son de \u00abLa Magdalena\u00bb","author":"La Hora del Campo","date":"13 septiembre, 2024","format":false,"excerpt":"Este viernes, las razas ovinas, en su gran mayor\u00eda productoras de lana, colmaron las pistas de la rural del Prado, donde se observaron ejemplares que marcan la punta de la pir\u00e1mide gen\u00e9tica en cada raza. En el caso de la raza Merino Australiano, los jurados definidos para esta oportunidad fueron\u2026","rel":"","context":"En \u00abActualidad\u00bb","block_context":{"text":"Actualidad","link":"https:\/\/lahoradelcampo.com.uy\/site\/category\/actualidad\/"},"img":{"alt_text":"","src":"https:\/\/i0.wp.com\/lahoradelcampo.com.uy\/site\/wp-content\/uploads\/2024\/09\/Prado24-GCPMAPO.jpg?fit=880%2C440&ssl=1&resize=350%2C200","width":350,"height":200,"srcset":"https:\/\/i0.wp.com\/lahoradelcampo.com.uy\/site\/wp-content\/uploads\/2024\/09\/Prado24-GCPMAPO.jpg?fit=880%2C440&ssl=1&resize=350%2C200 1x, https:\/\/i0.wp.com\/lahoradelcampo.com.uy\/site\/wp-content\/uploads\/2024\/09\/Prado24-GCPMAPO.jpg?fit=880%2C440&ssl=1&resize=525%2C300 1.5x, https:\/\/i0.wp.com\/lahoradelcampo.com.uy\/site\/wp-content\/uploads\/2024\/09\/Prado24-GCPMAPO.jpg?fit=880%2C440&ssl=1&resize=700%2C400 2x"},"classes":[]}],"jetpack_likes_enabled":true,"_links":{"self":[{"href":"https:\/\/lahoradelcampo.com.uy\/site\/wp-json\/wp\/v2\/posts\/24756","targetHints":{"allow":["GET"]}}],"collection":[{"href":"https:\/\/lahoradelcampo.com.uy\/site\/wp-json\/wp\/v2\/posts"}],"about":[{"href":"https:\/\/lahoradelcampo.com.uy\/site\/wp-json\/wp\/v2\/types\/post"}],"author":[{"embeddable":true,"href":"https:\/\/lahoradelcampo.com.uy\/site\/wp-json\/wp\/v2\/users\/5"}],"replies":[{"embeddable":true,"href":"https:\/\/lahoradelcampo.com.uy\/site\/wp-json\/wp\/v2\/comments?post=24756"}],"version-history":[{"count":1,"href":"https:\/\/lahoradelcampo.com.uy\/site\/wp-json\/wp\/v2\/posts\/24756\/revisions"}],"predecessor-version":[{"id":24758,"href":"https:\/\/lahoradelcampo.com.uy\/site\/wp-json\/wp\/v2\/posts\/24756\/revisions\/24758"}],"wp:featuredmedia":[{"embeddable":true,"href":"https:\/\/lahoradelcampo.com.uy\/site\/wp-json\/wp\/v2\/media\/24744"}],"wp:attachment":[{"href":"https:\/\/lahoradelcampo.com.uy\/site\/wp-json\/wp\/v2\/media?parent=24756"}],"wp:term":[{"taxonomy":"category","embeddable":true,"href":"https:\/\/lahoradelcampo.com.uy\/site\/wp-json\/wp\/v2\/categories?post=24756"},{"taxonomy":"post_tag","embeddable":true,"href":"https:\/\/lahoradelcampo.com.uy\/site\/wp-json\/wp\/v2\/tags?post=24756"}],"curies":[{"name":"wp","href":"https:\/\/api.w.org\/{rel}","templated":true}]}}