{"id":24738,"date":"2020-10-18T15:49:49","date_gmt":"2020-10-18T18:49:49","guid":{"rendered":"http:\/\/lahoradelcampo.com.uy\/site\/?p=24738"},"modified":"2020-10-18T15:49:54","modified_gmt":"2020-10-18T18:49:54","slug":"sol-calor-y-una-pista-destacada-en-la-genetica-ovina-de-la-expo-chiflero-2020","status":"publish","type":"post","link":"https:\/\/lahoradelcampo.com.uy\/site\/sol-calor-y-una-pista-destacada-en-la-genetica-ovina-de-la-expo-chiflero-2020\/","title":{"rendered":"Sol, calor y una pista destacada en la  gen\u00e9tica ovina de la Expo Chiflero 2020"},"content":{"rendered":"\n<figure class=\"wp-block-image\"><img data-recalc-dims=\"1\" loading=\"lazy\" decoding=\"async\" width=\"810\" height=\"405\" data-attachment-id=\"24740\" data-permalink=\"https:\/\/lahoradelcampo.com.uy\/site\/sol-calor-y-una-pista-destacada-en-la-genetica-ovina-de-la-expo-chiflero-2020\/chifleroideales\/\" data-orig-file=\"https:\/\/i0.wp.com\/lahoradelcampo.com.uy\/site\/wp-content\/uploads\/2020\/10\/ChifleroIdeales.jpg?fit=880%2C440&amp;ssl=1\" data-orig-size=\"880,440\" data-comments-opened=\"1\" data-image-meta=\"{&quot;aperture&quot;:&quot;0&quot;,&quot;credit&quot;:&quot;&quot;,&quot;camera&quot;:&quot;&quot;,&quot;caption&quot;:&quot;&quot;,&quot;created_timestamp&quot;:&quot;0&quot;,&quot;copyright&quot;:&quot;&quot;,&quot;focal_length&quot;:&quot;0&quot;,&quot;iso&quot;:&quot;0&quot;,&quot;shutter_speed&quot;:&quot;0&quot;,&quot;title&quot;:&quot;&quot;,&quot;orientation&quot;:&quot;1&quot;}\" data-image-title=\"ChifleroIdeales\" data-image-description=\"\" data-image-caption=\"\" data-large-file=\"https:\/\/i0.wp.com\/lahoradelcampo.com.uy\/site\/wp-content\/uploads\/2020\/10\/ChifleroIdeales.jpg?fit=810%2C405&amp;ssl=1\" src=\"https:\/\/i0.wp.com\/lahoradelcampo.com.uy\/site\/wp-content\/uploads\/2020\/10\/ChifleroIdeales.jpg?resize=810%2C405\" alt=\"\" class=\"wp-image-24740\" srcset=\"https:\/\/i0.wp.com\/lahoradelcampo.com.uy\/site\/wp-content\/uploads\/2020\/10\/ChifleroIdeales.jpg?w=880&amp;ssl=1 880w, https:\/\/i0.wp.com\/lahoradelcampo.com.uy\/site\/wp-content\/uploads\/2020\/10\/ChifleroIdeales.jpg?resize=300%2C150&amp;ssl=1 300w, https:\/\/i0.wp.com\/lahoradelcampo.com.uy\/site\/wp-content\/uploads\/2020\/10\/ChifleroIdeales.jpg?resize=768%2C384&amp;ssl=1 768w, https:\/\/i0.wp.com\/lahoradelcampo.com.uy\/site\/wp-content\/uploads\/2020\/10\/ChifleroIdeales.jpg?resize=820%2C410&amp;ssl=1 820w\" sizes=\"auto, (max-width: 810px) 100vw, 810px\" \/><\/figure>\n\n\n\n<p>Como es tradicional, una jornada de sol y calor en el norte de pa\u00eds, con dos destacadas pistas de ovinos. Al comienzo se calificaron las razas ovinas y al cierre de la ma\u00f1ana, se jur\u00f3 la pista del merino, que cada vez se destaca m\u00e1s, con la presencia de caba\u00f1as de primer nivel a nivel nacional, como La Magdalena, El Araza, Los Arrayanes y La Asturiana. Adem\u00e1s se consolida como la raza con mayor participaci\u00f3n, este a\u00f1o participaron 20 ejemplares de 5 caba\u00f1as merinistas. <\/p>\n\n\n\n<p><strong>Santa Marta de Mataojo SRL gan\u00f3 en el Texel<\/strong><\/p>\n\n\n\n<figure class=\"wp-block-image\"><img data-recalc-dims=\"1\" loading=\"lazy\" decoding=\"async\" width=\"810\" height=\"405\" data-attachment-id=\"24742\" data-permalink=\"https:\/\/lahoradelcampo.com.uy\/site\/sol-calor-y-una-pista-destacada-en-la-genetica-ovina-de-la-expo-chiflero-2020\/chiflerotexel\/\" data-orig-file=\"https:\/\/i0.wp.com\/lahoradelcampo.com.uy\/site\/wp-content\/uploads\/2020\/10\/ChifleroTexel.jpg?fit=880%2C440&amp;ssl=1\" data-orig-size=\"880,440\" data-comments-opened=\"1\" data-image-meta=\"{&quot;aperture&quot;:&quot;0&quot;,&quot;credit&quot;:&quot;&quot;,&quot;camera&quot;:&quot;&quot;,&quot;caption&quot;:&quot;&quot;,&quot;created_timestamp&quot;:&quot;0&quot;,&quot;copyright&quot;:&quot;&quot;,&quot;focal_length&quot;:&quot;0&quot;,&quot;iso&quot;:&quot;0&quot;,&quot;shutter_speed&quot;:&quot;0&quot;,&quot;title&quot;:&quot;&quot;,&quot;orientation&quot;:&quot;1&quot;}\" data-image-title=\"ChifleroTexel\" data-image-description=\"\" data-image-caption=\"\" data-large-file=\"https:\/\/i0.wp.com\/lahoradelcampo.com.uy\/site\/wp-content\/uploads\/2020\/10\/ChifleroTexel.jpg?fit=810%2C405&amp;ssl=1\" src=\"https:\/\/i0.wp.com\/lahoradelcampo.com.uy\/site\/wp-content\/uploads\/2020\/10\/ChifleroTexel.jpg?resize=810%2C405\" alt=\"\" class=\"wp-image-24742\" srcset=\"https:\/\/i0.wp.com\/lahoradelcampo.com.uy\/site\/wp-content\/uploads\/2020\/10\/ChifleroTexel.jpg?w=880&amp;ssl=1 880w, https:\/\/i0.wp.com\/lahoradelcampo.com.uy\/site\/wp-content\/uploads\/2020\/10\/ChifleroTexel.jpg?resize=300%2C150&amp;ssl=1 300w, https:\/\/i0.wp.com\/lahoradelcampo.com.uy\/site\/wp-content\/uploads\/2020\/10\/ChifleroTexel.jpg?resize=768%2C384&amp;ssl=1 768w, https:\/\/i0.wp.com\/lahoradelcampo.com.uy\/site\/wp-content\/uploads\/2020\/10\/ChifleroTexel.jpg?resize=820%2C410&amp;ssl=1 820w\" sizes=\"auto, (max-width: 810px) 100vw, 810px\" \/><\/figure>\n\n\n\n<p>En Texel los jurados fueron Ruben Argelaguet y Sergio Fierro, que premiaron como Gran Campeona Hembra al ejemplar expuesto por Santa Marta de Mataojo Srl. <br><\/p>\n\n\n\n<p><strong>Ile De France<\/strong><br><\/p>\n\n\n\n<p>En la raza Ile de France tambi\u00e9n se present\u00f3 un solo ejemplar que fue premiado como Gran Campe\u00f3n, expuesto por Datirco SRL. <\/p>\n\n\n\n<p><strong>La Loma de Nacimento present\u00f3 los mejores Meril\u00edn<\/strong><\/p>\n\n\n\n<figure class=\"wp-block-image\"><img data-recalc-dims=\"1\" loading=\"lazy\" decoding=\"async\" width=\"810\" height=\"405\" data-attachment-id=\"24750\" data-permalink=\"https:\/\/lahoradelcampo.com.uy\/site\/sol-calor-y-una-pista-destacada-en-la-genetica-ovina-de-la-expo-chiflero-2020\/chifleromerilin\/\" data-orig-file=\"https:\/\/i0.wp.com\/lahoradelcampo.com.uy\/site\/wp-content\/uploads\/2020\/10\/Chifleromerilin.jpg?fit=880%2C440&amp;ssl=1\" data-orig-size=\"880,440\" data-comments-opened=\"1\" data-image-meta=\"{&quot;aperture&quot;:&quot;0&quot;,&quot;credit&quot;:&quot;&quot;,&quot;camera&quot;:&quot;&quot;,&quot;caption&quot;:&quot;&quot;,&quot;created_timestamp&quot;:&quot;0&quot;,&quot;copyright&quot;:&quot;&quot;,&quot;focal_length&quot;:&quot;0&quot;,&quot;iso&quot;:&quot;0&quot;,&quot;shutter_speed&quot;:&quot;0&quot;,&quot;title&quot;:&quot;&quot;,&quot;orientation&quot;:&quot;1&quot;}\" data-image-title=\"Chifleromerilin\" data-image-description=\"\" data-image-caption=\"\" data-large-file=\"https:\/\/i0.wp.com\/lahoradelcampo.com.uy\/site\/wp-content\/uploads\/2020\/10\/Chifleromerilin.jpg?fit=810%2C405&amp;ssl=1\" src=\"https:\/\/i0.wp.com\/lahoradelcampo.com.uy\/site\/wp-content\/uploads\/2020\/10\/Chifleromerilin.jpg?resize=810%2C405\" alt=\"\" class=\"wp-image-24750\" srcset=\"https:\/\/i0.wp.com\/lahoradelcampo.com.uy\/site\/wp-content\/uploads\/2020\/10\/Chifleromerilin.jpg?w=880&amp;ssl=1 880w, https:\/\/i0.wp.com\/lahoradelcampo.com.uy\/site\/wp-content\/uploads\/2020\/10\/Chifleromerilin.jpg?resize=300%2C150&amp;ssl=1 300w, https:\/\/i0.wp.com\/lahoradelcampo.com.uy\/site\/wp-content\/uploads\/2020\/10\/Chifleromerilin.jpg?resize=768%2C384&amp;ssl=1 768w, https:\/\/i0.wp.com\/lahoradelcampo.com.uy\/site\/wp-content\/uploads\/2020\/10\/Chifleromerilin.jpg?resize=820%2C410&amp;ssl=1 820w\" sizes=\"auto, (max-width: 810px) 100vw, 810px\" \/><\/figure>\n\n\n\n<p>Bernardo Rodr\u00edguez, criador de la raza en la zona de Palma Sola en Artigas y el Ing. Mat\u00edas Orihuela, t\u00e9cnico del SUL en Salto, fueron los encargados de calificar los ejemplares presentados por la caba\u00f1a salte\u00f1a La Loma de Juan Francisco Nacimento. La caba\u00f1a present\u00f3 dos ejemplares, uno de 4 y otro de 6 dientes, donde el jurado se inclino por el animal m\u00e1s joven, destacando su conformaci\u00f3n carnicera y muy buena calidad de lana.<\/p>\n\n\n\n<p><strong>Anita SG de Martinicorena Hnos tienen los mejores PI y PO<\/strong><\/p>\n\n\n\n<figure class=\"wp-block-image\"><img data-recalc-dims=\"1\" loading=\"lazy\" decoding=\"async\" width=\"810\" height=\"405\" data-attachment-id=\"24748\" data-permalink=\"https:\/\/lahoradelcampo.com.uy\/site\/sol-calor-y-una-pista-destacada-en-la-genetica-ovina-de-la-expo-chiflero-2020\/chifleroideal\/\" data-orig-file=\"https:\/\/i0.wp.com\/lahoradelcampo.com.uy\/site\/wp-content\/uploads\/2020\/10\/Chifleroideal.jpg?fit=880%2C440&amp;ssl=1\" data-orig-size=\"880,440\" data-comments-opened=\"1\" data-image-meta=\"{&quot;aperture&quot;:&quot;0&quot;,&quot;credit&quot;:&quot;&quot;,&quot;camera&quot;:&quot;&quot;,&quot;caption&quot;:&quot;&quot;,&quot;created_timestamp&quot;:&quot;0&quot;,&quot;copyright&quot;:&quot;&quot;,&quot;focal_length&quot;:&quot;0&quot;,&quot;iso&quot;:&quot;0&quot;,&quot;shutter_speed&quot;:&quot;0&quot;,&quot;title&quot;:&quot;&quot;,&quot;orientation&quot;:&quot;1&quot;}\" data-image-title=\"Chifleroideal\" data-image-description=\"\" data-image-caption=\"\" data-large-file=\"https:\/\/i0.wp.com\/lahoradelcampo.com.uy\/site\/wp-content\/uploads\/2020\/10\/Chifleroideal.jpg?fit=810%2C405&amp;ssl=1\" src=\"https:\/\/i0.wp.com\/lahoradelcampo.com.uy\/site\/wp-content\/uploads\/2020\/10\/Chifleroideal.jpg?resize=810%2C405\" alt=\"\" class=\"wp-image-24748\" srcset=\"https:\/\/i0.wp.com\/lahoradelcampo.com.uy\/site\/wp-content\/uploads\/2020\/10\/Chifleroideal.jpg?w=880&amp;ssl=1 880w, https:\/\/i0.wp.com\/lahoradelcampo.com.uy\/site\/wp-content\/uploads\/2020\/10\/Chifleroideal.jpg?resize=300%2C150&amp;ssl=1 300w, https:\/\/i0.wp.com\/lahoradelcampo.com.uy\/site\/wp-content\/uploads\/2020\/10\/Chifleroideal.jpg?resize=768%2C384&amp;ssl=1 768w, https:\/\/i0.wp.com\/lahoradelcampo.com.uy\/site\/wp-content\/uploads\/2020\/10\/Chifleroideal.jpg?resize=820%2C410&amp;ssl=1 820w\" sizes=\"auto, (max-width: 810px) 100vw, 810px\" \/><\/figure>\n\n\n\n<p>El criador de la zona de Sequeira, en Artigas, Diego de Brum, y el Ing. Rub\u00e9n Argelaguet, t\u00e9cnico del Secretariado Uruguayo de la Lana en Artigas, definieron los mejores ejemplares de la raza Ideal, presentados por Anita SG. En el Puro de Origen, los jurados se inclinaron por el carnero por sobre el borrego y en el caso del pedigree, el premio fue para el borrego presentado por la caba\u00f1a salte\u00f1a. <\/p>\n\n\n\n<p><strong>Santa Elena de Palma Sola present\u00f3 el mejor animal departamental<\/strong><\/p>\n\n\n\n<figure class=\"wp-block-image\"><img data-recalc-dims=\"1\" loading=\"lazy\" decoding=\"async\" width=\"810\" height=\"405\" data-attachment-id=\"24746\" data-permalink=\"https:\/\/lahoradelcampo.com.uy\/site\/sol-calor-y-una-pista-destacada-en-la-genetica-ovina-de-la-expo-chiflero-2020\/chiflerocorriedale\/\" data-orig-file=\"https:\/\/i0.wp.com\/lahoradelcampo.com.uy\/site\/wp-content\/uploads\/2020\/10\/Chiflerocorriedale.jpg?fit=880%2C440&amp;ssl=1\" data-orig-size=\"880,440\" data-comments-opened=\"1\" data-image-meta=\"{&quot;aperture&quot;:&quot;0&quot;,&quot;credit&quot;:&quot;&quot;,&quot;camera&quot;:&quot;&quot;,&quot;caption&quot;:&quot;&quot;,&quot;created_timestamp&quot;:&quot;0&quot;,&quot;copyright&quot;:&quot;&quot;,&quot;focal_length&quot;:&quot;0&quot;,&quot;iso&quot;:&quot;0&quot;,&quot;shutter_speed&quot;:&quot;0&quot;,&quot;title&quot;:&quot;&quot;,&quot;orientation&quot;:&quot;1&quot;}\" data-image-title=\"Chiflerocorriedale\" data-image-description=\"\" data-image-caption=\"\" data-large-file=\"https:\/\/i0.wp.com\/lahoradelcampo.com.uy\/site\/wp-content\/uploads\/2020\/10\/Chiflerocorriedale.jpg?fit=810%2C405&amp;ssl=1\" src=\"https:\/\/i0.wp.com\/lahoradelcampo.com.uy\/site\/wp-content\/uploads\/2020\/10\/Chiflerocorriedale.jpg?resize=810%2C405\" alt=\"\" class=\"wp-image-24746\" srcset=\"https:\/\/i0.wp.com\/lahoradelcampo.com.uy\/site\/wp-content\/uploads\/2020\/10\/Chiflerocorriedale.jpg?w=880&amp;ssl=1 880w, https:\/\/i0.wp.com\/lahoradelcampo.com.uy\/site\/wp-content\/uploads\/2020\/10\/Chiflerocorriedale.jpg?resize=300%2C150&amp;ssl=1 300w, https:\/\/i0.wp.com\/lahoradelcampo.com.uy\/site\/wp-content\/uploads\/2020\/10\/Chiflerocorriedale.jpg?resize=768%2C384&amp;ssl=1 768w, https:\/\/i0.wp.com\/lahoradelcampo.com.uy\/site\/wp-content\/uploads\/2020\/10\/Chiflerocorriedale.jpg?resize=820%2C410&amp;ssl=1 820w\" sizes=\"auto, (max-width: 810px) 100vw, 810px\" \/><\/figure>\n\n\n\n<p>Los t\u00e9cnicos del SUL, Rub\u00e9n Argelaguet y Mat\u00edas Orihuela fueron los encargados de definir los grandes campeones de la raza Corriedale, en la segunda pista con mayor presencia de ejemplares. En el Puro de Origen, el Gran Campe\u00f3n fue expuesto por Juan Pablo Lopeteguy, en tanto que el Reservado y Mejor reproductor departamental de la raza, fue presentado por la caba\u00f1a Santa Elena de Palma Sola, de la familia Goncalvez. En el pedigree, el Gran Campe\u00f3n y Reservado fue expuesto por Juan Pablo Lopeteguy y Famlia. <\/p>\n\n\n\n<p style=\"text-align:right\"><strong>Salto, 18 de octubre de 2020<\/strong><\/p>\n","protected":false},"excerpt":{"rendered":"<p>Como es tradicional, una jornada de sol y calor en el norte de pa\u00eds, con dos destacadas pistas de ovinos. Al comienzo se calificaron las razas ovinas y al cierre [&hellip;]<\/p>\n","protected":false},"author":5,"featured_media":24740,"comment_status":"open","ping_status":"open","sticky":false,"template":"","format":"standard","meta":{"_price":"","_stock":"","_tribe_ticket_header":"","_tribe_default_ticket_provider":"","_tribe_ticket_capacity":"0","_ticket_start_date":"","_ticket_end_date":"","_tribe_ticket_show_description":"","_tribe_ticket_show_not_going":false,"_tribe_ticket_use_global_stock":"","_tribe_ticket_global_stock_level":"","_global_stock_mode":"","_global_stock_cap":"","_tribe_rsvp_for_event":"","_tribe_ticket_going_count":"","_tribe_ticket_not_going_count":"","_tribe_tickets_list":"[]","_tribe_ticket_has_attendee_info_fields":false,"h5ap_radio_sources":[],"_jetpack_newsletter_access":"","_jetpack_dont_email_post_to_subs":false,"_jetpack_newsletter_tier_id":0,"_jetpack_memberships_contains_paywalled_content":false,"_jetpack_memberships_contains_paid_content":false,"footnotes":""},"categories":[21,5],"tags":[],"class_list":["post-24738","post","type-post","status-publish","format-standard","has-post-thumbnail","hentry","category-actualidad","category-ganaderia"],"jetpack_featured_media_url":"https:\/\/i0.wp.com\/lahoradelcampo.com.uy\/site\/wp-content\/uploads\/2020\/10\/ChifleroIdeales.jpg?fit=880%2C440&ssl=1","jetpack_sharing_enabled":true,"jetpack_shortlink":"https:\/\/wp.me\/p99IaT-6r0","jetpack-related-posts":[{"id":34351,"url":"https:\/\/lahoradelcampo.com.uy\/site\/11-cabanas-marcaron-el-regreso-del-holando-al-prado\/","url_meta":{"origin":24738,"position":0},"title":"11 caba\u00f1as marcaron el regreso del Holando al Prado","author":"La Hora del Campo","date":"18 septiembre, 2021","format":false,"excerpt":"Jurados: Alejo Guich\u00f3nGran Campeona PI - \"El Grillo\" de Jos\u00e9 GurgitanoGran Campe\u00f3n PI - San Alberto S.G.Gran Campeona SH - \"El Chivo\" de Antognazza Hnos. Alejo Guich\u00f3n dijo que fue \"una gran exposici\u00f3n\", con una final \"de tremendo nivel\" y aclar\u00f3 que busc\u00f3 \"animales con mucho balance, vacas modernas y\u2026","rel":"","context":"En \u00abActualidad\u00bb","block_context":{"text":"Actualidad","link":"https:\/\/lahoradelcampo.com.uy\/site\/category\/actualidad\/"},"img":{"alt_text":"","src":"https:\/\/i0.wp.com\/lahoradelcampo.com.uy\/site\/wp-content\/uploads\/2021\/09\/Prado-Holando.jpg?fit=880%2C440&ssl=1&resize=350%2C200","width":350,"height":200,"srcset":"https:\/\/i0.wp.com\/lahoradelcampo.com.uy\/site\/wp-content\/uploads\/2021\/09\/Prado-Holando.jpg?fit=880%2C440&ssl=1&resize=350%2C200 1x, https:\/\/i0.wp.com\/lahoradelcampo.com.uy\/site\/wp-content\/uploads\/2021\/09\/Prado-Holando.jpg?fit=880%2C440&ssl=1&resize=525%2C300 1.5x, https:\/\/i0.wp.com\/lahoradelcampo.com.uy\/site\/wp-content\/uploads\/2021\/09\/Prado-Holando.jpg?fit=880%2C440&ssl=1&resize=700%2C400 2x"},"classes":[]},{"id":45419,"url":"https:\/\/lahoradelcampo.com.uy\/site\/la-raza-texel-festejo-sus-50-anos-con-85-ejemplares-en-pista\/","url_meta":{"origin":24738,"position":1},"title":"La raza Texel festej\u00f3 sus 50 a\u00f1os con 85 ejemplares en pista","author":"La Hora del Campo","date":"12 septiembre, 2022","format":false,"excerpt":"La Sociedad de Criadores de Texel festej\u00f3 sus 50 a\u00f1os con 30 caba\u00f1as y 85 ejemplares en la pista de calificaci\u00f3n, que este a\u00f1o estuvo a cargo del Dr. Pedro Scremini, qui\u00e9n adem\u00e1s fue el jurado de la Expo Durazno. Lucas Lacava, al asumir como presidente en 2020, dijo que\u2026","rel":"","context":"En \u00abActualidad\u00bb","block_context":{"text":"Actualidad","link":"https:\/\/lahoradelcampo.com.uy\/site\/category\/actualidad\/"},"img":{"alt_text":"","src":"https:\/\/i0.wp.com\/lahoradelcampo.com.uy\/site\/wp-content\/uploads\/2022\/09\/PRADO-GCTexel.jpg?fit=880%2C440&ssl=1&resize=350%2C200","width":350,"height":200,"srcset":"https:\/\/i0.wp.com\/lahoradelcampo.com.uy\/site\/wp-content\/uploads\/2022\/09\/PRADO-GCTexel.jpg?fit=880%2C440&ssl=1&resize=350%2C200 1x, https:\/\/i0.wp.com\/lahoradelcampo.com.uy\/site\/wp-content\/uploads\/2022\/09\/PRADO-GCTexel.jpg?fit=880%2C440&ssl=1&resize=525%2C300 1.5x, https:\/\/i0.wp.com\/lahoradelcampo.com.uy\/site\/wp-content\/uploads\/2022\/09\/PRADO-GCTexel.jpg?fit=880%2C440&ssl=1&resize=700%2C400 2x"},"classes":[]},{"id":14307,"url":"https:\/\/lahoradelcampo.com.uy\/site\/braford-poco-volumen-pero-mostro-avances-geneticos-en-la-pista-del-prado\/","url_meta":{"origin":24738,"position":2},"title":"Braford: poco volumen pero mostr\u00f3 avances gen\u00e9ticos en la pista del Prado","author":"La Hora del Campo","date":"14 septiembre, 2019","format":false,"excerpt":"El presidente de la Sociedad de Criadores de Braford y Ceb\u00fa del Uruguay, Diego Otegui, se\u00f1al\u00f3 que la raza ha evolucionado gen\u00e9ticamente, posicion\u00e1ndose en un muy buen nivel y destac\u00f3 el trabajo realizado por el jurado argentino, Carlo Ojea. \"Carlos Ojea es un genetista a nivel internacional, un muy buen\u2026","rel":"","context":"En \u00abActualidad\u00bb","block_context":{"text":"Actualidad","link":"https:\/\/lahoradelcampo.com.uy\/site\/category\/actualidad\/"},"img":{"alt_text":"","src":"https:\/\/i0.wp.com\/lahoradelcampo.com.uy\/site\/wp-content\/uploads\/2019\/09\/braford-prado.jpg?fit=880%2C440&ssl=1&resize=350%2C200","width":350,"height":200,"srcset":"https:\/\/i0.wp.com\/lahoradelcampo.com.uy\/site\/wp-content\/uploads\/2019\/09\/braford-prado.jpg?fit=880%2C440&ssl=1&resize=350%2C200 1x, https:\/\/i0.wp.com\/lahoradelcampo.com.uy\/site\/wp-content\/uploads\/2019\/09\/braford-prado.jpg?fit=880%2C440&ssl=1&resize=525%2C300 1.5x, https:\/\/i0.wp.com\/lahoradelcampo.com.uy\/site\/wp-content\/uploads\/2019\/09\/braford-prado.jpg?fit=880%2C440&ssl=1&resize=700%2C400 2x"},"classes":[]},{"id":24464,"url":"https:\/\/lahoradelcampo.com.uy\/site\/la-torada-pedigree-de-bayucua-supero-los-us-5-000-en-la-agropecuaria-de-salto\/","url_meta":{"origin":24738,"position":3},"title":"La torada pedigree de Bayucu\u00e1 super\u00f3 los US$ 5.000 en la Agropecuaria de Salto","author":"La Hora del Campo","date":"9 octubre, 2020","format":false,"excerpt":"La caba\u00f1a de caba\u00f1as como tradicionalmente se conoce a Bayucu\u00e1, una caba\u00f1a centenaria y generadora de un importante n\u00famero de planteles angus en todo el pa\u00eds, realiz\u00f3 su remate anual colocando el 100% de la oferta en la pista, con m\u00e1s del 50% preofertado. Si los toros planteleros fueron de\u2026","rel":"","context":"En \u00abActualidad\u00bb","block_context":{"text":"Actualidad","link":"https:\/\/lahoradelcampo.com.uy\/site\/category\/actualidad\/"},"img":{"alt_text":"","src":"https:\/\/i0.wp.com\/lahoradelcampo.com.uy\/site\/wp-content\/uploads\/2020\/10\/bayucuaok.jpg?fit=880%2C440&ssl=1&resize=350%2C200","width":350,"height":200,"srcset":"https:\/\/i0.wp.com\/lahoradelcampo.com.uy\/site\/wp-content\/uploads\/2020\/10\/bayucuaok.jpg?fit=880%2C440&ssl=1&resize=350%2C200 1x, https:\/\/i0.wp.com\/lahoradelcampo.com.uy\/site\/wp-content\/uploads\/2020\/10\/bayucuaok.jpg?fit=880%2C440&ssl=1&resize=525%2C300 1.5x, https:\/\/i0.wp.com\/lahoradelcampo.com.uy\/site\/wp-content\/uploads\/2020\/10\/bayucuaok.jpg?fit=880%2C440&ssl=1&resize=700%2C400 2x"},"classes":[]},{"id":14853,"url":"https:\/\/lahoradelcampo.com.uy\/site\/bayucua-y-la-magdalena-se-llevaron-los-grandes-lauros-del-aberdeen-angus\/","url_meta":{"origin":24738,"position":4},"title":"Bayucu\u00e1 y La Magdalena se llevaron  los grandes lauros del Aberdeen Angus","author":"La Hora del Campo","date":"6 octubre, 2019","format":false,"excerpt":"La pista del Aberdeen Angus tambi\u00e9n brillo en el potencial gen\u00e9tico que tiene la raza en el departamento, con la presencia de caba\u00f1as con historia y tambi\u00e9n de caba\u00f1as que vienen haciendo su camino al andar. A modo de ejemplo, nadie discute el nivel gen\u00e9tico y la historia de Bayucu\u00e1,\u2026","rel":"","context":"En \u00abActualidad\u00bb","block_context":{"text":"Actualidad","link":"https:\/\/lahoradelcampo.com.uy\/site\/category\/actualidad\/"},"img":{"alt_text":"","src":"https:\/\/i0.wp.com\/lahoradelcampo.com.uy\/site\/wp-content\/uploads\/2019\/10\/expo-angus.jpg?fit=880%2C440&ssl=1&resize=350%2C200","width":350,"height":200,"srcset":"https:\/\/i0.wp.com\/lahoradelcampo.com.uy\/site\/wp-content\/uploads\/2019\/10\/expo-angus.jpg?fit=880%2C440&ssl=1&resize=350%2C200 1x, https:\/\/i0.wp.com\/lahoradelcampo.com.uy\/site\/wp-content\/uploads\/2019\/10\/expo-angus.jpg?fit=880%2C440&ssl=1&resize=525%2C300 1.5x, https:\/\/i0.wp.com\/lahoradelcampo.com.uy\/site\/wp-content\/uploads\/2019\/10\/expo-angus.jpg?fit=880%2C440&ssl=1&resize=700%2C400 2x"},"classes":[]},{"id":24780,"url":"https:\/\/lahoradelcampo.com.uy\/site\/las-cabanas-saltenas-se-lucieron-en-la-pista-de-toros-de-la-expo-chiflero\/","url_meta":{"origin":24738,"position":5},"title":"Las caba\u00f1as salte\u00f1as se lucieron en la pista de toros de la Expo Chiflero","author":"La Hora del Campo","date":"18 octubre, 2020","format":false,"excerpt":"Con un volumen de m\u00e1s de 45 toros en la raza Aberdeen Angus, claramente fue destacada por el jurado debido a su cantidad y calidad de gen\u00e9tica. En la pista se calificaron adem\u00e1s el Poll Merino Australiano y la raza Limousin. Aberdeen Angus En la raza Aberdeen Angus, el jurado\u2026","rel":"","context":"En \u00abActualidad\u00bb","block_context":{"text":"Actualidad","link":"https:\/\/lahoradelcampo.com.uy\/site\/category\/actualidad\/"},"img":{"alt_text":"","src":"https:\/\/i0.wp.com\/lahoradelcampo.com.uy\/site\/wp-content\/uploads\/2020\/10\/Chifleroangus.jpg?fit=880%2C440&ssl=1&resize=350%2C200","width":350,"height":200,"srcset":"https:\/\/i0.wp.com\/lahoradelcampo.com.uy\/site\/wp-content\/uploads\/2020\/10\/Chifleroangus.jpg?fit=880%2C440&ssl=1&resize=350%2C200 1x, https:\/\/i0.wp.com\/lahoradelcampo.com.uy\/site\/wp-content\/uploads\/2020\/10\/Chifleroangus.jpg?fit=880%2C440&ssl=1&resize=525%2C300 1.5x, https:\/\/i0.wp.com\/lahoradelcampo.com.uy\/site\/wp-content\/uploads\/2020\/10\/Chifleroangus.jpg?fit=880%2C440&ssl=1&resize=700%2C400 2x"},"classes":[]}],"jetpack_likes_enabled":true,"_links":{"self":[{"href":"https:\/\/lahoradelcampo.com.uy\/site\/wp-json\/wp\/v2\/posts\/24738","targetHints":{"allow":["GET"]}}],"collection":[{"href":"https:\/\/lahoradelcampo.com.uy\/site\/wp-json\/wp\/v2\/posts"}],"about":[{"href":"https:\/\/lahoradelcampo.com.uy\/site\/wp-json\/wp\/v2\/types\/post"}],"author":[{"embeddable":true,"href":"https:\/\/lahoradelcampo.com.uy\/site\/wp-json\/wp\/v2\/users\/5"}],"replies":[{"embeddable":true,"href":"https:\/\/lahoradelcampo.com.uy\/site\/wp-json\/wp\/v2\/comments?post=24738"}],"version-history":[{"count":1,"href":"https:\/\/lahoradelcampo.com.uy\/site\/wp-json\/wp\/v2\/posts\/24738\/revisions"}],"predecessor-version":[{"id":24752,"href":"https:\/\/lahoradelcampo.com.uy\/site\/wp-json\/wp\/v2\/posts\/24738\/revisions\/24752"}],"wp:featuredmedia":[{"embeddable":true,"href":"https:\/\/lahoradelcampo.com.uy\/site\/wp-json\/wp\/v2\/media\/24740"}],"wp:attachment":[{"href":"https:\/\/lahoradelcampo.com.uy\/site\/wp-json\/wp\/v2\/media?parent=24738"}],"wp:term":[{"taxonomy":"category","embeddable":true,"href":"https:\/\/lahoradelcampo.com.uy\/site\/wp-json\/wp\/v2\/categories?post=24738"},{"taxonomy":"post_tag","embeddable":true,"href":"https:\/\/lahoradelcampo.com.uy\/site\/wp-json\/wp\/v2\/tags?post=24738"}],"curies":[{"name":"wp","href":"https:\/\/api.w.org\/{rel}","templated":true}]}}