{"id":24732,"date":"2020-10-17T10:45:53","date_gmt":"2020-10-17T13:45:53","guid":{"rendered":"http:\/\/lahoradelcampo.com.uy\/site\/?p=24732"},"modified":"2020-10-17T10:45:58","modified_gmt":"2020-10-17T13:45:58","slug":"agil-dinamico-y-ventas-totales-de-la-magdalena-en-valentin","status":"publish","type":"post","link":"https:\/\/lahoradelcampo.com.uy\/site\/agil-dinamico-y-ventas-totales-de-la-magdalena-en-valentin\/","title":{"rendered":"\u00c1gil, din\u00e1mico y ventas totales de La Magdalena en Valent\u00edn"},"content":{"rendered":"\n<figure class=\"wp-block-image\"><img data-recalc-dims=\"1\" loading=\"lazy\" decoding=\"async\" width=\"810\" height=\"405\" data-attachment-id=\"24734\" data-permalink=\"https:\/\/lahoradelcampo.com.uy\/site\/agil-dinamico-y-ventas-totales-de-la-magdalena-en-valentin\/nuevo-proyecto-1-4\/\" data-orig-file=\"https:\/\/i0.wp.com\/lahoradelcampo.com.uy\/site\/wp-content\/uploads\/2020\/10\/Nuevo-proyecto-1-2.jpg?fit=879%2C439&amp;ssl=1\" data-orig-size=\"879,439\" data-comments-opened=\"1\" data-image-meta=\"{&quot;aperture&quot;:&quot;0&quot;,&quot;credit&quot;:&quot;&quot;,&quot;camera&quot;:&quot;&quot;,&quot;caption&quot;:&quot;&quot;,&quot;created_timestamp&quot;:&quot;0&quot;,&quot;copyright&quot;:&quot;&quot;,&quot;focal_length&quot;:&quot;0&quot;,&quot;iso&quot;:&quot;0&quot;,&quot;shutter_speed&quot;:&quot;0&quot;,&quot;title&quot;:&quot;&quot;,&quot;orientation&quot;:&quot;0&quot;}\" data-image-title=\"Nuevo proyecto 1\" data-image-description=\"\" data-image-caption=\"\" data-large-file=\"https:\/\/i0.wp.com\/lahoradelcampo.com.uy\/site\/wp-content\/uploads\/2020\/10\/Nuevo-proyecto-1-2.jpg?fit=810%2C405&amp;ssl=1\" src=\"https:\/\/i0.wp.com\/lahoradelcampo.com.uy\/site\/wp-content\/uploads\/2020\/10\/Nuevo-proyecto-1-2.jpg?resize=810%2C405\" alt=\"\" class=\"wp-image-24734\" srcset=\"https:\/\/i0.wp.com\/lahoradelcampo.com.uy\/site\/wp-content\/uploads\/2020\/10\/Nuevo-proyecto-1-2.jpg?w=879&amp;ssl=1 879w, https:\/\/i0.wp.com\/lahoradelcampo.com.uy\/site\/wp-content\/uploads\/2020\/10\/Nuevo-proyecto-1-2.jpg?resize=300%2C150&amp;ssl=1 300w, https:\/\/i0.wp.com\/lahoradelcampo.com.uy\/site\/wp-content\/uploads\/2020\/10\/Nuevo-proyecto-1-2.jpg?resize=768%2C384&amp;ssl=1 768w, https:\/\/i0.wp.com\/lahoradelcampo.com.uy\/site\/wp-content\/uploads\/2020\/10\/Nuevo-proyecto-1-2.jpg?resize=820%2C410&amp;ssl=1 820w\" sizes=\"auto, (max-width: 810px) 100vw, 810px\" \/><\/figure>\n\n\n\n<p>Con un buen marco de p\u00fablico, los cuidados necesarios debido al Covid-19, y una demanda que pre-ofert\u00f3 m\u00e1s del 50% de los lotes que se ofertaron en la jornada de ayer, el remate de La Magdalena de Los Tordos S en C, mostr\u00f3 un excelente nivel de agilidad y dinamismo que permiti\u00f3 la colocaci\u00f3n del 100% de la oferta que paso por la pista de ventas.<\/p>\n\n\n\n<p>El remate que comenz\u00f3 con los toros Polled Hereford coloc\u00f3 49 ejemplares de pedigree a valores que fueron desde US$ 4.200 a US$ 2.400 que fue el piso de todo el remate. El promedio para esta torada fue de US$ 3.193,88, en tanto que los 4 mochos puros de origen cotizaron a US$ 3.700 de m\u00e1ximo, US$ 2.900 de m\u00ednimo y US$ 3.150 de promedio.<\/p>\n\n\n\n<p>Para los Hereford astados, el promedio fue de US$ 3.028,57 para los 7 toros ofertados, con valores que oscilaron entre US$ 3.200 y US$ 3.000. En total se vendieron 60 toros Hereford, sumando ambas variedades, con un promedio de US$ 3.171,67.<\/p>\n\n\n\n<p>Los 48 toros Aberdeen Angus, entre Pedigree y SA, se colocaron a US$ 3.155,21 de promedio. En el detalle, los 21 toros de pedigree fluctuaron entre US$ 4.000 y 2.500, mientras que los SA entre US$ 4.050 y US$ 2.500.<\/p>\n\n\n\n<p>Los Braford fueron parte del destaque del remate, con una excelente y \u00e1gil colocaci\u00f3n, coloc\u00e1ndose los 18 toros a un m\u00e1ximo de U$ 4.800 (el m\u00e1ximo del remate) y US$ 2.900, con un promedio de US$ 3.736,11. Por su parte el Brangus fluctu\u00f3 entre US$ 3.800 y US$ 2.700, con un promedio de US$ 3.103,57 para los 14 toros.<br> En total se ofertaron 140 toros de las cuatro razas a US$ 3.186,27 de promedio.<\/p>\n\n\n\n<p>La oferta de vientres tambi\u00e9n fue importante y al igual que los toros comenz\u00f3 el Hereford mocho, para luego ir al astado y finalizar con los Aberdeen Angus. En lo que hace a los vientres Polled Hereford se comercializaron 12 vaquillonas PI pre\u00f1adas entre US$ 1.010 a US$ 880, con un promedio de US$ 941; luego las 44 vaquillonas PI hicieron US$ 811 de promedio, y las 7 vaquillonas HS y H se pagaron US$ 789.<\/p>\n\n\n\n<p>Para los vientres astados los valores se posicionaron en US$ 770 para 20 vaquillonas de pedigree, 92 vaquillonas HS para servir cotizaron a US$ 691 y las 70 vacas con cr\u00eda y pariendo HS y H a US$ 902,5.<\/p>\n\n\n\n<p>Los 2 vaquillonas Aberdeen Angus de pedigree pre\u00f1adas, se pagaron US$ 990, en tanto que las 7 sin servicio a US$ 1.000.<\/p>\n\n\n\n<p>Al cierre de las ventas, Carlos Mart\u00edn Correa del escritorio Correa &amp; San Rom\u00e1n, dijo que el resultado del remate \u00abes la coronaci\u00f3n de un gran esfuerzo que realiza la caba\u00f1a, la presentaci\u00f3n de los toros fue muy buena en principio a fin. En las hembras vimos el mismo ritmo de las ventas con esa misma intensidad que se vend\u00edan los toros\u00bb.<\/p>\n\n\n\n<p>Diego Otegui, principal de La Magdalena, agradeci\u00f3 a clientes y amigos que acompa\u00f1aron desde distintos puntos del pa\u00eds. Remarc\u00f3 la rapidez con la que se realizaron las ventas, con la colocaci\u00f3n de los 140 toros con un promedio de 3.200 d\u00f3lares.<\/p>\n\n\n\n<p>Salto, 17 de octubre de 2020<\/p>\n","protected":false},"excerpt":{"rendered":"<p>Con un buen marco de p\u00fablico, los cuidados necesarios debido al Covid-19, y una demanda que pre-ofert\u00f3 m\u00e1s del 50% de los lotes que se ofertaron en la jornada de [&hellip;]<\/p>\n","protected":false},"author":5,"featured_media":24734,"comment_status":"open","ping_status":"open","sticky":false,"template":"","format":"standard","meta":{"_price":"","_stock":"","_tribe_ticket_header":"","_tribe_default_ticket_provider":"","_tribe_ticket_capacity":"0","_ticket_start_date":"","_ticket_end_date":"","_tribe_ticket_show_description":"","_tribe_ticket_show_not_going":false,"_tribe_ticket_use_global_stock":"","_tribe_ticket_global_stock_level":"","_global_stock_mode":"","_global_stock_cap":"","_tribe_rsvp_for_event":"","_tribe_ticket_going_count":"","_tribe_ticket_not_going_count":"","_tribe_tickets_list":"[]","_tribe_ticket_has_attendee_info_fields":false,"h5ap_radio_sources":[],"_jetpack_newsletter_access":"","_jetpack_dont_email_post_to_subs":false,"_jetpack_newsletter_tier_id":0,"_jetpack_memberships_contains_paywalled_content":false,"_jetpack_memberships_contains_paid_content":false,"footnotes":""},"categories":[21,5],"tags":[],"class_list":["post-24732","post","type-post","status-publish","format-standard","has-post-thumbnail","hentry","category-actualidad","category-ganaderia"],"jetpack_featured_media_url":"https:\/\/i0.wp.com\/lahoradelcampo.com.uy\/site\/wp-content\/uploads\/2020\/10\/Nuevo-proyecto-1-2.jpg?fit=879%2C439&ssl=1","jetpack_sharing_enabled":true,"jetpack_shortlink":"https:\/\/wp.me\/p99IaT-6qU","jetpack-related-posts":[{"id":15037,"url":"https:\/\/lahoradelcampo.com.uy\/site\/us-4-043-fue-el-promedio-para-los-134-toros-de-la-magdalena\/","url_meta":{"origin":24732,"position":0},"title":"US$ 4.043 fue el promedio para  los 134 toros de La Magdalena","author":"La Hora del Campo","date":"14 octubre, 2019","format":false,"excerpt":"En una tarde m\u00e1s de verano que de primavera, con un calor agobiante, pero con una demanda concentrada en adquirir la oferta de La Magdalena de Los Tordos, la caba\u00f1a coloc\u00f3 el 100% de la oferta tanto en los toros como en las hembras, con las ventas a cargo de\u2026","rel":"","context":"En \u00abActualidad\u00bb","block_context":{"text":"Actualidad","link":"https:\/\/lahoradelcampo.com.uy\/site\/category\/actualidad\/"},"img":{"alt_text":"","src":"https:\/\/i0.wp.com\/lahoradelcampo.com.uy\/site\/wp-content\/uploads\/2019\/10\/Lamagdalena.jpg?fit=880%2C440&ssl=1&resize=350%2C200","width":350,"height":200,"srcset":"https:\/\/i0.wp.com\/lahoradelcampo.com.uy\/site\/wp-content\/uploads\/2019\/10\/Lamagdalena.jpg?fit=880%2C440&ssl=1&resize=350%2C200 1x, https:\/\/i0.wp.com\/lahoradelcampo.com.uy\/site\/wp-content\/uploads\/2019\/10\/Lamagdalena.jpg?fit=880%2C440&ssl=1&resize=525%2C300 1.5x, https:\/\/i0.wp.com\/lahoradelcampo.com.uy\/site\/wp-content\/uploads\/2019\/10\/Lamagdalena.jpg?fit=880%2C440&ssl=1&resize=700%2C400 2x"},"classes":[]},{"id":35555,"url":"https:\/\/lahoradelcampo.com.uy\/site\/la-magdalena-coloco-148-toros-a-us-3-452-de-promedio-en-valentin\/","url_meta":{"origin":24732,"position":1},"title":"\u00abLa Magdalena\u00bb coloc\u00f3 149 toros a US$ 3.452 de promedio en Valent\u00edn","author":"La Hora del Campo","date":"18 octubre, 2021","format":false,"excerpt":"El viernes 15 de octubre fue una tarde de ventas \u00e1giles y buenos negocios en el local de la Asociaci\u00f3n Fomento Rural de Valent\u00edn, en el marco del 19\u00b0 Remate anual de la caba\u00f1a \"La Magdalena\" de Los Tordos S en C. Las ventas estuvieron a cargo de los escritorios\u2026","rel":"","context":"En \u00abActualidad\u00bb","block_context":{"text":"Actualidad","link":"https:\/\/lahoradelcampo.com.uy\/site\/category\/actualidad\/"},"img":{"alt_text":"","src":"https:\/\/i0.wp.com\/lahoradelcampo.com.uy\/site\/wp-content\/uploads\/2021\/10\/zafra-magdalena.jpg?fit=880%2C440&ssl=1&resize=350%2C200","width":350,"height":200,"srcset":"https:\/\/i0.wp.com\/lahoradelcampo.com.uy\/site\/wp-content\/uploads\/2021\/10\/zafra-magdalena.jpg?fit=880%2C440&ssl=1&resize=350%2C200 1x, https:\/\/i0.wp.com\/lahoradelcampo.com.uy\/site\/wp-content\/uploads\/2021\/10\/zafra-magdalena.jpg?fit=880%2C440&ssl=1&resize=525%2C300 1.5x, https:\/\/i0.wp.com\/lahoradelcampo.com.uy\/site\/wp-content\/uploads\/2021\/10\/zafra-magdalena.jpg?fit=880%2C440&ssl=1&resize=700%2C400 2x"},"classes":[]},{"id":54869,"url":"https:\/\/lahoradelcampo.com.uy\/site\/la-magdalena-vendio-124-toros-aus-3-749-de-promedio-en-valentin\/","url_meta":{"origin":24732,"position":2},"title":"La Magdalena vendi\u00f3 124 toros aUS$ 3.749 de promedio en Valent\u00edn","author":"La Hora del Campo","date":"12 octubre, 2024","format":false,"excerpt":"En la tarde de ayer, la caba\u00f1a \"La Magdalena\" de Los Tordos SA, realiz\u00f3 su remate anual con los escritorios Roberto Bertsch y Correa & San Rom\u00e1n, en el local de la Asociaci\u00f3n Fomento Rural de Valent\u00edn, en Salto. En tres horas se liquid\u00f3 el 100% de la oferta en\u2026","rel":"","context":"En \u00abActualidad\u00bb","block_context":{"text":"Actualidad","link":"https:\/\/lahoradelcampo.com.uy\/site\/category\/actualidad\/"},"img":{"alt_text":"","src":"https:\/\/i0.wp.com\/lahoradelcampo.com.uy\/site\/wp-content\/uploads\/2024\/10\/Lamagdalena-remate24.jpg?fit=880%2C440&ssl=1&resize=350%2C200","width":350,"height":200,"srcset":"https:\/\/i0.wp.com\/lahoradelcampo.com.uy\/site\/wp-content\/uploads\/2024\/10\/Lamagdalena-remate24.jpg?fit=880%2C440&ssl=1&resize=350%2C200 1x, https:\/\/i0.wp.com\/lahoradelcampo.com.uy\/site\/wp-content\/uploads\/2024\/10\/Lamagdalena-remate24.jpg?fit=880%2C440&ssl=1&resize=525%2C300 1.5x, https:\/\/i0.wp.com\/lahoradelcampo.com.uy\/site\/wp-content\/uploads\/2024\/10\/Lamagdalena-remate24.jpg?fit=880%2C440&ssl=1&resize=700%2C400 2x"},"classes":[]},{"id":57047,"url":"https:\/\/lahoradelcampo.com.uy\/site\/la-magdalena-coloco-el-100-de-la-oferta-con-147-toros-a-us-4-366\/","url_meta":{"origin":24732,"position":3},"title":"La Magdalena coloc\u00f3 el 100% de la oferta con 147 toros a US$ 4.366","author":"La Hora del Campo","date":"11 octubre, 2025","format":false,"excerpt":"El 22\u00b0 remate anual de \"La Magdalena\" de Los Tordos S.A., realizado en el local de la Asociaci\u00f3n Fomento Rural de Valent\u00edn, en Salto, con una pista colmada de p\u00fablico, termin\u00f3 colocando 147 toros a un promedio de US$ 4.366, destac\u00e1ndose por la agilidad del desarrollo y la firmeza de\u2026","rel":"","context":"En \u00abActualidad\u00bb","block_context":{"text":"Actualidad","link":"https:\/\/lahoradelcampo.com.uy\/site\/category\/actualidad\/"},"img":{"alt_text":"","src":"https:\/\/i0.wp.com\/lahoradelcampo.com.uy\/site\/wp-content\/uploads\/2025\/10\/LaMagdalena-remato.jpg?fit=880%2C440&ssl=1&resize=350%2C200","width":350,"height":200,"srcset":"https:\/\/i0.wp.com\/lahoradelcampo.com.uy\/site\/wp-content\/uploads\/2025\/10\/LaMagdalena-remato.jpg?fit=880%2C440&ssl=1&resize=350%2C200 1x, https:\/\/i0.wp.com\/lahoradelcampo.com.uy\/site\/wp-content\/uploads\/2025\/10\/LaMagdalena-remato.jpg?fit=880%2C440&ssl=1&resize=525%2C300 1.5x, https:\/\/i0.wp.com\/lahoradelcampo.com.uy\/site\/wp-content\/uploads\/2025\/10\/LaMagdalena-remato.jpg?fit=880%2C440&ssl=1&resize=700%2C400 2x"},"classes":[]},{"id":36185,"url":"https:\/\/lahoradelcampo.com.uy\/site\/us-3-570-fue-el-promedio-de-la-zafra-de-toros-en-salto\/","url_meta":{"origin":24732,"position":4},"title":"US$ 3.570 fue el promedio de la zafra de toros en Salto","author":"La Hora del Campo","date":"3 noviembre, 2021","format":false,"excerpt":"En el departamento de Salto, durante el mes de octubre, se realizaron nueve remates con un total de 447 toros comercializados. En el siguiente an\u00e1lisis de la zafra solamente analizaremos ocho ventas, con 435 toros, ya que el remate de la Exposici\u00f3n de Salto donde se comercializaron 12 reproductores estuvimos\u2026","rel":"","context":"En \u00abActualidad\u00bb","block_context":{"text":"Actualidad","link":"https:\/\/lahoradelcampo.com.uy\/site\/category\/actualidad\/"},"img":{"alt_text":"","src":"https:\/\/i0.wp.com\/lahoradelcampo.com.uy\/site\/wp-content\/uploads\/2021\/11\/zafradetoros1.jpg?fit=880%2C440&ssl=1&resize=350%2C200","width":350,"height":200,"srcset":"https:\/\/i0.wp.com\/lahoradelcampo.com.uy\/site\/wp-content\/uploads\/2021\/11\/zafradetoros1.jpg?fit=880%2C440&ssl=1&resize=350%2C200 1x, https:\/\/i0.wp.com\/lahoradelcampo.com.uy\/site\/wp-content\/uploads\/2021\/11\/zafradetoros1.jpg?fit=880%2C440&ssl=1&resize=525%2C300 1.5x, https:\/\/i0.wp.com\/lahoradelcampo.com.uy\/site\/wp-content\/uploads\/2021\/11\/zafradetoros1.jpg?fit=880%2C440&ssl=1&resize=700%2C400 2x"},"classes":[]},{"id":52921,"url":"https:\/\/lahoradelcampo.com.uy\/site\/salto-en-octubre-se-llevan-vendidos-439-toros-a-us-3-124-de-promedio\/","url_meta":{"origin":24732,"position":5},"title":"Salto: En octubre se llevan vendidos 439 toros a US$ 3.124 de promedio","author":"La Hora del Campo","date":"26 octubre, 2023","format":false,"excerpt":"La zafra de reproductores se adelant\u00f3 a nivel nacional, sin embargo en el departamento se mantuvo el inicio de la zafra luego de la exposici\u00f3n de Salto. A diferencia del a\u00f1o pasado se adelantaron las fechas y octubre cerr\u00f3 con las ventas en pista de reproductores este mi\u00e9rcoles 25, en\u2026","rel":"","context":"En \u00abActualidad\u00bb","block_context":{"text":"Actualidad","link":"https:\/\/lahoradelcampo.com.uy\/site\/category\/actualidad\/"},"img":{"alt_text":"","src":"https:\/\/i0.wp.com\/lahoradelcampo.com.uy\/site\/wp-content\/uploads\/2018\/05\/toros-hereford.jpg?fit=880%2C440&ssl=1&resize=350%2C200","width":350,"height":200,"srcset":"https:\/\/i0.wp.com\/lahoradelcampo.com.uy\/site\/wp-content\/uploads\/2018\/05\/toros-hereford.jpg?fit=880%2C440&ssl=1&resize=350%2C200 1x, https:\/\/i0.wp.com\/lahoradelcampo.com.uy\/site\/wp-content\/uploads\/2018\/05\/toros-hereford.jpg?fit=880%2C440&ssl=1&resize=525%2C300 1.5x, https:\/\/i0.wp.com\/lahoradelcampo.com.uy\/site\/wp-content\/uploads\/2018\/05\/toros-hereford.jpg?fit=880%2C440&ssl=1&resize=700%2C400 2x"},"classes":[]}],"jetpack_likes_enabled":true,"_links":{"self":[{"href":"https:\/\/lahoradelcampo.com.uy\/site\/wp-json\/wp\/v2\/posts\/24732","targetHints":{"allow":["GET"]}}],"collection":[{"href":"https:\/\/lahoradelcampo.com.uy\/site\/wp-json\/wp\/v2\/posts"}],"about":[{"href":"https:\/\/lahoradelcampo.com.uy\/site\/wp-json\/wp\/v2\/types\/post"}],"author":[{"embeddable":true,"href":"https:\/\/lahoradelcampo.com.uy\/site\/wp-json\/wp\/v2\/users\/5"}],"replies":[{"embeddable":true,"href":"https:\/\/lahoradelcampo.com.uy\/site\/wp-json\/wp\/v2\/comments?post=24732"}],"version-history":[{"count":1,"href":"https:\/\/lahoradelcampo.com.uy\/site\/wp-json\/wp\/v2\/posts\/24732\/revisions"}],"predecessor-version":[{"id":24736,"href":"https:\/\/lahoradelcampo.com.uy\/site\/wp-json\/wp\/v2\/posts\/24732\/revisions\/24736"}],"wp:featuredmedia":[{"embeddable":true,"href":"https:\/\/lahoradelcampo.com.uy\/site\/wp-json\/wp\/v2\/media\/24734"}],"wp:attachment":[{"href":"https:\/\/lahoradelcampo.com.uy\/site\/wp-json\/wp\/v2\/media?parent=24732"}],"wp:term":[{"taxonomy":"category","embeddable":true,"href":"https:\/\/lahoradelcampo.com.uy\/site\/wp-json\/wp\/v2\/categories?post=24732"},{"taxonomy":"post_tag","embeddable":true,"href":"https:\/\/lahoradelcampo.com.uy\/site\/wp-json\/wp\/v2\/tags?post=24732"}],"curies":[{"name":"wp","href":"https:\/\/api.w.org\/{rel}","templated":true}]}}