{"id":24726,"date":"2020-10-17T10:37:11","date_gmt":"2020-10-17T13:37:11","guid":{"rendered":"http:\/\/lahoradelcampo.com.uy\/site\/?p=24726"},"modified":"2020-10-17T10:37:17","modified_gmt":"2020-10-17T13:37:17","slug":"hoy-comienzan-las-calificaciones-en-la-expo-chiflero-los-ovinos-en-la-manana-y-los-equinos-en-la-tarde","status":"publish","type":"post","link":"https:\/\/lahoradelcampo.com.uy\/site\/hoy-comienzan-las-calificaciones-en-la-expo-chiflero-los-ovinos-en-la-manana-y-los-equinos-en-la-tarde\/","title":{"rendered":"Hoy comienzan las calificaciones en la Expo Chiflero, los ovinos en la ma\u00f1ana y los equinos en la tarde"},"content":{"rendered":"\n<figure class=\"wp-block-image\"><img data-recalc-dims=\"1\" loading=\"lazy\" decoding=\"async\" width=\"810\" height=\"405\" data-attachment-id=\"24728\" data-permalink=\"https:\/\/lahoradelcampo.com.uy\/site\/hoy-comienzan-las-calificaciones-en-la-expo-chiflero-los-ovinos-en-la-manana-y-los-equinos-en-la-tarde\/nuevo-proyecto-1-3\/\" data-orig-file=\"https:\/\/i0.wp.com\/lahoradelcampo.com.uy\/site\/wp-content\/uploads\/2020\/10\/Nuevo-proyecto-1-1.jpg?fit=879%2C439&amp;ssl=1\" data-orig-size=\"879,439\" data-comments-opened=\"1\" data-image-meta=\"{&quot;aperture&quot;:&quot;0&quot;,&quot;credit&quot;:&quot;&quot;,&quot;camera&quot;:&quot;&quot;,&quot;caption&quot;:&quot;&quot;,&quot;created_timestamp&quot;:&quot;0&quot;,&quot;copyright&quot;:&quot;&quot;,&quot;focal_length&quot;:&quot;0&quot;,&quot;iso&quot;:&quot;0&quot;,&quot;shutter_speed&quot;:&quot;0&quot;,&quot;title&quot;:&quot;&quot;,&quot;orientation&quot;:&quot;0&quot;}\" data-image-title=\"Nuevo proyecto 1\" data-image-description=\"\" data-image-caption=\"\" data-large-file=\"https:\/\/i0.wp.com\/lahoradelcampo.com.uy\/site\/wp-content\/uploads\/2020\/10\/Nuevo-proyecto-1-1.jpg?fit=810%2C405&amp;ssl=1\" src=\"https:\/\/i0.wp.com\/lahoradelcampo.com.uy\/site\/wp-content\/uploads\/2020\/10\/Nuevo-proyecto-1-1.jpg?resize=810%2C405\" alt=\"\" class=\"wp-image-24728\" srcset=\"https:\/\/i0.wp.com\/lahoradelcampo.com.uy\/site\/wp-content\/uploads\/2020\/10\/Nuevo-proyecto-1-1.jpg?w=879&amp;ssl=1 879w, https:\/\/i0.wp.com\/lahoradelcampo.com.uy\/site\/wp-content\/uploads\/2020\/10\/Nuevo-proyecto-1-1.jpg?resize=300%2C150&amp;ssl=1 300w, https:\/\/i0.wp.com\/lahoradelcampo.com.uy\/site\/wp-content\/uploads\/2020\/10\/Nuevo-proyecto-1-1.jpg?resize=768%2C384&amp;ssl=1 768w, https:\/\/i0.wp.com\/lahoradelcampo.com.uy\/site\/wp-content\/uploads\/2020\/10\/Nuevo-proyecto-1-1.jpg?resize=820%2C410&amp;ssl=1 820w\" sizes=\"auto, (max-width: 810px) 100vw, 810px\" \/><\/figure>\n\n\n\n<p>Como es tradicional en el local Chiflero, luego de un control extricto de los veterinarios privados y el servicio oficial, ingresaron a exposici\u00f3n y venta cercad de 80 carneros entre galp\u00f3n y campo, por lo que se tendr\u00e1 una importante actividad esta ma\u00f1ana en lo que hace a calificaciones.<br><\/p>\n\n\n\n<p>Carlos Lopez, integrante de la Asociaci\u00f3n Rural del Uruguay (ARU) brind\u00f3 los nombres de los jurados que hoy estar\u00e1n calificando los mejores ejemplares de la muestra.<br><\/p>\n\n\n\n<p>En la raza Merino Australiano, el criador, directivo del Secretariado Uruguayo de la Lana e integrante del Consorcio Regional de Lanas Ultrafinas del Uruguay (Crilu), Eduardo Filliol, ser\u00e1 el jurado de la raza mayoritaria en cuanto a participaci\u00f3n de ejemplares.<br><\/p>\n\n\n\n<p>Diego De Brum y el Ing. Agr. Ruben Argelaguet, ser\u00e1n los encargados de calificar el Ideal, Bernardo Rodr\u00edguez el jurado de la raza Meril\u00edn y el Ing. Ruben Argelaguet tambi\u00e9n ser\u00e1 el encargado de calificar la raza Texel.<br><\/p>\n\n\n\n<p>En el caso del Corriedale e Ille De France los jurados ser\u00e1n designados por el SUL.<br> A la tarde en las calificaciones de la raza criollos, el jurado estar\u00e1 compuesto por Jos\u00e9 Luis Savio y Carlos Parietti, quienes tendran 15 ejemplares para definir los grandes campeones.<br><\/p>\n\n\n\n<p>Las ventas<br><\/p>\n\n\n\n<p>En el caso de las ventas, de acuerdo al programa de la muestra, est\u00e1 previsto que comiencen a las 17 horas. El inicio de las mismas ser\u00e1 con los ovinos, primero de galp\u00f3n y luego de campo, finalizando la jornada con los equinos.<\/p>\n\n\n\n<p> Domingo<\/p>\n\n\n\n<p> Para el d\u00eda domingo est\u00e1 previsto que se califiquen en la ma\u00f1ana los bovinos, donde el Ing. Agr. Rodr\u00edgo Fern\u00e1ndez, de la caba\u00f1a Frigor\u00edfico Modelo, ser\u00e1 el encargado de calificar la muestra del Aberdeen Angus. En tanto que en el Hereford, el jurado ser\u00e1 Germ\u00e1n Morixe.<br><\/p>\n\n\n\n<p>En las razas Shorthorn y Limousin, se define en las pr\u00f3ximas horas los jurados.<br><\/p>\n\n\n\n<p>El MGAP<\/p>\n\n\n\n<p>La muestra contar\u00e1 con la presencia del Ing. Agr. Ignacio Buffa, subsecretario de la cartera, y la Dra. Fernanda Maldonado, Directora general del MGAP.<br><\/p>\n\n\n\n<p>El remate<br><\/p>\n\n\n\n<p>Ayer al cierre de la primera jornada de actividad de la expo Chiflero, se realiz\u00f3 por parte del escritorio Gast\u00f3n Araujo Agronegocios, el remate caballos Cuarto de Milla de \u00abLa Matrera\u00bb de estancia Santander de Mailhos, colocando el 100% de la oferta.<\/p>\n\n\n\n<p> Las yeguas domadas cotizaron a US$ 2.723 de promedio, un caballo domado en US$ 1.710, las potrancas a US$ 1.950, los potros castrados US$ 1.238, una yegua pre\u00f1ada en US$ 1.170 y las yeguas con cr\u00eda a U$S 990.<\/p>\n\n\n\n<p>Salto, 17 de octubre de 2020<\/p>\n","protected":false},"excerpt":{"rendered":"<p>Como es tradicional en el local Chiflero, luego de un control extricto de los veterinarios privados y el servicio oficial, ingresaron a exposici\u00f3n y venta cercad de 80 carneros entre [&hellip;]<\/p>\n","protected":false},"author":5,"featured_media":24728,"comment_status":"open","ping_status":"open","sticky":false,"template":"","format":"standard","meta":{"_price":"","_stock":"","_tribe_ticket_header":"","_tribe_default_ticket_provider":"","_tribe_ticket_capacity":"0","_ticket_start_date":"","_ticket_end_date":"","_tribe_ticket_show_description":"","_tribe_ticket_show_not_going":false,"_tribe_ticket_use_global_stock":"","_tribe_ticket_global_stock_level":"","_global_stock_mode":"","_global_stock_cap":"","_tribe_rsvp_for_event":"","_tribe_ticket_going_count":"","_tribe_ticket_not_going_count":"","_tribe_tickets_list":"[]","_tribe_ticket_has_attendee_info_fields":false,"h5ap_radio_sources":[],"_jetpack_newsletter_access":"","_jetpack_dont_email_post_to_subs":false,"_jetpack_newsletter_tier_id":0,"_jetpack_memberships_contains_paywalled_content":false,"_jetpack_memberships_contains_paid_content":false,"footnotes":""},"categories":[21,5],"tags":[],"class_list":["post-24726","post","type-post","status-publish","format-standard","has-post-thumbnail","hentry","category-actualidad","category-ganaderia"],"jetpack_featured_media_url":"https:\/\/i0.wp.com\/lahoradelcampo.com.uy\/site\/wp-content\/uploads\/2020\/10\/Nuevo-proyecto-1-1.jpg?fit=879%2C439&ssl=1","jetpack_sharing_enabled":true,"jetpack_shortlink":"https:\/\/wp.me\/p99IaT-6qO","jetpack-related-posts":[{"id":24682,"url":"https:\/\/lahoradelcampo.com.uy\/site\/hoy-comienza-la-expo-chiflero-en-artigas\/","url_meta":{"origin":24726,"position":0},"title":"Hoy comienza la Expo Chiflero en Artigas","author":"La Hora del Campo","date":"16 octubre, 2020","format":false,"excerpt":"La 88\u00aa exposici\u00f3n feria ganadera nacional y 57\u00aa internacional de reproductores en el departamento de Artigas, comienza en la jornada de hoy con el ingreso de los ejemplares de las distintas razas, al tiempo que se ha programado una venta especial de la raza Cuarto de Milla, tanto para trabajo\u2026","rel":"","context":"En \u00abActualidad\u00bb","block_context":{"text":"Actualidad","link":"https:\/\/lahoradelcampo.com.uy\/site\/category\/actualidad\/"},"img":{"alt_text":"","src":"https:\/\/i0.wp.com\/lahoradelcampo.com.uy\/site\/wp-content\/uploads\/2020\/10\/expochiflero.jpg?fit=880%2C440&ssl=1&resize=350%2C200","width":350,"height":200,"srcset":"https:\/\/i0.wp.com\/lahoradelcampo.com.uy\/site\/wp-content\/uploads\/2020\/10\/expochiflero.jpg?fit=880%2C440&ssl=1&resize=350%2C200 1x, https:\/\/i0.wp.com\/lahoradelcampo.com.uy\/site\/wp-content\/uploads\/2020\/10\/expochiflero.jpg?fit=880%2C440&ssl=1&resize=525%2C300 1.5x, https:\/\/i0.wp.com\/lahoradelcampo.com.uy\/site\/wp-content\/uploads\/2020\/10\/expochiflero.jpg?fit=880%2C440&ssl=1&resize=700%2C400 2x"},"classes":[]},{"id":24760,"url":"https:\/\/lahoradelcampo.com.uy\/site\/la-revancha-de-dominguez-presento-la-gran-campeona-en-criollos\/","url_meta":{"origin":24726,"position":1},"title":"La Revancha de Dominguez present\u00f3 la Gran Campeona en Criollos","author":"La Hora del Campo","date":"18 octubre, 2020","format":false,"excerpt":"Jos\u00e9 Luis Savio y Carlos Parietti fueron los encargados de calificar en la Expo Chiflero los mejores ejemplares expuestos por la raza criolla. En una pista con pocos animales, pero con un importante nivel de morfolog\u00eda. En las calificaciones, en la categor\u00eda incentivo la mejor hembra fue expuesta por el\u2026","rel":"","context":"En \u00abActualidad\u00bb","block_context":{"text":"Actualidad","link":"https:\/\/lahoradelcampo.com.uy\/site\/category\/actualidad\/"},"img":{"alt_text":"","src":"https:\/\/i0.wp.com\/lahoradelcampo.com.uy\/site\/wp-content\/uploads\/2020\/10\/Chiflerocriollos.jpg?fit=880%2C440&ssl=1&resize=350%2C200","width":350,"height":200,"srcset":"https:\/\/i0.wp.com\/lahoradelcampo.com.uy\/site\/wp-content\/uploads\/2020\/10\/Chiflerocriollos.jpg?fit=880%2C440&ssl=1&resize=350%2C200 1x, https:\/\/i0.wp.com\/lahoradelcampo.com.uy\/site\/wp-content\/uploads\/2020\/10\/Chiflerocriollos.jpg?fit=880%2C440&ssl=1&resize=525%2C300 1.5x, https:\/\/i0.wp.com\/lahoradelcampo.com.uy\/site\/wp-content\/uploads\/2020\/10\/Chiflerocriollos.jpg?fit=880%2C440&ssl=1&resize=700%2C400 2x"},"classes":[]},{"id":24738,"url":"https:\/\/lahoradelcampo.com.uy\/site\/sol-calor-y-una-pista-destacada-en-la-genetica-ovina-de-la-expo-chiflero-2020\/","url_meta":{"origin":24726,"position":2},"title":"Sol, calor y una pista destacada en la  gen\u00e9tica ovina de la Expo Chiflero 2020","author":"La Hora del Campo","date":"18 octubre, 2020","format":false,"excerpt":"Como es tradicional, una jornada de sol y calor en el norte de pa\u00eds, con dos destacadas pistas de ovinos. Al comienzo se calificaron las razas ovinas y al cierre de la ma\u00f1ana, se jur\u00f3 la pista del merino, que cada vez se destaca m\u00e1s, con la presencia de caba\u00f1as\u2026","rel":"","context":"En \u00abActualidad\u00bb","block_context":{"text":"Actualidad","link":"https:\/\/lahoradelcampo.com.uy\/site\/category\/actualidad\/"},"img":{"alt_text":"","src":"https:\/\/i0.wp.com\/lahoradelcampo.com.uy\/site\/wp-content\/uploads\/2020\/10\/ChifleroIdeales.jpg?fit=880%2C440&ssl=1&resize=350%2C200","width":350,"height":200,"srcset":"https:\/\/i0.wp.com\/lahoradelcampo.com.uy\/site\/wp-content\/uploads\/2020\/10\/ChifleroIdeales.jpg?fit=880%2C440&ssl=1&resize=350%2C200 1x, https:\/\/i0.wp.com\/lahoradelcampo.com.uy\/site\/wp-content\/uploads\/2020\/10\/ChifleroIdeales.jpg?fit=880%2C440&ssl=1&resize=525%2C300 1.5x, https:\/\/i0.wp.com\/lahoradelcampo.com.uy\/site\/wp-content\/uploads\/2020\/10\/ChifleroIdeales.jpg?fit=880%2C440&ssl=1&resize=700%2C400 2x"},"classes":[]},{"id":24756,"url":"https:\/\/lahoradelcampo.com.uy\/site\/expo-chiflero-con-destaque-especial-para-el-merino-australiano\/","url_meta":{"origin":24726,"position":3},"title":"Expo Chiflero con destaque especial para el Merino Australiano","author":"La Hora del Campo","date":"18 octubre, 2020","format":false,"excerpt":"Y no es solamente un decir que la pista del merino fue destacada, mientras las razas minoritarias se calificaron bajo techo, en la vieja pista de venta de ovinos, la Sociedad de Criadores de Merino Australiano del Uruguay decidi\u00f3 realizar la jura en la pista tradicional, al aire libre y\u2026","rel":"","context":"En \u00abActualidad\u00bb","block_context":{"text":"Actualidad","link":"https:\/\/lahoradelcampo.com.uy\/site\/category\/actualidad\/"},"img":{"alt_text":"","src":"https:\/\/i0.wp.com\/lahoradelcampo.com.uy\/site\/wp-content\/uploads\/2020\/10\/Chifleromerino.jpg?fit=880%2C440&ssl=1&resize=350%2C200","width":350,"height":200,"srcset":"https:\/\/i0.wp.com\/lahoradelcampo.com.uy\/site\/wp-content\/uploads\/2020\/10\/Chifleromerino.jpg?fit=880%2C440&ssl=1&resize=350%2C200 1x, https:\/\/i0.wp.com\/lahoradelcampo.com.uy\/site\/wp-content\/uploads\/2020\/10\/Chifleromerino.jpg?fit=880%2C440&ssl=1&resize=525%2C300 1.5x, https:\/\/i0.wp.com\/lahoradelcampo.com.uy\/site\/wp-content\/uploads\/2020\/10\/Chifleromerino.jpg?fit=880%2C440&ssl=1&resize=700%2C400 2x"},"classes":[]},{"id":54444,"url":"https:\/\/lahoradelcampo.com.uy\/site\/angus-confirmo-243-ejemplares-para-las-calificaciones-en-el-ruedo\/","url_meta":{"origin":24726,"position":4},"title":"Angus confirm\u00f3 243 ejemplares para las calificaciones en el ruedo","author":"La Hora del Campo","date":"8 septiembre, 2024","format":false,"excerpt":"La raza Aberdeen Angus, al igual que en los \u00faltimos a\u00f1os, ha confirmado la presencia de 243 ejemplares a premio en el marco de esta edici\u00f3n de la Expo Prado 2024, \"son nueve o diez animales m\u00e1s que el a\u00f1o pasado\" indic\u00f3 el presidente de la gremial Juan Pablo P\u00e9rez\u2026","rel":"","context":"En \u00abActualidad\u00bb","block_context":{"text":"Actualidad","link":"https:\/\/lahoradelcampo.com.uy\/site\/category\/actualidad\/"},"img":{"alt_text":"","src":"https:\/\/i0.wp.com\/lahoradelcampo.com.uy\/site\/wp-content\/uploads\/2024\/08\/JuanPabloPerezFrontini.jpg?fit=880%2C440&ssl=1&resize=350%2C200","width":350,"height":200,"srcset":"https:\/\/i0.wp.com\/lahoradelcampo.com.uy\/site\/wp-content\/uploads\/2024\/08\/JuanPabloPerezFrontini.jpg?fit=880%2C440&ssl=1&resize=350%2C200 1x, https:\/\/i0.wp.com\/lahoradelcampo.com.uy\/site\/wp-content\/uploads\/2024\/08\/JuanPabloPerezFrontini.jpg?fit=880%2C440&ssl=1&resize=525%2C300 1.5x, https:\/\/i0.wp.com\/lahoradelcampo.com.uy\/site\/wp-content\/uploads\/2024\/08\/JuanPabloPerezFrontini.jpg?fit=880%2C440&ssl=1&resize=700%2C400 2x"},"classes":[]},{"id":45247,"url":"https:\/\/lahoradelcampo.com.uy\/site\/conozca-la-agenda-de-calificaciones-de-la-expo-prado-2022\/","url_meta":{"origin":24726,"position":5},"title":"Conozca la agenda de calificaciones de la Expo Prado 2022","author":"La Hora del Campo","date":"5 septiembre, 2022","format":false,"excerpt":"El \u00e1rea ganadera mostr\u00f3 un incremento del 10% en la cantidad de animales inscriptos, seg\u00fan inform\u00f3 el director de Exposiciones, Ing. Rafael Ferber, quien destac\u00f3 la participaci\u00f3n de la raza Brahman este a\u00f1o y el crecimiento en las diferentes razas carniceras en la especie ovina. \"Los ovinos con lana mantienen\u2026","rel":"","context":"En \u00abActualidad\u00bb","block_context":{"text":"Actualidad","link":"https:\/\/lahoradelcampo.com.uy\/site\/category\/actualidad\/"},"img":{"alt_text":"","src":"https:\/\/i0.wp.com\/lahoradelcampo.com.uy\/site\/wp-content\/uploads\/2021\/06\/expoprado.jpg?fit=880%2C440&ssl=1&resize=350%2C200","width":350,"height":200,"srcset":"https:\/\/i0.wp.com\/lahoradelcampo.com.uy\/site\/wp-content\/uploads\/2021\/06\/expoprado.jpg?fit=880%2C440&ssl=1&resize=350%2C200 1x, https:\/\/i0.wp.com\/lahoradelcampo.com.uy\/site\/wp-content\/uploads\/2021\/06\/expoprado.jpg?fit=880%2C440&ssl=1&resize=525%2C300 1.5x, https:\/\/i0.wp.com\/lahoradelcampo.com.uy\/site\/wp-content\/uploads\/2021\/06\/expoprado.jpg?fit=880%2C440&ssl=1&resize=700%2C400 2x"},"classes":[]}],"jetpack_likes_enabled":true,"_links":{"self":[{"href":"https:\/\/lahoradelcampo.com.uy\/site\/wp-json\/wp\/v2\/posts\/24726","targetHints":{"allow":["GET"]}}],"collection":[{"href":"https:\/\/lahoradelcampo.com.uy\/site\/wp-json\/wp\/v2\/posts"}],"about":[{"href":"https:\/\/lahoradelcampo.com.uy\/site\/wp-json\/wp\/v2\/types\/post"}],"author":[{"embeddable":true,"href":"https:\/\/lahoradelcampo.com.uy\/site\/wp-json\/wp\/v2\/users\/5"}],"replies":[{"embeddable":true,"href":"https:\/\/lahoradelcampo.com.uy\/site\/wp-json\/wp\/v2\/comments?post=24726"}],"version-history":[{"count":1,"href":"https:\/\/lahoradelcampo.com.uy\/site\/wp-json\/wp\/v2\/posts\/24726\/revisions"}],"predecessor-version":[{"id":24730,"href":"https:\/\/lahoradelcampo.com.uy\/site\/wp-json\/wp\/v2\/posts\/24726\/revisions\/24730"}],"wp:featuredmedia":[{"embeddable":true,"href":"https:\/\/lahoradelcampo.com.uy\/site\/wp-json\/wp\/v2\/media\/24728"}],"wp:attachment":[{"href":"https:\/\/lahoradelcampo.com.uy\/site\/wp-json\/wp\/v2\/media?parent=24726"}],"wp:term":[{"taxonomy":"category","embeddable":true,"href":"https:\/\/lahoradelcampo.com.uy\/site\/wp-json\/wp\/v2\/categories?post=24726"},{"taxonomy":"post_tag","embeddable":true,"href":"https:\/\/lahoradelcampo.com.uy\/site\/wp-json\/wp\/v2\/tags?post=24726"}],"curies":[{"name":"wp","href":"https:\/\/api.w.org\/{rel}","templated":true}]}}