{"id":24702,"date":"2020-10-16T07:53:52","date_gmt":"2020-10-16T10:53:52","guid":{"rendered":"http:\/\/lahoradelcampo.com.uy\/site\/?p=24702"},"modified":"2020-10-16T07:53:56","modified_gmt":"2020-10-16T10:53:56","slug":"el-polled-hereford-de-nu-pora-se-vendio-a-us-3-434","status":"publish","type":"post","link":"https:\/\/lahoradelcampo.com.uy\/site\/el-polled-hereford-de-nu-pora-se-vendio-a-us-3-434\/","title":{"rendered":"El Polled Hereford de \u00d1u Por\u00e1 se vendi\u00f3 a US$ 3.434"},"content":{"rendered":"\n<figure class=\"wp-block-image\"><img data-recalc-dims=\"1\" loading=\"lazy\" decoding=\"async\" width=\"810\" height=\"405\" data-attachment-id=\"24704\" data-permalink=\"https:\/\/lahoradelcampo.com.uy\/site\/el-polled-hereford-de-nu-pora-se-vendio-a-us-3-434\/nuporaventa\/\" data-orig-file=\"https:\/\/i0.wp.com\/lahoradelcampo.com.uy\/site\/wp-content\/uploads\/2020\/10\/%C3%B1uporaventa.jpg?fit=880%2C440&amp;ssl=1\" data-orig-size=\"880,440\" data-comments-opened=\"1\" data-image-meta=\"{&quot;aperture&quot;:&quot;0&quot;,&quot;credit&quot;:&quot;&quot;,&quot;camera&quot;:&quot;&quot;,&quot;caption&quot;:&quot;&quot;,&quot;created_timestamp&quot;:&quot;0&quot;,&quot;copyright&quot;:&quot;&quot;,&quot;focal_length&quot;:&quot;0&quot;,&quot;iso&quot;:&quot;0&quot;,&quot;shutter_speed&quot;:&quot;0&quot;,&quot;title&quot;:&quot;&quot;,&quot;orientation&quot;:&quot;1&quot;}\" data-image-title=\"\u00f1uporaventa\" data-image-description=\"\" data-image-caption=\"\" data-large-file=\"https:\/\/i0.wp.com\/lahoradelcampo.com.uy\/site\/wp-content\/uploads\/2020\/10\/%C3%B1uporaventa.jpg?fit=810%2C405&amp;ssl=1\" src=\"https:\/\/i0.wp.com\/lahoradelcampo.com.uy\/site\/wp-content\/uploads\/2020\/10\/%C3%B1uporaventa.jpg?resize=810%2C405\" alt=\"\" class=\"wp-image-24704\" srcset=\"https:\/\/i0.wp.com\/lahoradelcampo.com.uy\/site\/wp-content\/uploads\/2020\/10\/%C3%B1uporaventa.jpg?w=880&amp;ssl=1 880w, https:\/\/i0.wp.com\/lahoradelcampo.com.uy\/site\/wp-content\/uploads\/2020\/10\/%C3%B1uporaventa.jpg?resize=300%2C150&amp;ssl=1 300w, https:\/\/i0.wp.com\/lahoradelcampo.com.uy\/site\/wp-content\/uploads\/2020\/10\/%C3%B1uporaventa.jpg?resize=768%2C384&amp;ssl=1 768w, https:\/\/i0.wp.com\/lahoradelcampo.com.uy\/site\/wp-content\/uploads\/2020\/10\/%C3%B1uporaventa.jpg?resize=820%2C410&amp;ssl=1 820w\" sizes=\"auto, (max-width: 810px) 100vw, 810px\" \/><\/figure>\n\n\n\n<p>En una hora se dispersaron la totalidad de los 41 toros Polled Hereford ofertados por \u201c\u00d1u Por\u00e1\u201d y \u201cSanta Mar\u00eda de Arapey\u201d, en subasta a cargo de Indarte y C\u00eda. y Escritorio Dutra, y realizado en la propia caba\u00f1a del departamento de Paysand\u00fa.<br><\/p>\n\n\n\n<p>Alejandro Dutra y Joaqu\u00edn Abelenda se alternaron en la venta de los toros Polled Hereford, que exhib\u00edan un muy buen estado.<br><\/p>\n\n\n\n<p>Tambi\u00e9n en forma alternada sal\u00edan a pista. De esta manera, se colocaron 26 productos de \u201c\u00d1u Por\u00e1\u201d entre U$S 4.560, obtenido por dos toros del segundo lote ofertado, y 2.640, promedio U$S 3.434. Y los 15 toros de \u201cSanta Mar\u00eda de Arapey\u201d se vendieron entre 4.200 y 2.640, promedio U$S 3.288.<br><\/p>\n\n\n\n<p>Carlos Parietti se mostr\u00f3 \u201cmuy contento\u201d al t\u00e9rmino de la subasta. La consider\u00f3 \u201cmuy \u00e1gil y con buenos valores, siendo parte clientes asiduos al remate y otros que vinieron por primera vez y desde lejos\u201d.<br><\/p>\n\n\n\n<p>Aclar\u00f3 que \u201cse hizo hincapi\u00e9 en la preparaci\u00f3n y que no hubieran toros en menor estado que otros, por lo que fue f\u00e1cil uniformizar las ventas\u201d.<br><\/p>\n\n\n\n<p>Al igual que los rematadores evalu\u00f3 como \u201cmuy positiva\u201d la preoferta, indicando Alejandro Dutra que \u201ces una herramienta que lleg\u00f3 para quedarse y ayuda a dinamizar las ventas\u201d.<br><\/p>\n\n\n\n<p>Para el ingeniero agr\u00f3nomo Fernando Indarte, de los remates realizados en \u00d1u Por\u00e1 y que su firma ha participado \u201ces de los que m\u00e1s me gust\u00f3, ya que independientemente del precio, se dio una agilidad que no tuvimos nunca, porque nunca cost\u00f3 conseguir la oferta\u201d.<\/p>\n\n\n\n<p style=\"text-align:right\"><strong>Salto, 16 de octubre de 2020<\/strong><\/p>\n","protected":false},"excerpt":{"rendered":"<p>En una hora se dispersaron la totalidad de los 41 toros Polled Hereford ofertados por \u201c\u00d1u Por\u00e1\u201d y \u201cSanta Mar\u00eda de Arapey\u201d, en subasta a cargo de Indarte y C\u00eda. [&hellip;]<\/p>\n","protected":false},"author":5,"featured_media":24704,"comment_status":"open","ping_status":"open","sticky":false,"template":"","format":"standard","meta":{"_price":"","_stock":"","_tribe_ticket_header":"","_tribe_default_ticket_provider":"","_tribe_ticket_capacity":"0","_ticket_start_date":"","_ticket_end_date":"","_tribe_ticket_show_description":"","_tribe_ticket_show_not_going":false,"_tribe_ticket_use_global_stock":"","_tribe_ticket_global_stock_level":"","_global_stock_mode":"","_global_stock_cap":"","_tribe_rsvp_for_event":"","_tribe_ticket_going_count":"","_tribe_ticket_not_going_count":"","_tribe_tickets_list":"[]","_tribe_ticket_has_attendee_info_fields":false,"h5ap_radio_sources":[],"_jetpack_newsletter_access":"","_jetpack_dont_email_post_to_subs":false,"_jetpack_newsletter_tier_id":0,"_jetpack_memberships_contains_paywalled_content":false,"_jetpack_memberships_contains_paid_content":false,"footnotes":""},"categories":[21,5],"tags":[],"class_list":["post-24702","post","type-post","status-publish","format-standard","has-post-thumbnail","hentry","category-actualidad","category-ganaderia"],"jetpack_featured_media_url":"https:\/\/i0.wp.com\/lahoradelcampo.com.uy\/site\/wp-content\/uploads\/2020\/10\/%C3%B1uporaventa.jpg?fit=880%2C440&ssl=1","jetpack_sharing_enabled":true,"jetpack_shortlink":"https:\/\/wp.me\/p99IaT-6qq","jetpack-related-posts":[{"id":15190,"url":"https:\/\/lahoradelcampo.com.uy\/site\/nu-pora-y-santa-maria-del-arapey-vendieron-sus-hereford-en-us-3-738\/","url_meta":{"origin":24702,"position":0},"title":"\u00d1u Por\u00e1 y Santa Mar\u00eda del Arapey vendieron sus Hereford en US$ 3.738","author":"La Hora del Campo","date":"18 octubre, 2019","format":false,"excerpt":"Con firmeza y buenos precios para la actual zafra de reproductores, \"\u00d1u Por\u00e1\" vendi\u00f3 en la propia estancia del departamento de Paysand\u00fa, 59 toros Polled Hereford, incluyendo los de \"Santa Mar\u00eda de Arapey\" de Alejandra Parietti, en U$S 3.738. Las ventas a cargo de Indarte y C\u00eda. y Escritorio Dutra,\u2026","rel":"","context":"En \u00abActualidad\u00bb","block_context":{"text":"Actualidad","link":"https:\/\/lahoradelcampo.com.uy\/site\/category\/actualidad\/"},"img":{"alt_text":"","src":"https:\/\/i0.wp.com\/lahoradelcampo.com.uy\/site\/wp-content\/uploads\/2019\/10\/%C3%91u-Pora.jpg?fit=880%2C440&ssl=1&resize=350%2C200","width":350,"height":200,"srcset":"https:\/\/i0.wp.com\/lahoradelcampo.com.uy\/site\/wp-content\/uploads\/2019\/10\/%C3%91u-Pora.jpg?fit=880%2C440&ssl=1&resize=350%2C200 1x, https:\/\/i0.wp.com\/lahoradelcampo.com.uy\/site\/wp-content\/uploads\/2019\/10\/%C3%91u-Pora.jpg?fit=880%2C440&ssl=1&resize=525%2C300 1.5x, https:\/\/i0.wp.com\/lahoradelcampo.com.uy\/site\/wp-content\/uploads\/2019\/10\/%C3%91u-Pora.jpg?fit=880%2C440&ssl=1&resize=700%2C400 2x"},"classes":[]},{"id":35495,"url":"https:\/\/lahoradelcampo.com.uy\/site\/toros-de-nu-pora-promediaron-us-3-409\/","url_meta":{"origin":24702,"position":1},"title":"Toros de \u00d1u Por\u00e1 promediaron U$S 3.409","author":"La Hora del Campo","date":"15 octubre, 2021","format":false,"excerpt":"En un remate selectivo y de buena demanda,, se vendieron los 41 toros Polled Hereford en caba\u00f1a \u00d1u Por\u00e1, con Santa Mar\u00eda de Arapey como invitada, con un promedio de U$S 3.409. A cargo de Indarte y C\u00eda. y escritorio Dutra, con Walter Hugo Abelenda y Alejandro Dutra altern\u00e1ndose en\u2026","rel":"","context":"En \u00abActualidad\u00bb","block_context":{"text":"Actualidad","link":"https:\/\/lahoradelcampo.com.uy\/site\/category\/actualidad\/"},"img":{"alt_text":"","src":"https:\/\/i0.wp.com\/lahoradelcampo.com.uy\/site\/wp-content\/uploads\/2021\/10\/zafra-%C3%B1upora.jpg?fit=880%2C440&ssl=1&resize=350%2C200","width":350,"height":200,"srcset":"https:\/\/i0.wp.com\/lahoradelcampo.com.uy\/site\/wp-content\/uploads\/2021\/10\/zafra-%C3%B1upora.jpg?fit=880%2C440&ssl=1&resize=350%2C200 1x, https:\/\/i0.wp.com\/lahoradelcampo.com.uy\/site\/wp-content\/uploads\/2021\/10\/zafra-%C3%B1upora.jpg?fit=880%2C440&ssl=1&resize=525%2C300 1.5x, https:\/\/i0.wp.com\/lahoradelcampo.com.uy\/site\/wp-content\/uploads\/2021\/10\/zafra-%C3%B1upora.jpg?fit=880%2C440&ssl=1&resize=700%2C400 2x"},"classes":[]},{"id":57036,"url":"https:\/\/lahoradelcampo.com.uy\/site\/los-polled-hereford-de-nu-pora-promediaron-us-4-517\/","url_meta":{"origin":24702,"position":2},"title":"Los Polled Hereford de \u00d1u Por\u00e1 promediaron U$S 4.517","author":"La Hora del Campo","date":"10 octubre, 2025","format":false,"excerpt":"Con agilidad y demanda, la caba\u00f1a \u00d1u Por\u00e1, junto a Santa Mar\u00eda de Arapey, concret\u00f3 un remate excepcional de toros Polled Hereford, logrando ventas totales y un promedio de U$S 4.517, cifra que representa un aumento cercano al 30% respecto al a\u00f1o anterior. La subasta a cargo de las firmas\u2026","rel":"","context":"En \u00abActualidad\u00bb","block_context":{"text":"Actualidad","link":"https:\/\/lahoradelcampo.com.uy\/site\/category\/actualidad\/"},"img":{"alt_text":"","src":"https:\/\/i0.wp.com\/lahoradelcampo.com.uy\/site\/wp-content\/uploads\/2025\/10\/Nupora-rematp.jpg?fit=880%2C440&ssl=1&resize=350%2C200","width":350,"height":200,"srcset":"https:\/\/i0.wp.com\/lahoradelcampo.com.uy\/site\/wp-content\/uploads\/2025\/10\/Nupora-rematp.jpg?fit=880%2C440&ssl=1&resize=350%2C200 1x, https:\/\/i0.wp.com\/lahoradelcampo.com.uy\/site\/wp-content\/uploads\/2025\/10\/Nupora-rematp.jpg?fit=880%2C440&ssl=1&resize=525%2C300 1.5x, https:\/\/i0.wp.com\/lahoradelcampo.com.uy\/site\/wp-content\/uploads\/2025\/10\/Nupora-rematp.jpg?fit=880%2C440&ssl=1&resize=700%2C400 2x"},"classes":[]},{"id":46147,"url":"https:\/\/lahoradelcampo.com.uy\/site\/nu-pora-vendio-sus-polled-hereford-en-us-3-756-de-promedio\/","url_meta":{"origin":24702,"position":3},"title":"\u00d1u Por\u00e1 vendi\u00f3 sus Polled Hereford en US$ 3.756 de promedio","author":"La Hora del Campo","date":"7 octubre, 2022","format":false,"excerpt":"En una tarde gris, fr\u00eda, y donde la lluvia amag\u00f3 al iniciar las ventas pero luego no se concret\u00f3 en el volumen que se espera, la caba\u00f1a sanducera \u00d1u Por\u00e1 llev\u00f3 adelante su remate 2022, en el marco de esta zafra de reproductores. Bajo los martillos de Alejandro Dutra y\u2026","rel":"","context":"En \u00abActualidad\u00bb","block_context":{"text":"Actualidad","link":"https:\/\/lahoradelcampo.com.uy\/site\/category\/actualidad\/"},"img":{"alt_text":"","src":"https:\/\/i0.wp.com\/lahoradelcampo.com.uy\/site\/wp-content\/uploads\/2022\/10\/%C3%91u-Por%C3%A1-Remate.jpg?fit=880%2C440&ssl=1&resize=350%2C200","width":350,"height":200,"srcset":"https:\/\/i0.wp.com\/lahoradelcampo.com.uy\/site\/wp-content\/uploads\/2022\/10\/%C3%91u-Por%C3%A1-Remate.jpg?fit=880%2C440&ssl=1&resize=350%2C200 1x, https:\/\/i0.wp.com\/lahoradelcampo.com.uy\/site\/wp-content\/uploads\/2022\/10\/%C3%91u-Por%C3%A1-Remate.jpg?fit=880%2C440&ssl=1&resize=525%2C300 1.5x, https:\/\/i0.wp.com\/lahoradelcampo.com.uy\/site\/wp-content\/uploads\/2022\/10\/%C3%91u-Por%C3%A1-Remate.jpg?fit=880%2C440&ssl=1&resize=700%2C400 2x"},"classes":[]},{"id":24630,"url":"https:\/\/lahoradelcampo.com.uy\/site\/nupora-vende-hoy-su-torada-polled-hereford\/","url_meta":{"origin":24702,"position":4},"title":"\u00d1u Por\u00e1 vende hoy su torada Polled Hereford","author":"La Hora del Campo","date":"15 octubre, 2020","format":false,"excerpt":"Los toros de \u201c\u00d1u Por\u00e1\u201d se venden hoy jueves en la propia estancia, junto a los toros de \u201cSanta Mar\u00eda de Arapey\u201d como caba\u00f1a invitada, en uno de los puntos altos de la zafra para el litoral norte del pa\u00eds. En momentos en que la zafra de remates de toros\u2026","rel":"","context":"En \u00abActualidad\u00bb","block_context":{"text":"Actualidad","link":"https:\/\/lahoradelcampo.com.uy\/site\/category\/actualidad\/"},"img":{"alt_text":"","src":"https:\/\/i0.wp.com\/lahoradelcampo.com.uy\/site\/wp-content\/uploads\/2020\/10\/%C3%91uporaconferencia.jpg?fit=880%2C440&ssl=1&resize=350%2C200","width":350,"height":200,"srcset":"https:\/\/i0.wp.com\/lahoradelcampo.com.uy\/site\/wp-content\/uploads\/2020\/10\/%C3%91uporaconferencia.jpg?fit=880%2C440&ssl=1&resize=350%2C200 1x, https:\/\/i0.wp.com\/lahoradelcampo.com.uy\/site\/wp-content\/uploads\/2020\/10\/%C3%91uporaconferencia.jpg?fit=880%2C440&ssl=1&resize=525%2C300 1.5x, https:\/\/i0.wp.com\/lahoradelcampo.com.uy\/site\/wp-content\/uploads\/2020\/10\/%C3%91uporaconferencia.jpg?fit=880%2C440&ssl=1&resize=700%2C400 2x"},"classes":[]},{"id":35615,"url":"https:\/\/lahoradelcampo.com.uy\/site\/dutra-coloco-los-toros-destacados-de-cuatro-razas-en-tacuarembo\/","url_meta":{"origin":24702,"position":5},"title":"Dutra coloc\u00f3 los toros destacados  de cuatro razas en Tacuaremb\u00f3","author":"La Hora del Campo","date":"19 octubre, 2021","format":false,"excerpt":"Se realiz\u00f3 en el local de la Asociaci\u00f3n Rural de Tacuaremb\u00f3, y a cargo de escritorio Dutra, el remate conjunto del Angus de \"La Colorada\" de Morixe, Hereford de \"Carablanca\" de Morixe, San Gregorio Ganadera y \"El Pedernal\" de Braga; Braford de \"La F\u00e9 de Mendonca; Limousin de \"El Mangrullo\".\u2026","rel":"","context":"En \u00abActualidad\u00bb","block_context":{"text":"Actualidad","link":"https:\/\/lahoradelcampo.com.uy\/site\/category\/actualidad\/"},"img":{"alt_text":"","src":"https:\/\/i0.wp.com\/lahoradelcampo.com.uy\/site\/wp-content\/uploads\/2021\/10\/Zafra-destacadosTBO.jpg?fit=880%2C440&ssl=1&resize=350%2C200","width":350,"height":200,"srcset":"https:\/\/i0.wp.com\/lahoradelcampo.com.uy\/site\/wp-content\/uploads\/2021\/10\/Zafra-destacadosTBO.jpg?fit=880%2C440&ssl=1&resize=350%2C200 1x, https:\/\/i0.wp.com\/lahoradelcampo.com.uy\/site\/wp-content\/uploads\/2021\/10\/Zafra-destacadosTBO.jpg?fit=880%2C440&ssl=1&resize=525%2C300 1.5x, https:\/\/i0.wp.com\/lahoradelcampo.com.uy\/site\/wp-content\/uploads\/2021\/10\/Zafra-destacadosTBO.jpg?fit=880%2C440&ssl=1&resize=700%2C400 2x"},"classes":[]}],"jetpack_likes_enabled":true,"_links":{"self":[{"href":"https:\/\/lahoradelcampo.com.uy\/site\/wp-json\/wp\/v2\/posts\/24702","targetHints":{"allow":["GET"]}}],"collection":[{"href":"https:\/\/lahoradelcampo.com.uy\/site\/wp-json\/wp\/v2\/posts"}],"about":[{"href":"https:\/\/lahoradelcampo.com.uy\/site\/wp-json\/wp\/v2\/types\/post"}],"author":[{"embeddable":true,"href":"https:\/\/lahoradelcampo.com.uy\/site\/wp-json\/wp\/v2\/users\/5"}],"replies":[{"embeddable":true,"href":"https:\/\/lahoradelcampo.com.uy\/site\/wp-json\/wp\/v2\/comments?post=24702"}],"version-history":[{"count":1,"href":"https:\/\/lahoradelcampo.com.uy\/site\/wp-json\/wp\/v2\/posts\/24702\/revisions"}],"predecessor-version":[{"id":24706,"href":"https:\/\/lahoradelcampo.com.uy\/site\/wp-json\/wp\/v2\/posts\/24702\/revisions\/24706"}],"wp:featuredmedia":[{"embeddable":true,"href":"https:\/\/lahoradelcampo.com.uy\/site\/wp-json\/wp\/v2\/media\/24704"}],"wp:attachment":[{"href":"https:\/\/lahoradelcampo.com.uy\/site\/wp-json\/wp\/v2\/media?parent=24702"}],"wp:term":[{"taxonomy":"category","embeddable":true,"href":"https:\/\/lahoradelcampo.com.uy\/site\/wp-json\/wp\/v2\/categories?post=24702"},{"taxonomy":"post_tag","embeddable":true,"href":"https:\/\/lahoradelcampo.com.uy\/site\/wp-json\/wp\/v2\/tags?post=24702"}],"curies":[{"name":"wp","href":"https:\/\/api.w.org\/{rel}","templated":true}]}}