{"id":24696,"date":"2020-10-16T07:38:50","date_gmt":"2020-10-16T10:38:50","guid":{"rendered":"http:\/\/lahoradelcampo.com.uy\/site\/?p=24696"},"modified":"2020-10-16T07:38:55","modified_gmt":"2020-10-16T10:38:55","slug":"expo-tacuarembo-te-espera-para-un-paseo-a-cielo-abierto","status":"publish","type":"post","link":"https:\/\/lahoradelcampo.com.uy\/site\/expo-tacuarembo-te-espera-para-un-paseo-a-cielo-abierto\/","title":{"rendered":"Expo Tacuaremb\u00f3 te espera para \u00abun paseo a cielo abierto\u00bb"},"content":{"rendered":"\n<figure class=\"wp-block-image\"><img data-recalc-dims=\"1\" loading=\"lazy\" decoding=\"async\" width=\"810\" height=\"405\" data-attachment-id=\"24698\" data-permalink=\"https:\/\/lahoradelcampo.com.uy\/site\/expo-tacuarembo-te-espera-para-un-paseo-a-cielo-abierto\/ruraltacuarembo\/\" data-orig-file=\"https:\/\/i0.wp.com\/lahoradelcampo.com.uy\/site\/wp-content\/uploads\/2020\/10\/ruraltacuarembo.jpg?fit=880%2C440&amp;ssl=1\" data-orig-size=\"880,440\" data-comments-opened=\"1\" data-image-meta=\"{&quot;aperture&quot;:&quot;0&quot;,&quot;credit&quot;:&quot;&quot;,&quot;camera&quot;:&quot;&quot;,&quot;caption&quot;:&quot;&quot;,&quot;created_timestamp&quot;:&quot;0&quot;,&quot;copyright&quot;:&quot;&quot;,&quot;focal_length&quot;:&quot;0&quot;,&quot;iso&quot;:&quot;0&quot;,&quot;shutter_speed&quot;:&quot;0&quot;,&quot;title&quot;:&quot;&quot;,&quot;orientation&quot;:&quot;1&quot;}\" data-image-title=\"ruraltacuarembo\" data-image-description=\"\" data-image-caption=\"\" data-large-file=\"https:\/\/i0.wp.com\/lahoradelcampo.com.uy\/site\/wp-content\/uploads\/2020\/10\/ruraltacuarembo.jpg?fit=810%2C405&amp;ssl=1\" src=\"https:\/\/i0.wp.com\/lahoradelcampo.com.uy\/site\/wp-content\/uploads\/2020\/10\/ruraltacuarembo.jpg?resize=810%2C405\" alt=\"\" class=\"wp-image-24698\" srcset=\"https:\/\/i0.wp.com\/lahoradelcampo.com.uy\/site\/wp-content\/uploads\/2020\/10\/ruraltacuarembo.jpg?w=880&amp;ssl=1 880w, https:\/\/i0.wp.com\/lahoradelcampo.com.uy\/site\/wp-content\/uploads\/2020\/10\/ruraltacuarembo.jpg?resize=300%2C150&amp;ssl=1 300w, https:\/\/i0.wp.com\/lahoradelcampo.com.uy\/site\/wp-content\/uploads\/2020\/10\/ruraltacuarembo.jpg?resize=768%2C384&amp;ssl=1 768w, https:\/\/i0.wp.com\/lahoradelcampo.com.uy\/site\/wp-content\/uploads\/2020\/10\/ruraltacuarembo.jpg?resize=820%2C410&amp;ssl=1 820w\" sizes=\"auto, (max-width: 810px) 100vw, 810px\" \/><\/figure>\n\n\n\n<p>La Asociaci\u00f3n Rural de Tacuaremb\u00f3 defini\u00f3 que la 72\u00aa Expo Tacuaremb\u00f3, se denomine este a\u00f1o \u00abVioleta Parietti de Thompson\u00bb en homenaje a la recientemente extinta productora de la raza Normando, quien tambi\u00e9n fuera recordada en la pista de Salto por el Director de Exposiciones, Sebast\u00edan Gon\u00e7alvez, previo a la jura del Gran Campe\u00f3n. <br><\/p>\n\n\n\n<p>Con el eslogan \u00abLa rural te espera para un paseo a cielo abierto\u00bb la gremial convoca a la ciudadan\u00eda tacuaremboense a participar de la muestra, que contar\u00e1 este a\u00f1o con entrada gratis. <br><\/p>\n\n\n\n<p>El presidente de la Asociaci\u00f3n Rural de Tacuaremb\u00f3, Joaqu\u00edn Villagr\u00e1n, defini\u00f3 la muestra como una \u00abactividad netamente orientada al rubro ganadero\u00bb, con el objetivo de \u00abmostrar lo que los productores agropecuarios y los empresarios hacen\u00bb.<br><\/p>\n\n\n\n<p>El s\u00e1bado se realizar\u00e1n mayoritariamente las actividades en el rubro bovino, donde se desarrollar\u00e1 tambi\u00e9n la Exposici\u00f3n Nacional Braford, las calificaciones de las distintas razas y las ventas. El domingo ser\u00e1 el turno para los ovinos, equinos y suinos.  <br><\/p>\n\n\n\n<p>Los directivos de rural tacuaremboense tambi\u00e9n advirtieron en un comunicado emitido en los \u00faltimos d\u00edas, que \u00ablos controles ser\u00e1n estrictos, se tomar\u00e1 la temperatura a quienes ingresen, con el respectivo registro de datos, ser\u00e1 obligatorio el uso de tapabocas, alcohol en gel y el cumplimiento del distanciamiento social\u00bb. Adem\u00e1s anunciaron que \u00abno van a haber eventos art\u00edsticos nocturnos ni diurnos\u00bb.<\/p>\n\n\n\n<p style=\"text-align:right\"><strong>Salto, 15 de octubre de 2020<\/strong><\/p>\n","protected":false},"excerpt":{"rendered":"<p>La Asociaci\u00f3n Rural de Tacuaremb\u00f3 defini\u00f3 que la 72\u00aa Expo Tacuaremb\u00f3, se denomine este a\u00f1o \u00abVioleta Parietti de Thompson\u00bb en homenaje a la recientemente extinta productora de la raza Normando, [&hellip;]<\/p>\n","protected":false},"author":5,"featured_media":24698,"comment_status":"open","ping_status":"open","sticky":false,"template":"","format":"standard","meta":{"_price":"","_stock":"","_tribe_ticket_header":"","_tribe_default_ticket_provider":"","_tribe_ticket_capacity":"0","_ticket_start_date":"","_ticket_end_date":"","_tribe_ticket_show_description":"","_tribe_ticket_show_not_going":false,"_tribe_ticket_use_global_stock":"","_tribe_ticket_global_stock_level":"","_global_stock_mode":"","_global_stock_cap":"","_tribe_rsvp_for_event":"","_tribe_ticket_going_count":"","_tribe_ticket_not_going_count":"","_tribe_tickets_list":"[]","_tribe_ticket_has_attendee_info_fields":false,"h5ap_radio_sources":[],"_jetpack_newsletter_access":"","_jetpack_dont_email_post_to_subs":false,"_jetpack_newsletter_tier_id":0,"_jetpack_memberships_contains_paywalled_content":false,"_jetpack_memberships_contains_paid_content":false,"footnotes":""},"categories":[21,5],"tags":[],"class_list":["post-24696","post","type-post","status-publish","format-standard","has-post-thumbnail","hentry","category-actualidad","category-ganaderia"],"jetpack_featured_media_url":"https:\/\/i0.wp.com\/lahoradelcampo.com.uy\/site\/wp-content\/uploads\/2020\/10\/ruraltacuarembo.jpg?fit=880%2C440&ssl=1","jetpack_sharing_enabled":true,"jetpack_shortlink":"https:\/\/wp.me\/p99IaT-6qk","jetpack-related-posts":[{"id":21296,"url":"https:\/\/lahoradelcampo.com.uy\/site\/el-campo-no-se-detiene-ante-el-covid-19-las-exposiciones-ganaderas-tampoco\/","url_meta":{"origin":24696,"position":0},"title":"El campo no se detiene ante el Covid-19,  las exposiciones ganaderas tampoco","author":"La Hora del Campo","date":"25 junio, 2020","format":false,"excerpt":"La Asociaci\u00f3n Rural del Uruguay movi\u00f3 el tablero de las exposiciones agropecuarias en el pa\u00eds de cara a lo que ser\u00e1 la antesala a la zafra de reproductores en la primavera. Luego de que Paraguay cancel\u00f3 la muestra de este a\u00f1o en Asunci\u00f3n, que Argentina marcaba nueva fecha para su\u2026","rel":"","context":"En \u00abActualidad\u00bb","block_context":{"text":"Actualidad","link":"https:\/\/lahoradelcampo.com.uy\/site\/category\/actualidad\/"},"img":{"alt_text":"","src":"https:\/\/i0.wp.com\/lahoradelcampo.com.uy\/site\/wp-content\/uploads\/2020\/06\/Exposaltoweb.jpg?fit=880%2C440&ssl=1&resize=350%2C200","width":350,"height":200,"srcset":"https:\/\/i0.wp.com\/lahoradelcampo.com.uy\/site\/wp-content\/uploads\/2020\/06\/Exposaltoweb.jpg?fit=880%2C440&ssl=1&resize=350%2C200 1x, https:\/\/i0.wp.com\/lahoradelcampo.com.uy\/site\/wp-content\/uploads\/2020\/06\/Exposaltoweb.jpg?fit=880%2C440&ssl=1&resize=525%2C300 1.5x, https:\/\/i0.wp.com\/lahoradelcampo.com.uy\/site\/wp-content\/uploads\/2020\/06\/Exposaltoweb.jpg?fit=880%2C440&ssl=1&resize=700%2C400 2x"},"classes":[]},{"id":32030,"url":"https:\/\/lahoradelcampo.com.uy\/site\/se-confirman-las-exposiciones-del-norte-del-pais\/","url_meta":{"origin":24696,"position":1},"title":"Se confirman las exposiciones del norte del pa\u00eds","author":"La Hora del Campo","date":"14 julio, 2021","format":false,"excerpt":"La Expo Prado ya confirm\u00f3 su fecha y al mismo tiempo la exigencia de las dos vacunas contra el Covid-19, con 15 d\u00edas de anticipaci\u00f3n del ingreso al predio. La muestra este a\u00f1o se desarrollar\u00e1 desde el 10 al 19 de setiembre de 2021. La primer gremial del interior en\u2026","rel":"","context":"En \u00abActualidad\u00bb","block_context":{"text":"Actualidad","link":"https:\/\/lahoradelcampo.com.uy\/site\/category\/actualidad\/"},"img":{"alt_text":"","src":"https:\/\/i0.wp.com\/lahoradelcampo.com.uy\/site\/wp-content\/uploads\/2020\/10\/Expopaysandu.jpg?fit=880%2C440&ssl=1&resize=350%2C200","width":350,"height":200,"srcset":"https:\/\/i0.wp.com\/lahoradelcampo.com.uy\/site\/wp-content\/uploads\/2020\/10\/Expopaysandu.jpg?fit=880%2C440&ssl=1&resize=350%2C200 1x, https:\/\/i0.wp.com\/lahoradelcampo.com.uy\/site\/wp-content\/uploads\/2020\/10\/Expopaysandu.jpg?fit=880%2C440&ssl=1&resize=525%2C300 1.5x, https:\/\/i0.wp.com\/lahoradelcampo.com.uy\/site\/wp-content\/uploads\/2020\/10\/Expopaysandu.jpg?fit=880%2C440&ssl=1&resize=700%2C400 2x"},"classes":[]},{"id":52064,"url":"https:\/\/lahoradelcampo.com.uy\/site\/calendario-de-exposiciones-de-primavera-en-el-interior-del-pais\/","url_meta":{"origin":24696,"position":2},"title":"Calendario de exposiciones de primavera en el interior del pa\u00eds","author":"La Hora del Campo","date":"1 agosto, 2023","format":false,"excerpt":"La Asociaci\u00f3n Rural del Uruguay dio a conocer el calendario de exposiciones de primavera 2023, que comenzar\u00e1 el pr\u00f3ximo 8 de setiembre con el inicio de la Expo Prado 2023. Lamentablemente, en un pa\u00eds tan chico como Uruguay, y con tantos ambitos de encuentro entre las gremiales, al igual que\u2026","rel":"","context":"En \u00abActualidad\u00bb","block_context":{"text":"Actualidad","link":"https:\/\/lahoradelcampo.com.uy\/site\/category\/actualidad\/"},"img":{"alt_text":"","src":"https:\/\/i0.wp.com\/lahoradelcampo.com.uy\/site\/wp-content\/uploads\/2017\/10\/Expo-Paysand%C3%BA.jpg?fit=880%2C440&ssl=1&resize=350%2C200","width":350,"height":200,"srcset":"https:\/\/i0.wp.com\/lahoradelcampo.com.uy\/site\/wp-content\/uploads\/2017\/10\/Expo-Paysand%C3%BA.jpg?fit=880%2C440&ssl=1&resize=350%2C200 1x, https:\/\/i0.wp.com\/lahoradelcampo.com.uy\/site\/wp-content\/uploads\/2017\/10\/Expo-Paysand%C3%BA.jpg?fit=880%2C440&ssl=1&resize=525%2C300 1.5x, https:\/\/i0.wp.com\/lahoradelcampo.com.uy\/site\/wp-content\/uploads\/2017\/10\/Expo-Paysand%C3%BA.jpg?fit=880%2C440&ssl=1&resize=700%2C400 2x"},"classes":[]},{"id":24794,"url":"https:\/\/lahoradelcampo.com.uy\/site\/el-ministro-carlos-uriarte-acompano-actividades-en-paysandu-y-tacuarembo\/","url_meta":{"origin":24696,"position":3},"title":"El Ministro Carlos Uriarte acompa\u00f1o actividades en Paysand\u00fa y Tacuaremb\u00f3","author":"La Hora del Campo","date":"20 octubre, 2020","format":false,"excerpt":"El ministro de Ganader\u00eda, Agricultura y Pesca, Carlos Mar\u00eda Uriarte particip\u00f3 en tradicionales exposiciones rurales del norte del pa\u00eds el pasado fin de semana. Durante el s\u00e1bado, Uriarte estuvo presente en la apertura de la Expo Tacuaremb\u00f3 y el domingo visit\u00f3 Expo Paysand\u00fa. A su llegada a Expo Paysand\u00fa, Uriarte\u2026","rel":"","context":"En \u00abActualidad\u00bb","block_context":{"text":"Actualidad","link":"https:\/\/lahoradelcampo.com.uy\/site\/category\/actualidad\/"},"img":{"alt_text":"","src":"https:\/\/i0.wp.com\/lahoradelcampo.com.uy\/site\/wp-content\/uploads\/2020\/10\/Uriarteexpopaysandu.jpg?fit=880%2C440&ssl=1&resize=350%2C200","width":350,"height":200,"srcset":"https:\/\/i0.wp.com\/lahoradelcampo.com.uy\/site\/wp-content\/uploads\/2020\/10\/Uriarteexpopaysandu.jpg?fit=880%2C440&ssl=1&resize=350%2C200 1x, https:\/\/i0.wp.com\/lahoradelcampo.com.uy\/site\/wp-content\/uploads\/2020\/10\/Uriarteexpopaysandu.jpg?fit=880%2C440&ssl=1&resize=525%2C300 1.5x, https:\/\/i0.wp.com\/lahoradelcampo.com.uy\/site\/wp-content\/uploads\/2020\/10\/Uriarteexpopaysandu.jpg?fit=880%2C440&ssl=1&resize=700%2C400 2x"},"classes":[]},{"id":29776,"url":"https:\/\/lahoradelcampo.com.uy\/site\/expo-salto-se-concretaria-del-30-de-setiembre-del-3-de-octubre\/","url_meta":{"origin":24696,"position":4},"title":"Expo Salto se concretar\u00eda del 30 de setiembre del 3 de octubre","author":"La Hora del Campo","date":"7 mayo, 2021","format":false,"excerpt":"Se dio a conocer en las \u00faltimas un calendario tentativo de la Asociaci\u00f3n Rural del Uruguay (ARU) para la realizaci\u00f3n de las exposiciones en el interior del pa\u00eds para la primavera. Si bien todas cuentas con el auspicio concedido por parte de la gremial, en cada localidad y de acuerdo\u2026","rel":"","context":"En \u00abActualidad\u00bb","block_context":{"text":"Actualidad","link":"https:\/\/lahoradelcampo.com.uy\/site\/category\/actualidad\/"},"img":{"alt_text":"","src":"https:\/\/i0.wp.com\/lahoradelcampo.com.uy\/site\/wp-content\/uploads\/2020\/10\/exposaltoweb.jpg?fit=880%2C440&ssl=1&resize=350%2C200","width":350,"height":200,"srcset":"https:\/\/i0.wp.com\/lahoradelcampo.com.uy\/site\/wp-content\/uploads\/2020\/10\/exposaltoweb.jpg?fit=880%2C440&ssl=1&resize=350%2C200 1x, https:\/\/i0.wp.com\/lahoradelcampo.com.uy\/site\/wp-content\/uploads\/2020\/10\/exposaltoweb.jpg?fit=880%2C440&ssl=1&resize=525%2C300 1.5x, https:\/\/i0.wp.com\/lahoradelcampo.com.uy\/site\/wp-content\/uploads\/2020\/10\/exposaltoweb.jpg?fit=880%2C440&ssl=1&resize=700%2C400 2x"},"classes":[]},{"id":40371,"url":"https:\/\/lahoradelcampo.com.uy\/site\/congreso-anual-de-la-federacion-rural-se-realizara-en-tacuarembo\/","url_meta":{"origin":24696,"position":5},"title":"Congreso Anual de la Federaci\u00f3n Rural se realizar\u00e1 en Tacuaremb\u00f3","author":"La Hora del Campo","date":"30 marzo, 2022","format":false,"excerpt":"Esta semana el Consejo Directivo de la Federaci\u00f3n Rural del Uruguay decidi\u00f3 realizar en Tacuaremb\u00f3 su pr\u00f3ximo Congreso Anual. En principio exist\u00edan cuatro posibles sedes para la realizaci\u00f3n del encuentro gremial, sin embargo a la votaci\u00f3n final estuvieron propuestos Durazno y Tacuaremb\u00f3. De acuerdo a la informaci\u00f3n recibida por La\u2026","rel":"","context":"En \u00abActualidad\u00bb","block_context":{"text":"Actualidad","link":"https:\/\/lahoradelcampo.com.uy\/site\/category\/actualidad\/"},"img":{"alt_text":"","src":"https:\/\/i0.wp.com\/lahoradelcampo.com.uy\/site\/wp-content\/uploads\/2019\/05\/Federacion-Rural-1.jpg?fit=880%2C440&ssl=1&resize=350%2C200","width":350,"height":200,"srcset":"https:\/\/i0.wp.com\/lahoradelcampo.com.uy\/site\/wp-content\/uploads\/2019\/05\/Federacion-Rural-1.jpg?fit=880%2C440&ssl=1&resize=350%2C200 1x, https:\/\/i0.wp.com\/lahoradelcampo.com.uy\/site\/wp-content\/uploads\/2019\/05\/Federacion-Rural-1.jpg?fit=880%2C440&ssl=1&resize=525%2C300 1.5x, https:\/\/i0.wp.com\/lahoradelcampo.com.uy\/site\/wp-content\/uploads\/2019\/05\/Federacion-Rural-1.jpg?fit=880%2C440&ssl=1&resize=700%2C400 2x"},"classes":[]}],"jetpack_likes_enabled":true,"_links":{"self":[{"href":"https:\/\/lahoradelcampo.com.uy\/site\/wp-json\/wp\/v2\/posts\/24696","targetHints":{"allow":["GET"]}}],"collection":[{"href":"https:\/\/lahoradelcampo.com.uy\/site\/wp-json\/wp\/v2\/posts"}],"about":[{"href":"https:\/\/lahoradelcampo.com.uy\/site\/wp-json\/wp\/v2\/types\/post"}],"author":[{"embeddable":true,"href":"https:\/\/lahoradelcampo.com.uy\/site\/wp-json\/wp\/v2\/users\/5"}],"replies":[{"embeddable":true,"href":"https:\/\/lahoradelcampo.com.uy\/site\/wp-json\/wp\/v2\/comments?post=24696"}],"version-history":[{"count":1,"href":"https:\/\/lahoradelcampo.com.uy\/site\/wp-json\/wp\/v2\/posts\/24696\/revisions"}],"predecessor-version":[{"id":24700,"href":"https:\/\/lahoradelcampo.com.uy\/site\/wp-json\/wp\/v2\/posts\/24696\/revisions\/24700"}],"wp:featuredmedia":[{"embeddable":true,"href":"https:\/\/lahoradelcampo.com.uy\/site\/wp-json\/wp\/v2\/media\/24698"}],"wp:attachment":[{"href":"https:\/\/lahoradelcampo.com.uy\/site\/wp-json\/wp\/v2\/media?parent=24696"}],"wp:term":[{"taxonomy":"category","embeddable":true,"href":"https:\/\/lahoradelcampo.com.uy\/site\/wp-json\/wp\/v2\/categories?post=24696"},{"taxonomy":"post_tag","embeddable":true,"href":"https:\/\/lahoradelcampo.com.uy\/site\/wp-json\/wp\/v2\/tags?post=24696"}],"curies":[{"name":"wp","href":"https:\/\/api.w.org\/{rel}","templated":true}]}}