{"id":24692,"date":"2020-10-16T07:29:47","date_gmt":"2020-10-16T10:29:47","guid":{"rendered":"http:\/\/lahoradelcampo.com.uy\/site\/?p=24692"},"modified":"2020-10-16T07:29:52","modified_gmt":"2020-10-16T10:29:52","slug":"expo-paysandu-con-una-agenda-para-toda-la-familia","status":"publish","type":"post","link":"https:\/\/lahoradelcampo.com.uy\/site\/expo-paysandu-con-una-agenda-para-toda-la-familia\/","title":{"rendered":"Expo Paysand\u00fa con una agenda para toda la familia"},"content":{"rendered":"\n<figure class=\"wp-block-image\"><img data-recalc-dims=\"1\" loading=\"lazy\" decoding=\"async\" width=\"810\" height=\"405\" data-attachment-id=\"24688\" data-permalink=\"https:\/\/lahoradelcampo.com.uy\/site\/hoy-comienza-la-expo-chiflero-en-artigas\/expopaysandu\/\" data-orig-file=\"https:\/\/i0.wp.com\/lahoradelcampo.com.uy\/site\/wp-content\/uploads\/2020\/10\/Expopaysandu.jpg?fit=880%2C440&amp;ssl=1\" data-orig-size=\"880,440\" data-comments-opened=\"1\" data-image-meta=\"{&quot;aperture&quot;:&quot;0&quot;,&quot;credit&quot;:&quot;&quot;,&quot;camera&quot;:&quot;&quot;,&quot;caption&quot;:&quot;&quot;,&quot;created_timestamp&quot;:&quot;0&quot;,&quot;copyright&quot;:&quot;&quot;,&quot;focal_length&quot;:&quot;0&quot;,&quot;iso&quot;:&quot;0&quot;,&quot;shutter_speed&quot;:&quot;0&quot;,&quot;title&quot;:&quot;&quot;,&quot;orientation&quot;:&quot;1&quot;}\" data-image-title=\"Expopaysandu\" data-image-description=\"\" data-image-caption=\"\" data-large-file=\"https:\/\/i0.wp.com\/lahoradelcampo.com.uy\/site\/wp-content\/uploads\/2020\/10\/Expopaysandu.jpg?fit=810%2C405&amp;ssl=1\" src=\"https:\/\/i0.wp.com\/lahoradelcampo.com.uy\/site\/wp-content\/uploads\/2020\/10\/Expopaysandu.jpg?resize=810%2C405\" alt=\"\" class=\"wp-image-24688\" srcset=\"https:\/\/i0.wp.com\/lahoradelcampo.com.uy\/site\/wp-content\/uploads\/2020\/10\/Expopaysandu.jpg?w=880&amp;ssl=1 880w, https:\/\/i0.wp.com\/lahoradelcampo.com.uy\/site\/wp-content\/uploads\/2020\/10\/Expopaysandu.jpg?resize=300%2C150&amp;ssl=1 300w, https:\/\/i0.wp.com\/lahoradelcampo.com.uy\/site\/wp-content\/uploads\/2020\/10\/Expopaysandu.jpg?resize=768%2C384&amp;ssl=1 768w, https:\/\/i0.wp.com\/lahoradelcampo.com.uy\/site\/wp-content\/uploads\/2020\/10\/Expopaysandu.jpg?resize=820%2C410&amp;ssl=1 820w\" sizes=\"auto, (max-width: 810px) 100vw, 810px\" \/><\/figure>\n\n\n\n<p>Tambi\u00e9n en esta jornada da inicio la 74\u00aa Expo Rural de Paysand\u00fa, organizada por la Asociaci\u00f3n Rural Exposici\u00f3n Feria de Paysand\u00fa. Este a\u00f1o, adem\u00e1s de su tradicional participaci\u00f3n ganadera, la muestra contar\u00e1 con eventos destinados a toda la familia, como un festival de mascotas, desfile de moda, feria artesanal, actividades h\u00edpicas y espect\u00e1culos art\u00edsticos.<br><\/p>\n\n\n\n<p>Los directivos de la gremial sanducera, Andr\u00e9s Benia y Sebasti\u00e1n Belassi, informaron que la edici\u00f3n 2020 del evento tendr\u00e1 una entrada general de 100 pesos (ni\u00f1os de hasta 11 a\u00f1os entran gratis), siendo obligatorio el uso de tapabocas.<br><\/p>\n\n\n\n<p>Habr\u00e1 actividades h\u00edpicas s\u00e1bado y domingo; m\u00e1s de 40 stands, plaza de comida y espect\u00e1culos art\u00edsticos de primer nivel como Maxi de la Cruz (s\u00e1bado a las 20:30 horas) y Catherine Vergnes (domingo). Tambi\u00e9n habr\u00e1 restricciones respecto a la cantidad de personas que pueden ingresar al predio en un mismo veh\u00edculo y habr\u00e1 dispensadores de alcohol en gel.<br><\/p>\n\n\n\n<p>En lo que respecta a la actividad productiva, hoy se califican las aves y conejos a las 14:30  horas y al cierre de la jornada habr\u00e1 dos charlas, una sobre las herramientas nutricionales para generar una producci\u00f3n m\u00e1s eficiente y la segunda sobre el uso de gen\u00e9tica en las rotaciones de pasturas. <br><\/p>\n\n\n\n<p>El s\u00e1bado se califican los bovinos de campo a partir de la hora 9, posteriormente a las 11 horas se califican los equinos y a las 13:30 horas se juran los ovinos y bovinos de bozal. Finalizando la jornada, desde el punto de vista ganadero, con el remate de reproductores de la expo a las 18 horas y luego el primer remate virtual de vientres de primavera.  <\/p>\n\n\n\n<p style=\"text-align:right\"><strong>Salto, 16 de octubre de 2020<\/strong><\/p>\n","protected":false},"excerpt":{"rendered":"<p>Tambi\u00e9n en esta jornada da inicio la 74\u00aa Expo Rural de Paysand\u00fa, organizada por la Asociaci\u00f3n Rural Exposici\u00f3n Feria de Paysand\u00fa. Este a\u00f1o, adem\u00e1s de su tradicional participaci\u00f3n ganadera, la [&hellip;]<\/p>\n","protected":false},"author":5,"featured_media":24688,"comment_status":"open","ping_status":"open","sticky":false,"template":"","format":"standard","meta":{"_price":"","_stock":"","_tribe_ticket_header":"","_tribe_default_ticket_provider":"","_tribe_ticket_capacity":"0","_ticket_start_date":"","_ticket_end_date":"","_tribe_ticket_show_description":"","_tribe_ticket_show_not_going":false,"_tribe_ticket_use_global_stock":"","_tribe_ticket_global_stock_level":"","_global_stock_mode":"","_global_stock_cap":"","_tribe_rsvp_for_event":"","_tribe_ticket_going_count":"","_tribe_ticket_not_going_count":"","_tribe_tickets_list":"[]","_tribe_ticket_has_attendee_info_fields":false,"h5ap_radio_sources":[],"_jetpack_newsletter_access":"","_jetpack_dont_email_post_to_subs":false,"_jetpack_newsletter_tier_id":0,"_jetpack_memberships_contains_paywalled_content":false,"_jetpack_memberships_contains_paid_content":false,"footnotes":""},"categories":[21,5],"tags":[],"class_list":["post-24692","post","type-post","status-publish","format-standard","has-post-thumbnail","hentry","category-actualidad","category-ganaderia"],"jetpack_featured_media_url":"https:\/\/i0.wp.com\/lahoradelcampo.com.uy\/site\/wp-content\/uploads\/2020\/10\/Expopaysandu.jpg?fit=880%2C440&ssl=1","jetpack_sharing_enabled":true,"jetpack_shortlink":"https:\/\/wp.me\/p99IaT-6qg","jetpack-related-posts":[{"id":24794,"url":"https:\/\/lahoradelcampo.com.uy\/site\/el-ministro-carlos-uriarte-acompano-actividades-en-paysandu-y-tacuarembo\/","url_meta":{"origin":24692,"position":0},"title":"El Ministro Carlos Uriarte acompa\u00f1o actividades en Paysand\u00fa y Tacuaremb\u00f3","author":"La Hora del Campo","date":"20 octubre, 2020","format":false,"excerpt":"El ministro de Ganader\u00eda, Agricultura y Pesca, Carlos Mar\u00eda Uriarte particip\u00f3 en tradicionales exposiciones rurales del norte del pa\u00eds el pasado fin de semana. Durante el s\u00e1bado, Uriarte estuvo presente en la apertura de la Expo Tacuaremb\u00f3 y el domingo visit\u00f3 Expo Paysand\u00fa. A su llegada a Expo Paysand\u00fa, Uriarte\u2026","rel":"","context":"En \u00abActualidad\u00bb","block_context":{"text":"Actualidad","link":"https:\/\/lahoradelcampo.com.uy\/site\/category\/actualidad\/"},"img":{"alt_text":"","src":"https:\/\/i0.wp.com\/lahoradelcampo.com.uy\/site\/wp-content\/uploads\/2020\/10\/Uriarteexpopaysandu.jpg?fit=880%2C440&ssl=1&resize=350%2C200","width":350,"height":200,"srcset":"https:\/\/i0.wp.com\/lahoradelcampo.com.uy\/site\/wp-content\/uploads\/2020\/10\/Uriarteexpopaysandu.jpg?fit=880%2C440&ssl=1&resize=350%2C200 1x, https:\/\/i0.wp.com\/lahoradelcampo.com.uy\/site\/wp-content\/uploads\/2020\/10\/Uriarteexpopaysandu.jpg?fit=880%2C440&ssl=1&resize=525%2C300 1.5x, https:\/\/i0.wp.com\/lahoradelcampo.com.uy\/site\/wp-content\/uploads\/2020\/10\/Uriarteexpopaysandu.jpg?fit=880%2C440&ssl=1&resize=700%2C400 2x"},"classes":[]},{"id":54893,"url":"https:\/\/lahoradelcampo.com.uy\/site\/la-rural-de-paysandu-celebra-125-anos-con-una-verdadera-fiesta-del-campo-en-la-ciudad\/","url_meta":{"origin":24692,"position":1},"title":"La Rural de Paysand\u00fa celebra 125 a\u00f1os con una verdadera fiesta del campo en la ciudad","author":"La Hora del Campo","date":"17 octubre, 2024","format":false,"excerpt":"La Asociaci\u00f3n Rural Exposici\u00f3n Feria de Paysand\u00fa (Arefp), que est\u00e1 celebrando sus 125 a\u00f1os de vida, realizar\u00e1 entre el viernes 18 y el domingo 20, la 78\u00aa Expo Rural, con una variada activad, que comprende calificaci\u00f3n de reproductores bovinos, ovinos y equinos, remates, charlas y espect\u00e1culos para toda la familia.\u2026","rel":"","context":"En \u00abActualidad\u00bb","block_context":{"text":"Actualidad","link":"https:\/\/lahoradelcampo.com.uy\/site\/category\/actualidad\/"},"img":{"alt_text":"","src":"https:\/\/i0.wp.com\/lahoradelcampo.com.uy\/site\/wp-content\/uploads\/2024\/10\/Expo-Paysandu.jpg?fit=880%2C440&ssl=1&resize=350%2C200","width":350,"height":200,"srcset":"https:\/\/i0.wp.com\/lahoradelcampo.com.uy\/site\/wp-content\/uploads\/2024\/10\/Expo-Paysandu.jpg?fit=880%2C440&ssl=1&resize=350%2C200 1x, https:\/\/i0.wp.com\/lahoradelcampo.com.uy\/site\/wp-content\/uploads\/2024\/10\/Expo-Paysandu.jpg?fit=880%2C440&ssl=1&resize=525%2C300 1.5x, https:\/\/i0.wp.com\/lahoradelcampo.com.uy\/site\/wp-content\/uploads\/2024\/10\/Expo-Paysandu.jpg?fit=880%2C440&ssl=1&resize=700%2C400 2x"},"classes":[]},{"id":54922,"url":"https:\/\/lahoradelcampo.com.uy\/site\/el-ano-con-mas-ovinos-en-la-expo-paysandu\/","url_meta":{"origin":24692,"position":2},"title":"El a\u00f1o con m\u00e1s ovinos en la Expo Paysand\u00fa","author":"La Hora del Campo","date":"20 octubre, 2024","format":false,"excerpt":"La 78\u00b0 Edici\u00f3n de la Expo Rural de Paysand\u00fa mostr\u00f3 un crecimiento importante en la presencia de ovinos, en todas las razas, ratificando porque es el tercer departamento con mayor stock del pa\u00eds. Adem\u00e1s, este a\u00f1o fue el marco para la Expo Nacional Suffolk. El Ing. Jos\u00e9 Francisco Ramos, t\u00e9cnico\u2026","rel":"","context":"En \u00abActualidad\u00bb","block_context":{"text":"Actualidad","link":"https:\/\/lahoradelcampo.com.uy\/site\/category\/actualidad\/"},"img":{"alt_text":"","src":"https:\/\/i0.wp.com\/lahoradelcampo.com.uy\/site\/wp-content\/uploads\/2024\/10\/MerinoPaysandu.jpg?fit=880%2C440&ssl=1&resize=350%2C200","width":350,"height":200,"srcset":"https:\/\/i0.wp.com\/lahoradelcampo.com.uy\/site\/wp-content\/uploads\/2024\/10\/MerinoPaysandu.jpg?fit=880%2C440&ssl=1&resize=350%2C200 1x, https:\/\/i0.wp.com\/lahoradelcampo.com.uy\/site\/wp-content\/uploads\/2024\/10\/MerinoPaysandu.jpg?fit=880%2C440&ssl=1&resize=525%2C300 1.5x, https:\/\/i0.wp.com\/lahoradelcampo.com.uy\/site\/wp-content\/uploads\/2024\/10\/MerinoPaysandu.jpg?fit=880%2C440&ssl=1&resize=700%2C400 2x"},"classes":[]},{"id":51772,"url":"https:\/\/lahoradelcampo.com.uy\/site\/agustin-morales-asumio-la-presidencia-de-la-asociacion-rural-de-paysandu\/","url_meta":{"origin":24692,"position":3},"title":"Agust\u00edn Morales asumi\u00f3 la presidencia de la Asociaci\u00f3n Rural de Paysand\u00fa","author":"La Hora del Campo","date":"10 julio, 2023","format":false,"excerpt":"En un emotivo acto, Agust\u00edn Morales Macchi, ingeniero civil de 33 a\u00f1os de edad, asumi\u00f3 la presidencia de la Asociaci\u00f3n Rural Exposici\u00f3n Feria de Paysand\u00fa, que cuenta con una trayectoria de 124 a\u00f1os. La asamblea anual, que cont\u00f3 con la participaci\u00f3n de m\u00e1s de 60 personas en el pabell\u00f3n central\u2026","rel":"","context":"En \u00abActualidad\u00bb","block_context":{"text":"Actualidad","link":"https:\/\/lahoradelcampo.com.uy\/site\/category\/actualidad\/"},"img":{"alt_text":"","src":"https:\/\/i0.wp.com\/lahoradelcampo.com.uy\/site\/wp-content\/uploads\/2023\/07\/Rural-Paysandu.jpg?fit=880%2C440&ssl=1&resize=350%2C200","width":350,"height":200,"srcset":"https:\/\/i0.wp.com\/lahoradelcampo.com.uy\/site\/wp-content\/uploads\/2023\/07\/Rural-Paysandu.jpg?fit=880%2C440&ssl=1&resize=350%2C200 1x, https:\/\/i0.wp.com\/lahoradelcampo.com.uy\/site\/wp-content\/uploads\/2023\/07\/Rural-Paysandu.jpg?fit=880%2C440&ssl=1&resize=525%2C300 1.5x, https:\/\/i0.wp.com\/lahoradelcampo.com.uy\/site\/wp-content\/uploads\/2023\/07\/Rural-Paysandu.jpg?fit=880%2C440&ssl=1&resize=700%2C400 2x"},"classes":[]},{"id":48113,"url":"https:\/\/lahoradelcampo.com.uy\/site\/paysandu-organiza-la-tercera-cata-nacional-de-tomates\/","url_meta":{"origin":24692,"position":4},"title":"Paysand\u00fa organiza la tercera Cata Nacional de Tomates","author":"La Hora del Campo","date":"17 enero, 2023","format":false,"excerpt":"La Tercera Cata Nacional de Tomates se realizar\u00e1 entre el 3 y 4 de febrero en el predio de la Asociaci\u00f3n Rural Exposici\u00f3n Feria de Paysand\u00fa, organizada por la Intendencia Departamental y el Bureau Paysand\u00fa, seg\u00fan inform\u00f3 El Tel\u00e9grafo. En la v\u00edspera se realiz\u00f3 su lanzamiento en Punta del Este,\u2026","rel":"","context":"En \u00abActualidad\u00bb","block_context":{"text":"Actualidad","link":"https:\/\/lahoradelcampo.com.uy\/site\/category\/actualidad\/"},"img":{"alt_text":"","src":"https:\/\/i0.wp.com\/lahoradelcampo.com.uy\/site\/wp-content\/uploads\/2019\/11\/Tomate-cherry.jpg?fit=880%2C440&ssl=1&resize=350%2C200","width":350,"height":200,"srcset":"https:\/\/i0.wp.com\/lahoradelcampo.com.uy\/site\/wp-content\/uploads\/2019\/11\/Tomate-cherry.jpg?fit=880%2C440&ssl=1&resize=350%2C200 1x, https:\/\/i0.wp.com\/lahoradelcampo.com.uy\/site\/wp-content\/uploads\/2019\/11\/Tomate-cherry.jpg?fit=880%2C440&ssl=1&resize=525%2C300 1.5x, https:\/\/i0.wp.com\/lahoradelcampo.com.uy\/site\/wp-content\/uploads\/2019\/11\/Tomate-cherry.jpg?fit=880%2C440&ssl=1&resize=700%2C400 2x"},"classes":[]},{"id":38617,"url":"https:\/\/lahoradelcampo.com.uy\/site\/segunda-cata-nacional-de-tomates-en-paysandu\/","url_meta":{"origin":24692,"position":5},"title":"Segunda Cata Nacional de Tomates en Paysand\u00fa","author":"La Hora del Campo","date":"27 enero, 2022","format":false,"excerpt":"Durante el fin de semana, Paysand\u00fa se convertir\u00e1 en la \"Capital Nacional del Tomate\" por segundo a\u00f1o consecutivo. Debido a que los d\u00edas viernes 28 y s\u00e1bado 29 de enero se desarrollar\u00e1 la 2\u00aa edici\u00f3n de la Cata Nacional del Tomates, evento organizado por la Intendencia y el Bureau Paysand\u00fa.\u2026","rel":"","context":"En \u00abActualidad\u00bb","block_context":{"text":"Actualidad","link":"https:\/\/lahoradelcampo.com.uy\/site\/category\/actualidad\/"},"img":{"alt_text":"","src":"https:\/\/i0.wp.com\/lahoradelcampo.com.uy\/site\/wp-content\/uploads\/2021\/06\/tomate-perita.jpg?fit=880%2C440&ssl=1&resize=350%2C200","width":350,"height":200,"srcset":"https:\/\/i0.wp.com\/lahoradelcampo.com.uy\/site\/wp-content\/uploads\/2021\/06\/tomate-perita.jpg?fit=880%2C440&ssl=1&resize=350%2C200 1x, https:\/\/i0.wp.com\/lahoradelcampo.com.uy\/site\/wp-content\/uploads\/2021\/06\/tomate-perita.jpg?fit=880%2C440&ssl=1&resize=525%2C300 1.5x, https:\/\/i0.wp.com\/lahoradelcampo.com.uy\/site\/wp-content\/uploads\/2021\/06\/tomate-perita.jpg?fit=880%2C440&ssl=1&resize=700%2C400 2x"},"classes":[]}],"jetpack_likes_enabled":true,"_links":{"self":[{"href":"https:\/\/lahoradelcampo.com.uy\/site\/wp-json\/wp\/v2\/posts\/24692","targetHints":{"allow":["GET"]}}],"collection":[{"href":"https:\/\/lahoradelcampo.com.uy\/site\/wp-json\/wp\/v2\/posts"}],"about":[{"href":"https:\/\/lahoradelcampo.com.uy\/site\/wp-json\/wp\/v2\/types\/post"}],"author":[{"embeddable":true,"href":"https:\/\/lahoradelcampo.com.uy\/site\/wp-json\/wp\/v2\/users\/5"}],"replies":[{"embeddable":true,"href":"https:\/\/lahoradelcampo.com.uy\/site\/wp-json\/wp\/v2\/comments?post=24692"}],"version-history":[{"count":1,"href":"https:\/\/lahoradelcampo.com.uy\/site\/wp-json\/wp\/v2\/posts\/24692\/revisions"}],"predecessor-version":[{"id":24694,"href":"https:\/\/lahoradelcampo.com.uy\/site\/wp-json\/wp\/v2\/posts\/24692\/revisions\/24694"}],"wp:featuredmedia":[{"embeddable":true,"href":"https:\/\/lahoradelcampo.com.uy\/site\/wp-json\/wp\/v2\/media\/24688"}],"wp:attachment":[{"href":"https:\/\/lahoradelcampo.com.uy\/site\/wp-json\/wp\/v2\/media?parent=24692"}],"wp:term":[{"taxonomy":"category","embeddable":true,"href":"https:\/\/lahoradelcampo.com.uy\/site\/wp-json\/wp\/v2\/categories?post=24692"},{"taxonomy":"post_tag","embeddable":true,"href":"https:\/\/lahoradelcampo.com.uy\/site\/wp-json\/wp\/v2\/tags?post=24692"}],"curies":[{"name":"wp","href":"https:\/\/api.w.org\/{rel}","templated":true}]}}