{"id":24682,"date":"2020-10-16T07:22:11","date_gmt":"2020-10-16T10:22:11","guid":{"rendered":"http:\/\/lahoradelcampo.com.uy\/site\/?p=24682"},"modified":"2020-10-16T07:22:16","modified_gmt":"2020-10-16T10:22:16","slug":"hoy-comienza-la-expo-chiflero-en-artigas","status":"publish","type":"post","link":"https:\/\/lahoradelcampo.com.uy\/site\/hoy-comienza-la-expo-chiflero-en-artigas\/","title":{"rendered":"Hoy comienza la Expo Chiflero en Artigas"},"content":{"rendered":"\n<figure class=\"wp-block-image\"><img data-recalc-dims=\"1\" loading=\"lazy\" decoding=\"async\" width=\"810\" height=\"405\" data-attachment-id=\"24686\" data-permalink=\"https:\/\/lahoradelcampo.com.uy\/site\/hoy-comienza-la-expo-chiflero-en-artigas\/expochiflero\/\" data-orig-file=\"https:\/\/i0.wp.com\/lahoradelcampo.com.uy\/site\/wp-content\/uploads\/2020\/10\/expochiflero.jpg?fit=880%2C440&amp;ssl=1\" data-orig-size=\"880,440\" data-comments-opened=\"1\" data-image-meta=\"{&quot;aperture&quot;:&quot;0&quot;,&quot;credit&quot;:&quot;&quot;,&quot;camera&quot;:&quot;&quot;,&quot;caption&quot;:&quot;&quot;,&quot;created_timestamp&quot;:&quot;0&quot;,&quot;copyright&quot;:&quot;&quot;,&quot;focal_length&quot;:&quot;0&quot;,&quot;iso&quot;:&quot;0&quot;,&quot;shutter_speed&quot;:&quot;0&quot;,&quot;title&quot;:&quot;&quot;,&quot;orientation&quot;:&quot;1&quot;}\" data-image-title=\"expochiflero\" data-image-description=\"\" data-image-caption=\"\" data-large-file=\"https:\/\/i0.wp.com\/lahoradelcampo.com.uy\/site\/wp-content\/uploads\/2020\/10\/expochiflero.jpg?fit=810%2C405&amp;ssl=1\" src=\"https:\/\/i0.wp.com\/lahoradelcampo.com.uy\/site\/wp-content\/uploads\/2020\/10\/expochiflero.jpg?resize=810%2C405\" alt=\"\" class=\"wp-image-24686\" srcset=\"https:\/\/i0.wp.com\/lahoradelcampo.com.uy\/site\/wp-content\/uploads\/2020\/10\/expochiflero.jpg?w=880&amp;ssl=1 880w, https:\/\/i0.wp.com\/lahoradelcampo.com.uy\/site\/wp-content\/uploads\/2020\/10\/expochiflero.jpg?resize=300%2C150&amp;ssl=1 300w, https:\/\/i0.wp.com\/lahoradelcampo.com.uy\/site\/wp-content\/uploads\/2020\/10\/expochiflero.jpg?resize=768%2C384&amp;ssl=1 768w, https:\/\/i0.wp.com\/lahoradelcampo.com.uy\/site\/wp-content\/uploads\/2020\/10\/expochiflero.jpg?resize=820%2C410&amp;ssl=1 820w\" sizes=\"auto, (max-width: 810px) 100vw, 810px\" \/><\/figure>\n\n\n\n<p>La 88\u00aa exposici\u00f3n feria ganadera nacional y 57\u00aa internacional de reproductores en el departamento de Artigas, comienza en la jornada de hoy con el ingreso de los ejemplares de las distintas razas, al tiempo que se ha  programado una venta especial de la raza Cuarto de Milla, tanto para trabajo como para carreras, al atardecer.  En tanto que ma\u00f1ana s\u00e1bado se realizan las calificaciones de las distintas razas ovinas y los equinos, mientras que el domingo las de bovinos. <br><\/p>\n\n\n\n<p>Las calificaciones de ovinos est\u00e1 previsto que comiencen a las 10:30 horas con la raza Corriedale, para luego continuar con Merino Australiano, Ideal, Meril\u00edn y Texel.  A la tarde, 15 horas, se calificaran los equinos y posteriormente se realiza, como es tradicional el acto de apertura, la entrega de premios y el remate de reproductores ovinos, comenzando por los carneros de galp\u00f3n, continuando con los de campo y terminando la jornada con el remate de equinos participante de la muestra.  <br><\/p>\n\n\n\n<p>El domingo se comienza a las 9:30 horas con las calificaciones de los bretes de campo de las razas Limousin, Aberdeen Angus, Hereford. Sobre el mediod\u00eda se espera calificar los ejemplares de bozal. Por la tarde a las 16 horas se realiza la entrega de premios y posteriormente la venta de los toros participantes de la exposici\u00f3n. <\/p>\n\n\n\n<p style=\"text-align:right\"><strong>Salto, 16 de octubre de 2020<\/strong><\/p>\n","protected":false},"excerpt":{"rendered":"<p>La 88\u00aa exposici\u00f3n feria ganadera nacional y 57\u00aa internacional de reproductores en el departamento de Artigas, comienza en la jornada de hoy con el ingreso de los ejemplares de las [&hellip;]<\/p>\n","protected":false},"author":5,"featured_media":24686,"comment_status":"open","ping_status":"open","sticky":false,"template":"","format":"standard","meta":{"_price":"","_stock":"","_tribe_ticket_header":"","_tribe_default_ticket_provider":"","_tribe_ticket_capacity":"0","_ticket_start_date":"","_ticket_end_date":"","_tribe_ticket_show_description":"","_tribe_ticket_show_not_going":false,"_tribe_ticket_use_global_stock":"","_tribe_ticket_global_stock_level":"","_global_stock_mode":"","_global_stock_cap":"","_tribe_rsvp_for_event":"","_tribe_ticket_going_count":"","_tribe_ticket_not_going_count":"","_tribe_tickets_list":"[]","_tribe_ticket_has_attendee_info_fields":false,"h5ap_radio_sources":[],"_jetpack_newsletter_access":"","_jetpack_dont_email_post_to_subs":false,"_jetpack_newsletter_tier_id":0,"_jetpack_memberships_contains_paywalled_content":false,"_jetpack_memberships_contains_paid_content":false,"footnotes":""},"categories":[21,5],"tags":[],"class_list":["post-24682","post","type-post","status-publish","format-standard","has-post-thumbnail","hentry","category-actualidad","category-ganaderia"],"jetpack_featured_media_url":"https:\/\/i0.wp.com\/lahoradelcampo.com.uy\/site\/wp-content\/uploads\/2020\/10\/expochiflero.jpg?fit=880%2C440&ssl=1","jetpack_sharing_enabled":true,"jetpack_shortlink":"https:\/\/wp.me\/p99IaT-6q6","jetpack-related-posts":[{"id":24184,"url":"https:\/\/lahoradelcampo.com.uy\/site\/hoy-comienza-la-expo-salto-2020-con-una-mayor-participacion-de-reproductores\/","url_meta":{"origin":24682,"position":0},"title":"Hoy comienza la Expo Salto 2020, con una mayor participaci\u00f3n de reproductores","author":"La Hora del Campo","date":"1 octubre, 2020","format":false,"excerpt":"En la jornada de hoy, a partir de las 16 horas frente al Monumento del Centenario, en el predio de la Asociaci\u00f3n Agropecuaria de Salto, se desarrollar\u00e1 el acto de apertura de la muestra, con la presencia de de autoridades departamentales y nacionales. Previamente a las 8 horas y hasta\u2026","rel":"","context":"En \u00abActualidad\u00bb","block_context":{"text":"Actualidad","link":"https:\/\/lahoradelcampo.com.uy\/site\/category\/actualidad\/"},"img":{"alt_text":"","src":"https:\/\/i0.wp.com\/lahoradelcampo.com.uy\/site\/wp-content\/uploads\/2020\/10\/exposaltoweb.jpg?fit=880%2C440&ssl=1&resize=350%2C200","width":350,"height":200,"srcset":"https:\/\/i0.wp.com\/lahoradelcampo.com.uy\/site\/wp-content\/uploads\/2020\/10\/exposaltoweb.jpg?fit=880%2C440&ssl=1&resize=350%2C200 1x, https:\/\/i0.wp.com\/lahoradelcampo.com.uy\/site\/wp-content\/uploads\/2020\/10\/exposaltoweb.jpg?fit=880%2C440&ssl=1&resize=525%2C300 1.5x, https:\/\/i0.wp.com\/lahoradelcampo.com.uy\/site\/wp-content\/uploads\/2020\/10\/exposaltoweb.jpg?fit=880%2C440&ssl=1&resize=700%2C400 2x"},"classes":[]},{"id":24726,"url":"https:\/\/lahoradelcampo.com.uy\/site\/hoy-comienzan-las-calificaciones-en-la-expo-chiflero-los-ovinos-en-la-manana-y-los-equinos-en-la-tarde\/","url_meta":{"origin":24682,"position":1},"title":"Hoy comienzan las calificaciones en la Expo Chiflero, los ovinos en la ma\u00f1ana y los equinos en la tarde","author":"La Hora del Campo","date":"17 octubre, 2020","format":false,"excerpt":"Como es tradicional en el local Chiflero, luego de un control extricto de los veterinarios privados y el servicio oficial, ingresaron a exposici\u00f3n y venta cercad de 80 carneros entre galp\u00f3n y campo, por lo que se tendr\u00e1 una importante actividad esta ma\u00f1ana en lo que hace a calificaciones. Carlos\u2026","rel":"","context":"En \u00abActualidad\u00bb","block_context":{"text":"Actualidad","link":"https:\/\/lahoradelcampo.com.uy\/site\/category\/actualidad\/"},"img":{"alt_text":"","src":"https:\/\/i0.wp.com\/lahoradelcampo.com.uy\/site\/wp-content\/uploads\/2020\/10\/Nuevo-proyecto-1-1.jpg?fit=879%2C439&ssl=1&resize=350%2C200","width":350,"height":200,"srcset":"https:\/\/i0.wp.com\/lahoradelcampo.com.uy\/site\/wp-content\/uploads\/2020\/10\/Nuevo-proyecto-1-1.jpg?fit=879%2C439&ssl=1&resize=350%2C200 1x, https:\/\/i0.wp.com\/lahoradelcampo.com.uy\/site\/wp-content\/uploads\/2020\/10\/Nuevo-proyecto-1-1.jpg?fit=879%2C439&ssl=1&resize=525%2C300 1.5x, https:\/\/i0.wp.com\/lahoradelcampo.com.uy\/site\/wp-content\/uploads\/2020\/10\/Nuevo-proyecto-1-1.jpg?fit=879%2C439&ssl=1&resize=700%2C400 2x"},"classes":[]},{"id":54385,"url":"https:\/\/lahoradelcampo.com.uy\/site\/el-viernes-inicia-expo-prado-con-la-presencia-de-los-presidenciables\/","url_meta":{"origin":24682,"position":2},"title":"El viernes inicia Expo Prado, con la presencia de los presidenciables","author":"La Hora del Campo","date":"3 septiembre, 2024","format":false,"excerpt":"Desde el viernes 6 al domingo 15, se realiza la 119\u00b0 edici\u00f3n de la exposici\u00f3n internacional de ganader\u00eda, muestra agroindustrial y comercial, Expo Prado 2024, organizada por la Asociaci\u00f3n Rural del Uruguay (ARU) donde se exhibe lo mejor de la gen\u00e9tica nacional, este a\u00f1o con el adicional de ser un\u2026","rel":"","context":"En \u00abActualidad\u00bb","block_context":{"text":"Actualidad","link":"https:\/\/lahoradelcampo.com.uy\/site\/category\/actualidad\/"},"img":{"alt_text":"","src":"https:\/\/i0.wp.com\/lahoradelcampo.com.uy\/site\/wp-content\/uploads\/2024\/09\/expo-prado1.jpg?fit=880%2C440&ssl=1&resize=350%2C200","width":350,"height":200,"srcset":"https:\/\/i0.wp.com\/lahoradelcampo.com.uy\/site\/wp-content\/uploads\/2024\/09\/expo-prado1.jpg?fit=880%2C440&ssl=1&resize=350%2C200 1x, https:\/\/i0.wp.com\/lahoradelcampo.com.uy\/site\/wp-content\/uploads\/2024\/09\/expo-prado1.jpg?fit=880%2C440&ssl=1&resize=525%2C300 1.5x, https:\/\/i0.wp.com\/lahoradelcampo.com.uy\/site\/wp-content\/uploads\/2024\/09\/expo-prado1.jpg?fit=880%2C440&ssl=1&resize=700%2C400 2x"},"classes":[]},{"id":45951,"url":"https:\/\/lahoradelcampo.com.uy\/site\/hoy-comienza-la-expo-salto-con-la-inauguracion-a-las-16-horas\/","url_meta":{"origin":24682,"position":3},"title":"Hoy comienza la Expo Salto, con la inauguraci\u00f3n a las 16 horas","author":"La Hora del Campo","date":"29 septiembre, 2022","format":false,"excerpt":"Hoy da inicio la Expo Salto 2022, con una destacada actividad tanto desde el punto de vista ganadero, como de actividades para toda la familia salte\u00f1a. La muestra se desarrollar\u00e1 desde hoy, jueves 29 de setiembre, hasta el domingo 2 de octubre en el predio de la Asociaci\u00f3n Agropecuaria de\u2026","rel":"","context":"En \u00abActualidad\u00bb","block_context":{"text":"Actualidad","link":"https:\/\/lahoradelcampo.com.uy\/site\/category\/actualidad\/"},"img":{"alt_text":"","src":"https:\/\/i0.wp.com\/lahoradelcampo.com.uy\/site\/wp-content\/uploads\/2017\/10\/Expo-Salto.jpg?fit=880%2C440&ssl=1&resize=350%2C200","width":350,"height":200,"srcset":"https:\/\/i0.wp.com\/lahoradelcampo.com.uy\/site\/wp-content\/uploads\/2017\/10\/Expo-Salto.jpg?fit=880%2C440&ssl=1&resize=350%2C200 1x, https:\/\/i0.wp.com\/lahoradelcampo.com.uy\/site\/wp-content\/uploads\/2017\/10\/Expo-Salto.jpg?fit=880%2C440&ssl=1&resize=525%2C300 1.5x, https:\/\/i0.wp.com\/lahoradelcampo.com.uy\/site\/wp-content\/uploads\/2017\/10\/Expo-Salto.jpg?fit=880%2C440&ssl=1&resize=700%2C400 2x"},"classes":[]},{"id":23200,"url":"https:\/\/lahoradelcampo.com.uy\/site\/el-proximo-miercoles-comienza-la-expo-prado-2020\/","url_meta":{"origin":24682,"position":4},"title":"El pr\u00f3ximo mi\u00e9rcoles comienza la Expo Prado 2020","author":"La Hora del Campo","date":"3 septiembre, 2020","format":false,"excerpt":"La Expo Prado 2020, la \u00fanica exposici\u00f3n de la regi\u00f3n abierta al p\u00fablico este a\u00f1o, comienza el pr\u00f3ximo mi\u00e9rcoles 9 de setiembre y a medida que se acerca la fecha se incrementan las actividades que se van a desarrollar. La muestra se desarrollar\u00e1 con el slogan \"Expo Prado 2020: \u00a1Entre\u2026","rel":"","context":"En \u00abActualidad\u00bb","block_context":{"text":"Actualidad","link":"https:\/\/lahoradelcampo.com.uy\/site\/category\/actualidad\/"},"img":{"alt_text":"","src":"https:\/\/i0.wp.com\/lahoradelcampo.com.uy\/site\/wp-content\/uploads\/2020\/07\/expopradoweb.jpg?fit=880%2C440&ssl=1&resize=350%2C200","width":350,"height":200,"srcset":"https:\/\/i0.wp.com\/lahoradelcampo.com.uy\/site\/wp-content\/uploads\/2020\/07\/expopradoweb.jpg?fit=880%2C440&ssl=1&resize=350%2C200 1x, https:\/\/i0.wp.com\/lahoradelcampo.com.uy\/site\/wp-content\/uploads\/2020\/07\/expopradoweb.jpg?fit=880%2C440&ssl=1&resize=525%2C300 1.5x, https:\/\/i0.wp.com\/lahoradelcampo.com.uy\/site\/wp-content\/uploads\/2020\/07\/expopradoweb.jpg?fit=880%2C440&ssl=1&resize=700%2C400 2x"},"classes":[]},{"id":33589,"url":"https:\/\/lahoradelcampo.com.uy\/site\/comenzaron-las-calificaciones-de-la-expo-avicola-2021\/","url_meta":{"origin":24682,"position":5},"title":"Comenzaron las calificaciones de  la Expo Av\u00edcola 2021","author":"La Hora del Campo","date":"1 septiembre, 2021","format":false,"excerpt":"Tal cual estaba previsto comenz\u00f3 ayer la calificaci\u00f3n de los ejemplares de las distintas razas av\u00edcolas en la Expo 2021, que se desarrolla en el predio de la Asociaci\u00f3n Agropecuaria de Salto. Los jurados Victor Manfredi y Julio Campano, se encuentran calificando las principales razas, continuando en la jornada de\u2026","rel":"","context":"En \u00abActualidad\u00bb","block_context":{"text":"Actualidad","link":"https:\/\/lahoradelcampo.com.uy\/site\/category\/actualidad\/"},"img":{"alt_text":"","src":"https:\/\/i0.wp.com\/lahoradelcampo.com.uy\/site\/wp-content\/uploads\/2021\/09\/avicolasalto.jpg?fit=880%2C440&ssl=1&resize=350%2C200","width":350,"height":200,"srcset":"https:\/\/i0.wp.com\/lahoradelcampo.com.uy\/site\/wp-content\/uploads\/2021\/09\/avicolasalto.jpg?fit=880%2C440&ssl=1&resize=350%2C200 1x, https:\/\/i0.wp.com\/lahoradelcampo.com.uy\/site\/wp-content\/uploads\/2021\/09\/avicolasalto.jpg?fit=880%2C440&ssl=1&resize=525%2C300 1.5x, https:\/\/i0.wp.com\/lahoradelcampo.com.uy\/site\/wp-content\/uploads\/2021\/09\/avicolasalto.jpg?fit=880%2C440&ssl=1&resize=700%2C400 2x"},"classes":[]}],"jetpack_likes_enabled":true,"_links":{"self":[{"href":"https:\/\/lahoradelcampo.com.uy\/site\/wp-json\/wp\/v2\/posts\/24682","targetHints":{"allow":["GET"]}}],"collection":[{"href":"https:\/\/lahoradelcampo.com.uy\/site\/wp-json\/wp\/v2\/posts"}],"about":[{"href":"https:\/\/lahoradelcampo.com.uy\/site\/wp-json\/wp\/v2\/types\/post"}],"author":[{"embeddable":true,"href":"https:\/\/lahoradelcampo.com.uy\/site\/wp-json\/wp\/v2\/users\/5"}],"replies":[{"embeddable":true,"href":"https:\/\/lahoradelcampo.com.uy\/site\/wp-json\/wp\/v2\/comments?post=24682"}],"version-history":[{"count":1,"href":"https:\/\/lahoradelcampo.com.uy\/site\/wp-json\/wp\/v2\/posts\/24682\/revisions"}],"predecessor-version":[{"id":24690,"href":"https:\/\/lahoradelcampo.com.uy\/site\/wp-json\/wp\/v2\/posts\/24682\/revisions\/24690"}],"wp:featuredmedia":[{"embeddable":true,"href":"https:\/\/lahoradelcampo.com.uy\/site\/wp-json\/wp\/v2\/media\/24686"}],"wp:attachment":[{"href":"https:\/\/lahoradelcampo.com.uy\/site\/wp-json\/wp\/v2\/media?parent=24682"}],"wp:term":[{"taxonomy":"category","embeddable":true,"href":"https:\/\/lahoradelcampo.com.uy\/site\/wp-json\/wp\/v2\/categories?post=24682"},{"taxonomy":"post_tag","embeddable":true,"href":"https:\/\/lahoradelcampo.com.uy\/site\/wp-json\/wp\/v2\/tags?post=24682"}],"curies":[{"name":"wp","href":"https:\/\/api.w.org\/{rel}","templated":true}]}}