{"id":24664,"date":"2020-10-15T09:35:30","date_gmt":"2020-10-15T12:35:30","guid":{"rendered":"http:\/\/lahoradelcampo.com.uy\/site\/?p=24664"},"modified":"2020-10-15T09:35:37","modified_gmt":"2020-10-15T12:35:37","slug":"mercado-lanero-uruguayo-continua-sin-operativas","status":"publish","type":"post","link":"https:\/\/lahoradelcampo.com.uy\/site\/mercado-lanero-uruguayo-continua-sin-operativas\/","title":{"rendered":"Mercado lanero uruguayo contin\u00faa sin operativas"},"content":{"rendered":"\n<figure class=\"wp-block-image\"><img data-recalc-dims=\"1\" loading=\"lazy\" decoding=\"async\" width=\"810\" height=\"405\" data-attachment-id=\"24666\" data-permalink=\"https:\/\/lahoradelcampo.com.uy\/site\/mercado-lanero-uruguayo-continua-sin-operativas\/lanascamion\/\" data-orig-file=\"https:\/\/i0.wp.com\/lahoradelcampo.com.uy\/site\/wp-content\/uploads\/2020\/10\/lanascamion.jpg?fit=880%2C440&amp;ssl=1\" data-orig-size=\"880,440\" data-comments-opened=\"1\" data-image-meta=\"{&quot;aperture&quot;:&quot;0&quot;,&quot;credit&quot;:&quot;&quot;,&quot;camera&quot;:&quot;&quot;,&quot;caption&quot;:&quot;&quot;,&quot;created_timestamp&quot;:&quot;0&quot;,&quot;copyright&quot;:&quot;&quot;,&quot;focal_length&quot;:&quot;0&quot;,&quot;iso&quot;:&quot;0&quot;,&quot;shutter_speed&quot;:&quot;0&quot;,&quot;title&quot;:&quot;&quot;,&quot;orientation&quot;:&quot;1&quot;}\" data-image-title=\"lanascamion\" data-image-description=\"\" data-image-caption=\"\" data-large-file=\"https:\/\/i0.wp.com\/lahoradelcampo.com.uy\/site\/wp-content\/uploads\/2020\/10\/lanascamion.jpg?fit=810%2C405&amp;ssl=1\" src=\"https:\/\/i0.wp.com\/lahoradelcampo.com.uy\/site\/wp-content\/uploads\/2020\/10\/lanascamion.jpg?resize=810%2C405\" alt=\"\" class=\"wp-image-24666\" srcset=\"https:\/\/i0.wp.com\/lahoradelcampo.com.uy\/site\/wp-content\/uploads\/2020\/10\/lanascamion.jpg?w=880&amp;ssl=1 880w, https:\/\/i0.wp.com\/lahoradelcampo.com.uy\/site\/wp-content\/uploads\/2020\/10\/lanascamion.jpg?resize=300%2C150&amp;ssl=1 300w, https:\/\/i0.wp.com\/lahoradelcampo.com.uy\/site\/wp-content\/uploads\/2020\/10\/lanascamion.jpg?resize=768%2C384&amp;ssl=1 768w, https:\/\/i0.wp.com\/lahoradelcampo.com.uy\/site\/wp-content\/uploads\/2020\/10\/lanascamion.jpg?resize=820%2C410&amp;ssl=1 820w\" sizes=\"auto, (max-width: 810px) 100vw, 810px\" \/><\/figure>\n\n\n\n<p>A nivel del mercado lanero uruguayo contin\u00faa la ausencia de negocios que permitan posicionar referencias de valores fluidos para los distintos micronajes, de acuerdo al di\u00e1logo con varios operadores en distintos puntos del pa\u00eds. <br><\/p>\n\n\n\n<p>Carlos Andr\u00e9s Moriondo, de Moriondo &amp; C\u00eda, dijo a La Hora del Campo que la semana fue muy positiva en el exterior debido a las fuertes subas y que es muy abrupto a\u00fan sacar conclusiones en lo inmediato\u00bb. Adem\u00e1s record\u00f3 que contin\u00faan las esquilas, los productores est\u00e1n acondicionando sus lanas y en la mayor\u00eda de los casos coordinando cargas a los galpones de la firma para salir al mercado en el momento que de reactiven los negocios.<br><\/p>\n\n\n\n<p>Si bien algunos referentes de la demanda, sostienen que se debe esperar a que se dinamicen los pedidos desde el exterior y se posicionan en el mes de diciembre o principios de enero como referencia de tiempo para que se retome la actividad lentamente. <br><\/p>\n\n\n\n<p>Se acerca el cierre de a\u00f1o y eso est\u00e1 impacientando a algunos productores, seg\u00fan coment\u00f3 un operador del sur del pa\u00eds. \u00abHay productores que se encuentran apremiados por hacer caja para cumplir con compromisos asumidos. Seguramente en las pr\u00f3ximas semanas se vea reflejado alg\u00fan que otro negocio, aunque actualmente las referencias de precios est\u00e1n muy alejadas de la posici\u00f3n de los productores de comercializar sus lotes\u00bb indic\u00f3.  <\/p>\n\n\n\n<p style=\"text-align:right\"><strong>Salto, 15 de octubre de 2020<\/strong><\/p>\n","protected":false},"excerpt":{"rendered":"<p>A nivel del mercado lanero uruguayo contin\u00faa la ausencia de negocios que permitan posicionar referencias de valores fluidos para los distintos micronajes, de acuerdo al di\u00e1logo con varios operadores en [&hellip;]<\/p>\n","protected":false},"author":5,"featured_media":24666,"comment_status":"open","ping_status":"open","sticky":false,"template":"","format":"standard","meta":{"_price":"","_stock":"","_tribe_ticket_header":"","_tribe_default_ticket_provider":"","_tribe_ticket_capacity":"0","_ticket_start_date":"","_ticket_end_date":"","_tribe_ticket_show_description":"","_tribe_ticket_show_not_going":false,"_tribe_ticket_use_global_stock":"","_tribe_ticket_global_stock_level":"","_global_stock_mode":"","_global_stock_cap":"","_tribe_rsvp_for_event":"","_tribe_ticket_going_count":"","_tribe_ticket_not_going_count":"","_tribe_tickets_list":"[]","_tribe_ticket_has_attendee_info_fields":false,"h5ap_radio_sources":[],"_jetpack_newsletter_access":"","_jetpack_dont_email_post_to_subs":false,"_jetpack_newsletter_tier_id":0,"_jetpack_memberships_contains_paywalled_content":false,"_jetpack_memberships_contains_paid_content":false,"footnotes":""},"categories":[21,5],"tags":[],"class_list":["post-24664","post","type-post","status-publish","format-standard","has-post-thumbnail","hentry","category-actualidad","category-ganaderia"],"jetpack_featured_media_url":"https:\/\/i0.wp.com\/lahoradelcampo.com.uy\/site\/wp-content\/uploads\/2020\/10\/lanascamion.jpg?fit=880%2C440&ssl=1","jetpack_sharing_enabled":true,"jetpack_shortlink":"https:\/\/wp.me\/p99IaT-6pO","jetpack-related-posts":[{"id":23466,"url":"https:\/\/lahoradelcampo.com.uy\/site\/el-mercado-lanero-uruguayo-continua-sin-operativa\/","url_meta":{"origin":24664,"position":0},"title":"El mercado lanero uruguayo contin\u00faa sin operativa","author":"La Hora del Campo","date":"13 septiembre, 2020","format":false,"excerpt":"Parece reiterativo, pero es la realidad de un mercado que no encuentra una se\u00f1al clara para plantear precios de referencia para los distintos tipos de lana, por lo que se contin\u00faa sin operativa en el mercado interno. Al igual que la semana anterior, se han escuchado algunos valores en el\u2026","rel":"","context":"En \u00abActualidad\u00bb","block_context":{"text":"Actualidad","link":"https:\/\/lahoradelcampo.com.uy\/site\/category\/actualidad\/"},"img":{"alt_text":"","src":"https:\/\/i0.wp.com\/lahoradelcampo.com.uy\/site\/wp-content\/uploads\/2017\/10\/Lanas-australia-1.jpg?fit=880%2C440&ssl=1&resize=350%2C200","width":350,"height":200,"srcset":"https:\/\/i0.wp.com\/lahoradelcampo.com.uy\/site\/wp-content\/uploads\/2017\/10\/Lanas-australia-1.jpg?fit=880%2C440&ssl=1&resize=350%2C200 1x, https:\/\/i0.wp.com\/lahoradelcampo.com.uy\/site\/wp-content\/uploads\/2017\/10\/Lanas-australia-1.jpg?fit=880%2C440&ssl=1&resize=525%2C300 1.5x, https:\/\/i0.wp.com\/lahoradelcampo.com.uy\/site\/wp-content\/uploads\/2017\/10\/Lanas-australia-1.jpg?fit=880%2C440&ssl=1&resize=700%2C400 2x"},"classes":[]},{"id":21072,"url":"https:\/\/lahoradelcampo.com.uy\/site\/mercado-lanero-interno-continua-sin-operativa\/","url_meta":{"origin":24664,"position":1},"title":"Mercado lanero interno  contin\u00faa sin operativa","author":"La Hora del Campo","date":"18 junio, 2020","format":false,"excerpt":"La operativa en el mercado lanero interno suma una nueva semana sin negocios, pero al mismo tiempo tambi\u00e9n una nueva semana de consultas por parte de los productores a nivel de los escritorios de consignatarios e intermediarios. El productor que necesite vender, claramente tendr\u00e1 que hacerse a la idea de\u2026","rel":"","context":"En \u00abActualidad\u00bb","block_context":{"text":"Actualidad","link":"https:\/\/lahoradelcampo.com.uy\/site\/category\/actualidad\/"},"img":{"alt_text":"","src":"https:\/\/i0.wp.com\/lahoradelcampo.com.uy\/site\/wp-content\/uploads\/2017\/12\/lana2.jpg?fit=880%2C440&ssl=1&resize=350%2C200","width":350,"height":200,"srcset":"https:\/\/i0.wp.com\/lahoradelcampo.com.uy\/site\/wp-content\/uploads\/2017\/12\/lana2.jpg?fit=880%2C440&ssl=1&resize=350%2C200 1x, https:\/\/i0.wp.com\/lahoradelcampo.com.uy\/site\/wp-content\/uploads\/2017\/12\/lana2.jpg?fit=880%2C440&ssl=1&resize=525%2C300 1.5x, https:\/\/i0.wp.com\/lahoradelcampo.com.uy\/site\/wp-content\/uploads\/2017\/12\/lana2.jpg?fit=880%2C440&ssl=1&resize=700%2C400 2x"},"classes":[]},{"id":51281,"url":"https:\/\/lahoradelcampo.com.uy\/site\/el-mercado-lanero-uruguayo-continua-retraido-con-algunos-negocios-en-merino\/","url_meta":{"origin":24664,"position":2},"title":"El mercado lanero uruguayo contin\u00faa retra\u00eddo con algunos negocios en merino","author":"La Hora del Campo","date":"19 junio, 2023","format":false,"excerpt":"El mercado contin\u00faa retra\u00eddo, con algunos negocios puntuales que se van cerrando a medida que se logran encontrar las puntas entre la demanda y lo que procura el productor. Varios operadores y consignatarios laneros consultados al cierre de la semana, informaron un mercado tranquilo, sin movimientos, con precios y demanda\u2026","rel":"","context":"En \u00abActualidad\u00bb","block_context":{"text":"Actualidad","link":"https:\/\/lahoradelcampo.com.uy\/site\/category\/actualidad\/"},"img":{"alt_text":"","src":"https:\/\/i0.wp.com\/lahoradelcampo.com.uy\/site\/wp-content\/uploads\/2018\/03\/lanar-web.jpg?fit=880%2C440&ssl=1&resize=350%2C200","width":350,"height":200,"srcset":"https:\/\/i0.wp.com\/lahoradelcampo.com.uy\/site\/wp-content\/uploads\/2018\/03\/lanar-web.jpg?fit=880%2C440&ssl=1&resize=350%2C200 1x, https:\/\/i0.wp.com\/lahoradelcampo.com.uy\/site\/wp-content\/uploads\/2018\/03\/lanar-web.jpg?fit=880%2C440&ssl=1&resize=525%2C300 1.5x, https:\/\/i0.wp.com\/lahoradelcampo.com.uy\/site\/wp-content\/uploads\/2018\/03\/lanar-web.jpg?fit=880%2C440&ssl=1&resize=700%2C400 2x"},"classes":[]},{"id":2623,"url":"https:\/\/lahoradelcampo.com.uy\/site\/el-mercado-lanero-uruguayo-continua-con-poca-operativa\/","url_meta":{"origin":24664,"position":3},"title":"El mercado lanero uruguayo contin\u00faa con poca operativa","author":"La Hora del Campo","date":"12 octubre, 2017","format":false,"excerpt":"A nivel del mercado lanero uruguayo no se observa una corriente de negocios fluida en las \u00faltimas semanas mientras las esquilas vienen atrasadas al igual que las cargas de fibra comercializada en el lomo en los \u00faltimos meses. Seg\u00fan operadores del mercado la demanda se encuentra expectante a lo que\u2026","rel":"","context":"En \u00abActualidad\u00bb","block_context":{"text":"Actualidad","link":"https:\/\/lahoradelcampo.com.uy\/site\/category\/actualidad\/"},"img":{"alt_text":"","src":"https:\/\/i0.wp.com\/lahoradelcampo.com.uy\/site\/wp-content\/uploads\/2017\/10\/Lanas-uruguay.jpg?fit=880%2C440&ssl=1&resize=350%2C200","width":350,"height":200,"srcset":"https:\/\/i0.wp.com\/lahoradelcampo.com.uy\/site\/wp-content\/uploads\/2017\/10\/Lanas-uruguay.jpg?fit=880%2C440&ssl=1&resize=350%2C200 1x, https:\/\/i0.wp.com\/lahoradelcampo.com.uy\/site\/wp-content\/uploads\/2017\/10\/Lanas-uruguay.jpg?fit=880%2C440&ssl=1&resize=525%2C300 1.5x, https:\/\/i0.wp.com\/lahoradelcampo.com.uy\/site\/wp-content\/uploads\/2017\/10\/Lanas-uruguay.jpg?fit=880%2C440&ssl=1&resize=700%2C400 2x"},"classes":[]},{"id":12435,"url":"https:\/\/lahoradelcampo.com.uy\/site\/el-mercado-lanero-interno-continua-con-escasa-operativa-de-negocios\/","url_meta":{"origin":24664,"position":4},"title":"El mercado lanero interno continua con escasa operativa de negocios","author":"La Hora del Campo","date":"5 julio, 2019","format":false,"excerpt":"La semana sin lluvias, a pesar del fr\u00edo, ha permitido avanzar con las esquilas preparto en el norte del pa\u00eds. Productores realizando la cosecha de la lana con peine alto, colocando capa en las ovejas y acondicion\u00e1ndolas en potreros cercanos al casco del establecimiento y brindando resguardo, de manera tal\u2026","rel":"","context":"En \u00abActualidad\u00bb","block_context":{"text":"Actualidad","link":"https:\/\/lahoradelcampo.com.uy\/site\/category\/actualidad\/"},"img":{"alt_text":"","src":"https:\/\/i0.wp.com\/lahoradelcampo.com.uy\/site\/wp-content\/uploads\/2018\/03\/lanar-web.jpg?fit=880%2C440&ssl=1&resize=350%2C200","width":350,"height":200,"srcset":"https:\/\/i0.wp.com\/lahoradelcampo.com.uy\/site\/wp-content\/uploads\/2018\/03\/lanar-web.jpg?fit=880%2C440&ssl=1&resize=350%2C200 1x, https:\/\/i0.wp.com\/lahoradelcampo.com.uy\/site\/wp-content\/uploads\/2018\/03\/lanar-web.jpg?fit=880%2C440&ssl=1&resize=525%2C300 1.5x, https:\/\/i0.wp.com\/lahoradelcampo.com.uy\/site\/wp-content\/uploads\/2018\/03\/lanar-web.jpg?fit=880%2C440&ssl=1&resize=700%2C400 2x"},"classes":[]},{"id":32124,"url":"https:\/\/lahoradelcampo.com.uy\/site\/mercado-lanero-uruguayo-con-poca-operativa\/","url_meta":{"origin":24664,"position":5},"title":"Mercado lanero uruguayo con poca operativa","author":"La Hora del Campo","date":"16 julio, 2021","format":false,"excerpt":"A nivel del mercado interno, la operativa comercial contin\u00faa siendo escasa, con un productor que aspira a mejores valores por su producci\u00f3n y una demanda que est\u00e1 muy cautelosa, sin lograr convalidar en negocios con el exterior los incrementos que se han registrado en Australia durante las \u00faltimas semanas. Si\u2026","rel":"","context":"En \u00abActualidad\u00bb","block_context":{"text":"Actualidad","link":"https:\/\/lahoradelcampo.com.uy\/site\/category\/actualidad\/"},"img":{"alt_text":"","src":"https:\/\/i0.wp.com\/lahoradelcampo.com.uy\/site\/wp-content\/uploads\/2019\/06\/lana-australia.jpg?fit=880%2C440&ssl=1&resize=350%2C200","width":350,"height":200,"srcset":"https:\/\/i0.wp.com\/lahoradelcampo.com.uy\/site\/wp-content\/uploads\/2019\/06\/lana-australia.jpg?fit=880%2C440&ssl=1&resize=350%2C200 1x, https:\/\/i0.wp.com\/lahoradelcampo.com.uy\/site\/wp-content\/uploads\/2019\/06\/lana-australia.jpg?fit=880%2C440&ssl=1&resize=525%2C300 1.5x, https:\/\/i0.wp.com\/lahoradelcampo.com.uy\/site\/wp-content\/uploads\/2019\/06\/lana-australia.jpg?fit=880%2C440&ssl=1&resize=700%2C400 2x"},"classes":[]}],"jetpack_likes_enabled":true,"_links":{"self":[{"href":"https:\/\/lahoradelcampo.com.uy\/site\/wp-json\/wp\/v2\/posts\/24664","targetHints":{"allow":["GET"]}}],"collection":[{"href":"https:\/\/lahoradelcampo.com.uy\/site\/wp-json\/wp\/v2\/posts"}],"about":[{"href":"https:\/\/lahoradelcampo.com.uy\/site\/wp-json\/wp\/v2\/types\/post"}],"author":[{"embeddable":true,"href":"https:\/\/lahoradelcampo.com.uy\/site\/wp-json\/wp\/v2\/users\/5"}],"replies":[{"embeddable":true,"href":"https:\/\/lahoradelcampo.com.uy\/site\/wp-json\/wp\/v2\/comments?post=24664"}],"version-history":[{"count":1,"href":"https:\/\/lahoradelcampo.com.uy\/site\/wp-json\/wp\/v2\/posts\/24664\/revisions"}],"predecessor-version":[{"id":24668,"href":"https:\/\/lahoradelcampo.com.uy\/site\/wp-json\/wp\/v2\/posts\/24664\/revisions\/24668"}],"wp:featuredmedia":[{"embeddable":true,"href":"https:\/\/lahoradelcampo.com.uy\/site\/wp-json\/wp\/v2\/media\/24666"}],"wp:attachment":[{"href":"https:\/\/lahoradelcampo.com.uy\/site\/wp-json\/wp\/v2\/media?parent=24664"}],"wp:term":[{"taxonomy":"category","embeddable":true,"href":"https:\/\/lahoradelcampo.com.uy\/site\/wp-json\/wp\/v2\/categories?post=24664"},{"taxonomy":"post_tag","embeddable":true,"href":"https:\/\/lahoradelcampo.com.uy\/site\/wp-json\/wp\/v2\/tags?post=24664"}],"curies":[{"name":"wp","href":"https:\/\/api.w.org\/{rel}","templated":true}]}}