{"id":24656,"date":"2020-10-15T09:31:57","date_gmt":"2020-10-15T12:31:57","guid":{"rendered":"http:\/\/lahoradelcampo.com.uy\/site\/?p=24656"},"modified":"2020-10-15T09:32:04","modified_gmt":"2020-10-15T12:32:04","slug":"tras-fuerte-suba-en-australia-el-ime-cotiza-a-us-801","status":"publish","type":"post","link":"https:\/\/lahoradelcampo.com.uy\/site\/tras-fuerte-suba-en-australia-el-ime-cotiza-a-us-801\/","title":{"rendered":"Tras fuerte suba en Australia, el IME cotiza a US$ 8,01"},"content":{"rendered":"\n<figure class=\"wp-block-image\"><img data-recalc-dims=\"1\" loading=\"lazy\" decoding=\"async\" width=\"810\" height=\"405\" data-attachment-id=\"6173\" data-permalink=\"https:\/\/lahoradelcampo.com.uy\/site\/mercado-lanero-australiano-cerro-a-us-1377-por-kilogramo-base-limpia\/lanaa\/\" data-orig-file=\"https:\/\/i0.wp.com\/lahoradelcampo.com.uy\/site\/wp-content\/uploads\/2018\/03\/Lanaa.jpg?fit=880%2C440&amp;ssl=1\" data-orig-size=\"880,440\" data-comments-opened=\"1\" data-image-meta=\"{&quot;aperture&quot;:&quot;0&quot;,&quot;credit&quot;:&quot;Vicente-Manuel-Tort&quot;,&quot;camera&quot;:&quot;&quot;,&quot;caption&quot;:&quot;&quot;,&quot;created_timestamp&quot;:&quot;0&quot;,&quot;copyright&quot;:&quot;Presidencia de la Republica - Sec.Com.Inst.&quot;,&quot;focal_length&quot;:&quot;0&quot;,&quot;iso&quot;:&quot;0&quot;,&quot;shutter_speed&quot;:&quot;0&quot;,&quot;title&quot;:&quot;&quot;,&quot;orientation&quot;:&quot;1&quot;}\" data-image-title=\"Lanaa\" data-image-description=\"\" data-image-caption=\"\" data-large-file=\"https:\/\/i0.wp.com\/lahoradelcampo.com.uy\/site\/wp-content\/uploads\/2018\/03\/Lanaa.jpg?fit=810%2C405&amp;ssl=1\" src=\"https:\/\/i0.wp.com\/lahoradelcampo.com.uy\/site\/wp-content\/uploads\/2018\/03\/Lanaa.jpg?resize=810%2C405\" alt=\"\" class=\"wp-image-6173\" srcset=\"https:\/\/i0.wp.com\/lahoradelcampo.com.uy\/site\/wp-content\/uploads\/2018\/03\/Lanaa.jpg?w=880&amp;ssl=1 880w, https:\/\/i0.wp.com\/lahoradelcampo.com.uy\/site\/wp-content\/uploads\/2018\/03\/Lanaa.jpg?resize=300%2C150&amp;ssl=1 300w, https:\/\/i0.wp.com\/lahoradelcampo.com.uy\/site\/wp-content\/uploads\/2018\/03\/Lanaa.jpg?resize=768%2C384&amp;ssl=1 768w, https:\/\/i0.wp.com\/lahoradelcampo.com.uy\/site\/wp-content\/uploads\/2018\/03\/Lanaa.jpg?resize=820%2C410&amp;ssl=1 820w\" sizes=\"auto, (max-width: 810px) 100vw, 810px\" \/><\/figure>\n\n\n\n<p>Las relaciones entre Australia y China, por el cese de las compras de carb\u00f3n desde el gigante asi\u00e1tico, est\u00e1n deterioradas en las \u00faltimas semanas, sin embargo esto no impidi\u00f3 que la demanda por lanas continuara firme y el mercado volviera esta semana a impulsar su tendencia alcista, pero sobre todo con altos niveles de colocaci\u00f3n para lo que ven\u00eda ocurriendo hace un mes atr\u00e1s. <br><\/p>\n\n\n\n<p>El Indicador de Mercados del Este (IME) cerr\u00f3 en US$ 8,01 por kilogramo base limpia, subiendo 74 centavos en la semana. Adem\u00e1s de ser est\u00e1 la suba semanal m\u00e1s importante de la presente zafra, el indicador retorno a posicionarse en referencias de valores del cierre de la zafra pasada. <br><\/p>\n\n\n\n<p>En la moneda australiana el indicador cotiz\u00f3 a US$ 11,17, subiendo 95 centavos, por lo que el tipo de cambio no permiti\u00f3 que la suba se trasladar\u00e1 en el 100% a la divisa estadounidense.<br><\/p>\n\n\n\n<p>Al igual que lo hemos se\u00f1alado en las \u00faltimas semanas, las lanas por debajo de las 18,5 cotizan por encima del cierre de la zafra pasada y luego de estas dos jornadas de subas, el rango de mejoras se extiende a las lanas de 19,5 micras. <br><\/p>\n\n\n\n<p>De un total de 30.863 fardos inscriptos, el productor australiano retir\u00f3 un 5% y la demanda termin\u00f3 adquiriendo en la pista el 96,6%. En la semana la principal firma compradora fue Endeavour Wool Exports, con un 15% de las compras. <br><\/p>\n\n\n\n<p>La actividad del mercado lanero australiano retoma la pr\u00f3xima semana con una oferta de 34.093 fardos durante los d\u00edas martes y mi\u00e9rcoles. Dicho volumen se distribuir\u00e1 en los tres centros de ventas. <\/p>\n\n\n\n<p style=\"text-align:right\"><strong>Salto, 15 de octubre de 2020<\/strong><\/p>\n","protected":false},"excerpt":{"rendered":"<p>Las relaciones entre Australia y China, por el cese de las compras de carb\u00f3n desde el gigante asi\u00e1tico, est\u00e1n deterioradas en las \u00faltimas semanas, sin embargo esto no impidi\u00f3 que [&hellip;]<\/p>\n","protected":false},"author":5,"featured_media":6173,"comment_status":"open","ping_status":"open","sticky":false,"template":"","format":"standard","meta":{"_price":"","_stock":"","_tribe_ticket_header":"","_tribe_default_ticket_provider":"","_tribe_ticket_capacity":"0","_ticket_start_date":"","_ticket_end_date":"","_tribe_ticket_show_description":"","_tribe_ticket_show_not_going":false,"_tribe_ticket_use_global_stock":"","_tribe_ticket_global_stock_level":"","_global_stock_mode":"","_global_stock_cap":"","_tribe_rsvp_for_event":"","_tribe_ticket_going_count":"","_tribe_ticket_not_going_count":"","_tribe_tickets_list":"[]","_tribe_ticket_has_attendee_info_fields":false,"h5ap_radio_sources":[],"_jetpack_newsletter_access":"","_jetpack_dont_email_post_to_subs":false,"_jetpack_newsletter_tier_id":0,"_jetpack_memberships_contains_paywalled_content":false,"_jetpack_memberships_contains_paid_content":false,"footnotes":""},"categories":[21,5],"tags":[],"class_list":["post-24656","post","type-post","status-publish","format-standard","has-post-thumbnail","hentry","category-actualidad","category-ganaderia"],"jetpack_featured_media_url":"https:\/\/i0.wp.com\/lahoradelcampo.com.uy\/site\/wp-content\/uploads\/2018\/03\/Lanaa.jpg?fit=880%2C440&ssl=1","jetpack_sharing_enabled":true,"jetpack_shortlink":"https:\/\/wp.me\/p99IaT-6pG","jetpack-related-posts":[{"id":27064,"url":"https:\/\/lahoradelcampo.com.uy\/site\/con-firme-demanda-por-lanas-finas-el-ime-sigue-subiendo-en-australia\/","url_meta":{"origin":24656,"position":0},"title":"Con firme demanda por lanas finas el IME sigue subiendo en Australia","author":"La Hora del Campo","date":"22 enero, 2021","format":false,"excerpt":"Tres d\u00edas de ventas tuvo la semana 30 de la presente zafra lanera 2020\/21, en el mercado lanero australiano, con una demanda que fue de menos a m\u00e1s y logr\u00f3 un incremento de 27 centavos de d\u00f3lares norteamericanos en el Indicador de Mercados del Este (IME). La demanda se posicion\u00f3\u2026","rel":"","context":"En \u00abActualidad\u00bb","block_context":{"text":"Actualidad","link":"https:\/\/lahoradelcampo.com.uy\/site\/category\/actualidad\/"},"img":{"alt_text":"","src":"https:\/\/i0.wp.com\/lahoradelcampo.com.uy\/site\/wp-content\/uploads\/2019\/05\/lanas-australia-a.jpg?fit=880%2C440&ssl=1&resize=350%2C200","width":350,"height":200,"srcset":"https:\/\/i0.wp.com\/lahoradelcampo.com.uy\/site\/wp-content\/uploads\/2019\/05\/lanas-australia-a.jpg?fit=880%2C440&ssl=1&resize=350%2C200 1x, https:\/\/i0.wp.com\/lahoradelcampo.com.uy\/site\/wp-content\/uploads\/2019\/05\/lanas-australia-a.jpg?fit=880%2C440&ssl=1&resize=525%2C300 1.5x, https:\/\/i0.wp.com\/lahoradelcampo.com.uy\/site\/wp-content\/uploads\/2019\/05\/lanas-australia-a.jpg?fit=880%2C440&ssl=1&resize=700%2C400 2x"},"classes":[]},{"id":35753,"url":"https:\/\/lahoradelcampo.com.uy\/site\/el-ime-cotizo-esta-semana-a-us-1025\/","url_meta":{"origin":24656,"position":1},"title":"El IME cotiz\u00f3 esta semana a US$ 10,25","author":"La Hora del Campo","date":"21 octubre, 2021","format":false,"excerpt":"Esta semana el mercado ofert\u00f3 el menor volumen de las \u00faltimas cinco de operativa en Australia, lo que se posicion\u00f3 como un factor alcista ante una demanda m\u00e1s firme de China. La semana registr\u00f3 fuertes alzas, llevando a que el Indicador de Mercados del Este (IME) lograra posicionarse nuevamente por\u2026","rel":"","context":"En \u00abActualidad\u00bb","block_context":{"text":"Actualidad","link":"https:\/\/lahoradelcampo.com.uy\/site\/category\/actualidad\/"},"img":{"alt_text":"","src":"https:\/\/i0.wp.com\/lahoradelcampo.com.uy\/site\/wp-content\/uploads\/2019\/06\/Lana-australia-1.jpg?fit=880%2C440&ssl=1&resize=350%2C200","width":350,"height":200,"srcset":"https:\/\/i0.wp.com\/lahoradelcampo.com.uy\/site\/wp-content\/uploads\/2019\/06\/Lana-australia-1.jpg?fit=880%2C440&ssl=1&resize=350%2C200 1x, https:\/\/i0.wp.com\/lahoradelcampo.com.uy\/site\/wp-content\/uploads\/2019\/06\/Lana-australia-1.jpg?fit=880%2C440&ssl=1&resize=525%2C300 1.5x, https:\/\/i0.wp.com\/lahoradelcampo.com.uy\/site\/wp-content\/uploads\/2019\/06\/Lana-australia-1.jpg?fit=880%2C440&ssl=1&resize=700%2C400 2x"},"classes":[]},{"id":18156,"url":"https:\/\/lahoradelcampo.com.uy\/site\/el-ime-cerro-a-us-801-valores-de-setiembre-de-2010\/","url_meta":{"origin":24656,"position":2},"title":"El IME cerr\u00f3 a US$ 8,01, valores de setiembre de 2010","author":"La Hora del Campo","date":"20 marzo, 2020","format":false,"excerpt":"En una semana marcada por el p\u00e1nico generado por la expansi\u00f3n del brote de coronavirus en el mundo, el mercado lanero australiano se encontr\u00f3 con una p\u00e9rdida de US$ 1,81 en el Indicador de Mercados del Este (IME) tras cotizar a US$ 8,01 por kilogramo base limpia, referencia que no\u2026","rel":"","context":"En \u00abActualidad\u00bb","block_context":{"text":"Actualidad","link":"https:\/\/lahoradelcampo.com.uy\/site\/category\/actualidad\/"},"img":{"alt_text":"","src":"https:\/\/i0.wp.com\/lahoradelcampo.com.uy\/site\/wp-content\/uploads\/2017\/10\/Lanas-uruguay.jpg?fit=880%2C440&ssl=1&resize=350%2C200","width":350,"height":200,"srcset":"https:\/\/i0.wp.com\/lahoradelcampo.com.uy\/site\/wp-content\/uploads\/2017\/10\/Lanas-uruguay.jpg?fit=880%2C440&ssl=1&resize=350%2C200 1x, https:\/\/i0.wp.com\/lahoradelcampo.com.uy\/site\/wp-content\/uploads\/2017\/10\/Lanas-uruguay.jpg?fit=880%2C440&ssl=1&resize=525%2C300 1.5x, https:\/\/i0.wp.com\/lahoradelcampo.com.uy\/site\/wp-content\/uploads\/2017\/10\/Lanas-uruguay.jpg?fit=880%2C440&ssl=1&resize=700%2C400 2x"},"classes":[]},{"id":21698,"url":"https:\/\/lahoradelcampo.com.uy\/site\/receso-en-australia-comienza-con-suba-del-2\/","url_meta":{"origin":24656,"position":3},"title":"Receso en Australia comienza con suba del 2%","author":"La Hora del Campo","date":"10 julio, 2020","format":false,"excerpt":"Como es tradicional, luego de las dos primeras semanas del comienzo de la nueva zafra lanera, el mercado australiano entro en su receso invernal, que este a\u00f1o se prolonga hasta la semana que da inicio el 3 de agosto. A pesar de haber ca\u00edda un 30% respecto al inicio de\u2026","rel":"","context":"En \u00abActualidad\u00bb","block_context":{"text":"Actualidad","link":"https:\/\/lahoradelcampo.com.uy\/site\/category\/actualidad\/"},"img":{"alt_text":"","src":"https:\/\/i0.wp.com\/lahoradelcampo.com.uy\/site\/wp-content\/uploads\/2017\/11\/lanas.jpg?fit=880%2C440&ssl=1&resize=350%2C200","width":350,"height":200,"srcset":"https:\/\/i0.wp.com\/lahoradelcampo.com.uy\/site\/wp-content\/uploads\/2017\/11\/lanas.jpg?fit=880%2C440&ssl=1&resize=350%2C200 1x, https:\/\/i0.wp.com\/lahoradelcampo.com.uy\/site\/wp-content\/uploads\/2017\/11\/lanas.jpg?fit=880%2C440&ssl=1&resize=525%2C300 1.5x, https:\/\/i0.wp.com\/lahoradelcampo.com.uy\/site\/wp-content\/uploads\/2017\/11\/lanas.jpg?fit=880%2C440&ssl=1&resize=700%2C400 2x"},"classes":[]},{"id":12635,"url":"https:\/\/lahoradelcampo.com.uy\/site\/el-ime-entro-al-receso-en-us-1222-subiendo-10-centavos-en-la-semana\/","url_meta":{"origin":24656,"position":4},"title":"El IME entr\u00f3 al receso en US$ 12,22, subiendo 10 centavos en la semana","author":"La Hora del Campo","date":"12 julio, 2019","format":false,"excerpt":"El mercado lanero australiano cerr\u00f3 las ventas de esta semana con un nuevo incremento en los valores de referencia del Indicador de Mercados del Este (IME). Una demanda firme en la b\u00fasqueda de adquirir el volumen necesario para afrontar las tres semanas de receso que comienzan en Australia permitieron un\u2026","rel":"","context":"En \u00abActualidad\u00bb","block_context":{"text":"Actualidad","link":"https:\/\/lahoradelcampo.com.uy\/site\/category\/actualidad\/"},"img":{"alt_text":"","src":"https:\/\/i0.wp.com\/lahoradelcampo.com.uy\/site\/wp-content\/uploads\/2019\/07\/Lana-australia1.jpg?fit=880%2C440&ssl=1&resize=350%2C200","width":350,"height":200,"srcset":"https:\/\/i0.wp.com\/lahoradelcampo.com.uy\/site\/wp-content\/uploads\/2019\/07\/Lana-australia1.jpg?fit=880%2C440&ssl=1&resize=350%2C200 1x, https:\/\/i0.wp.com\/lahoradelcampo.com.uy\/site\/wp-content\/uploads\/2019\/07\/Lana-australia1.jpg?fit=880%2C440&ssl=1&resize=525%2C300 1.5x, https:\/\/i0.wp.com\/lahoradelcampo.com.uy\/site\/wp-content\/uploads\/2019\/07\/Lana-australia1.jpg?fit=880%2C440&ssl=1&resize=700%2C400 2x"},"classes":[]},{"id":20570,"url":"https:\/\/lahoradelcampo.com.uy\/site\/el-ime-cerro-en-us-821-con-una-suba-de-44-centavos\/","url_meta":{"origin":24656,"position":5},"title":"El IME cerr\u00f3 en US$ 8,21 con una suba de 44 centavos","author":"La Hora del Campo","date":"4 junio, 2020","format":false,"excerpt":"El mercado lanero australiano recibi\u00f3 un fuerte impulso del tipo de cambio esta semana, pero adem\u00e1s se mostr\u00f3 alcista en la moneda local y con una demanda firme, ante una reducida oferta en los centros de Melbourne y Sidney (la segunda m\u00e1s baja de la zafra). En este contexto el\u2026","rel":"","context":"En \u00abActualidad\u00bb","block_context":{"text":"Actualidad","link":"https:\/\/lahoradelcampo.com.uy\/site\/category\/actualidad\/"},"img":{"alt_text":"","src":"https:\/\/i0.wp.com\/lahoradelcampo.com.uy\/site\/wp-content\/uploads\/2018\/03\/Lanaa.jpg?fit=880%2C440&ssl=1&resize=350%2C200","width":350,"height":200,"srcset":"https:\/\/i0.wp.com\/lahoradelcampo.com.uy\/site\/wp-content\/uploads\/2018\/03\/Lanaa.jpg?fit=880%2C440&ssl=1&resize=350%2C200 1x, https:\/\/i0.wp.com\/lahoradelcampo.com.uy\/site\/wp-content\/uploads\/2018\/03\/Lanaa.jpg?fit=880%2C440&ssl=1&resize=525%2C300 1.5x, https:\/\/i0.wp.com\/lahoradelcampo.com.uy\/site\/wp-content\/uploads\/2018\/03\/Lanaa.jpg?fit=880%2C440&ssl=1&resize=700%2C400 2x"},"classes":[]}],"jetpack_likes_enabled":true,"_links":{"self":[{"href":"https:\/\/lahoradelcampo.com.uy\/site\/wp-json\/wp\/v2\/posts\/24656","targetHints":{"allow":["GET"]}}],"collection":[{"href":"https:\/\/lahoradelcampo.com.uy\/site\/wp-json\/wp\/v2\/posts"}],"about":[{"href":"https:\/\/lahoradelcampo.com.uy\/site\/wp-json\/wp\/v2\/types\/post"}],"author":[{"embeddable":true,"href":"https:\/\/lahoradelcampo.com.uy\/site\/wp-json\/wp\/v2\/users\/5"}],"replies":[{"embeddable":true,"href":"https:\/\/lahoradelcampo.com.uy\/site\/wp-json\/wp\/v2\/comments?post=24656"}],"version-history":[{"count":1,"href":"https:\/\/lahoradelcampo.com.uy\/site\/wp-json\/wp\/v2\/posts\/24656\/revisions"}],"predecessor-version":[{"id":24658,"href":"https:\/\/lahoradelcampo.com.uy\/site\/wp-json\/wp\/v2\/posts\/24656\/revisions\/24658"}],"wp:featuredmedia":[{"embeddable":true,"href":"https:\/\/lahoradelcampo.com.uy\/site\/wp-json\/wp\/v2\/media\/6173"}],"wp:attachment":[{"href":"https:\/\/lahoradelcampo.com.uy\/site\/wp-json\/wp\/v2\/media?parent=24656"}],"wp:term":[{"taxonomy":"category","embeddable":true,"href":"https:\/\/lahoradelcampo.com.uy\/site\/wp-json\/wp\/v2\/categories?post=24656"},{"taxonomy":"post_tag","embeddable":true,"href":"https:\/\/lahoradelcampo.com.uy\/site\/wp-json\/wp\/v2\/tags?post=24656"}],"curies":[{"name":"wp","href":"https:\/\/api.w.org\/{rel}","templated":true}]}}