{"id":24652,"date":"2020-10-15T09:28:49","date_gmt":"2020-10-15T12:28:49","guid":{"rendered":"http:\/\/lahoradelcampo.com.uy\/site\/?p=24652"},"modified":"2020-10-15T09:28:57","modified_gmt":"2020-10-15T12:28:57","slug":"el-mgap-celebra-el-dia-de-la-mujer-rural","status":"publish","type":"post","link":"https:\/\/lahoradelcampo.com.uy\/site\/el-mgap-celebra-el-dia-de-la-mujer-rural\/","title":{"rendered":"El MGAP celebra el d\u00eda de la Mujer Rural"},"content":{"rendered":"\n<figure class=\"wp-block-image\"><img data-recalc-dims=\"1\" loading=\"lazy\" decoding=\"async\" width=\"810\" height=\"405\" data-attachment-id=\"5267\" data-permalink=\"https:\/\/lahoradelcampo.com.uy\/site\/el-turismo-rural-como-herramienta-de-desarrollo-en-salto\/mujeres\/\" data-orig-file=\"https:\/\/i0.wp.com\/lahoradelcampo.com.uy\/site\/wp-content\/uploads\/2018\/01\/Mujeres.jpg?fit=880%2C440&amp;ssl=1\" data-orig-size=\"880,440\" data-comments-opened=\"1\" data-image-meta=\"{&quot;aperture&quot;:&quot;0&quot;,&quot;credit&quot;:&quot;Vicente-Manuel-Tort&quot;,&quot;camera&quot;:&quot;&quot;,&quot;caption&quot;:&quot;&quot;,&quot;created_timestamp&quot;:&quot;0&quot;,&quot;copyright&quot;:&quot;Presidencia de la Republica - Sec.Com.Inst.&quot;,&quot;focal_length&quot;:&quot;0&quot;,&quot;iso&quot;:&quot;0&quot;,&quot;shutter_speed&quot;:&quot;0&quot;,&quot;title&quot;:&quot;&quot;,&quot;orientation&quot;:&quot;1&quot;}\" data-image-title=\"Mujeres\" data-image-description=\"\" data-image-caption=\"\" data-large-file=\"https:\/\/i0.wp.com\/lahoradelcampo.com.uy\/site\/wp-content\/uploads\/2018\/01\/Mujeres.jpg?fit=810%2C405&amp;ssl=1\" src=\"https:\/\/i0.wp.com\/lahoradelcampo.com.uy\/site\/wp-content\/uploads\/2018\/01\/Mujeres.jpg?resize=810%2C405\" alt=\"\" class=\"wp-image-5267\" srcset=\"https:\/\/i0.wp.com\/lahoradelcampo.com.uy\/site\/wp-content\/uploads\/2018\/01\/Mujeres.jpg?w=880&amp;ssl=1 880w, https:\/\/i0.wp.com\/lahoradelcampo.com.uy\/site\/wp-content\/uploads\/2018\/01\/Mujeres.jpg?resize=300%2C150&amp;ssl=1 300w, https:\/\/i0.wp.com\/lahoradelcampo.com.uy\/site\/wp-content\/uploads\/2018\/01\/Mujeres.jpg?resize=768%2C384&amp;ssl=1 768w, https:\/\/i0.wp.com\/lahoradelcampo.com.uy\/site\/wp-content\/uploads\/2018\/01\/Mujeres.jpg?resize=820%2C410&amp;ssl=1 820w\" sizes=\"auto, (max-width: 810px) 100vw, 810px\" \/><\/figure>\n\n\n\n<p>La institucionalidad p\u00fablica agropecuaria celebra el D\u00eda Internacional de la Mujer Rural con diversas actividades en varios puntos del pa\u00eds. <br> Las actividades comenzar\u00e1n a la hora 9:30 con la visita las autoridades entre las que se destaca la vicepresidenta Beatriz Argim\u00f3n, al Monumento Mujer Rural en el Km. 72 de Ruta 1.<br><\/p>\n\n\n\n<p>Paralelamente, en Ismael Cortinas, habr\u00e1 un taller para mujeres rurales, a cargo del MGAP y FAO. A la hora 12:00, las autoridades visitar\u00e1n la C\u00e1mara de Maduraci\u00f3n de Quesos de Ismael Cortinas.<br><\/p>\n\n\n\n<p>A las 13:15 se realizar\u00e1 un almuerzo compartido entre autoridades, representantes de organizaciones y productoras vinculadas a la queser\u00eda y la lecher\u00eda de la regi\u00f3n.<br><\/p>\n\n\n\n<p>La actividad central ser\u00e1 a la hora 14:00, con la realizaci\u00f3n de una conferencia de prensa en la que participar\u00e1n autoridades institucionales y referentes de organizaciones rurales.<br><\/p>\n\n\n\n<p>La institucionalidad p\u00fablica agropecuaria se sumar\u00e1 a la movida con una recorrida de los presidentes de los diferentes institutos por predios rurales en distintos puntos del pa\u00eds. A su vez, a solicitud de la secretaria general del MGAP, Fernanda Maldonado, las Comisiones de G\u00e9nero y Agro de la C\u00e1mara de Diputados y sus paralelas en el Senado, tambi\u00e9n se sumar\u00e1n a las actividades de conmemoraci\u00f3n por el D\u00eda de la Mujer Rural.<br><\/p>\n\n\n\n<p>Todas estas actividades se estar\u00e1n difundiendo a trav\u00e9s de las redes sociales, con el hashtag de la campa\u00f1a: #MujeresRurales #MujeresConDerechos<\/p>\n\n\n\n<p style=\"text-align:right\"><strong>Salto, 15 de octubre de 2020<\/strong><\/p>\n","protected":false},"excerpt":{"rendered":"<p>La institucionalidad p\u00fablica agropecuaria celebra el D\u00eda Internacional de la Mujer Rural con diversas actividades en varios puntos del pa\u00eds. Las actividades comenzar\u00e1n a la hora 9:30 con la visita [&hellip;]<\/p>\n","protected":false},"author":5,"featured_media":5267,"comment_status":"open","ping_status":"open","sticky":false,"template":"","format":"standard","meta":{"_price":"","_stock":"","_tribe_ticket_header":"","_tribe_default_ticket_provider":"","_tribe_ticket_capacity":"0","_ticket_start_date":"","_ticket_end_date":"","_tribe_ticket_show_description":"","_tribe_ticket_show_not_going":false,"_tribe_ticket_use_global_stock":"","_tribe_ticket_global_stock_level":"","_global_stock_mode":"","_global_stock_cap":"","_tribe_rsvp_for_event":"","_tribe_ticket_going_count":"","_tribe_ticket_not_going_count":"","_tribe_tickets_list":"[]","_tribe_ticket_has_attendee_info_fields":false,"h5ap_radio_sources":[],"_jetpack_newsletter_access":"","_jetpack_dont_email_post_to_subs":false,"_jetpack_newsletter_tier_id":0,"_jetpack_memberships_contains_paywalled_content":false,"_jetpack_memberships_contains_paid_content":false,"footnotes":""},"categories":[21,5],"tags":[],"class_list":["post-24652","post","type-post","status-publish","format-standard","has-post-thumbnail","hentry","category-actualidad","category-ganaderia"],"jetpack_featured_media_url":"https:\/\/i0.wp.com\/lahoradelcampo.com.uy\/site\/wp-content\/uploads\/2018\/01\/Mujeres.jpg?fit=880%2C440&ssl=1","jetpack_sharing_enabled":true,"jetpack_shortlink":"https:\/\/wp.me\/p99IaT-6pC","jetpack-related-posts":[{"id":46327,"url":"https:\/\/lahoradelcampo.com.uy\/site\/blanquillo-sera-el-punto-de-encuentro-de-la-mujer-rural-en-su-dia\/","url_meta":{"origin":24652,"position":0},"title":"Blanquillo ser\u00e1 el punto de encuentro de la Mujer Rural en su d\u00eda","author":"La Hora del Campo","date":"14 octubre, 2022","format":false,"excerpt":"Este s\u00e1bado 15 de octubre se celebra el d\u00eda internacional de la Mujer Rural, siendo el punto de encuentro la localidad de Blanquillo en el departamento de Durazno. Dentro del programa est\u00e1 previsto que se recorran varios emprendimientos y experiencias \"transformadoras\" impulsados por las mujeres en el medio rural. En\u2026","rel":"","context":"En \u00abActualidad\u00bb","block_context":{"text":"Actualidad","link":"https:\/\/lahoradelcampo.com.uy\/site\/category\/actualidad\/"},"img":{"alt_text":"","src":"https:\/\/i0.wp.com\/lahoradelcampo.com.uy\/site\/wp-content\/uploads\/2022\/10\/Mujeres-rurales.jpg?fit=880%2C440&ssl=1&resize=350%2C200","width":350,"height":200,"srcset":"https:\/\/i0.wp.com\/lahoradelcampo.com.uy\/site\/wp-content\/uploads\/2022\/10\/Mujeres-rurales.jpg?fit=880%2C440&ssl=1&resize=350%2C200 1x, https:\/\/i0.wp.com\/lahoradelcampo.com.uy\/site\/wp-content\/uploads\/2022\/10\/Mujeres-rurales.jpg?fit=880%2C440&ssl=1&resize=525%2C300 1.5x, https:\/\/i0.wp.com\/lahoradelcampo.com.uy\/site\/wp-content\/uploads\/2022\/10\/Mujeres-rurales.jpg?fit=880%2C440&ssl=1&resize=700%2C400 2x"},"classes":[]},{"id":49093,"url":"https:\/\/lahoradelcampo.com.uy\/site\/hoy-se-celebra-el-dia-internacional-de-la-mujer\/","url_meta":{"origin":24652,"position":1},"title":"Hoy se celebra el d\u00eda internacional de la mujer","author":"La Hora del Campo","date":"8 marzo, 2023","format":false,"excerpt":"La celebraci\u00f3n de las Naciones Unidas del D\u00eda Internacional de la Mujer de este 2023, reconoce y homenajea a las mujeres, ni\u00f1as y organizaciones de mujeres que se encuentran procurando mejoras en la inclusi\u00f3n de la mujer en el avance de la tecnolog\u00eda y el acceso a la educaci\u00f3n digital.\u2026","rel":"","context":"En \u00abActualidad\u00bb","block_context":{"text":"Actualidad","link":"https:\/\/lahoradelcampo.com.uy\/site\/category\/actualidad\/"},"img":{"alt_text":"","src":"https:\/\/i0.wp.com\/lahoradelcampo.com.uy\/site\/wp-content\/uploads\/2023\/03\/MGAP-Mujeres1.jpg?fit=880%2C440&ssl=1&resize=350%2C200","width":350,"height":200,"srcset":"https:\/\/i0.wp.com\/lahoradelcampo.com.uy\/site\/wp-content\/uploads\/2023\/03\/MGAP-Mujeres1.jpg?fit=880%2C440&ssl=1&resize=350%2C200 1x, https:\/\/i0.wp.com\/lahoradelcampo.com.uy\/site\/wp-content\/uploads\/2023\/03\/MGAP-Mujeres1.jpg?fit=880%2C440&ssl=1&resize=525%2C300 1.5x, https:\/\/i0.wp.com\/lahoradelcampo.com.uy\/site\/wp-content\/uploads\/2023\/03\/MGAP-Mujeres1.jpg?fit=880%2C440&ssl=1&resize=700%2C400 2x"},"classes":[]},{"id":39797,"url":"https:\/\/lahoradelcampo.com.uy\/site\/comenzo-entrega-de-pcs-y-capacitacion-digital-para-mujeres-rurales\/","url_meta":{"origin":24652,"position":2},"title":"Comenz\u00f3 entrega de PCs y capacitaci\u00f3n digital para mujeres rurales","author":"La Hora del Campo","date":"12 marzo, 2022","format":false,"excerpt":"Este viernes 11 de marzo en la oficina MGAP de Salto, se realiz\u00f3 el lanzamiento de las actividades del Programa Piloto de Inclusi\u00f3n y Desarrollo de Competencias Digitales para Empleabilidad, primer programa conjunto de MGAP e INEFOP espec\u00edfico para mujeres rurales. Adem\u00e1s de las autoridades participaron mujeres rurales incluidas en\u2026","rel":"","context":"En \u00abActualidad\u00bb","block_context":{"text":"Actualidad","link":"https:\/\/lahoradelcampo.com.uy\/site\/category\/actualidad\/"},"img":{"alt_text":"","src":"https:\/\/i0.wp.com\/lahoradelcampo.com.uy\/site\/wp-content\/uploads\/2022\/03\/MGAP-MujeresPCs.jpg?fit=880%2C440&ssl=1&resize=350%2C200","width":350,"height":200,"srcset":"https:\/\/i0.wp.com\/lahoradelcampo.com.uy\/site\/wp-content\/uploads\/2022\/03\/MGAP-MujeresPCs.jpg?fit=880%2C440&ssl=1&resize=350%2C200 1x, https:\/\/i0.wp.com\/lahoradelcampo.com.uy\/site\/wp-content\/uploads\/2022\/03\/MGAP-MujeresPCs.jpg?fit=880%2C440&ssl=1&resize=525%2C300 1.5x, https:\/\/i0.wp.com\/lahoradelcampo.com.uy\/site\/wp-content\/uploads\/2022\/03\/MGAP-MujeresPCs.jpg?fit=880%2C440&ssl=1&resize=700%2C400 2x"},"classes":[]},{"id":24442,"url":"https:\/\/lahoradelcampo.com.uy\/site\/mgap-abrio-periodo-de-consultas-para-la-elaboracion-del-plan-nacional-de-genero\/","url_meta":{"origin":24652,"position":3},"title":"MGAP abri\u00f3 per\u00edodo de consultas para la elaboraci\u00f3n del Plan Nacional de G\u00e9nero","author":"La Hora del Campo","date":"8 octubre, 2020","format":false,"excerpt":"El pasado prmero de octubre, con la presencia de la Vicepresidente de la Rep\u00fablica, Beatriz Argim\u00f3n, la Primera Dama, Lorena Ponce De Le\u00f3n, el Ministro de Ganader\u00eda, Agricultura y Pesca, Carlos Mar\u00eda Uriarte y dem\u00e1s autoridades del MGAP, la directora de Inmujeres, M\u00f3nica Bottero y el oficial a cargo de\u2026","rel":"","context":"En \u00abActualidad\u00bb","block_context":{"text":"Actualidad","link":"https:\/\/lahoradelcampo.com.uy\/site\/category\/actualidad\/"},"img":{"alt_text":"","src":"https:\/\/i0.wp.com\/lahoradelcampo.com.uy\/site\/wp-content\/uploads\/2020\/10\/generomgap.jpg?fit=880%2C440&ssl=1&resize=350%2C200","width":350,"height":200,"srcset":"https:\/\/i0.wp.com\/lahoradelcampo.com.uy\/site\/wp-content\/uploads\/2020\/10\/generomgap.jpg?fit=880%2C440&ssl=1&resize=350%2C200 1x, https:\/\/i0.wp.com\/lahoradelcampo.com.uy\/site\/wp-content\/uploads\/2020\/10\/generomgap.jpg?fit=880%2C440&ssl=1&resize=525%2C300 1.5x, https:\/\/i0.wp.com\/lahoradelcampo.com.uy\/site\/wp-content\/uploads\/2020\/10\/generomgap.jpg?fit=880%2C440&ssl=1&resize=700%2C400 2x"},"classes":[]},{"id":33923,"url":"https:\/\/lahoradelcampo.com.uy\/site\/mattos-inaugurara-el-viernes-el-stand-en-la-expo-prado\/","url_meta":{"origin":24652,"position":4},"title":"Mattos inaugurar\u00e1 el viernes  el stand en la Expo Prado","author":"La Hora del Campo","date":"9 septiembre, 2021","format":false,"excerpt":"Ma\u00f1ana viernes, 10 de setiembre, a las 17:30 horas se realizar\u00e1 el acto inaugural del stand del Ministerio de Ganader\u00eda, Agricultura y Pesca (MGAP) en el marco de la Expo Prado 2021. En dicho evento har\u00e1 uso de la palabra el Ministro Fernando Mattos en compa\u00f1\u00eda de las m\u00e1ximas autoridades\u2026","rel":"","context":"En \u00abActualidad\u00bb","block_context":{"text":"Actualidad","link":"https:\/\/lahoradelcampo.com.uy\/site\/category\/actualidad\/"},"img":{"alt_text":"","src":"https:\/\/i0.wp.com\/lahoradelcampo.com.uy\/site\/wp-content\/uploads\/2021\/09\/mgap-prado.jpg?fit=880%2C440&ssl=1&resize=350%2C200","width":350,"height":200,"srcset":"https:\/\/i0.wp.com\/lahoradelcampo.com.uy\/site\/wp-content\/uploads\/2021\/09\/mgap-prado.jpg?fit=880%2C440&ssl=1&resize=350%2C200 1x, https:\/\/i0.wp.com\/lahoradelcampo.com.uy\/site\/wp-content\/uploads\/2021\/09\/mgap-prado.jpg?fit=880%2C440&ssl=1&resize=525%2C300 1.5x, https:\/\/i0.wp.com\/lahoradelcampo.com.uy\/site\/wp-content\/uploads\/2021\/09\/mgap-prado.jpg?fit=880%2C440&ssl=1&resize=700%2C400 2x"},"classes":[]},{"id":32852,"url":"https:\/\/lahoradelcampo.com.uy\/site\/jovenes-festejaran-su-dia-en-el-parlamento\/","url_meta":{"origin":24652,"position":5},"title":"J\u00f3venes festejar\u00e1n su d\u00eda en el Parlamento","author":"La Hora del Campo","date":"9 agosto, 2021","format":false,"excerpt":"Desde hace varios a\u00f1os, el 27 de agosto se celebra el D\u00eda Nacional de la Juventud Rural en Uruguay. Con el fin de reconocer la trayectoria de las diversas juventudes rurales, el Estado uruguayo ha designado ese d\u00eda para poner en agenda y dar visibilidad a este sector de la\u2026","rel":"","context":"En \u00abActualidad\u00bb","block_context":{"text":"Actualidad","link":"https:\/\/lahoradelcampo.com.uy\/site\/category\/actualidad\/"},"img":{"alt_text":"","src":"https:\/\/i0.wp.com\/lahoradelcampo.com.uy\/site\/wp-content\/uploads\/2021\/08\/juventud.jpg?fit=880%2C440&ssl=1&resize=350%2C200","width":350,"height":200,"srcset":"https:\/\/i0.wp.com\/lahoradelcampo.com.uy\/site\/wp-content\/uploads\/2021\/08\/juventud.jpg?fit=880%2C440&ssl=1&resize=350%2C200 1x, https:\/\/i0.wp.com\/lahoradelcampo.com.uy\/site\/wp-content\/uploads\/2021\/08\/juventud.jpg?fit=880%2C440&ssl=1&resize=525%2C300 1.5x, https:\/\/i0.wp.com\/lahoradelcampo.com.uy\/site\/wp-content\/uploads\/2021\/08\/juventud.jpg?fit=880%2C440&ssl=1&resize=700%2C400 2x"},"classes":[]}],"jetpack_likes_enabled":true,"_links":{"self":[{"href":"https:\/\/lahoradelcampo.com.uy\/site\/wp-json\/wp\/v2\/posts\/24652","targetHints":{"allow":["GET"]}}],"collection":[{"href":"https:\/\/lahoradelcampo.com.uy\/site\/wp-json\/wp\/v2\/posts"}],"about":[{"href":"https:\/\/lahoradelcampo.com.uy\/site\/wp-json\/wp\/v2\/types\/post"}],"author":[{"embeddable":true,"href":"https:\/\/lahoradelcampo.com.uy\/site\/wp-json\/wp\/v2\/users\/5"}],"replies":[{"embeddable":true,"href":"https:\/\/lahoradelcampo.com.uy\/site\/wp-json\/wp\/v2\/comments?post=24652"}],"version-history":[{"count":1,"href":"https:\/\/lahoradelcampo.com.uy\/site\/wp-json\/wp\/v2\/posts\/24652\/revisions"}],"predecessor-version":[{"id":24654,"href":"https:\/\/lahoradelcampo.com.uy\/site\/wp-json\/wp\/v2\/posts\/24652\/revisions\/24654"}],"wp:featuredmedia":[{"embeddable":true,"href":"https:\/\/lahoradelcampo.com.uy\/site\/wp-json\/wp\/v2\/media\/5267"}],"wp:attachment":[{"href":"https:\/\/lahoradelcampo.com.uy\/site\/wp-json\/wp\/v2\/media?parent=24652"}],"wp:term":[{"taxonomy":"category","embeddable":true,"href":"https:\/\/lahoradelcampo.com.uy\/site\/wp-json\/wp\/v2\/categories?post=24652"},{"taxonomy":"post_tag","embeddable":true,"href":"https:\/\/lahoradelcampo.com.uy\/site\/wp-json\/wp\/v2\/tags?post=24652"}],"curies":[{"name":"wp","href":"https:\/\/api.w.org\/{rel}","templated":true}]}}