{"id":24646,"date":"2020-10-15T09:19:31","date_gmt":"2020-10-15T12:19:31","guid":{"rendered":"http:\/\/lahoradelcampo.com.uy\/site\/?p=24646"},"modified":"2020-10-15T09:19:37","modified_gmt":"2020-10-15T12:19:37","slug":"agil-dinamica-y-100-de-venta-en-tierra-de-toros-en-paysandu","status":"publish","type":"post","link":"https:\/\/lahoradelcampo.com.uy\/site\/agil-dinamica-y-100-de-venta-en-tierra-de-toros-en-paysandu\/","title":{"rendered":"Agil, din\u00e1mica y 100% de venta en \u201cTierra de Toros\u201d, en Paysand\u00fa"},"content":{"rendered":"\n<figure class=\"wp-block-image\"><img data-recalc-dims=\"1\" loading=\"lazy\" decoding=\"async\" width=\"810\" height=\"405\" data-attachment-id=\"24648\" data-permalink=\"https:\/\/lahoradelcampo.com.uy\/site\/agil-dinamica-y-100-de-venta-en-tierra-de-toros-en-paysandu\/tierradetoros\/\" data-orig-file=\"https:\/\/i0.wp.com\/lahoradelcampo.com.uy\/site\/wp-content\/uploads\/2020\/10\/tierradetoros.jpg?fit=880%2C440&amp;ssl=1\" data-orig-size=\"880,440\" data-comments-opened=\"1\" data-image-meta=\"{&quot;aperture&quot;:&quot;0&quot;,&quot;credit&quot;:&quot;&quot;,&quot;camera&quot;:&quot;&quot;,&quot;caption&quot;:&quot;&quot;,&quot;created_timestamp&quot;:&quot;0&quot;,&quot;copyright&quot;:&quot;&quot;,&quot;focal_length&quot;:&quot;0&quot;,&quot;iso&quot;:&quot;0&quot;,&quot;shutter_speed&quot;:&quot;0&quot;,&quot;title&quot;:&quot;&quot;,&quot;orientation&quot;:&quot;1&quot;}\" data-image-title=\"tierradetoros\" data-image-description=\"\" data-image-caption=\"\" data-large-file=\"https:\/\/i0.wp.com\/lahoradelcampo.com.uy\/site\/wp-content\/uploads\/2020\/10\/tierradetoros.jpg?fit=810%2C405&amp;ssl=1\" src=\"https:\/\/i0.wp.com\/lahoradelcampo.com.uy\/site\/wp-content\/uploads\/2020\/10\/tierradetoros.jpg?resize=810%2C405\" alt=\"\" class=\"wp-image-24648\" srcset=\"https:\/\/i0.wp.com\/lahoradelcampo.com.uy\/site\/wp-content\/uploads\/2020\/10\/tierradetoros.jpg?w=880&amp;ssl=1 880w, https:\/\/i0.wp.com\/lahoradelcampo.com.uy\/site\/wp-content\/uploads\/2020\/10\/tierradetoros.jpg?resize=300%2C150&amp;ssl=1 300w, https:\/\/i0.wp.com\/lahoradelcampo.com.uy\/site\/wp-content\/uploads\/2020\/10\/tierradetoros.jpg?resize=768%2C384&amp;ssl=1 768w, https:\/\/i0.wp.com\/lahoradelcampo.com.uy\/site\/wp-content\/uploads\/2020\/10\/tierradetoros.jpg?resize=820%2C410&amp;ssl=1 820w\" sizes=\"auto, (max-width: 810px) 100vw, 810px\" \/><\/figure>\n\n\n\n<p>Con venta del 100% de la oferta, con dinamismo y buenos valores, \u201cTierra de Toros\u201d concret\u00f3 la comercializaci\u00f3n de tres razas en el local de la Exposici\u00f3n Feria de Paysand\u00fa, coloc\u00e1ndose los 64 toros Angus, Polled Hereford y Brangus en U$S 2.847.<br><\/p>\n\n\n\n<p>La subasta a cargo de Zambrano y C\u00eda. con el martillo de Alejandro Zambrano, reuni\u00f3 el Polled Hereford de \u201cSanta In\u00e9s\u201d de Alberto Pereira Micoud, \u201cLa Sorpresa\u201d de Pereira Campomar Hnos. y \u201cLa Picada\u201d.<br><\/p>\n\n\n\n<p>Comenz\u00f3 con el Angus despach\u00e1ndose 34 ejemplares entre 4.800 y 2.400, promedio U$S 2.982; luego 21 Polled Hereford que se pagaron entre3.600 y 2.160, promedio U$S 2.463; finalmente los 9 Brangus se vendieron entre 3.840 y 3.000, promedio U$S 3.233. <br><\/p>\n\n\n\n<p>\u201cSe vendi\u00f3 todo en una hora y media por lo que la evaluaci\u00f3n es buena\u201d, dijo Alejandro Zambrano tras finalizar el remate. \u201cNos dio un poco m\u00e1s de trabajo el Polled Hereford, pero tal vez le faltaba un poco de Estado a algunos de los toros de los \u00faltimos bretes\u201d. Acot\u00f3 que el objetivo \u201cest\u00e1 cumplido porque se vende todo\u201d. <br><\/p>\n\n\n\n<p>Por su parte Ignacio Pereira consider\u00f3 que \u201ctuvimos una demanda tremenda por los Angus,algo m\u00e1s pesada en los Polled Hereford y sab\u00edamos que hab\u00eda mucha consulta por los Brangus, especialmente los colorados, pero la verdad nos sorprendi\u00f3 porque hubo varios piques por cada uno de los toros\u201d.<\/p>\n\n\n\n<p><strong>Informe: Pablo Blanc &#8211; El Tel\u00e9grafo<\/strong><\/p>\n\n\n\n<p style=\"text-align:right\"><strong>Salto, 15 de octubre de 2020<\/strong><\/p>\n","protected":false},"excerpt":{"rendered":"<p>Con venta del 100% de la oferta, con dinamismo y buenos valores, \u201cTierra de Toros\u201d concret\u00f3 la comercializaci\u00f3n de tres razas en el local de la Exposici\u00f3n Feria de Paysand\u00fa, [&hellip;]<\/p>\n","protected":false},"author":5,"featured_media":24648,"comment_status":"open","ping_status":"open","sticky":false,"template":"","format":"standard","meta":{"_price":"","_stock":"","_tribe_ticket_header":"","_tribe_default_ticket_provider":"","_tribe_ticket_capacity":"0","_ticket_start_date":"","_ticket_end_date":"","_tribe_ticket_show_description":"","_tribe_ticket_show_not_going":false,"_tribe_ticket_use_global_stock":"","_tribe_ticket_global_stock_level":"","_global_stock_mode":"","_global_stock_cap":"","_tribe_rsvp_for_event":"","_tribe_ticket_going_count":"","_tribe_ticket_not_going_count":"","_tribe_tickets_list":"[]","_tribe_ticket_has_attendee_info_fields":false,"h5ap_radio_sources":[],"_jetpack_newsletter_access":"","_jetpack_dont_email_post_to_subs":false,"_jetpack_newsletter_tier_id":0,"_jetpack_memberships_contains_paywalled_content":false,"_jetpack_memberships_contains_paid_content":false,"footnotes":""},"categories":[21,5],"tags":[],"class_list":["post-24646","post","type-post","status-publish","format-standard","has-post-thumbnail","hentry","category-actualidad","category-ganaderia"],"jetpack_featured_media_url":"https:\/\/i0.wp.com\/lahoradelcampo.com.uy\/site\/wp-content\/uploads\/2020\/10\/tierradetoros.jpg?fit=880%2C440&ssl=1","jetpack_sharing_enabled":true,"jetpack_shortlink":"https:\/\/wp.me\/p99IaT-6pw","jetpack-related-posts":[{"id":2131,"url":"https:\/\/lahoradelcampo.com.uy\/site\/tierra-de-toros-us-2-756-por-los-angus-y-us-2-762-por-los-hereford\/","url_meta":{"origin":24646,"position":0},"title":"Tierra de toros: U$S 2.756 por los Angus y U$S 2.762 por los Hereford","author":"La Hora del Campo","date":"4 octubre, 2017","format":false,"excerpt":"El remate \"Tierra de Toros\" realizado en la jornada de ayer en el local de la Exposici\u00f3n Feria de Paysand\u00fa, alcanz\u00f3 un promedio de U$S 2.756 por los Aberdeen Angus, un 1,6% por encima de las ventas de 2016; en tanto que los Polled Hereford alcanzaron U$S 2.762, un 16,9%\u2026","rel":"","context":"En \u00abActualidad\u00bb","block_context":{"text":"Actualidad","link":"https:\/\/lahoradelcampo.com.uy\/site\/category\/actualidad\/"},"img":{"alt_text":"","src":"https:\/\/i0.wp.com\/lahoradelcampo.com.uy\/site\/wp-content\/uploads\/2017\/10\/Remate-Tierra-de-toros.jpg?fit=880%2C440&ssl=1&resize=350%2C200","width":350,"height":200,"srcset":"https:\/\/i0.wp.com\/lahoradelcampo.com.uy\/site\/wp-content\/uploads\/2017\/10\/Remate-Tierra-de-toros.jpg?fit=880%2C440&ssl=1&resize=350%2C200 1x, https:\/\/i0.wp.com\/lahoradelcampo.com.uy\/site\/wp-content\/uploads\/2017\/10\/Remate-Tierra-de-toros.jpg?fit=880%2C440&ssl=1&resize=525%2C300 1.5x, https:\/\/i0.wp.com\/lahoradelcampo.com.uy\/site\/wp-content\/uploads\/2017\/10\/Remate-Tierra-de-toros.jpg?fit=880%2C440&ssl=1&resize=700%2C400 2x"},"classes":[]},{"id":54875,"url":"https:\/\/lahoradelcampo.com.uy\/site\/zambrano-vendio-75-toros-en-tierra-de-toros-a-us-3-548\/","url_meta":{"origin":24646,"position":1},"title":"Zambrano vendi\u00f3 75 toros en \u00abTierra de toros\u00bb a US$ 3.548","author":"La Hora del Campo","date":"13 octubre, 2024","format":false,"excerpt":"En un ambiente lleno de historia y tradici\u00f3n, las caba\u00f1as \u201cSanta In\u00e9s\u201d y \u201cLa Sorpresa\u201d lograron dispersar fluidamente 75 toros Polled Hereford y Aberdeen Angus, alcanzando un promedio de U$S 3.548.Este remate, realizado en la estancia de Estaci\u00f3n Queguay, Paysand\u00fa, estuvo a cargo de Zambrano y C\u00eda. y cont\u00f3 con\u2026","rel":"","context":"En \u00abActualidad\u00bb","block_context":{"text":"Actualidad","link":"https:\/\/lahoradelcampo.com.uy\/site\/category\/actualidad\/"},"img":{"alt_text":"","src":"https:\/\/i0.wp.com\/lahoradelcampo.com.uy\/site\/wp-content\/uploads\/2024\/10\/Tierra-de-toros.jpg?fit=880%2C440&ssl=1&resize=350%2C200","width":350,"height":200,"srcset":"https:\/\/i0.wp.com\/lahoradelcampo.com.uy\/site\/wp-content\/uploads\/2024\/10\/Tierra-de-toros.jpg?fit=880%2C440&ssl=1&resize=350%2C200 1x, https:\/\/i0.wp.com\/lahoradelcampo.com.uy\/site\/wp-content\/uploads\/2024\/10\/Tierra-de-toros.jpg?fit=880%2C440&ssl=1&resize=525%2C300 1.5x, https:\/\/i0.wp.com\/lahoradelcampo.com.uy\/site\/wp-content\/uploads\/2024\/10\/Tierra-de-toros.jpg?fit=880%2C440&ssl=1&resize=700%2C400 2x"},"classes":[]},{"id":35303,"url":"https:\/\/lahoradelcampo.com.uy\/site\/firmeza-y-agilidad-en-las-ventas-de-tierra-de-toros\/","url_meta":{"origin":24646,"position":2},"title":"Firmeza y agilidad en las ventas de \u00abTierra de Toros\u00bb","author":"La Hora del Campo","date":"10 octubre, 2021","format":false,"excerpt":"Con agilidad y firmeza, coloc\u00e1ndose los toros selectivamente porque la demanda as\u00ed lo determinaba, \u201cTierra de Toros\u201d result\u00f3 ser un atractivo remate de la zafra. Por primera vez en la caba\u00f1a \u201cSanta In\u00e9s\u201d, se colocaron los Polled Hereford de Alberto Pereira Micoud en U$S 3.744 y los Aberdeen Angus de\u2026","rel":"","context":"En \u00abActualidad\u00bb","block_context":{"text":"Actualidad","link":"https:\/\/lahoradelcampo.com.uy\/site\/category\/actualidad\/"},"img":{"alt_text":"","src":"https:\/\/i0.wp.com\/lahoradelcampo.com.uy\/site\/wp-content\/uploads\/2021\/10\/Zafra-tierratoros.jpg?fit=880%2C440&ssl=1&resize=350%2C200","width":350,"height":200,"srcset":"https:\/\/i0.wp.com\/lahoradelcampo.com.uy\/site\/wp-content\/uploads\/2021\/10\/Zafra-tierratoros.jpg?fit=880%2C440&ssl=1&resize=350%2C200 1x, https:\/\/i0.wp.com\/lahoradelcampo.com.uy\/site\/wp-content\/uploads\/2021\/10\/Zafra-tierratoros.jpg?fit=880%2C440&ssl=1&resize=525%2C300 1.5x, https:\/\/i0.wp.com\/lahoradelcampo.com.uy\/site\/wp-content\/uploads\/2021\/10\/Zafra-tierratoros.jpg?fit=880%2C440&ssl=1&resize=700%2C400 2x"},"classes":[]},{"id":52753,"url":"https:\/\/lahoradelcampo.com.uy\/site\/san-rafael-alcanzo-us-2-801-por-45-toros-aberdeen-angus-polled-hereford-y-brangus\/","url_meta":{"origin":24646,"position":3},"title":"San Rafael alcanz\u00f3 US$ 2.801 por 45 toros Aberdeen Angus, Polled Hereford y Brangus","author":"La Hora del Campo","date":"13 octubre, 2023","format":false,"excerpt":"En la jornada de ayer, con el martillo de Gerardo Zambrano, se realiz\u00f3 la venta anual de caba\u00f1a San Rafael, en el predio de la Asociaci\u00f3n Agropecuaria de Salto, con la comercializaci\u00f3n del 100% de la oferta a diferentes puntos del pa\u00eds. El comienzo de la subasta fue con los\u2026","rel":"","context":"En \u00abActualidad\u00bb","block_context":{"text":"Actualidad","link":"https:\/\/lahoradelcampo.com.uy\/site\/category\/actualidad\/"},"img":{"alt_text":"","src":"https:\/\/i0.wp.com\/lahoradelcampo.com.uy\/site\/wp-content\/uploads\/2023\/10\/SanRafael.jpg?fit=880%2C440&ssl=1&resize=350%2C200","width":350,"height":200,"srcset":"https:\/\/i0.wp.com\/lahoradelcampo.com.uy\/site\/wp-content\/uploads\/2023\/10\/SanRafael.jpg?fit=880%2C440&ssl=1&resize=350%2C200 1x, https:\/\/i0.wp.com\/lahoradelcampo.com.uy\/site\/wp-content\/uploads\/2023\/10\/SanRafael.jpg?fit=880%2C440&ssl=1&resize=525%2C300 1.5x, https:\/\/i0.wp.com\/lahoradelcampo.com.uy\/site\/wp-content\/uploads\/2023\/10\/SanRafael.jpg?fit=880%2C440&ssl=1&resize=700%2C400 2x"},"classes":[]},{"id":46249,"url":"https:\/\/lahoradelcampo.com.uy\/site\/san-rafael-coloco-el-100-de-los-toros-angus-y-polled-hereford\/","url_meta":{"origin":24646,"position":4},"title":"San Rafael coloc\u00f3 el 100% de los toros Angus y Polled Hereford","author":"La Hora del Campo","date":"13 octubre, 2022","format":false,"excerpt":"En el predio de la Asociaci\u00f3n Agropecuaria de Salto, la firma Zambrano & C\u00eda, concret\u00f3 una nueva venta de San Rafael, donde se coloc\u00f3 el 100% de la oferta de la caba\u00f1a y de las firmas invitadas, tanto en los vientres como en los machos de las tres razas. El\u2026","rel":"","context":"En \u00abActualidad\u00bb","block_context":{"text":"Actualidad","link":"https:\/\/lahoradelcampo.com.uy\/site\/category\/actualidad\/"},"img":{"alt_text":"","src":"https:\/\/i0.wp.com\/lahoradelcampo.com.uy\/site\/wp-content\/uploads\/2022\/10\/Sanrafaelreamte.jpg?fit=880%2C440&ssl=1&resize=350%2C200","width":350,"height":200,"srcset":"https:\/\/i0.wp.com\/lahoradelcampo.com.uy\/site\/wp-content\/uploads\/2022\/10\/Sanrafaelreamte.jpg?fit=880%2C440&ssl=1&resize=350%2C200 1x, https:\/\/i0.wp.com\/lahoradelcampo.com.uy\/site\/wp-content\/uploads\/2022\/10\/Sanrafaelreamte.jpg?fit=880%2C440&ssl=1&resize=525%2C300 1.5x, https:\/\/i0.wp.com\/lahoradelcampo.com.uy\/site\/wp-content\/uploads\/2022\/10\/Sanrafaelreamte.jpg?fit=880%2C440&ssl=1&resize=700%2C400 2x"},"classes":[]},{"id":2831,"url":"https:\/\/lahoradelcampo.com.uy\/site\/san-rafael-alcanzo-us-2-894-por-los-angus\/","url_meta":{"origin":24646,"position":5},"title":"San Rafael alcanz\u00f3 U$S 2.894 por los Angus","author":"La Hora del Campo","date":"17 octubre, 2017","format":false,"excerpt":"Caba\u00f1a San Rafael y Vasco Pampeano comercializaron en la jornada de ayer sus reproductores Angus y Polled Hereford, con colocaci\u00f3n parcial de la oferta de toros Hereford de dos a\u00f1os. Las ventas comenzaron con los vientres, coloc\u00e1ndose 5 vacas SA pre\u00f1adas a U$S 936 y 3 vaquillonas SA servidas a\u2026","rel":"","context":"En \u00abActualidad\u00bb","block_context":{"text":"Actualidad","link":"https:\/\/lahoradelcampo.com.uy\/site\/category\/actualidad\/"},"img":{"alt_text":"","src":"https:\/\/i0.wp.com\/lahoradelcampo.com.uy\/site\/wp-content\/uploads\/2017\/10\/San-Rafael.jpg?fit=880%2C440&ssl=1&resize=350%2C200","width":350,"height":200,"srcset":"https:\/\/i0.wp.com\/lahoradelcampo.com.uy\/site\/wp-content\/uploads\/2017\/10\/San-Rafael.jpg?fit=880%2C440&ssl=1&resize=350%2C200 1x, https:\/\/i0.wp.com\/lahoradelcampo.com.uy\/site\/wp-content\/uploads\/2017\/10\/San-Rafael.jpg?fit=880%2C440&ssl=1&resize=525%2C300 1.5x, https:\/\/i0.wp.com\/lahoradelcampo.com.uy\/site\/wp-content\/uploads\/2017\/10\/San-Rafael.jpg?fit=880%2C440&ssl=1&resize=700%2C400 2x"},"classes":[]}],"jetpack_likes_enabled":true,"_links":{"self":[{"href":"https:\/\/lahoradelcampo.com.uy\/site\/wp-json\/wp\/v2\/posts\/24646","targetHints":{"allow":["GET"]}}],"collection":[{"href":"https:\/\/lahoradelcampo.com.uy\/site\/wp-json\/wp\/v2\/posts"}],"about":[{"href":"https:\/\/lahoradelcampo.com.uy\/site\/wp-json\/wp\/v2\/types\/post"}],"author":[{"embeddable":true,"href":"https:\/\/lahoradelcampo.com.uy\/site\/wp-json\/wp\/v2\/users\/5"}],"replies":[{"embeddable":true,"href":"https:\/\/lahoradelcampo.com.uy\/site\/wp-json\/wp\/v2\/comments?post=24646"}],"version-history":[{"count":1,"href":"https:\/\/lahoradelcampo.com.uy\/site\/wp-json\/wp\/v2\/posts\/24646\/revisions"}],"predecessor-version":[{"id":24650,"href":"https:\/\/lahoradelcampo.com.uy\/site\/wp-json\/wp\/v2\/posts\/24646\/revisions\/24650"}],"wp:featuredmedia":[{"embeddable":true,"href":"https:\/\/lahoradelcampo.com.uy\/site\/wp-json\/wp\/v2\/media\/24648"}],"wp:attachment":[{"href":"https:\/\/lahoradelcampo.com.uy\/site\/wp-json\/wp\/v2\/media?parent=24646"}],"wp:term":[{"taxonomy":"category","embeddable":true,"href":"https:\/\/lahoradelcampo.com.uy\/site\/wp-json\/wp\/v2\/categories?post=24646"},{"taxonomy":"post_tag","embeddable":true,"href":"https:\/\/lahoradelcampo.com.uy\/site\/wp-json\/wp\/v2\/tags?post=24646"}],"curies":[{"name":"wp","href":"https:\/\/api.w.org\/{rel}","templated":true}]}}