{"id":24638,"date":"2020-10-15T09:15:57","date_gmt":"2020-10-15T12:15:57","guid":{"rendered":"http:\/\/lahoradelcampo.com.uy\/site\/?p=24638"},"modified":"2020-10-15T10:17:43","modified_gmt":"2020-10-15T13:17:43","slug":"la-lucha-y-buen-abrigo-colocaron-los-46-toros-ofrecidos-a-us-2-311","status":"publish","type":"post","link":"https:\/\/lahoradelcampo.com.uy\/site\/la-lucha-y-buen-abrigo-colocaron-los-46-toros-ofrecidos-a-us-2-311\/","title":{"rendered":"La Lucha y Buen Abrigo colocaron  los 46 toros ofrecidos a US$ 2.311"},"content":{"rendered":"\n<figure class=\"wp-block-image\"><img data-recalc-dims=\"1\" loading=\"lazy\" decoding=\"async\" width=\"810\" height=\"405\" data-attachment-id=\"24640\" data-permalink=\"https:\/\/lahoradelcampo.com.uy\/site\/la-lucha-y-buen-abrigo-colocaron-los-46-toros-ofrecidos-a-us-2-311\/rematejaso\/\" data-orig-file=\"https:\/\/i0.wp.com\/lahoradelcampo.com.uy\/site\/wp-content\/uploads\/2020\/10\/Rematejaso.jpg?fit=880%2C440&amp;ssl=1\" data-orig-size=\"880,440\" data-comments-opened=\"1\" data-image-meta=\"{&quot;aperture&quot;:&quot;0&quot;,&quot;credit&quot;:&quot;&quot;,&quot;camera&quot;:&quot;&quot;,&quot;caption&quot;:&quot;&quot;,&quot;created_timestamp&quot;:&quot;0&quot;,&quot;copyright&quot;:&quot;&quot;,&quot;focal_length&quot;:&quot;0&quot;,&quot;iso&quot;:&quot;0&quot;,&quot;shutter_speed&quot;:&quot;0&quot;,&quot;title&quot;:&quot;&quot;,&quot;orientation&quot;:&quot;1&quot;}\" data-image-title=\"Rematejaso\" data-image-description=\"\" data-image-caption=\"\" data-large-file=\"https:\/\/i0.wp.com\/lahoradelcampo.com.uy\/site\/wp-content\/uploads\/2020\/10\/Rematejaso.jpg?fit=810%2C405&amp;ssl=1\" src=\"https:\/\/i0.wp.com\/lahoradelcampo.com.uy\/site\/wp-content\/uploads\/2020\/10\/Rematejaso.jpg?resize=810%2C405\" alt=\"\" class=\"wp-image-24640\" srcset=\"https:\/\/i0.wp.com\/lahoradelcampo.com.uy\/site\/wp-content\/uploads\/2020\/10\/Rematejaso.jpg?w=880&amp;ssl=1 880w, https:\/\/i0.wp.com\/lahoradelcampo.com.uy\/site\/wp-content\/uploads\/2020\/10\/Rematejaso.jpg?resize=300%2C150&amp;ssl=1 300w, https:\/\/i0.wp.com\/lahoradelcampo.com.uy\/site\/wp-content\/uploads\/2020\/10\/Rematejaso.jpg?resize=768%2C384&amp;ssl=1 768w, https:\/\/i0.wp.com\/lahoradelcampo.com.uy\/site\/wp-content\/uploads\/2020\/10\/Rematejaso.jpg?resize=820%2C410&amp;ssl=1 820w\" sizes=\"auto, (max-width: 810px) 100vw, 810px\" \/><\/figure>\n\n\n\n<p>En la pista de la Asociaci\u00f3n Agropecuaria de Salto se realiz\u00f3 ayer el segundo remate anual conjunto de las caba\u00f1as La Lucha de la familia Echeverr\u00eda y Buen Abrigo de Guaycur\u00fa, coloc\u00e1ndose el 100% de la oferta en Hereford, Charolais y Aberdeen Angus. En un remate \u00e1gil desde el comienzo al final, Jos\u00e9 Francisco Jaso dijo que las ventas fueron \u00abmuy positivas, se coloc\u00f3 el 100% de la oferta. Hemos visto que han sobrado toros algunos remates, ha sido un a\u00f1o complicado para preparar los toros, en este caso la oferta estaba muy buen puesta en la pista y pudimos vender el 100%, lo cual es muy importante\u00bb. <br><\/p>\n\n\n\n<p>Jaso agradeci\u00f3 a clientes y amigos que acompa\u00f1aron las ventas y que renovaron la confianza con las caba\u00f1as, repitiendo sus compras este a\u00f1o y anunci\u00f3 que se est\u00e1 trabajando \u00abpara el 2021, vamos a realizar el tercer remate conjunto con el escritorio Coco Morales\u00bb.  <br><\/p>\n\n\n\n<p>Mart\u00edn Peters, de caba\u00f1a Buen Abrigo, tambi\u00e9n remarc\u00f3 la importancia del total de la oferta y agradeci\u00f3 a los clientes que volvieron a comprar este a\u00f1o, ratificando la calidad de la gen\u00e9tica ofrecida por la caba\u00f1a. \u00abEl a\u00f1o no ha sido f\u00e1cil para la preparaci\u00f3n de los toros, hemos tenido 400 mil\u00edmetros menos este a\u00f1o, no es f\u00e1cil, pero hay que seguir trabajando, estos son animales que se adaptan a todo tipo de clima\u00bb dijo el caba\u00f1ero. <br><\/p>\n\n\n\n<p>Por su parte Germ\u00e1n Echeverr\u00eda, de caba\u00f1a La Lucha, dijo \u00abya es el segundo a\u00f1o que venimos para ac\u00e1, la gente particip\u00f3 mucho y colocamos el 100% en la venta que este a\u00f1o es muy importante\u00bb. Inclusive resalt\u00f3 la colocaci\u00f3n de los vientres en el comienzo de los negocios, tanto en el Hereford como en el Angus. Mario \u00c1lvarez, del escritorio Coco Morales, se\u00f1al\u00f3 que el \u00abbalance es de un remate muy buen y por suerte se vendi\u00f3 100% en la en la pista\u00bb.<br><\/p>\n\n\n\n<p>Valores<br><\/p>\n\n\n\n<p>En los vientres se colocaron 12 vacas pre\u00f1adas Angus SA controladas a US$ 795 de promedio, con un m\u00e1ximo de US$ 800 y un piso de US$ 790 y las 40 terneras Angus en US$ 510. Por su parte en el Hereford, las 15 vacas pre\u00f1adas fluctuaron entre US$ 865 y US$ 735, con un promedio de US$ 790. <br><\/p>\n\n\n\n<p>En lo que respecta a los toros, que se comercializaron intercalados, las ventas comenzaron con los toros Hereford de Pedigre que hicieron US$ 3.000 de m\u00e1ximo y US$ 2.200 de piso, con un promedio de US$ 2.567 para los 12 toros ofrecidos, en tanto que los 9 toros H se pagaron entre US$ 2.450 y 2.000, con un promedio de US$ 2.133. En total los 21 toros Hereford promediaron US$ 2.381. <br><\/p>\n\n\n\n<p>Por su parte los Aberdeen Angus cotizaron entre US$ 2.950 y US$ 2.250 para los 12 toros SA controlados, que promediaron US$ 2.467, mientras que los 9 toros de pedigree, haciendo 2 a\u00f1os, se vendieron entre US$ 2.350 y US$ 2.000, con un promedio de US$ 2.178. En total los 21 toros promediaron US$ 2.443. <br><\/p>\n\n\n\n<p>Al cierre de las ventas se ofrecieron 4 toros Charolais, que se colocaron r\u00e1pidamente a US$ 1.775 de promedio. <\/p>\n\n\n\n<p style=\"text-align:right\"><strong>Salto, 15 de octubre de 2020<\/strong><\/p>\n","protected":false},"excerpt":{"rendered":"<p>En la pista de la Asociaci\u00f3n Agropecuaria de Salto se realiz\u00f3 ayer el segundo remate anual conjunto de las caba\u00f1as La Lucha de la familia Echeverr\u00eda y Buen Abrigo de [&hellip;]<\/p>\n","protected":false},"author":5,"featured_media":24640,"comment_status":"open","ping_status":"open","sticky":false,"template":"","format":"standard","meta":{"_price":"","_stock":"","_tribe_ticket_header":"","_tribe_default_ticket_provider":"","_tribe_ticket_capacity":"0","_ticket_start_date":"","_ticket_end_date":"","_tribe_ticket_show_description":"","_tribe_ticket_show_not_going":false,"_tribe_ticket_use_global_stock":"","_tribe_ticket_global_stock_level":"","_global_stock_mode":"","_global_stock_cap":"","_tribe_rsvp_for_event":"","_tribe_ticket_going_count":"","_tribe_ticket_not_going_count":"","_tribe_tickets_list":"[]","_tribe_ticket_has_attendee_info_fields":false,"h5ap_radio_sources":[],"_jetpack_newsletter_access":"","_jetpack_dont_email_post_to_subs":false,"_jetpack_newsletter_tier_id":0,"_jetpack_memberships_contains_paywalled_content":false,"_jetpack_memberships_contains_paid_content":false,"footnotes":""},"categories":[21,5],"tags":[],"class_list":["post-24638","post","type-post","status-publish","format-standard","has-post-thumbnail","hentry","category-actualidad","category-ganaderia"],"jetpack_featured_media_url":"https:\/\/i0.wp.com\/lahoradelcampo.com.uy\/site\/wp-content\/uploads\/2020\/10\/Rematejaso.jpg?fit=880%2C440&ssl=1","jetpack_sharing_enabled":true,"jetpack_shortlink":"https:\/\/wp.me\/p99IaT-6po","jetpack-related-posts":[{"id":35513,"url":"https:\/\/lahoradelcampo.com.uy\/site\/la-lucha-y-buen-abrigo-con-un-excelente-tercer-remate-en-salto\/","url_meta":{"origin":24638,"position":0},"title":"\u00abLa Lucha\u00bb y \u00abBuen Abrigo\u00bb con un excelente tercer remate en Salto","author":"La Hora del Campo","date":"15 octubre, 2021","format":false,"excerpt":"Las caba\u00f1as \"La Lucha\" de la familia Echeverr\u00eda y \"Buen Abrigo\" de Peters lograron concretar un excelente tercer remate en el local de la Asociaci\u00f3n Agropecuaria de Salto, conjuntamente con los escritorios Jos\u00e9 F. Jaso Negocios Rurales y Coco Morales. Las ventas comenzaron con los vientres, donde se colocaron 16\u2026","rel":"","context":"En \u00abActualidad\u00bb","block_context":{"text":"Actualidad","link":"https:\/\/lahoradelcampo.com.uy\/site\/category\/actualidad\/"},"img":{"alt_text":"","src":"https:\/\/i0.wp.com\/lahoradelcampo.com.uy\/site\/wp-content\/uploads\/2021\/10\/zafra-lalucha.jpg?fit=880%2C440&ssl=1&resize=350%2C200","width":350,"height":200,"srcset":"https:\/\/i0.wp.com\/lahoradelcampo.com.uy\/site\/wp-content\/uploads\/2021\/10\/zafra-lalucha.jpg?fit=880%2C440&ssl=1&resize=350%2C200 1x, https:\/\/i0.wp.com\/lahoradelcampo.com.uy\/site\/wp-content\/uploads\/2021\/10\/zafra-lalucha.jpg?fit=880%2C440&ssl=1&resize=525%2C300 1.5x, https:\/\/i0.wp.com\/lahoradelcampo.com.uy\/site\/wp-content\/uploads\/2021\/10\/zafra-lalucha.jpg?fit=880%2C440&ssl=1&resize=700%2C400 2x"},"classes":[]},{"id":15120,"url":"https:\/\/lahoradelcampo.com.uy\/site\/la-lucha-y-buen-abrigo-colocaron-el-100-de-la-oferta\/","url_meta":{"origin":24638,"position":1},"title":"La Lucha y Buen Abrigo colocaron el 100% de la oferta","author":"La Hora del Campo ADMIN","date":"17 octubre, 2019","format":false,"excerpt":"En su primer remate realizado en conjunto en Salto, las caba\u00f1as La Lucha de Echeverr\u00eda y Buen Abrigo de Martin Peters, alcanzaron el 100% de colocaci\u00f3n tanto en Hereford y Charolais, como en Aberdeen Angus. Los negocios estuvieron a cargo de los escritorios Jos\u00e9 F. Jaso y Coco Morales. En\u2026","rel":"","context":"En \u00abActualidad\u00bb","block_context":{"text":"Actualidad","link":"https:\/\/lahoradelcampo.com.uy\/site\/category\/actualidad\/"},"img":{"alt_text":"","src":"https:\/\/i0.wp.com\/lahoradelcampo.com.uy\/site\/wp-content\/uploads\/2019\/10\/nuevo-proyecto-23251739064291925541..jpg?fit=800%2C440&ssl=1&resize=350%2C200","width":350,"height":200,"srcset":"https:\/\/i0.wp.com\/lahoradelcampo.com.uy\/site\/wp-content\/uploads\/2019\/10\/nuevo-proyecto-23251739064291925541..jpg?fit=800%2C440&ssl=1&resize=350%2C200 1x, https:\/\/i0.wp.com\/lahoradelcampo.com.uy\/site\/wp-content\/uploads\/2019\/10\/nuevo-proyecto-23251739064291925541..jpg?fit=800%2C440&ssl=1&resize=525%2C300 1.5x, https:\/\/i0.wp.com\/lahoradelcampo.com.uy\/site\/wp-content\/uploads\/2019\/10\/nuevo-proyecto-23251739064291925541..jpg?fit=800%2C440&ssl=1&resize=700%2C400 2x"},"classes":[]},{"id":46335,"url":"https:\/\/lahoradelcampo.com.uy\/site\/la-lucha-y-buen-abrigo-vendieron-ayer-en-salto\/","url_meta":{"origin":24638,"position":2},"title":"La Lucha y Buen Abrigo vendieron ayer en Salto","author":"La Hora del Campo","date":"14 octubre, 2022","format":false,"excerpt":"Las caba\u00f1as \u201cLa Lucha\u201d de la familia Echeverr\u00eda y \u201cBuen Abrigo\u201d de Mart\u00edn Peters, realizaron su cuarto remate anual conjunto, en el predio de la Asociaci\u00f3n Agropecuaria de Salto, con los negocios a cargo del escritorio Coco Morales y Jos\u00e9 F Jaso Negocios Rurales. Las ventas comenzaron con las ventas\u2026","rel":"","context":"En \u00abActualidad\u00bb","block_context":{"text":"Actualidad","link":"https:\/\/lahoradelcampo.com.uy\/site\/category\/actualidad\/"},"img":{"alt_text":"","src":"https:\/\/i0.wp.com\/lahoradelcampo.com.uy\/site\/wp-content\/uploads\/2022\/10\/LaLuchayJASO.jpg?fit=880%2C440&ssl=1&resize=350%2C200","width":350,"height":200,"srcset":"https:\/\/i0.wp.com\/lahoradelcampo.com.uy\/site\/wp-content\/uploads\/2022\/10\/LaLuchayJASO.jpg?fit=880%2C440&ssl=1&resize=350%2C200 1x, https:\/\/i0.wp.com\/lahoradelcampo.com.uy\/site\/wp-content\/uploads\/2022\/10\/LaLuchayJASO.jpg?fit=880%2C440&ssl=1&resize=525%2C300 1.5x, https:\/\/i0.wp.com\/lahoradelcampo.com.uy\/site\/wp-content\/uploads\/2022\/10\/LaLuchayJASO.jpg?fit=880%2C440&ssl=1&resize=700%2C400 2x"},"classes":[]},{"id":35467,"url":"https:\/\/lahoradelcampo.com.uy\/site\/destacada-oferta-de-la-lucha-y-buen-abrigo-hoy-en-la-agropecuaria-de-salto\/","url_meta":{"origin":24638,"position":3},"title":"Destacada oferta de la Lucha y Buen Abrigo hoy en la Agropecuaria de Salto","author":"La Hora del Campo","date":"14 octubre, 2021","format":false,"excerpt":"Las caba\u00f1as \"La Lucha\" de Echeverr\u00eda y \"Buen Abrigo\", realizan en la jornada de hoy su tercer remate anual, en el predio de la Asociaci\u00f3n Agropecuaria de Salto, con una destacada oferta de Aberdeen Angus, Polled Hereford y Charolais, tanto en machos como en hembras. El remate es auspiciado por\u2026","rel":"","context":"En \u00abActualidad\u00bb","block_context":{"text":"Actualidad","link":"https:\/\/lahoradelcampo.com.uy\/site\/category\/actualidad\/"},"img":{"alt_text":"","src":"https:\/\/i0.wp.com\/lahoradelcampo.com.uy\/site\/wp-content\/uploads\/2021\/10\/laluchaprevia.jpg?fit=880%2C440&ssl=1&resize=350%2C200","width":350,"height":200,"srcset":"https:\/\/i0.wp.com\/lahoradelcampo.com.uy\/site\/wp-content\/uploads\/2021\/10\/laluchaprevia.jpg?fit=880%2C440&ssl=1&resize=350%2C200 1x, https:\/\/i0.wp.com\/lahoradelcampo.com.uy\/site\/wp-content\/uploads\/2021\/10\/laluchaprevia.jpg?fit=880%2C440&ssl=1&resize=525%2C300 1.5x, https:\/\/i0.wp.com\/lahoradelcampo.com.uy\/site\/wp-content\/uploads\/2021\/10\/laluchaprevia.jpg?fit=880%2C440&ssl=1&resize=700%2C400 2x"},"classes":[]},{"id":46375,"url":"https:\/\/lahoradelcampo.com.uy\/site\/en-nueve-remates-se-vendieron-438-toros-us-3-808-de-promedio\/","url_meta":{"origin":24638,"position":4},"title":"En nueve remates se vendieron 438 toros US$ 3.808 de promedio","author":"La Hora del Campo","date":"16 octubre, 2022","format":false,"excerpt":"La zafra de toros viene con buen ritmo de colocaci\u00f3n de la oferta y con valores promedios dentro de lo esperado por las caba\u00f1as, m\u00e1s all\u00e1 de alg\u00fan remate puntual. A quince d\u00edas del mes de octubre, pr\u00e1cticamente en la mitad de la presente zafra, le presentamos un resumen de\u2026","rel":"","context":"En \u00abActualidad\u00bb","block_context":{"text":"Actualidad","link":"https:\/\/lahoradelcampo.com.uy\/site\/category\/actualidad\/"},"img":{"alt_text":"","src":"https:\/\/i0.wp.com\/lahoradelcampo.com.uy\/site\/wp-content\/uploads\/2021\/11\/zafradetoros1.jpg?fit=880%2C440&ssl=1&resize=350%2C200","width":350,"height":200,"srcset":"https:\/\/i0.wp.com\/lahoradelcampo.com.uy\/site\/wp-content\/uploads\/2021\/11\/zafradetoros1.jpg?fit=880%2C440&ssl=1&resize=350%2C200 1x, https:\/\/i0.wp.com\/lahoradelcampo.com.uy\/site\/wp-content\/uploads\/2021\/11\/zafradetoros1.jpg?fit=880%2C440&ssl=1&resize=525%2C300 1.5x, https:\/\/i0.wp.com\/lahoradelcampo.com.uy\/site\/wp-content\/uploads\/2021\/11\/zafradetoros1.jpg?fit=880%2C440&ssl=1&resize=700%2C400 2x"},"classes":[]},{"id":35887,"url":"https:\/\/lahoradelcampo.com.uy\/site\/maria-isabel-coloco-el-100-de-la-oferta-en-el-local-parada-farina\/","url_meta":{"origin":24638,"position":5},"title":"Mar\u00eda Isabel coloc\u00f3 el 100% de  la oferta en Parada Fari\u00f1a","author":"La Hora del Campo","date":"25 octubre, 2021","format":false,"excerpt":"El s\u00e1bado por la tarde la caba\u00f1a artiguense \"Mar\u00eda Isabel\" del Ing. Luis Mar\u00eda Dos Santos, coloc\u00f3 el 100% de la oferta en el local Parada Fari\u00f1a baj\u00f3 el martillo del escritorio Otto Fern\u00e1ndez. Como es tradicional el remate se realiz\u00f3 con una importante oferta de ganados generales Aberdeen Angus,\u2026","rel":"","context":"En \u00abActualidad\u00bb","block_context":{"text":"Actualidad","link":"https:\/\/lahoradelcampo.com.uy\/site\/category\/actualidad\/"},"img":{"alt_text":"","src":"https:\/\/i0.wp.com\/lahoradelcampo.com.uy\/site\/wp-content\/uploads\/2021\/10\/Zafra-mariaisabel.jpg?fit=880%2C440&ssl=1&resize=350%2C200","width":350,"height":200,"srcset":"https:\/\/i0.wp.com\/lahoradelcampo.com.uy\/site\/wp-content\/uploads\/2021\/10\/Zafra-mariaisabel.jpg?fit=880%2C440&ssl=1&resize=350%2C200 1x, https:\/\/i0.wp.com\/lahoradelcampo.com.uy\/site\/wp-content\/uploads\/2021\/10\/Zafra-mariaisabel.jpg?fit=880%2C440&ssl=1&resize=525%2C300 1.5x, https:\/\/i0.wp.com\/lahoradelcampo.com.uy\/site\/wp-content\/uploads\/2021\/10\/Zafra-mariaisabel.jpg?fit=880%2C440&ssl=1&resize=700%2C400 2x"},"classes":[]}],"jetpack_likes_enabled":true,"_links":{"self":[{"href":"https:\/\/lahoradelcampo.com.uy\/site\/wp-json\/wp\/v2\/posts\/24638","targetHints":{"allow":["GET"]}}],"collection":[{"href":"https:\/\/lahoradelcampo.com.uy\/site\/wp-json\/wp\/v2\/posts"}],"about":[{"href":"https:\/\/lahoradelcampo.com.uy\/site\/wp-json\/wp\/v2\/types\/post"}],"author":[{"embeddable":true,"href":"https:\/\/lahoradelcampo.com.uy\/site\/wp-json\/wp\/v2\/users\/5"}],"replies":[{"embeddable":true,"href":"https:\/\/lahoradelcampo.com.uy\/site\/wp-json\/wp\/v2\/comments?post=24638"}],"version-history":[{"count":2,"href":"https:\/\/lahoradelcampo.com.uy\/site\/wp-json\/wp\/v2\/posts\/24638\/revisions"}],"predecessor-version":[{"id":24670,"href":"https:\/\/lahoradelcampo.com.uy\/site\/wp-json\/wp\/v2\/posts\/24638\/revisions\/24670"}],"wp:featuredmedia":[{"embeddable":true,"href":"https:\/\/lahoradelcampo.com.uy\/site\/wp-json\/wp\/v2\/media\/24640"}],"wp:attachment":[{"href":"https:\/\/lahoradelcampo.com.uy\/site\/wp-json\/wp\/v2\/media?parent=24638"}],"wp:term":[{"taxonomy":"category","embeddable":true,"href":"https:\/\/lahoradelcampo.com.uy\/site\/wp-json\/wp\/v2\/categories?post=24638"},{"taxonomy":"post_tag","embeddable":true,"href":"https:\/\/lahoradelcampo.com.uy\/site\/wp-json\/wp\/v2\/tags?post=24638"}],"curies":[{"name":"wp","href":"https:\/\/api.w.org\/{rel}","templated":true}]}}