{"id":24630,"date":"2020-10-15T09:03:37","date_gmt":"2020-10-15T12:03:37","guid":{"rendered":"http:\/\/lahoradelcampo.com.uy\/site\/?p=24630"},"modified":"2020-10-15T09:03:55","modified_gmt":"2020-10-15T12:03:55","slug":"nupora-vende-hoy-su-torada-polled-hereford","status":"publish","type":"post","link":"https:\/\/lahoradelcampo.com.uy\/site\/nupora-vende-hoy-su-torada-polled-hereford\/","title":{"rendered":"\u00d1u Por\u00e1 vende hoy su torada Polled Hereford"},"content":{"rendered":"\n<figure class=\"wp-block-image\"><img data-recalc-dims=\"1\" loading=\"lazy\" decoding=\"async\" width=\"810\" height=\"405\" data-attachment-id=\"24632\" data-permalink=\"https:\/\/lahoradelcampo.com.uy\/site\/nupora-vende-hoy-su-torada-polled-hereford\/nuporaconferencia\/\" data-orig-file=\"https:\/\/i0.wp.com\/lahoradelcampo.com.uy\/site\/wp-content\/uploads\/2020\/10\/%C3%91uporaconferencia.jpg?fit=880%2C440&amp;ssl=1\" data-orig-size=\"880,440\" data-comments-opened=\"1\" data-image-meta=\"{&quot;aperture&quot;:&quot;0&quot;,&quot;credit&quot;:&quot;&quot;,&quot;camera&quot;:&quot;&quot;,&quot;caption&quot;:&quot;&quot;,&quot;created_timestamp&quot;:&quot;0&quot;,&quot;copyright&quot;:&quot;&quot;,&quot;focal_length&quot;:&quot;0&quot;,&quot;iso&quot;:&quot;0&quot;,&quot;shutter_speed&quot;:&quot;0&quot;,&quot;title&quot;:&quot;&quot;,&quot;orientation&quot;:&quot;1&quot;}\" data-image-title=\"\u00d1uporaconferencia\" data-image-description=\"\" data-image-caption=\"\" data-large-file=\"https:\/\/i0.wp.com\/lahoradelcampo.com.uy\/site\/wp-content\/uploads\/2020\/10\/%C3%91uporaconferencia.jpg?fit=810%2C405&amp;ssl=1\" src=\"https:\/\/i0.wp.com\/lahoradelcampo.com.uy\/site\/wp-content\/uploads\/2020\/10\/%C3%91uporaconferencia.jpg?resize=810%2C405\" alt=\"\" class=\"wp-image-24632\" srcset=\"https:\/\/i0.wp.com\/lahoradelcampo.com.uy\/site\/wp-content\/uploads\/2020\/10\/%C3%91uporaconferencia.jpg?w=880&amp;ssl=1 880w, https:\/\/i0.wp.com\/lahoradelcampo.com.uy\/site\/wp-content\/uploads\/2020\/10\/%C3%91uporaconferencia.jpg?resize=300%2C150&amp;ssl=1 300w, https:\/\/i0.wp.com\/lahoradelcampo.com.uy\/site\/wp-content\/uploads\/2020\/10\/%C3%91uporaconferencia.jpg?resize=768%2C384&amp;ssl=1 768w, https:\/\/i0.wp.com\/lahoradelcampo.com.uy\/site\/wp-content\/uploads\/2020\/10\/%C3%91uporaconferencia.jpg?resize=820%2C410&amp;ssl=1 820w\" sizes=\"auto, (max-width: 810px) 100vw, 810px\" \/><\/figure>\n\n\n\n<p>Los toros de \u201c\u00d1u Por\u00e1\u201d se venden hoy jueves en la propia estancia, junto a los toros de \u201cSanta Mar\u00eda de Arapey\u201d como caba\u00f1a invitada, en uno de los puntos altos de la zafra  para el litoral norte del pa\u00eds. <\/p>\n\n\n\n<p>En momentos en que la zafra de remates de toros transcurre con mucha firmeza y buenos valores en general, la subasta que llevar\u00e1n adelante las firmas Indarte y C\u00eda. y Escritorio Dutra, ser\u00e1 la posibilidad de observar el mercado en tierras sanduceras. <\/p>\n\n\n\n<p>Se ofrecer\u00e1n 50 toros Polled Hereford PI, con 180 d\u00edas de plazo libre y flete gratis. Se puede acceder a un descuento de 10% por compra de 10 toros o m\u00e1s.<\/p>\n\n\n\n<p style=\"text-align:right\"><strong>Salto, 15 de octubre de 2020<\/strong><\/p>\n","protected":false},"excerpt":{"rendered":"<p>Los toros de \u201c\u00d1u Por\u00e1\u201d se venden hoy jueves en la propia estancia, junto a los toros de \u201cSanta Mar\u00eda de Arapey\u201d como caba\u00f1a invitada, en uno de los puntos [&hellip;]<\/p>\n","protected":false},"author":5,"featured_media":24632,"comment_status":"open","ping_status":"open","sticky":false,"template":"","format":"standard","meta":{"_price":"","_stock":"","_tribe_ticket_header":"","_tribe_default_ticket_provider":"","_tribe_ticket_capacity":"0","_ticket_start_date":"","_ticket_end_date":"","_tribe_ticket_show_description":"","_tribe_ticket_show_not_going":false,"_tribe_ticket_use_global_stock":"","_tribe_ticket_global_stock_level":"","_global_stock_mode":"","_global_stock_cap":"","_tribe_rsvp_for_event":"","_tribe_ticket_going_count":"","_tribe_ticket_not_going_count":"","_tribe_tickets_list":"[]","_tribe_ticket_has_attendee_info_fields":false,"h5ap_radio_sources":[],"_jetpack_newsletter_access":"","_jetpack_dont_email_post_to_subs":false,"_jetpack_newsletter_tier_id":0,"_jetpack_memberships_contains_paywalled_content":false,"_jetpack_memberships_contains_paid_content":false,"footnotes":""},"categories":[21,5],"tags":[],"class_list":["post-24630","post","type-post","status-publish","format-standard","has-post-thumbnail","hentry","category-actualidad","category-ganaderia"],"jetpack_featured_media_url":"https:\/\/i0.wp.com\/lahoradelcampo.com.uy\/site\/wp-content\/uploads\/2020\/10\/%C3%91uporaconferencia.jpg?fit=880%2C440&ssl=1","jetpack_sharing_enabled":true,"jetpack_shortlink":"https:\/\/wp.me\/p99IaT-6pg","jetpack-related-posts":[{"id":46113,"url":"https:\/\/lahoradelcampo.com.uy\/site\/hoy-se-vende-el-polled-hereford-de-nu-pora\/","url_meta":{"origin":24630,"position":0},"title":"Hoy se vende el Polled Hereford de \u00d1u Por\u00e1","author":"La Hora del Campo","date":"6 octubre, 2022","format":false,"excerpt":"Sin dudas es el cl\u00e1sico de los remates de toros de la regi\u00f3n. Como es tradicional en la propia estancia, hoy jueves se rematan los toros de \u00d1u Por\u00e1 de Pingo Viejo SG, con una oferta de 55 reproductores Polled Hereford PI de dos a\u00f1os, que incluye 15 ejemplares de\u2026","rel":"","context":"En \u00abActualidad\u00bb","block_context":{"text":"Actualidad","link":"https:\/\/lahoradelcampo.com.uy\/site\/category\/actualidad\/"},"img":{"alt_text":"","src":"https:\/\/i0.wp.com\/lahoradelcampo.com.uy\/site\/wp-content\/uploads\/2022\/10\/%C3%91u-Pora-remate-previa.jpg?fit=880%2C440&ssl=1&resize=350%2C200","width":350,"height":200,"srcset":"https:\/\/i0.wp.com\/lahoradelcampo.com.uy\/site\/wp-content\/uploads\/2022\/10\/%C3%91u-Pora-remate-previa.jpg?fit=880%2C440&ssl=1&resize=350%2C200 1x, https:\/\/i0.wp.com\/lahoradelcampo.com.uy\/site\/wp-content\/uploads\/2022\/10\/%C3%91u-Pora-remate-previa.jpg?fit=880%2C440&ssl=1&resize=525%2C300 1.5x, https:\/\/i0.wp.com\/lahoradelcampo.com.uy\/site\/wp-content\/uploads\/2022\/10\/%C3%91u-Pora-remate-previa.jpg?fit=880%2C440&ssl=1&resize=700%2C400 2x"},"classes":[]},{"id":35417,"url":"https:\/\/lahoradelcampo.com.uy\/site\/manana-salen-a-venta-los-polled-hereford-en-nu-pora\/","url_meta":{"origin":24630,"position":1},"title":"Ma\u00f1ana salen a venta los Polled Hereford en \u201c\u00d1u Por\u00e1\u201d","author":"La Hora del Campo","date":"13 octubre, 2021","format":false,"excerpt":"Sin dudas una de los remates tradicionales de la zafra y de los m\u00e1s importantes en el departamento de Paysand\u00fa, se realizar\u00e1 este jueves en estancia \u201c\u00d1u Por\u00e1\u201d, cuando la caba\u00f1a anfitriona y \u201cSanta Mar\u00eda de Arapey\u201d, oferten su torada Polled Hereford, en subasta a cargo de Indarte y C\u00eda.\u2026","rel":"","context":"En \u00abActualidad\u00bb","block_context":{"text":"Actualidad","link":"https:\/\/lahoradelcampo.com.uy\/site\/category\/actualidad\/"},"img":{"alt_text":"","src":"https:\/\/i0.wp.com\/lahoradelcampo.com.uy\/site\/wp-content\/uploads\/2021\/10\/%C3%91upora-conferencia.jpg?fit=880%2C440&ssl=1&resize=350%2C200","width":350,"height":200,"srcset":"https:\/\/i0.wp.com\/lahoradelcampo.com.uy\/site\/wp-content\/uploads\/2021\/10\/%C3%91upora-conferencia.jpg?fit=880%2C440&ssl=1&resize=350%2C200 1x, https:\/\/i0.wp.com\/lahoradelcampo.com.uy\/site\/wp-content\/uploads\/2021\/10\/%C3%91upora-conferencia.jpg?fit=880%2C440&ssl=1&resize=525%2C300 1.5x, https:\/\/i0.wp.com\/lahoradelcampo.com.uy\/site\/wp-content\/uploads\/2021\/10\/%C3%91upora-conferencia.jpg?fit=880%2C440&ssl=1&resize=700%2C400 2x"},"classes":[]},{"id":57036,"url":"https:\/\/lahoradelcampo.com.uy\/site\/los-polled-hereford-de-nu-pora-promediaron-us-4-517\/","url_meta":{"origin":24630,"position":2},"title":"Los Polled Hereford de \u00d1u Por\u00e1 promediaron U$S 4.517","author":"La Hora del Campo","date":"10 octubre, 2025","format":false,"excerpt":"Con agilidad y demanda, la caba\u00f1a \u00d1u Por\u00e1, junto a Santa Mar\u00eda de Arapey, concret\u00f3 un remate excepcional de toros Polled Hereford, logrando ventas totales y un promedio de U$S 4.517, cifra que representa un aumento cercano al 30% respecto al a\u00f1o anterior. La subasta a cargo de las firmas\u2026","rel":"","context":"En \u00abActualidad\u00bb","block_context":{"text":"Actualidad","link":"https:\/\/lahoradelcampo.com.uy\/site\/category\/actualidad\/"},"img":{"alt_text":"","src":"https:\/\/i0.wp.com\/lahoradelcampo.com.uy\/site\/wp-content\/uploads\/2025\/10\/Nupora-rematp.jpg?fit=880%2C440&ssl=1&resize=350%2C200","width":350,"height":200,"srcset":"https:\/\/i0.wp.com\/lahoradelcampo.com.uy\/site\/wp-content\/uploads\/2025\/10\/Nupora-rematp.jpg?fit=880%2C440&ssl=1&resize=350%2C200 1x, https:\/\/i0.wp.com\/lahoradelcampo.com.uy\/site\/wp-content\/uploads\/2025\/10\/Nupora-rematp.jpg?fit=880%2C440&ssl=1&resize=525%2C300 1.5x, https:\/\/i0.wp.com\/lahoradelcampo.com.uy\/site\/wp-content\/uploads\/2025\/10\/Nupora-rematp.jpg?fit=880%2C440&ssl=1&resize=700%2C400 2x"},"classes":[]},{"id":24702,"url":"https:\/\/lahoradelcampo.com.uy\/site\/el-polled-hereford-de-nu-pora-se-vendio-a-us-3-434\/","url_meta":{"origin":24630,"position":3},"title":"El Polled Hereford de \u00d1u Por\u00e1 se vendi\u00f3 a US$ 3.434","author":"La Hora del Campo","date":"16 octubre, 2020","format":false,"excerpt":"En una hora se dispersaron la totalidad de los 41 toros Polled Hereford ofertados por \u201c\u00d1u Por\u00e1\u201d y \u201cSanta Mar\u00eda de Arapey\u201d, en subasta a cargo de Indarte y C\u00eda. y Escritorio Dutra, y realizado en la propia caba\u00f1a del departamento de Paysand\u00fa. Alejandro Dutra y Joaqu\u00edn Abelenda se alternaron\u2026","rel":"","context":"En \u00abActualidad\u00bb","block_context":{"text":"Actualidad","link":"https:\/\/lahoradelcampo.com.uy\/site\/category\/actualidad\/"},"img":{"alt_text":"","src":"https:\/\/i0.wp.com\/lahoradelcampo.com.uy\/site\/wp-content\/uploads\/2020\/10\/%C3%B1uporaventa.jpg?fit=880%2C440&ssl=1&resize=350%2C200","width":350,"height":200,"srcset":"https:\/\/i0.wp.com\/lahoradelcampo.com.uy\/site\/wp-content\/uploads\/2020\/10\/%C3%B1uporaventa.jpg?fit=880%2C440&ssl=1&resize=350%2C200 1x, https:\/\/i0.wp.com\/lahoradelcampo.com.uy\/site\/wp-content\/uploads\/2020\/10\/%C3%B1uporaventa.jpg?fit=880%2C440&ssl=1&resize=525%2C300 1.5x, https:\/\/i0.wp.com\/lahoradelcampo.com.uy\/site\/wp-content\/uploads\/2020\/10\/%C3%B1uporaventa.jpg?fit=880%2C440&ssl=1&resize=700%2C400 2x"},"classes":[]},{"id":2265,"url":"https:\/\/lahoradelcampo.com.uy\/site\/nu-pora-alcanzo-us-3-020-de-promedio\/","url_meta":{"origin":24630,"position":4},"title":"\u00d1u Por\u00e1 alcanzo U$S 3.020 de promedio","author":"La Hora del Campo ADMIN","date":"6 octubre, 2017","format":false,"excerpt":"La caba\u00f1a \u00d1u Por\u00e1 de la familia Parietti Henderson celebr\u00f3 sus 50 a\u00f1os de remate, con ventas parciales en la pista, salieron cuatro toros sin vender, pero que se colocaron r\u00e1pidamente al finalizar las ventas. El remate estuvo a cargo de Indarte y C\u00eda, con Escritorio Dutra y administraci\u00f3n de\u2026","rel":"","context":"En \u00abActualidad\u00bb","block_context":{"text":"Actualidad","link":"https:\/\/lahoradelcampo.com.uy\/site\/category\/actualidad\/"},"img":{"alt_text":"","src":"https:\/\/i0.wp.com\/lahoradelcampo.com.uy\/site\/wp-content\/uploads\/2017\/10\/%C3%91u-Por%C3%A1.jpg?fit=880%2C440&ssl=1&resize=350%2C200","width":350,"height":200,"srcset":"https:\/\/i0.wp.com\/lahoradelcampo.com.uy\/site\/wp-content\/uploads\/2017\/10\/%C3%91u-Por%C3%A1.jpg?fit=880%2C440&ssl=1&resize=350%2C200 1x, https:\/\/i0.wp.com\/lahoradelcampo.com.uy\/site\/wp-content\/uploads\/2017\/10\/%C3%91u-Por%C3%A1.jpg?fit=880%2C440&ssl=1&resize=525%2C300 1.5x, https:\/\/i0.wp.com\/lahoradelcampo.com.uy\/site\/wp-content\/uploads\/2017\/10\/%C3%91u-Por%C3%A1.jpg?fit=880%2C440&ssl=1&resize=700%2C400 2x"},"classes":[]},{"id":15190,"url":"https:\/\/lahoradelcampo.com.uy\/site\/nu-pora-y-santa-maria-del-arapey-vendieron-sus-hereford-en-us-3-738\/","url_meta":{"origin":24630,"position":5},"title":"\u00d1u Por\u00e1 y Santa Mar\u00eda del Arapey vendieron sus Hereford en US$ 3.738","author":"La Hora del Campo","date":"18 octubre, 2019","format":false,"excerpt":"Con firmeza y buenos precios para la actual zafra de reproductores, \"\u00d1u Por\u00e1\" vendi\u00f3 en la propia estancia del departamento de Paysand\u00fa, 59 toros Polled Hereford, incluyendo los de \"Santa Mar\u00eda de Arapey\" de Alejandra Parietti, en U$S 3.738. Las ventas a cargo de Indarte y C\u00eda. y Escritorio Dutra,\u2026","rel":"","context":"En \u00abActualidad\u00bb","block_context":{"text":"Actualidad","link":"https:\/\/lahoradelcampo.com.uy\/site\/category\/actualidad\/"},"img":{"alt_text":"","src":"https:\/\/i0.wp.com\/lahoradelcampo.com.uy\/site\/wp-content\/uploads\/2019\/10\/%C3%91u-Pora.jpg?fit=880%2C440&ssl=1&resize=350%2C200","width":350,"height":200,"srcset":"https:\/\/i0.wp.com\/lahoradelcampo.com.uy\/site\/wp-content\/uploads\/2019\/10\/%C3%91u-Pora.jpg?fit=880%2C440&ssl=1&resize=350%2C200 1x, https:\/\/i0.wp.com\/lahoradelcampo.com.uy\/site\/wp-content\/uploads\/2019\/10\/%C3%91u-Pora.jpg?fit=880%2C440&ssl=1&resize=525%2C300 1.5x, https:\/\/i0.wp.com\/lahoradelcampo.com.uy\/site\/wp-content\/uploads\/2019\/10\/%C3%91u-Pora.jpg?fit=880%2C440&ssl=1&resize=700%2C400 2x"},"classes":[]}],"jetpack_likes_enabled":true,"_links":{"self":[{"href":"https:\/\/lahoradelcampo.com.uy\/site\/wp-json\/wp\/v2\/posts\/24630","targetHints":{"allow":["GET"]}}],"collection":[{"href":"https:\/\/lahoradelcampo.com.uy\/site\/wp-json\/wp\/v2\/posts"}],"about":[{"href":"https:\/\/lahoradelcampo.com.uy\/site\/wp-json\/wp\/v2\/types\/post"}],"author":[{"embeddable":true,"href":"https:\/\/lahoradelcampo.com.uy\/site\/wp-json\/wp\/v2\/users\/5"}],"replies":[{"embeddable":true,"href":"https:\/\/lahoradelcampo.com.uy\/site\/wp-json\/wp\/v2\/comments?post=24630"}],"version-history":[{"count":2,"href":"https:\/\/lahoradelcampo.com.uy\/site\/wp-json\/wp\/v2\/posts\/24630\/revisions"}],"predecessor-version":[{"id":24636,"href":"https:\/\/lahoradelcampo.com.uy\/site\/wp-json\/wp\/v2\/posts\/24630\/revisions\/24636"}],"wp:featuredmedia":[{"embeddable":true,"href":"https:\/\/lahoradelcampo.com.uy\/site\/wp-json\/wp\/v2\/media\/24632"}],"wp:attachment":[{"href":"https:\/\/lahoradelcampo.com.uy\/site\/wp-json\/wp\/v2\/media?parent=24630"}],"wp:term":[{"taxonomy":"category","embeddable":true,"href":"https:\/\/lahoradelcampo.com.uy\/site\/wp-json\/wp\/v2\/categories?post=24630"},{"taxonomy":"post_tag","embeddable":true,"href":"https:\/\/lahoradelcampo.com.uy\/site\/wp-json\/wp\/v2\/tags?post=24630"}],"curies":[{"name":"wp","href":"https:\/\/api.w.org\/{rel}","templated":true}]}}