{"id":24602,"date":"2020-10-13T16:51:14","date_gmt":"2020-10-13T19:51:14","guid":{"rendered":"http:\/\/lahoradelcampo.com.uy\/site\/?p=24602"},"modified":"2020-10-13T16:51:19","modified_gmt":"2020-10-13T19:51:19","slug":"primero-hay-que-resolverle-los-problemas-a-los-productores-de-ovinos","status":"publish","type":"post","link":"https:\/\/lahoradelcampo.com.uy\/site\/primero-hay-que-resolverle-los-problemas-a-los-productores-de-ovinos\/","title":{"rendered":"\u00abPrimero hay que resolverle los  problemas a los productores de ovinos\u00bb"},"content":{"rendered":"\n<figure class=\"wp-block-image\"><img data-recalc-dims=\"1\" loading=\"lazy\" decoding=\"async\" width=\"810\" height=\"405\" data-attachment-id=\"16130\" data-permalink=\"https:\/\/lahoradelcampo.com.uy\/site\/el-sul-presento-los-resultados-y-propuestas-para-mejorar-el-rubro-ovino\/sanguinetti\/\" data-orig-file=\"https:\/\/i0.wp.com\/lahoradelcampo.com.uy\/site\/wp-content\/uploads\/2019\/11\/Sanguinetti.jpg?fit=880%2C440&amp;ssl=1\" data-orig-size=\"880,440\" data-comments-opened=\"1\" data-image-meta=\"{&quot;aperture&quot;:&quot;0&quot;,&quot;credit&quot;:&quot;&quot;,&quot;camera&quot;:&quot;&quot;,&quot;caption&quot;:&quot;&quot;,&quot;created_timestamp&quot;:&quot;0&quot;,&quot;copyright&quot;:&quot;&quot;,&quot;focal_length&quot;:&quot;0&quot;,&quot;iso&quot;:&quot;0&quot;,&quot;shutter_speed&quot;:&quot;0&quot;,&quot;title&quot;:&quot;&quot;,&quot;orientation&quot;:&quot;1&quot;}\" data-image-title=\"Sanguinetti\" data-image-description=\"\" data-image-caption=\"\" data-large-file=\"https:\/\/i0.wp.com\/lahoradelcampo.com.uy\/site\/wp-content\/uploads\/2019\/11\/Sanguinetti.jpg?fit=810%2C405&amp;ssl=1\" src=\"https:\/\/i0.wp.com\/lahoradelcampo.com.uy\/site\/wp-content\/uploads\/2019\/11\/Sanguinetti.jpg?resize=810%2C405\" alt=\"\" class=\"wp-image-16130\" srcset=\"https:\/\/i0.wp.com\/lahoradelcampo.com.uy\/site\/wp-content\/uploads\/2019\/11\/Sanguinetti.jpg?w=880&amp;ssl=1 880w, https:\/\/i0.wp.com\/lahoradelcampo.com.uy\/site\/wp-content\/uploads\/2019\/11\/Sanguinetti.jpg?resize=300%2C150&amp;ssl=1 300w, https:\/\/i0.wp.com\/lahoradelcampo.com.uy\/site\/wp-content\/uploads\/2019\/11\/Sanguinetti.jpg?resize=768%2C384&amp;ssl=1 768w, https:\/\/i0.wp.com\/lahoradelcampo.com.uy\/site\/wp-content\/uploads\/2019\/11\/Sanguinetti.jpg?resize=820%2C410&amp;ssl=1 820w\" sizes=\"auto, (max-width: 810px) 100vw, 810px\" \/><\/figure>\n\n\n\n<p>Hace ya un tiempo que hemos marcado en varios informes del mercado lanero y adem\u00e1s en entrevistas con varios actores del rubro ovino, la importancia de avanzar hacia un trazabilidad en el ovino, pensando en sus dos principales productos, por un lado la lana que ya tiene varias certificaciones y productores que \u00abtrazan\u00bb su lana en nuestro pa\u00eds y por otro lado en la carne ovina, que cuenta con una trazabilidad a nivel de los compartimentos. Esto gener\u00f3 posiciones encontradas en diferentes integrantes del rubro y es normal que as\u00ed sucediera, porque de la discusi\u00f3n de las ideas surge el camino a seguir. <br><\/p>\n\n\n\n<p>En las pasadas semanas dialogamos con el presidente del Secretariado Uruguayo de la Lana, Miguel Sanguinetti, sobre su visi\u00f3n del tema. El productor record\u00f3 que el cambio en la grifas otorgadas por el SUL, ha generado mucha cr\u00edtica hacia la instituci\u00f3n, y explic\u00f3 que el cambio va \u00abpor ese lado, pensando que la grifa que coloca el SUL es una certificaci\u00f3n y como queremos que sea realmente sea una certificaci\u00f3n queremos poder controlar lo que hacemos\u00bb. <br><\/p>\n\n\n\n<p>Si bien dijo que \u00abese cambio que hicimos de eliminar la grifa celeste fue quiz\u00e1s un poco apresurado y dejo gente media descolocada\u00bb remarc\u00f3 que \u00abcon el correr del tiempo el que sea productor de lana y de calidad va a tener una buena certificaci\u00f3n\u00bb adem\u00e1s dijo que se debe \u00abir un poco m\u00e1s all\u00e1\u00bb del acondicionamiento y \u00abque se pueda certificar todos los productos que se han usado en el a\u00f1o para combatir lo que todos sabemos que son los problemas de piojo, etc\u00bb.<br><\/p>\n\n\n\n<p>Sanguinetti explic\u00f3 que esto son \u00abcosas que hay que ir conversando y hay que irlas planteando y sin duda que la gente va tomar el camino de trazabilidad con los lanares en la medida que tengo que resultado econ\u00f3mico. Cu\u00e1ndo vea la zanahoria delante, la gente va a ir hacia all\u00ed\u00bb. En este sentido reconoci\u00f3 que en el caso de los compartimentos ovinos \u00abya hay gente que hace estas cosas, se complica un poco, coloca la caravana, saca sangre de los corderos, porque el compartimento tiene un plus y creemos que tiene que ir por ah\u00ed\u00bb. <br><\/p>\n\n\n\n<p>Al mismo tiempo fue claro al se\u00f1alar que c\u00f3mo presidente del SUL, \u00abhoy en d\u00eda en poner la trazabilidad obligatoria, no es el momento ni estar\u00eda de acuerdo, creo que hay que plantear las cosas y que los productores elijan por donde quieren caminar. Yo creo que ese es el camino, por ahora y por unos a\u00f1os m\u00e1s. Capaz que dentro de diez a\u00f1os hay que pensar en otra cosa, pero por ahora creo que es ese camino y bueno sin duda que todo tiene que estar relacionado a que el productor tengo un premio econ\u00f3mico\u00bb. <br><\/p>\n\n\n\n<p>Respecto a la situaci\u00f3n de la lana, mirando un mercado que demanda cada vez mayores certezas sobre las prendas de vestir que se coloca en la piel y por ende de la calidad de la lana, su sustentabilidad ambiental, el bienestar animal, etc. Sanguinetti dijo que \u00abcreo que primero, para m\u00ed, hay cosas que son primero que eso. Y es resolverles todos los problemas a los productores que tienen los ovinos. Antes de plantearse esas cosas me gustar\u00eda resolver todos los problemas que tenemos y que estoy seguro que lo vamos a resolver. Cada d\u00eda que pasa estamos m\u00e1s cerca resolverlos\u00bb. <br><\/p>\n\n\n\n<p>En este caso de la lana, Sanguinetti puso como ejemplo el trabajo de acondicionamiento y trazabilidad de la lana que realiza el vicepresidente de la instituci\u00f3n, Alfredo Fros, en su establecimiento. \u00abTiene lanas de muy buena finura, un trabajo que viene haciendo hace muchos a\u00f1os y es integrante del Crilu. Esquila y acondiciona en el galp\u00f3n de la estancia y despu\u00e9s esa lana tiene una trazabilidad que termina en un container en Italia y creo que est\u00e1 bueno que sea cosas pasen. Por supuesto que a m\u00ed me gustar\u00eda que pasara por la industria uruguaya y que tambi\u00e9n fuera un tejido uruguayo hecho con manos de mujeres uruguayas y terminar\u00e1 en una tienda en Europa. Eso es lo que me gustar\u00eda, pero bueno las cosas todav\u00eda no son as\u00ed y creo que hay que trabajar en ese sentido\u00bb.  <br><\/p>\n\n\n\n<p>Sanguinetti se\u00f1al\u00f3 como \u00abuna buena se\u00f1al\u00bb que el Estado cambiara la devoluci\u00f3n de impuestos a la exportaci\u00f3n de tops, del 3% al 6%. \u00abQuiz\u00e1s hay que trabajar m\u00e1s en ese sentido y tambi\u00e9n en la industria textil, que va a ser diferente de las que ten\u00edamos. M\u00e1s chica, menos cara y con una maquinaria mucho m\u00e1s automatizada. Vemos peque\u00f1as f\u00e1bricas en China con m\u00e1quinas, totalmente computarizadas y eso hace bajar esos costos\u00bb.<br><\/p>\n\n\n\n<p>El productor ovejero traz\u00f3 un paralelismo entre el vacuno y el ovino, diciendo como ejemplo que se \u00abexportan terneros en pie y despu\u00e9s por otro lado sale una carne de alta calidad, creo que tiene que ser por ah\u00ed. Que el productor tenga todas las posibilidades\u00bb. Concluy\u00f3 se\u00f1alando que \u00absi hay un mercado que paga lana certificada, con una certificaci\u00f3n donde se sabe perfectamente lo que se hizo con esa oveja de un a\u00f1o otro y lo que se hizo con esa lana arriba del lomo, bienvenido sea. Si hay mercados que lo pagan lo que nosotros tenemos que hacer es decirle al productor miren, estas son las oportunidades y depende del productor adoptarlas o no\u00bb.<\/p>\n\n\n\n<p style=\"text-align:right\"><strong>Salto, 13 de octubre de 2020<\/strong><\/p>\n","protected":false},"excerpt":{"rendered":"<p>Hace ya un tiempo que hemos marcado en varios informes del mercado lanero y adem\u00e1s en entrevistas con varios actores del rubro ovino, la importancia de avanzar hacia un trazabilidad [&hellip;]<\/p>\n","protected":false},"author":5,"featured_media":16130,"comment_status":"open","ping_status":"open","sticky":false,"template":"","format":"standard","meta":{"_price":"","_stock":"","_tribe_ticket_header":"","_tribe_default_ticket_provider":"","_tribe_ticket_capacity":"0","_ticket_start_date":"","_ticket_end_date":"","_tribe_ticket_show_description":"","_tribe_ticket_show_not_going":false,"_tribe_ticket_use_global_stock":"","_tribe_ticket_global_stock_level":"","_global_stock_mode":"","_global_stock_cap":"","_tribe_rsvp_for_event":"","_tribe_ticket_going_count":"","_tribe_ticket_not_going_count":"","_tribe_tickets_list":"[]","_tribe_ticket_has_attendee_info_fields":false,"h5ap_radio_sources":[],"_jetpack_newsletter_access":"","_jetpack_dont_email_post_to_subs":false,"_jetpack_newsletter_tier_id":0,"_jetpack_memberships_contains_paywalled_content":false,"_jetpack_memberships_contains_paid_content":false,"footnotes":""},"categories":[21,5],"tags":[],"class_list":["post-24602","post","type-post","status-publish","format-standard","has-post-thumbnail","hentry","category-actualidad","category-ganaderia"],"jetpack_featured_media_url":"https:\/\/i0.wp.com\/lahoradelcampo.com.uy\/site\/wp-content\/uploads\/2019\/11\/Sanguinetti.jpg?fit=880%2C440&ssl=1","jetpack_sharing_enabled":true,"jetpack_shortlink":"https:\/\/wp.me\/p99IaT-6oO","jetpack-related-posts":[{"id":19900,"url":"https:\/\/lahoradelcampo.com.uy\/site\/trazabilidad-individual-el-rubro-ovino-tiene-que-empezar-a-recorrer-ese-camino\/","url_meta":{"origin":24602,"position":0},"title":"Trazabilidad Individual: \u00abel rubro ovino tiene que empezar a recorrer ese camino\u00bb","author":"La Hora del Campo","date":"19 mayo, 2020","format":false,"excerpt":"La trazabilidad individual del ganado vacuno ha sido cuestionada en varias oportunidades, sin embargo es imposible dejar de reconocer el impulso que le ha dado al pa\u00eds dicho sistema, principalmente en la apertura de mercados y el fortalecimiento de la confianza que los destinos m\u00e1s exigentes para nuestras carnes tienen\u2026","rel":"","context":"En \u00abActualidad\u00bb","block_context":{"text":"Actualidad","link":"https:\/\/lahoradelcampo.com.uy\/site\/category\/actualidad\/"},"img":{"alt_text":"","src":"https:\/\/i0.wp.com\/lahoradelcampo.com.uy\/site\/wp-content\/uploads\/2020\/05\/volonte.jpg?fit=880%2C440&ssl=1&resize=350%2C200","width":350,"height":200,"srcset":"https:\/\/i0.wp.com\/lahoradelcampo.com.uy\/site\/wp-content\/uploads\/2020\/05\/volonte.jpg?fit=880%2C440&ssl=1&resize=350%2C200 1x, https:\/\/i0.wp.com\/lahoradelcampo.com.uy\/site\/wp-content\/uploads\/2020\/05\/volonte.jpg?fit=880%2C440&ssl=1&resize=525%2C300 1.5x, https:\/\/i0.wp.com\/lahoradelcampo.com.uy\/site\/wp-content\/uploads\/2020\/05\/volonte.jpg?fit=880%2C440&ssl=1&resize=700%2C400 2x"},"classes":[]},{"id":26802,"url":"https:\/\/lahoradelcampo.com.uy\/site\/sul-desarrolla-software-para-georeferenciar-esquilas-y-dar-trazabilidad-a-la-lana\/","url_meta":{"origin":24602,"position":1},"title":"SUL desarrolla software \tpara  georeferenciar esquilas y dar trazabilidad a la lana","author":"La Hora del Campo","date":"15 enero, 2021","format":false,"excerpt":"Esquila en el establecimiento \"Talitas\" en la zona de Sequeira (Artigas) - Foto Ing. Federico De Brum El Secretariado Uruguayo de la Lana (SUL) prev\u00e9 implementar este a\u00f1o una aplicaci\u00f3n electr\u00f3nica, a trav\u00e9s de internet, que posibilitar\u00e1 a los productores el ingreso del geo-referenciado de sus datos de esquila, lo\u2026","rel":"","context":"En \u00abActualidad\u00bb","block_context":{"text":"Actualidad","link":"https:\/\/lahoradelcampo.com.uy\/site\/category\/actualidad\/"},"img":{"alt_text":"","src":"https:\/\/i0.wp.com\/lahoradelcampo.com.uy\/site\/wp-content\/uploads\/2017\/09\/Esquila-Talitas.jpg?fit=880%2C440&ssl=1&resize=350%2C200","width":350,"height":200,"srcset":"https:\/\/i0.wp.com\/lahoradelcampo.com.uy\/site\/wp-content\/uploads\/2017\/09\/Esquila-Talitas.jpg?fit=880%2C440&ssl=1&resize=350%2C200 1x, https:\/\/i0.wp.com\/lahoradelcampo.com.uy\/site\/wp-content\/uploads\/2017\/09\/Esquila-Talitas.jpg?fit=880%2C440&ssl=1&resize=525%2C300 1.5x, https:\/\/i0.wp.com\/lahoradelcampo.com.uy\/site\/wp-content\/uploads\/2017\/09\/Esquila-Talitas.jpg?fit=880%2C440&ssl=1&resize=700%2C400 2x"},"classes":[]},{"id":31444,"url":"https:\/\/lahoradelcampo.com.uy\/site\/el-siro-permitira-avanzar-hacia-a-la-trazabilidad-de-la-lana-en-el-uruguay\/","url_meta":{"origin":24602,"position":2},"title":"El SIRO permitir\u00e1 avanzar hacia a la trazabilidad de la lana en el Uruguay","author":"La Hora del Campo","date":"24 junio, 2021","format":false,"excerpt":"La pandemia ha acelerado varios procesos en el mundo de la lana, que en principio se esperaban tardaran algunos a\u00f1os en llegar. Teniendo en cuenta que la fibra atiende a un mercado de nicho, principalmente de alto valor para las lanas finas y superfinas, en la presente zafra las certificaciones\u2026","rel":"","context":"En \u00abActualidad\u00bb","block_context":{"text":"Actualidad","link":"https:\/\/lahoradelcampo.com.uy\/site\/category\/actualidad\/"},"img":{"alt_text":"","src":"https:\/\/i0.wp.com\/lahoradelcampo.com.uy\/site\/wp-content\/uploads\/2020\/09\/Volonte.jpg?fit=880%2C440&ssl=1&resize=350%2C200","width":350,"height":200,"srcset":"https:\/\/i0.wp.com\/lahoradelcampo.com.uy\/site\/wp-content\/uploads\/2020\/09\/Volonte.jpg?fit=880%2C440&ssl=1&resize=350%2C200 1x, https:\/\/i0.wp.com\/lahoradelcampo.com.uy\/site\/wp-content\/uploads\/2020\/09\/Volonte.jpg?fit=880%2C440&ssl=1&resize=525%2C300 1.5x, https:\/\/i0.wp.com\/lahoradelcampo.com.uy\/site\/wp-content\/uploads\/2020\/09\/Volonte.jpg?fit=880%2C440&ssl=1&resize=700%2C400 2x"},"classes":[]},{"id":4217,"url":"https:\/\/lahoradelcampo.com.uy\/site\/el-sul-destaco-cinco-buenas-noticias-para-el-rubro-ovino-en-2017\/","url_meta":{"origin":24602,"position":3},"title":"El SUL destac\u00f3 cinco buenas  noticias  para el rubro ovino en 2017","author":"La Hora del Campo","date":"25 noviembre, 2017","format":false,"excerpt":"En la capital del pa\u00eds se realiz\u00f3 en la jornada de ayer el encuentro anual del Secretariado Uruguayo de la Lana con los comunicadores agropecuarios que concurrieron desde varios puntos del territorio nacional. Dicho encuentro se concret\u00f3 en el local de la C\u00e1mara Mercantil de Productos del Pa\u00eds. El Secretariado\u2026","rel":"","context":"En \u00abActualidad\u00bb","block_context":{"text":"Actualidad","link":"https:\/\/lahoradelcampo.com.uy\/site\/category\/actualidad\/"},"img":{"alt_text":"","src":"https:\/\/i0.wp.com\/lahoradelcampo.com.uy\/site\/wp-content\/uploads\/2017\/11\/SUL.jpg?fit=880%2C440&ssl=1&resize=350%2C200","width":350,"height":200,"srcset":"https:\/\/i0.wp.com\/lahoradelcampo.com.uy\/site\/wp-content\/uploads\/2017\/11\/SUL.jpg?fit=880%2C440&ssl=1&resize=350%2C200 1x, https:\/\/i0.wp.com\/lahoradelcampo.com.uy\/site\/wp-content\/uploads\/2017\/11\/SUL.jpg?fit=880%2C440&ssl=1&resize=525%2C300 1.5x, https:\/\/i0.wp.com\/lahoradelcampo.com.uy\/site\/wp-content\/uploads\/2017\/11\/SUL.jpg?fit=880%2C440&ssl=1&resize=700%2C400 2x"},"classes":[]},{"id":16118,"url":"https:\/\/lahoradelcampo.com.uy\/site\/el-sul-presento-los-resultados-y-propuestas-para-mejorar-el-rubro-ovino\/","url_meta":{"origin":24602,"position":4},"title":"El SUL present\u00f3 los resultados y propuestas para mejorar el rubro ovino","author":"La Hora del Campo","date":"28 noviembre, 2019","format":false,"excerpt":"T\u00e9cnicos y productores de varios puntos del pa\u00eds, participaron en la v\u00edspera de la jornada realizada en el Centro de Innovaci\u00f3n y Capacitaci\u00f3n Ovina Mario Azzarini (Cicoma), el campo del Secretariado Uruguayo de la Lana (SUL), ubicado en la zona de Colonia Lavalleja, departamento de Salto, oportunidad en la que\u2026","rel":"","context":"En \u00abActualidad\u00bb","block_context":{"text":"Actualidad","link":"https:\/\/lahoradelcampo.com.uy\/site\/category\/actualidad\/"},"img":{"alt_text":"","src":"https:\/\/i0.wp.com\/lahoradelcampo.com.uy\/site\/wp-content\/uploads\/2019\/11\/Cicoma.jpg?fit=880%2C440&ssl=1&resize=350%2C200","width":350,"height":200,"srcset":"https:\/\/i0.wp.com\/lahoradelcampo.com.uy\/site\/wp-content\/uploads\/2019\/11\/Cicoma.jpg?fit=880%2C440&ssl=1&resize=350%2C200 1x, https:\/\/i0.wp.com\/lahoradelcampo.com.uy\/site\/wp-content\/uploads\/2019\/11\/Cicoma.jpg?fit=880%2C440&ssl=1&resize=525%2C300 1.5x, https:\/\/i0.wp.com\/lahoradelcampo.com.uy\/site\/wp-content\/uploads\/2019\/11\/Cicoma.jpg?fit=880%2C440&ssl=1&resize=700%2C400 2x"},"classes":[]},{"id":56420,"url":"https:\/\/lahoradelcampo.com.uy\/site\/el-futuro-del-ovino-es-la-especializacion-carne-o-lana\/","url_meta":{"origin":24602,"position":5},"title":"El futuro del ovino es la especializaci\u00f3n: carne o lana","author":"La Hora del Campo","date":"1 agosto, 2025","format":false,"excerpt":"En su visita a Salto, el Subsecretario del Ministerio de Ganader\u00eda, Agricultura y Pesca (MGAP), Ing. Agr. Mat\u00edas Car\u00e1mbula, dijo que se necesita una definici\u00f3n estrat\u00e9gica por parte del sector privado, sobre el rubro ovino, que recordemos tiene su mayor presencia en esa zona del litoral norte del pa\u00eds, en\u2026","rel":"","context":"En \u00abActualidad\u00bb","block_context":{"text":"Actualidad","link":"https:\/\/lahoradelcampo.com.uy\/site\/category\/actualidad\/"},"img":{"alt_text":"","src":"https:\/\/i0.wp.com\/lahoradelcampo.com.uy\/site\/wp-content\/uploads\/2025\/07\/Matias-Carambula-MGAP.jpg?fit=880%2C440&ssl=1&resize=350%2C200","width":350,"height":200,"srcset":"https:\/\/i0.wp.com\/lahoradelcampo.com.uy\/site\/wp-content\/uploads\/2025\/07\/Matias-Carambula-MGAP.jpg?fit=880%2C440&ssl=1&resize=350%2C200 1x, https:\/\/i0.wp.com\/lahoradelcampo.com.uy\/site\/wp-content\/uploads\/2025\/07\/Matias-Carambula-MGAP.jpg?fit=880%2C440&ssl=1&resize=525%2C300 1.5x, https:\/\/i0.wp.com\/lahoradelcampo.com.uy\/site\/wp-content\/uploads\/2025\/07\/Matias-Carambula-MGAP.jpg?fit=880%2C440&ssl=1&resize=700%2C400 2x"},"classes":[]}],"jetpack_likes_enabled":true,"_links":{"self":[{"href":"https:\/\/lahoradelcampo.com.uy\/site\/wp-json\/wp\/v2\/posts\/24602","targetHints":{"allow":["GET"]}}],"collection":[{"href":"https:\/\/lahoradelcampo.com.uy\/site\/wp-json\/wp\/v2\/posts"}],"about":[{"href":"https:\/\/lahoradelcampo.com.uy\/site\/wp-json\/wp\/v2\/types\/post"}],"author":[{"embeddable":true,"href":"https:\/\/lahoradelcampo.com.uy\/site\/wp-json\/wp\/v2\/users\/5"}],"replies":[{"embeddable":true,"href":"https:\/\/lahoradelcampo.com.uy\/site\/wp-json\/wp\/v2\/comments?post=24602"}],"version-history":[{"count":1,"href":"https:\/\/lahoradelcampo.com.uy\/site\/wp-json\/wp\/v2\/posts\/24602\/revisions"}],"predecessor-version":[{"id":24604,"href":"https:\/\/lahoradelcampo.com.uy\/site\/wp-json\/wp\/v2\/posts\/24602\/revisions\/24604"}],"wp:featuredmedia":[{"embeddable":true,"href":"https:\/\/lahoradelcampo.com.uy\/site\/wp-json\/wp\/v2\/media\/16130"}],"wp:attachment":[{"href":"https:\/\/lahoradelcampo.com.uy\/site\/wp-json\/wp\/v2\/media?parent=24602"}],"wp:term":[{"taxonomy":"category","embeddable":true,"href":"https:\/\/lahoradelcampo.com.uy\/site\/wp-json\/wp\/v2\/categories?post=24602"},{"taxonomy":"post_tag","embeddable":true,"href":"https:\/\/lahoradelcampo.com.uy\/site\/wp-json\/wp\/v2\/tags?post=24602"}],"curies":[{"name":"wp","href":"https:\/\/api.w.org\/{rel}","templated":true}]}}