{"id":24596,"date":"2020-10-13T16:48:44","date_gmt":"2020-10-13T19:48:44","guid":{"rendered":"http:\/\/lahoradelcampo.com.uy\/site\/?p=24596"},"modified":"2020-10-13T16:48:49","modified_gmt":"2020-10-13T19:48:49","slug":"san-rafael-vendio-su-torada-hereford-y-angus-a-us-2-345","status":"publish","type":"post","link":"https:\/\/lahoradelcampo.com.uy\/site\/san-rafael-vendio-su-torada-hereford-y-angus-a-us-2-345\/","title":{"rendered":"San Rafael vendi\u00f3 su torada Hereford y Angus a US$ 2.345"},"content":{"rendered":"\n<figure class=\"wp-block-image\"><img data-recalc-dims=\"1\" loading=\"lazy\" decoding=\"async\" width=\"810\" height=\"405\" data-attachment-id=\"24598\" data-permalink=\"https:\/\/lahoradelcampo.com.uy\/site\/san-rafael-vendio-su-torada-hereford-y-angus-a-us-2-345\/sanrafaelfotoremate\/\" data-orig-file=\"https:\/\/i0.wp.com\/lahoradelcampo.com.uy\/site\/wp-content\/uploads\/2020\/10\/sanrafaelfotoremate.jpg?fit=880%2C440&amp;ssl=1\" data-orig-size=\"880,440\" data-comments-opened=\"1\" data-image-meta=\"{&quot;aperture&quot;:&quot;0&quot;,&quot;credit&quot;:&quot;&quot;,&quot;camera&quot;:&quot;&quot;,&quot;caption&quot;:&quot;&quot;,&quot;created_timestamp&quot;:&quot;0&quot;,&quot;copyright&quot;:&quot;&quot;,&quot;focal_length&quot;:&quot;0&quot;,&quot;iso&quot;:&quot;0&quot;,&quot;shutter_speed&quot;:&quot;0&quot;,&quot;title&quot;:&quot;&quot;,&quot;orientation&quot;:&quot;1&quot;}\" data-image-title=\"sanrafaelfotoremate\" data-image-description=\"\" data-image-caption=\"\" data-large-file=\"https:\/\/i0.wp.com\/lahoradelcampo.com.uy\/site\/wp-content\/uploads\/2020\/10\/sanrafaelfotoremate.jpg?fit=810%2C405&amp;ssl=1\" src=\"https:\/\/i0.wp.com\/lahoradelcampo.com.uy\/site\/wp-content\/uploads\/2020\/10\/sanrafaelfotoremate.jpg?resize=810%2C405\" alt=\"\" class=\"wp-image-24598\" srcset=\"https:\/\/i0.wp.com\/lahoradelcampo.com.uy\/site\/wp-content\/uploads\/2020\/10\/sanrafaelfotoremate.jpg?w=880&amp;ssl=1 880w, https:\/\/i0.wp.com\/lahoradelcampo.com.uy\/site\/wp-content\/uploads\/2020\/10\/sanrafaelfotoremate.jpg?resize=300%2C150&amp;ssl=1 300w, https:\/\/i0.wp.com\/lahoradelcampo.com.uy\/site\/wp-content\/uploads\/2020\/10\/sanrafaelfotoremate.jpg?resize=768%2C384&amp;ssl=1 768w, https:\/\/i0.wp.com\/lahoradelcampo.com.uy\/site\/wp-content\/uploads\/2020\/10\/sanrafaelfotoremate.jpg?resize=820%2C410&amp;ssl=1 820w\" sizes=\"auto, (max-width: 810px) 100vw, 810px\" \/><\/figure>\n\n\n\n<p>En el local de la Asociaci\u00f3n Agropecuaria de Salto, previo llenado de una planilla de control, la toma de temperatura, el alcohol en gel y el uso de tapabocas, la caba\u00f1a salte\u00f1a San Rafael coloc\u00f3 el 100% de la oferta en la pista, con un muy buen marco de clientes y amigos acompa\u00f1ando el remate.<br><\/p>\n\n\n\n<p>El remate de tr\u00e1mite \u00e1gil, en primer lugar coloc\u00f3 las hembras, donde las tres vacas pre\u00f1adas SA se colocaron de un solo martillazo a US$ 912 cada una, las 18 vaquillonas red angus en US$ 564 y las 19 negras en US$ 624. Adem\u00e1s se colocaron 30 terneras angus, mayor\u00eda negras, a US$ 468 y 20 caretas a US$ 384.<br><\/p>\n\n\n\n<p>En lo que hace a los vientres Polled Hereford, se colocaron 10 vaquillonas a US$ 612 y 40 terneras a US$ 480.<br><\/p>\n\n\n\n<p>Las preofertas agilizaron las ventas de la torada, donde se vendieron US$ 27 toros angus de pedigree con un m\u00e1ximo de US$ 3.120, un piso de US$ 2.040 y un promedio de US$ 2.453, mientras que los tres puro controlados se pagaron entre US$ 2.280 y US$ 2.040, con un promedio de US$ 2.160.<br><\/p>\n\n\n\n<p>Para los Polled Hereford, los valores estuvieron entre US$ 2.760 y US$ 2040, con un promedio de US$ 2.150,77 para los 13 toros de pedigree y US$ 2.160 para el \u00fanico puro por cruza. En total los 44 toros de San Rafael se vendieron a US$ 2.345,45 de promedio.<br><\/p>\n\n\n\n<p>Gerardo Zambrano al cierre del remate dijo \u201cobjetivo cumplido. La venta fue total en la pista con valores de mercado\u201d. El rematador remarc\u00f3 que la demanda contin\u00faa sostenida en la zafra de reproductores, \u201cdespu\u00e9s los promedios o el precio dependen un poco el mercado, pero siempre para nosotros es que el objetivo principal sea vender todo y venderlo con agilidad\u201d.<br><\/p>\n\n\n\n<p>Por su parte Omar Burutaran, de San Rafael, agradeci\u00f3 a clientes y amigos que acompa\u00f1aron el remate y destac\u00f3 la importancia que se repitieran los compradores de a\u00f1os anteriores, \u201cporque nos da la tranquilidad de que estamos en el buen camino, haciendo las cosas bien\u201d.<br><\/p>\n\n\n\n<p>El caba\u00f1ero destac\u00f3 que la torada, de campo, \u201cest\u00e1 lista para largar a trabajar y no va a sentir nada, son toros del basalto, as\u00ed que no van a tener ning\u00fan problema\u201d y resalt\u00f3 que \u201cla ganader\u00eda no paro y no va a parar, porque no podemos parar y no debemos parar. Porque es el motor que mueve el pa\u00eds\u201d.<br><\/p>\n\n\n\n<p>Alejandro Arralde, del escritorio Arralde &amp; Asociados, tambi\u00e9n marc\u00f3 la importancia de la colocaci\u00f3n total de la oferta y se\u00f1al\u00f3 que la familia brasile\u00f1a de la caba\u00f1a Vasco Pampeano, tambi\u00e9n se mostr\u00f3 conforme con el resultado de las ventas. <\/p>\n\n\n\n<p style=\"text-align:right\"><strong>Salto, 13 de octubre de 2020<\/strong><\/p>\n","protected":false},"excerpt":{"rendered":"<p>En el local de la Asociaci\u00f3n Agropecuaria de Salto, previo llenado de una planilla de control, la toma de temperatura, el alcohol en gel y el uso de tapabocas, la [&hellip;]<\/p>\n","protected":false},"author":5,"featured_media":24598,"comment_status":"open","ping_status":"open","sticky":false,"template":"","format":"standard","meta":{"_price":"","_stock":"","_tribe_ticket_header":"","_tribe_default_ticket_provider":"","_tribe_ticket_capacity":"0","_ticket_start_date":"","_ticket_end_date":"","_tribe_ticket_show_description":"","_tribe_ticket_show_not_going":false,"_tribe_ticket_use_global_stock":"","_tribe_ticket_global_stock_level":"","_global_stock_mode":"","_global_stock_cap":"","_tribe_rsvp_for_event":"","_tribe_ticket_going_count":"","_tribe_ticket_not_going_count":"","_tribe_tickets_list":"[]","_tribe_ticket_has_attendee_info_fields":false,"h5ap_radio_sources":[],"_jetpack_newsletter_access":"","_jetpack_dont_email_post_to_subs":false,"_jetpack_newsletter_tier_id":0,"_jetpack_memberships_contains_paywalled_content":false,"_jetpack_memberships_contains_paid_content":false,"footnotes":""},"categories":[21,5],"tags":[],"class_list":["post-24596","post","type-post","status-publish","format-standard","has-post-thumbnail","hentry","category-actualidad","category-ganaderia"],"jetpack_featured_media_url":"https:\/\/i0.wp.com\/lahoradelcampo.com.uy\/site\/wp-content\/uploads\/2020\/10\/sanrafaelfotoremate.jpg?fit=880%2C440&ssl=1","jetpack_sharing_enabled":true,"jetpack_shortlink":"https:\/\/wp.me\/p99IaT-6oI","jetpack-related-posts":[{"id":2831,"url":"https:\/\/lahoradelcampo.com.uy\/site\/san-rafael-alcanzo-us-2-894-por-los-angus\/","url_meta":{"origin":24596,"position":0},"title":"San Rafael alcanz\u00f3 U$S 2.894 por los Angus","author":"La Hora del Campo","date":"17 octubre, 2017","format":false,"excerpt":"Caba\u00f1a San Rafael y Vasco Pampeano comercializaron en la jornada de ayer sus reproductores Angus y Polled Hereford, con colocaci\u00f3n parcial de la oferta de toros Hereford de dos a\u00f1os. Las ventas comenzaron con los vientres, coloc\u00e1ndose 5 vacas SA pre\u00f1adas a U$S 936 y 3 vaquillonas SA servidas a\u2026","rel":"","context":"En \u00abActualidad\u00bb","block_context":{"text":"Actualidad","link":"https:\/\/lahoradelcampo.com.uy\/site\/category\/actualidad\/"},"img":{"alt_text":"","src":"https:\/\/i0.wp.com\/lahoradelcampo.com.uy\/site\/wp-content\/uploads\/2017\/10\/San-Rafael.jpg?fit=880%2C440&ssl=1&resize=350%2C200","width":350,"height":200,"srcset":"https:\/\/i0.wp.com\/lahoradelcampo.com.uy\/site\/wp-content\/uploads\/2017\/10\/San-Rafael.jpg?fit=880%2C440&ssl=1&resize=350%2C200 1x, https:\/\/i0.wp.com\/lahoradelcampo.com.uy\/site\/wp-content\/uploads\/2017\/10\/San-Rafael.jpg?fit=880%2C440&ssl=1&resize=525%2C300 1.5x, https:\/\/i0.wp.com\/lahoradelcampo.com.uy\/site\/wp-content\/uploads\/2017\/10\/San-Rafael.jpg?fit=880%2C440&ssl=1&resize=700%2C400 2x"},"classes":[]},{"id":46249,"url":"https:\/\/lahoradelcampo.com.uy\/site\/san-rafael-coloco-el-100-de-los-toros-angus-y-polled-hereford\/","url_meta":{"origin":24596,"position":1},"title":"San Rafael coloc\u00f3 el 100% de los toros Angus y Polled Hereford","author":"La Hora del Campo","date":"13 octubre, 2022","format":false,"excerpt":"En el predio de la Asociaci\u00f3n Agropecuaria de Salto, la firma Zambrano & C\u00eda, concret\u00f3 una nueva venta de San Rafael, donde se coloc\u00f3 el 100% de la oferta de la caba\u00f1a y de las firmas invitadas, tanto en los vientres como en los machos de las tres razas. El\u2026","rel":"","context":"En \u00abActualidad\u00bb","block_context":{"text":"Actualidad","link":"https:\/\/lahoradelcampo.com.uy\/site\/category\/actualidad\/"},"img":{"alt_text":"","src":"https:\/\/i0.wp.com\/lahoradelcampo.com.uy\/site\/wp-content\/uploads\/2022\/10\/Sanrafaelreamte.jpg?fit=880%2C440&ssl=1&resize=350%2C200","width":350,"height":200,"srcset":"https:\/\/i0.wp.com\/lahoradelcampo.com.uy\/site\/wp-content\/uploads\/2022\/10\/Sanrafaelreamte.jpg?fit=880%2C440&ssl=1&resize=350%2C200 1x, https:\/\/i0.wp.com\/lahoradelcampo.com.uy\/site\/wp-content\/uploads\/2022\/10\/Sanrafaelreamte.jpg?fit=880%2C440&ssl=1&resize=525%2C300 1.5x, https:\/\/i0.wp.com\/lahoradelcampo.com.uy\/site\/wp-content\/uploads\/2022\/10\/Sanrafaelreamte.jpg?fit=880%2C440&ssl=1&resize=700%2C400 2x"},"classes":[]},{"id":24552,"url":"https:\/\/lahoradelcampo.com.uy\/site\/cabana-macedo-coloco-su-oferta-de-angus-y-brangus-en-artigas\/","url_meta":{"origin":24596,"position":2},"title":"Caba\u00f1a Macedo coloc\u00f3 su oferta de Angus y Brangus en Artigas","author":"La Hora del Campo","date":"12 octubre, 2020","format":false,"excerpt":"Como es tradicional, la familia Riani se vi\u00f3 acompa\u00f1ada por un buen marco de clientes y amigos, tanto en el local de la propia estancia como a distancia a trav\u00e9s de la televisaci\u00f3n. Al cierre de las ventas la satisfacci\u00f3n de haber colocado la producci\u00f3n de a buenos valores. En\u2026","rel":"","context":"En \u00abActualidad\u00bb","block_context":{"text":"Actualidad","link":"https:\/\/lahoradelcampo.com.uy\/site\/category\/actualidad\/"},"img":{"alt_text":"","src":"https:\/\/i0.wp.com\/lahoradelcampo.com.uy\/site\/wp-content\/uploads\/2020\/10\/Macedoriani.jpg?fit=880%2C440&ssl=1&resize=350%2C200","width":350,"height":200,"srcset":"https:\/\/i0.wp.com\/lahoradelcampo.com.uy\/site\/wp-content\/uploads\/2020\/10\/Macedoriani.jpg?fit=880%2C440&ssl=1&resize=350%2C200 1x, https:\/\/i0.wp.com\/lahoradelcampo.com.uy\/site\/wp-content\/uploads\/2020\/10\/Macedoriani.jpg?fit=880%2C440&ssl=1&resize=525%2C300 1.5x, https:\/\/i0.wp.com\/lahoradelcampo.com.uy\/site\/wp-content\/uploads\/2020\/10\/Macedoriani.jpg?fit=880%2C440&ssl=1&resize=700%2C400 2x"},"classes":[]},{"id":24520,"url":"https:\/\/lahoradelcampo.com.uy\/site\/continua-la-concrecion-de-buenos-negocios-en-la-zafra-de-reproductores\/","url_meta":{"origin":24596,"position":3},"title":"Contin\u00faa la concreci\u00f3n de buenos negocios en la zafra de reproductores","author":"La Hora del Campo","date":"10 octubre, 2020","format":false,"excerpt":"Actualizamos la informaci\u00f3n con los remates que se realizaron en las \u00faltimas jornadas de ventas. El Hereford de Isla Larga El Hereford de Raquel Arrarte en la propia caba\u00f1a coloc\u00f3 45 toros a US$ 3.073 de promedio, con seis toros colocados fuera de pista. El m\u00e1ximo fue de US$ 4.320\u2026","rel":"","context":"En \u00abActualidad\u00bb","block_context":{"text":"Actualidad","link":"https:\/\/lahoradelcampo.com.uy\/site\/category\/actualidad\/"},"img":{"alt_text":"","src":"https:\/\/i0.wp.com\/lahoradelcampo.com.uy\/site\/wp-content\/uploads\/2020\/10\/Torosarchivo.jpg?fit=880%2C440&ssl=1&resize=350%2C200","width":350,"height":200,"srcset":"https:\/\/i0.wp.com\/lahoradelcampo.com.uy\/site\/wp-content\/uploads\/2020\/10\/Torosarchivo.jpg?fit=880%2C440&ssl=1&resize=350%2C200 1x, https:\/\/i0.wp.com\/lahoradelcampo.com.uy\/site\/wp-content\/uploads\/2020\/10\/Torosarchivo.jpg?fit=880%2C440&ssl=1&resize=525%2C300 1.5x, https:\/\/i0.wp.com\/lahoradelcampo.com.uy\/site\/wp-content\/uploads\/2020\/10\/Torosarchivo.jpg?fit=880%2C440&ssl=1&resize=700%2C400 2x"},"classes":[]},{"id":46037,"url":"https:\/\/lahoradelcampo.com.uy\/site\/genetica-con-marca-registrada-coloco-85-toros-a-us-4-137\/","url_meta":{"origin":24596,"position":4},"title":"Gen\u00e9tica  con Marca Registrada coloc\u00f3 85 toros a U$S 4.137","author":"La Hora del Campo","date":"1 octubre, 2022","format":false,"excerpt":"Sociedad Ganadera San Salvador, junto con Frigor\u00edfico Modelo y La Rubeta realizaron \u00e9ste viernes su cl\u00e1sico remate \u201cGen\u00e9tica con Marca Registrada\u201d, en el Centro de Ventas Ganaderas Don Tito, colocando 85 toros Aberdeen Angus y Polled Hereford, con un promedio de U$S 4.137, adem\u00e1s de una muy buena venta de\u2026","rel":"","context":"En \u00abActualidad\u00bb","block_context":{"text":"Actualidad","link":"https:\/\/lahoradelcampo.com.uy\/site\/category\/actualidad\/"},"img":{"alt_text":"","src":"https:\/\/i0.wp.com\/lahoradelcampo.com.uy\/site\/wp-content\/uploads\/2022\/10\/Zafratoros-genetica-1.jpg?fit=880%2C440&ssl=1&resize=350%2C200","width":350,"height":200,"srcset":"https:\/\/i0.wp.com\/lahoradelcampo.com.uy\/site\/wp-content\/uploads\/2022\/10\/Zafratoros-genetica-1.jpg?fit=880%2C440&ssl=1&resize=350%2C200 1x, https:\/\/i0.wp.com\/lahoradelcampo.com.uy\/site\/wp-content\/uploads\/2022\/10\/Zafratoros-genetica-1.jpg?fit=880%2C440&ssl=1&resize=525%2C300 1.5x, https:\/\/i0.wp.com\/lahoradelcampo.com.uy\/site\/wp-content\/uploads\/2022\/10\/Zafratoros-genetica-1.jpg?fit=880%2C440&ssl=1&resize=700%2C400 2x"},"classes":[]},{"id":46135,"url":"https:\/\/lahoradelcampo.com.uy\/site\/se-coloco-el-100-de-los-angus-y-brangus-en-las-casuarinas-artigas\/","url_meta":{"origin":24596,"position":5},"title":"Se coloc\u00f3 el 100% de  los Angus y Brangus en Las Casuarinas, Artigas","author":"La Hora del Campo","date":"7 octubre, 2022","format":false,"excerpt":"Ayer bajo una lluvia torrencial, finaliz\u00f3 el remate en el local Las Casuarinas en Artigas, el escritorio Ganadera del Norte coloc\u00f3 la oferta de 60 toros de las caba\u00f1as Don Nadir en Brangus y La Martineta, La Estela y Mate Amargo en el Aberdeen Angus. Con una venta \u00e1gil y\u2026","rel":"","context":"En \u00abActualidad\u00bb","block_context":{"text":"Actualidad","link":"https:\/\/lahoradelcampo.com.uy\/site\/category\/actualidad\/"},"img":{"alt_text":"","src":"https:\/\/i0.wp.com\/lahoradelcampo.com.uy\/site\/wp-content\/uploads\/2022\/10\/Ganaderadelnorte.jpg?fit=880%2C440&ssl=1&resize=350%2C200","width":350,"height":200,"srcset":"https:\/\/i0.wp.com\/lahoradelcampo.com.uy\/site\/wp-content\/uploads\/2022\/10\/Ganaderadelnorte.jpg?fit=880%2C440&ssl=1&resize=350%2C200 1x, https:\/\/i0.wp.com\/lahoradelcampo.com.uy\/site\/wp-content\/uploads\/2022\/10\/Ganaderadelnorte.jpg?fit=880%2C440&ssl=1&resize=525%2C300 1.5x, https:\/\/i0.wp.com\/lahoradelcampo.com.uy\/site\/wp-content\/uploads\/2022\/10\/Ganaderadelnorte.jpg?fit=880%2C440&ssl=1&resize=700%2C400 2x"},"classes":[]}],"jetpack_likes_enabled":true,"_links":{"self":[{"href":"https:\/\/lahoradelcampo.com.uy\/site\/wp-json\/wp\/v2\/posts\/24596","targetHints":{"allow":["GET"]}}],"collection":[{"href":"https:\/\/lahoradelcampo.com.uy\/site\/wp-json\/wp\/v2\/posts"}],"about":[{"href":"https:\/\/lahoradelcampo.com.uy\/site\/wp-json\/wp\/v2\/types\/post"}],"author":[{"embeddable":true,"href":"https:\/\/lahoradelcampo.com.uy\/site\/wp-json\/wp\/v2\/users\/5"}],"replies":[{"embeddable":true,"href":"https:\/\/lahoradelcampo.com.uy\/site\/wp-json\/wp\/v2\/comments?post=24596"}],"version-history":[{"count":1,"href":"https:\/\/lahoradelcampo.com.uy\/site\/wp-json\/wp\/v2\/posts\/24596\/revisions"}],"predecessor-version":[{"id":24600,"href":"https:\/\/lahoradelcampo.com.uy\/site\/wp-json\/wp\/v2\/posts\/24596\/revisions\/24600"}],"wp:featuredmedia":[{"embeddable":true,"href":"https:\/\/lahoradelcampo.com.uy\/site\/wp-json\/wp\/v2\/media\/24598"}],"wp:attachment":[{"href":"https:\/\/lahoradelcampo.com.uy\/site\/wp-json\/wp\/v2\/media?parent=24596"}],"wp:term":[{"taxonomy":"category","embeddable":true,"href":"https:\/\/lahoradelcampo.com.uy\/site\/wp-json\/wp\/v2\/categories?post=24596"},{"taxonomy":"post_tag","embeddable":true,"href":"https:\/\/lahoradelcampo.com.uy\/site\/wp-json\/wp\/v2\/tags?post=24596"}],"curies":[{"name":"wp","href":"https:\/\/api.w.org\/{rel}","templated":true}]}}