{"id":24564,"date":"2020-10-12T08:02:16","date_gmt":"2020-10-12T11:02:16","guid":{"rendered":"http:\/\/lahoradelcampo.com.uy\/site\/?p=24564"},"modified":"2020-10-12T08:02:24","modified_gmt":"2020-10-12T11:02:24","slug":"arroz-en-brasil-se-situa-en-us-1920-por-bolsa","status":"publish","type":"post","link":"https:\/\/lahoradelcampo.com.uy\/site\/arroz-en-brasil-se-situa-en-us-1920-por-bolsa\/","title":{"rendered":"Arroz en Brasil se sit\u00faa en US$ 19,20 por bolsa"},"content":{"rendered":"\n<figure class=\"wp-block-image\"><img data-recalc-dims=\"1\" loading=\"lazy\" decoding=\"async\" width=\"810\" height=\"405\" data-attachment-id=\"9641\" data-permalink=\"https:\/\/lahoradelcampo.com.uy\/site\/sector-arrocero-alcanzo-el-70-de-la-cosecha-en-el-norte\/arroceros-4\/\" data-orig-file=\"https:\/\/i0.wp.com\/lahoradelcampo.com.uy\/site\/wp-content\/uploads\/2019\/04\/Arroceros.jpg?fit=880%2C440&amp;ssl=1\" data-orig-size=\"880,440\" data-comments-opened=\"1\" data-image-meta=\"{&quot;aperture&quot;:&quot;0&quot;,&quot;credit&quot;:&quot;&quot;,&quot;camera&quot;:&quot;&quot;,&quot;caption&quot;:&quot;&quot;,&quot;created_timestamp&quot;:&quot;0&quot;,&quot;copyright&quot;:&quot;&quot;,&quot;focal_length&quot;:&quot;0&quot;,&quot;iso&quot;:&quot;0&quot;,&quot;shutter_speed&quot;:&quot;0&quot;,&quot;title&quot;:&quot;&quot;,&quot;orientation&quot;:&quot;1&quot;}\" data-image-title=\"Arroceros\" data-image-description=\"\" data-image-caption=\"\" data-large-file=\"https:\/\/i0.wp.com\/lahoradelcampo.com.uy\/site\/wp-content\/uploads\/2019\/04\/Arroceros.jpg?fit=810%2C405&amp;ssl=1\" src=\"https:\/\/i0.wp.com\/lahoradelcampo.com.uy\/site\/wp-content\/uploads\/2019\/04\/Arroceros.jpg?resize=810%2C405\" alt=\"\" class=\"wp-image-9641\" srcset=\"https:\/\/i0.wp.com\/lahoradelcampo.com.uy\/site\/wp-content\/uploads\/2019\/04\/Arroceros.jpg?w=880&amp;ssl=1 880w, https:\/\/i0.wp.com\/lahoradelcampo.com.uy\/site\/wp-content\/uploads\/2019\/04\/Arroceros.jpg?resize=300%2C150&amp;ssl=1 300w, https:\/\/i0.wp.com\/lahoradelcampo.com.uy\/site\/wp-content\/uploads\/2019\/04\/Arroceros.jpg?resize=768%2C384&amp;ssl=1 768w, https:\/\/i0.wp.com\/lahoradelcampo.com.uy\/site\/wp-content\/uploads\/2019\/04\/Arroceros.jpg?resize=820%2C410&amp;ssl=1 820w\" sizes=\"auto, (max-width: 810px) 100vw, 810px\" \/><\/figure>\n\n\n\n<p>Con un 32% del \u00e1rea de siembra en el norte del\npa\u00eds, los productores arroceros miran de reojo el mercado brasile\u00f1o que\ncontin\u00faa con altos valores para la bolsa de 50 kilos de arroz c\u00e1scara, a pesar del\ningreso de cereal extra regi\u00f3n. De acuerdo a los datos del Centro de Estudios\nen Econom\u00eda Aplicada de la Universidad de San Pablo (Cepea), el indicador para\nel estado de R\u00edo Grande del Sur cerr\u00f3 el pasado viernes en US$ 19,20. <\/p>\n\n\n\n<p>En el \u00faltimo mes la referencia del indicador cay\u00f3 un 2,74%, sin embargo se ubica un 74% por encima de la misma fecha de 2019. Si bien se ubica en los valores hist\u00f3ricamente altos de la serie de precios, en la zafra 2008\/2009 se alcanzaron valores desde mayo a agosto referencias por encima de los US$ 20. <\/p>\n\n\n\n<p style=\"text-align:right\"><strong>Salto, 12 de octubre de 2020<\/strong><\/p>\n","protected":false},"excerpt":{"rendered":"<p>Con un 32% del \u00e1rea de siembra en el norte del pa\u00eds, los productores arroceros miran de reojo el mercado brasile\u00f1o que contin\u00faa con altos valores para la bolsa de [&hellip;]<\/p>\n","protected":false},"author":5,"featured_media":9641,"comment_status":"open","ping_status":"open","sticky":false,"template":"","format":"standard","meta":{"_price":"","_stock":"","_tribe_ticket_header":"","_tribe_default_ticket_provider":"","_tribe_ticket_capacity":"0","_ticket_start_date":"","_ticket_end_date":"","_tribe_ticket_show_description":"","_tribe_ticket_show_not_going":false,"_tribe_ticket_use_global_stock":"","_tribe_ticket_global_stock_level":"","_global_stock_mode":"","_global_stock_cap":"","_tribe_rsvp_for_event":"","_tribe_ticket_going_count":"","_tribe_ticket_not_going_count":"","_tribe_tickets_list":"[]","_tribe_ticket_has_attendee_info_fields":false,"h5ap_radio_sources":[],"_jetpack_newsletter_access":"","_jetpack_dont_email_post_to_subs":false,"_jetpack_newsletter_tier_id":0,"_jetpack_memberships_contains_paywalled_content":false,"_jetpack_memberships_contains_paid_content":false,"footnotes":""},"categories":[23,15],"tags":[],"class_list":["post-24564","post","type-post","status-publish","format-standard","has-post-thumbnail","hentry","category-equinos","category-columnistas"],"jetpack_featured_media_url":"https:\/\/i0.wp.com\/lahoradelcampo.com.uy\/site\/wp-content\/uploads\/2019\/04\/Arroceros.jpg?fit=880%2C440&ssl=1","jetpack_sharing_enabled":true,"jetpack_shortlink":"https:\/\/wp.me\/p99IaT-6oc","jetpack-related-posts":[{"id":52863,"url":"https:\/\/lahoradelcampo.com.uy\/site\/arroz-expectativas-de-15-dolares-por-bolsa-y-un-nino-desafiante\/","url_meta":{"origin":24564,"position":0},"title":"Arroz: Expectativas de 15 d\u00f3lares por bolsa y un \u00abNi\u00f1o\u00bb desafiante","author":"La Hora del Campo","date":"24 octubre, 2023","format":false,"excerpt":"El clima de los \u00faltimos a\u00f1os ha sido un gran desaf\u00edo para el sector arrocero, tanto a nivel nacional como mundial. A nivel de nuestro pa\u00eds, la sequ\u00eda permiti\u00f3 alcanzar altos rendimientos por hect\u00e1rea, sin embargo limit\u00f3 el \u00e1rea de siembra debido a la ausencia de agua en las represas,\u2026","rel":"","context":"En \u00abActualidad\u00bb","block_context":{"text":"Actualidad","link":"https:\/\/lahoradelcampo.com.uy\/site\/category\/actualidad\/"},"img":{"alt_text":"","src":"https:\/\/i0.wp.com\/lahoradelcampo.com.uy\/site\/wp-content\/uploads\/2023\/10\/Alfredo-Lago-ACA.jpg?fit=880%2C440&ssl=1&resize=350%2C200","width":350,"height":200,"srcset":"https:\/\/i0.wp.com\/lahoradelcampo.com.uy\/site\/wp-content\/uploads\/2023\/10\/Alfredo-Lago-ACA.jpg?fit=880%2C440&ssl=1&resize=350%2C200 1x, https:\/\/i0.wp.com\/lahoradelcampo.com.uy\/site\/wp-content\/uploads\/2023\/10\/Alfredo-Lago-ACA.jpg?fit=880%2C440&ssl=1&resize=525%2C300 1.5x, https:\/\/i0.wp.com\/lahoradelcampo.com.uy\/site\/wp-content\/uploads\/2023\/10\/Alfredo-Lago-ACA.jpg?fit=880%2C440&ssl=1&resize=700%2C400 2x"},"classes":[]},{"id":47019,"url":"https:\/\/lahoradelcampo.com.uy\/site\/costos-del-arroz-superan-los-ingresos-actuales-del-cereal\/","url_meta":{"origin":24564,"position":1},"title":"Costos del arroz superan los ingresos actuales del cereal","author":"La Hora del Campo","date":"16 noviembre, 2022","format":false,"excerpt":"El inicio de la zafra arrocera 2022-2023 augura nuevamente altos niveles de producci\u00f3n, con una siembra r\u00e9cord dentro de la ventana \u00f3ptima para el cultivo, con mayor disponibilidad de agua respecto a la zafra anterior, pero con preocupaci\u00f3n con los altos costos con los cuales se ha sembrado el cereal.\u2026","rel":"","context":"En \u00abActualidad\u00bb","block_context":{"text":"Actualidad","link":"https:\/\/lahoradelcampo.com.uy\/site\/category\/actualidad\/"},"img":{"alt_text":"","src":"https:\/\/i0.wp.com\/lahoradelcampo.com.uy\/site\/wp-content\/uploads\/2022\/08\/Guillermo-Obrien.jpg?fit=880%2C440&ssl=1&resize=350%2C200","width":350,"height":200,"srcset":"https:\/\/i0.wp.com\/lahoradelcampo.com.uy\/site\/wp-content\/uploads\/2022\/08\/Guillermo-Obrien.jpg?fit=880%2C440&ssl=1&resize=350%2C200 1x, https:\/\/i0.wp.com\/lahoradelcampo.com.uy\/site\/wp-content\/uploads\/2022\/08\/Guillermo-Obrien.jpg?fit=880%2C440&ssl=1&resize=525%2C300 1.5x, https:\/\/i0.wp.com\/lahoradelcampo.com.uy\/site\/wp-content\/uploads\/2022\/08\/Guillermo-Obrien.jpg?fit=880%2C440&ssl=1&resize=700%2C400 2x"},"classes":[]},{"id":16332,"url":"https:\/\/lahoradelcampo.com.uy\/site\/con-una-menor-siembra-de-arroz-en-la-region-los-precios-suben-en-brasil\/","url_meta":{"origin":24564,"position":2},"title":"Con una menor siembra de arroz en la regi\u00f3n, los precios suben en Brasil","author":"La Hora del Campo","date":"9 diciembre, 2019","format":false,"excerpt":"El sector arrocero en la regi\u00f3n atraves\u00f3 un periodo de siembra dif\u00edcil este a\u00f1o con el clima y el \u00e1rea de del cultivo ha ca\u00eddo por debajo de las expectativas, lo que ha hecho que las cotizaciones del cereal en Brasil, el principal consumidor del Mercosur, comiencen a subir, llegando\u2026","rel":"","context":"En \u00abActualidad\u00bb","block_context":{"text":"Actualidad","link":"https:\/\/lahoradelcampo.com.uy\/site\/category\/actualidad\/"},"img":{"alt_text":"","src":"https:\/\/i0.wp.com\/lahoradelcampo.com.uy\/site\/wp-content\/uploads\/2017\/12\/Arroceros.jpg?fit=880%2C440&ssl=1&resize=350%2C200","width":350,"height":200,"srcset":"https:\/\/i0.wp.com\/lahoradelcampo.com.uy\/site\/wp-content\/uploads\/2017\/12\/Arroceros.jpg?fit=880%2C440&ssl=1&resize=350%2C200 1x, https:\/\/i0.wp.com\/lahoradelcampo.com.uy\/site\/wp-content\/uploads\/2017\/12\/Arroceros.jpg?fit=880%2C440&ssl=1&resize=525%2C300 1.5x, https:\/\/i0.wp.com\/lahoradelcampo.com.uy\/site\/wp-content\/uploads\/2017\/12\/Arroceros.jpg?fit=880%2C440&ssl=1&resize=700%2C400 2x"},"classes":[]},{"id":6201,"url":"https:\/\/lahoradelcampo.com.uy\/site\/cosecha-de-soja-a-todo-vapor-en-brasil\/","url_meta":{"origin":24564,"position":3},"title":"Cosecha de soja a todo vapor en Brasil","author":"La Hora del Campo","date":"26 marzo, 2018","format":false,"excerpt":"La cosecha de la oleaginosa en el pa\u00eds norte\u00f1o se encuentra a \u201ctodo vapor\u201d seg\u00fan el informe del Centro de Estudios en Econom\u00eda Aplicada de San Pablo (Cepea), sin embargo la supercosecha brasile\u00f1a enfrenta un mercado cauteloso y que presiona a la baja las cotizaciones de la soja. El clima\u2026","rel":"","context":"En \u00abActualidad\u00bb","block_context":{"text":"Actualidad","link":"https:\/\/lahoradelcampo.com.uy\/site\/category\/actualidad\/"},"img":{"alt_text":"","src":"https:\/\/i0.wp.com\/lahoradelcampo.com.uy\/site\/wp-content\/uploads\/2018\/03\/Soja.jpg?fit=880%2C440&ssl=1&resize=350%2C200","width":350,"height":200,"srcset":"https:\/\/i0.wp.com\/lahoradelcampo.com.uy\/site\/wp-content\/uploads\/2018\/03\/Soja.jpg?fit=880%2C440&ssl=1&resize=350%2C200 1x, https:\/\/i0.wp.com\/lahoradelcampo.com.uy\/site\/wp-content\/uploads\/2018\/03\/Soja.jpg?fit=880%2C440&ssl=1&resize=525%2C300 1.5x, https:\/\/i0.wp.com\/lahoradelcampo.com.uy\/site\/wp-content\/uploads\/2018\/03\/Soja.jpg?fit=880%2C440&ssl=1&resize=700%2C400 2x"},"classes":[]},{"id":19432,"url":"https:\/\/lahoradelcampo.com.uy\/site\/trigo-en-alza-y-la-soja-con-precios-records-en-brasil\/","url_meta":{"origin":24564,"position":4},"title":"Trigo en alza y la soja con precios r\u00e9cords en Brasil","author":"La Hora del Campo","date":"5 mayo, 2020","format":false,"excerpt":"Las cotizaciones del trigo y sus derivados, contin\u00faan en alza debido principalmente a la baja oferta, seg\u00fan informan los t\u00e9cnicos del Centro de Estudios Avanzados en Econom\u00eda Avanzada Aplicada (Cepea*). En lo que respecta a las importaciones, debido a la devaluaci\u00f3n de la moenda brasile\u00f1a, est\u00e1n encarecidas. Hasta la pasada\u2026","rel":"","context":"En \u00abActualidad\u00bb","block_context":{"text":"Actualidad","link":"https:\/\/lahoradelcampo.com.uy\/site\/category\/actualidad\/"},"img":{"alt_text":"","src":"https:\/\/i0.wp.com\/lahoradelcampo.com.uy\/site\/wp-content\/uploads\/2019\/04\/Trigo.jpg?fit=880%2C440&ssl=1&resize=350%2C200","width":350,"height":200,"srcset":"https:\/\/i0.wp.com\/lahoradelcampo.com.uy\/site\/wp-content\/uploads\/2019\/04\/Trigo.jpg?fit=880%2C440&ssl=1&resize=350%2C200 1x, https:\/\/i0.wp.com\/lahoradelcampo.com.uy\/site\/wp-content\/uploads\/2019\/04\/Trigo.jpg?fit=880%2C440&ssl=1&resize=525%2C300 1.5x, https:\/\/i0.wp.com\/lahoradelcampo.com.uy\/site\/wp-content\/uploads\/2019\/04\/Trigo.jpg?fit=880%2C440&ssl=1&resize=700%2C400 2x"},"classes":[]},{"id":6293,"url":"https:\/\/lahoradelcampo.com.uy\/site\/nueva-semana-de-ajuste-en-el-mercado-lanero-australiano\/","url_meta":{"origin":24564,"position":5},"title":"Nueva semana de ajuste en el mercado lanero australiano","author":"La Hora del Campo","date":"29 marzo, 2018","format":false,"excerpt":"A pesar que las referencias actuales del Indicador de Mercados del Este registraran bajas consecutivas en las \u00faltimas seis semanas, la zafra contin\u00faa siendo positiva respecto a la zafra pasada, con un indicador que tanto en la moneda australiana como en d\u00f3lares estadounidenses se mantiene por encima de un 16%\u2026","rel":"","context":"En \u00abActualidad\u00bb","block_context":{"text":"Actualidad","link":"https:\/\/lahoradelcampo.com.uy\/site\/category\/actualidad\/"},"img":{"alt_text":"","src":"https:\/\/i0.wp.com\/lahoradelcampo.com.uy\/site\/wp-content\/uploads\/2018\/03\/lanar-web.jpg?fit=880%2C440&ssl=1&resize=350%2C200","width":350,"height":200,"srcset":"https:\/\/i0.wp.com\/lahoradelcampo.com.uy\/site\/wp-content\/uploads\/2018\/03\/lanar-web.jpg?fit=880%2C440&ssl=1&resize=350%2C200 1x, https:\/\/i0.wp.com\/lahoradelcampo.com.uy\/site\/wp-content\/uploads\/2018\/03\/lanar-web.jpg?fit=880%2C440&ssl=1&resize=525%2C300 1.5x, https:\/\/i0.wp.com\/lahoradelcampo.com.uy\/site\/wp-content\/uploads\/2018\/03\/lanar-web.jpg?fit=880%2C440&ssl=1&resize=700%2C400 2x"},"classes":[]}],"jetpack_likes_enabled":true,"_links":{"self":[{"href":"https:\/\/lahoradelcampo.com.uy\/site\/wp-json\/wp\/v2\/posts\/24564","targetHints":{"allow":["GET"]}}],"collection":[{"href":"https:\/\/lahoradelcampo.com.uy\/site\/wp-json\/wp\/v2\/posts"}],"about":[{"href":"https:\/\/lahoradelcampo.com.uy\/site\/wp-json\/wp\/v2\/types\/post"}],"author":[{"embeddable":true,"href":"https:\/\/lahoradelcampo.com.uy\/site\/wp-json\/wp\/v2\/users\/5"}],"replies":[{"embeddable":true,"href":"https:\/\/lahoradelcampo.com.uy\/site\/wp-json\/wp\/v2\/comments?post=24564"}],"version-history":[{"count":1,"href":"https:\/\/lahoradelcampo.com.uy\/site\/wp-json\/wp\/v2\/posts\/24564\/revisions"}],"predecessor-version":[{"id":24566,"href":"https:\/\/lahoradelcampo.com.uy\/site\/wp-json\/wp\/v2\/posts\/24564\/revisions\/24566"}],"wp:featuredmedia":[{"embeddable":true,"href":"https:\/\/lahoradelcampo.com.uy\/site\/wp-json\/wp\/v2\/media\/9641"}],"wp:attachment":[{"href":"https:\/\/lahoradelcampo.com.uy\/site\/wp-json\/wp\/v2\/media?parent=24564"}],"wp:term":[{"taxonomy":"category","embeddable":true,"href":"https:\/\/lahoradelcampo.com.uy\/site\/wp-json\/wp\/v2\/categories?post=24564"},{"taxonomy":"post_tag","embeddable":true,"href":"https:\/\/lahoradelcampo.com.uy\/site\/wp-json\/wp\/v2\/tags?post=24564"}],"curies":[{"name":"wp","href":"https:\/\/api.w.org\/{rel}","templated":true}]}}