{"id":24558,"date":"2020-10-12T07:39:28","date_gmt":"2020-10-12T10:39:28","guid":{"rendered":"http:\/\/lahoradelcampo.com.uy\/site\/?p=24558"},"modified":"2020-10-12T07:39:33","modified_gmt":"2020-10-12T10:39:33","slug":"seguridad-rural-recibio-40-camionetas-para-combate-al-abigeato","status":"publish","type":"post","link":"https:\/\/lahoradelcampo.com.uy\/site\/seguridad-rural-recibio-40-camionetas-para-combate-al-abigeato\/","title":{"rendered":"Seguridad Rural recibi\u00f3 40 camionetas para combate al abigeato"},"content":{"rendered":"\n<figure class=\"wp-block-image\"><img data-recalc-dims=\"1\" loading=\"lazy\" decoding=\"async\" width=\"810\" height=\"405\" data-attachment-id=\"24560\" data-permalink=\"https:\/\/lahoradelcampo.com.uy\/site\/seguridad-rural-recibio-40-camionetas-para-combate-al-abigeato\/seguridadrural\/\" data-orig-file=\"https:\/\/i0.wp.com\/lahoradelcampo.com.uy\/site\/wp-content\/uploads\/2020\/10\/seguridadrural.jpg?fit=880%2C440&amp;ssl=1\" data-orig-size=\"880,440\" data-comments-opened=\"1\" data-image-meta=\"{&quot;aperture&quot;:&quot;0&quot;,&quot;credit&quot;:&quot;&quot;,&quot;camera&quot;:&quot;&quot;,&quot;caption&quot;:&quot;&quot;,&quot;created_timestamp&quot;:&quot;0&quot;,&quot;copyright&quot;:&quot;&quot;,&quot;focal_length&quot;:&quot;0&quot;,&quot;iso&quot;:&quot;0&quot;,&quot;shutter_speed&quot;:&quot;0&quot;,&quot;title&quot;:&quot;&quot;,&quot;orientation&quot;:&quot;1&quot;}\" data-image-title=\"seguridadrural\" data-image-description=\"\" data-image-caption=\"\" data-large-file=\"https:\/\/i0.wp.com\/lahoradelcampo.com.uy\/site\/wp-content\/uploads\/2020\/10\/seguridadrural.jpg?fit=810%2C405&amp;ssl=1\" src=\"https:\/\/i0.wp.com\/lahoradelcampo.com.uy\/site\/wp-content\/uploads\/2020\/10\/seguridadrural.jpg?resize=810%2C405\" alt=\"\" class=\"wp-image-24560\" srcset=\"https:\/\/i0.wp.com\/lahoradelcampo.com.uy\/site\/wp-content\/uploads\/2020\/10\/seguridadrural.jpg?w=880&amp;ssl=1 880w, https:\/\/i0.wp.com\/lahoradelcampo.com.uy\/site\/wp-content\/uploads\/2020\/10\/seguridadrural.jpg?resize=300%2C150&amp;ssl=1 300w, https:\/\/i0.wp.com\/lahoradelcampo.com.uy\/site\/wp-content\/uploads\/2020\/10\/seguridadrural.jpg?resize=768%2C384&amp;ssl=1 768w, https:\/\/i0.wp.com\/lahoradelcampo.com.uy\/site\/wp-content\/uploads\/2020\/10\/seguridadrural.jpg?resize=820%2C410&amp;ssl=1 820w\" sizes=\"auto, (max-width: 810px) 100vw, 810px\" \/><\/figure>\n\n\n\n<p>\n\n\u201cLa lucha contra el abigeato no es de un solo d\u00eda, sino un trabajo permanente\u201d, dijo el ministro del Interior, Jorge Larra\u00f1aga, en la entrega de 13 camionetas para la Direcci\u00f3n Nacional de Seguridad Rural. Hasta ahora, se entregaron 40 veh\u00edculos todoterreno, de un total de 55, adquiridos mediante licitaci\u00f3n. El ministro de Ganader\u00eda, Carlos Uriarte, destac\u00f3 que este delito descendi\u00f3 en las zonas donde se reforz\u00f3 la seguridad.<\/p>\n\n\n\n<p>El acto de entrega se realiz\u00f3 este jueves 8 en la sede del Ministerio del Interior, en Montevideo. La distribuci\u00f3n de los veh\u00edculos responde a las necesidades transmitidas por cada jefatura departamental, inform\u00f3 Larra\u00f1aga.<\/p>\n\n\n\n<p>Se trata de camionetas cuatro por cuatro, de alta calidad, apropiadas para transitar caminos rurales.&nbsp;Las 15 restantes se distribuir\u00e1n en noviembre. El jerarca a\u00f1adi\u00f3 que en breve se sumar\u00e1n al patrullaje dos motocicletas de 250 cilindradas, con visores nocturnos y diurnos, y drones, por lo que se conformaran equipos de tres m\u00f3viles con cuatro efectivos policiales.<\/p>\n\n\n\n<p>La Direcci\u00f3n Nacional de Seguridad Rural responde a un compromiso del Gobierno y fue creada por la ley n.\u00ba&nbsp;19.889, de urgente consideraci\u00f3n. Las jefaturas departamentales prestan apoyo a las tareas de la direcci\u00f3n y, en ese sentido, el mi\u00e9rcoles 7, la Justicia de Canelones formaliz\u00f3 a 12 personas por abigeato.<\/p>\n\n\n\n<p>Uriarte inst\u00f3 a los productores agropecuarios a organizarse, fortalecer las comisiones departamentales de seguridad y revitalizar las comisiones de apoyo a las comisarias. Desde el 1.\u00b0 de marzo, se reabrieron m\u00e1s de 30 delegaciones en todo el pa\u00eds y se implement\u00f3 la l\u00ednea gratuita 0800 4444 para denunciar estos delitos, record\u00f3.<\/p>\n\n\n\n<p>\u201cEl Gobierno da respuestas, se\u00f1ales, y estamos convencidos de que, en las zonas donde se actu\u00f3, se ver\u00e1 el descenso del abigeato en los pr\u00f3ximos indicadores\u201d, precis\u00f3 el titular de Ganader\u00eda.<\/p>\n\n\n\n<p style=\"text-align:right\"><strong>Salto, 12 de octubre 2020<\/strong><\/p>\n","protected":false},"excerpt":{"rendered":"<p>\u201cLa lucha contra el abigeato no es de un solo d\u00eda, sino un trabajo permanente\u201d, dijo el ministro del Interior, Jorge Larra\u00f1aga, en la entrega de 13 camionetas para la [&hellip;]<\/p>\n","protected":false},"author":5,"featured_media":24560,"comment_status":"open","ping_status":"open","sticky":false,"template":"","format":"standard","meta":{"_price":"","_stock":"","_tribe_ticket_header":"","_tribe_default_ticket_provider":"","_tribe_ticket_capacity":"0","_ticket_start_date":"","_ticket_end_date":"","_tribe_ticket_show_description":"","_tribe_ticket_show_not_going":false,"_tribe_ticket_use_global_stock":"","_tribe_ticket_global_stock_level":"","_global_stock_mode":"","_global_stock_cap":"","_tribe_rsvp_for_event":"","_tribe_ticket_going_count":"","_tribe_ticket_not_going_count":"","_tribe_tickets_list":"[]","_tribe_ticket_has_attendee_info_fields":false,"h5ap_radio_sources":[],"_jetpack_newsletter_access":"","_jetpack_dont_email_post_to_subs":false,"_jetpack_newsletter_tier_id":0,"_jetpack_memberships_contains_paywalled_content":false,"_jetpack_memberships_contains_paid_content":false,"footnotes":""},"categories":[21,5],"tags":[],"class_list":["post-24558","post","type-post","status-publish","format-standard","has-post-thumbnail","hentry","category-actualidad","category-ganaderia"],"jetpack_featured_media_url":"https:\/\/i0.wp.com\/lahoradelcampo.com.uy\/site\/wp-content\/uploads\/2020\/10\/seguridadrural.jpg?fit=880%2C440&ssl=1","jetpack_sharing_enabled":true,"jetpack_shortlink":"https:\/\/wp.me\/p99IaT-6o6","jetpack-related-posts":[{"id":19986,"url":"https:\/\/lahoradelcampo.com.uy\/site\/interior-y-ganaderia-implementan-acciones-para-el-combate-al-abigeato\/","url_meta":{"origin":24558,"position":0},"title":"Interior y Ganader\u00eda implementan acciones para el combate al abigeato","author":"La Hora del Campo","date":"20 mayo, 2020","format":false,"excerpt":"Los ministros del Interior, Jorge Larra\u00f1aga, y de Ganader\u00eda, Carlos Mar\u00eda Uriarte, anunciaron la puesta en funcionamiento de dos l\u00edneas telef\u00f3nicas gratuitas para recibir denuncias de robo de ganado en todo el pa\u00eds. Adem\u00e1s, se trabaja en el desarrollo de una aplicaci\u00f3n para celulares dirigida a empresarios y trabajadores del\u2026","rel":"","context":"En \u00abActualidad\u00bb","block_context":{"text":"Actualidad","link":"https:\/\/lahoradelcampo.com.uy\/site\/category\/actualidad\/"},"img":{"alt_text":"","src":"https:\/\/i0.wp.com\/lahoradelcampo.com.uy\/site\/wp-content\/uploads\/2020\/05\/larra%C3%B1aga.jpg?fit=880%2C440&ssl=1&resize=350%2C200","width":350,"height":200,"srcset":"https:\/\/i0.wp.com\/lahoradelcampo.com.uy\/site\/wp-content\/uploads\/2020\/05\/larra%C3%B1aga.jpg?fit=880%2C440&ssl=1&resize=350%2C200 1x, https:\/\/i0.wp.com\/lahoradelcampo.com.uy\/site\/wp-content\/uploads\/2020\/05\/larra%C3%B1aga.jpg?fit=880%2C440&ssl=1&resize=525%2C300 1.5x, https:\/\/i0.wp.com\/lahoradelcampo.com.uy\/site\/wp-content\/uploads\/2020\/05\/larra%C3%B1aga.jpg?fit=880%2C440&ssl=1&resize=700%2C400 2x"},"classes":[]},{"id":39983,"url":"https:\/\/lahoradelcampo.com.uy\/site\/la-aas-entrego-un-drone-de-ultima-generacion-al-mi\/","url_meta":{"origin":24558,"position":1},"title":"La AAS entreg\u00f3 un drone de \u00faltima generaci\u00f3n al MI","author":"La Hora del Campo","date":"17 marzo, 2022","format":false,"excerpt":"Luego de una campa\u00f1a realizada por la Asociaci\u00f3n Agropecuaria de Salto (AAS) con sus socios y empresas allegadas a la instituci\u00f3n, se logr\u00f3 adquirir un drone de \u00faltima generaci\u00f3n, con las caracter\u00edsticas necesarias para combatir delitos en el \u00e1rea rural tales como el abigeato, faltante de ganados, captura de animales\u2026","rel":"","context":"En \u00abActualidad\u00bb","block_context":{"text":"Actualidad","link":"https:\/\/lahoradelcampo.com.uy\/site\/category\/actualidad\/"},"img":{"alt_text":"","src":"https:\/\/i0.wp.com\/lahoradelcampo.com.uy\/site\/wp-content\/uploads\/2022\/03\/AAS-DRONE.jpg?fit=880%2C440&ssl=1&resize=350%2C200","width":350,"height":200,"srcset":"https:\/\/i0.wp.com\/lahoradelcampo.com.uy\/site\/wp-content\/uploads\/2022\/03\/AAS-DRONE.jpg?fit=880%2C440&ssl=1&resize=350%2C200 1x, https:\/\/i0.wp.com\/lahoradelcampo.com.uy\/site\/wp-content\/uploads\/2022\/03\/AAS-DRONE.jpg?fit=880%2C440&ssl=1&resize=525%2C300 1.5x, https:\/\/i0.wp.com\/lahoradelcampo.com.uy\/site\/wp-content\/uploads\/2022\/03\/AAS-DRONE.jpg?fit=880%2C440&ssl=1&resize=700%2C400 2x"},"classes":[]},{"id":49886,"url":"https:\/\/lahoradelcampo.com.uy\/site\/el-ministerio-del-interior-invierte-en-tecnologia-para-combatir-la-delincuencia-en-zonas-rurales\/","url_meta":{"origin":24558,"position":2},"title":"MI invierte en tecnolog\u00eda para combatir la delincuencia en zonas rurales","author":"La Hora del Campo","date":"12 abril, 2023","format":false,"excerpt":"El Ministerio del Interior de Uruguay ha adquirido 50 visores t\u00e9rmicos por un total de 200.000 d\u00f3lares para equipar a las brigadas de Seguridad Rural en todo el pa\u00eds. El ministro del Interior, Luis Alberto Heber, destac\u00f3 que la inversi\u00f3n en tecnolog\u00eda ayudar\u00e1 a la Polic\u00eda a combatir la delincuencia\u2026","rel":"","context":"En \u00abActualidad\u00bb","block_context":{"text":"Actualidad","link":"https:\/\/lahoradelcampo.com.uy\/site\/category\/actualidad\/"},"img":{"alt_text":"","src":"https:\/\/i0.wp.com\/lahoradelcampo.com.uy\/site\/wp-content\/uploads\/2023\/04\/Policia-visores-nocturnos.jpg?fit=880%2C440&ssl=1&resize=350%2C200","width":350,"height":200,"srcset":"https:\/\/i0.wp.com\/lahoradelcampo.com.uy\/site\/wp-content\/uploads\/2023\/04\/Policia-visores-nocturnos.jpg?fit=880%2C440&ssl=1&resize=350%2C200 1x, https:\/\/i0.wp.com\/lahoradelcampo.com.uy\/site\/wp-content\/uploads\/2023\/04\/Policia-visores-nocturnos.jpg?fit=880%2C440&ssl=1&resize=525%2C300 1.5x, https:\/\/i0.wp.com\/lahoradelcampo.com.uy\/site\/wp-content\/uploads\/2023\/04\/Policia-visores-nocturnos.jpg?fit=880%2C440&ssl=1&resize=700%2C400 2x"},"classes":[]},{"id":54394,"url":"https:\/\/lahoradelcampo.com.uy\/site\/mgap-entrego-17-camionetas-nuevas-a-los-servicios-ganaderos\/","url_meta":{"origin":24558,"position":3},"title":"MGAP entreg\u00f3 17 camionetas nuevas a los Servicios ganaderos","author":"La Hora del Campo","date":"4 septiembre, 2024","format":false,"excerpt":"El ministro Fernando Mattos, el subsecretario Ignacio Buffa y la directora general Fernanda Maldonado hicieron entrega al director de los Servicios Ganaderos, Diego de Freitas, de 17 de las 90 camionetas que a trav\u00e9s de un convenio con el Instituto Nacional de Carnes pasar\u00e1n a reforzar la flota del MGAP.\u2026","rel":"","context":"En \u00abActualidad\u00bb","block_context":{"text":"Actualidad","link":"https:\/\/lahoradelcampo.com.uy\/site\/category\/actualidad\/"},"img":{"alt_text":"","src":"https:\/\/i0.wp.com\/lahoradelcampo.com.uy\/site\/wp-content\/uploads\/2024\/09\/MGAP-camionetas.jpg?fit=880%2C440&ssl=1&resize=350%2C200","width":350,"height":200,"srcset":"https:\/\/i0.wp.com\/lahoradelcampo.com.uy\/site\/wp-content\/uploads\/2024\/09\/MGAP-camionetas.jpg?fit=880%2C440&ssl=1&resize=350%2C200 1x, https:\/\/i0.wp.com\/lahoradelcampo.com.uy\/site\/wp-content\/uploads\/2024\/09\/MGAP-camionetas.jpg?fit=880%2C440&ssl=1&resize=525%2C300 1.5x, https:\/\/i0.wp.com\/lahoradelcampo.com.uy\/site\/wp-content\/uploads\/2024\/09\/MGAP-camionetas.jpg?fit=880%2C440&ssl=1&resize=700%2C400 2x"},"classes":[]},{"id":31624,"url":"https:\/\/lahoradelcampo.com.uy\/site\/abigeatos-cae-40-desde-la-creacion-de-la-direccion-de-seguridad-rural\/","url_meta":{"origin":24558,"position":4},"title":"Abigeatos cae 40% desde la creaci\u00f3n de la Direcci\u00f3n de Seguridad Rural","author":"La Hora del Campo","date":"29 junio, 2021","format":false,"excerpt":"El pasado viernes 25 de junio, el ministro del Interior, Luis Alberto Heber, visit\u00f3 la ciudad de Florida para evaluar el despliegue de la Polic\u00eda en el departamento, el funcionamiento de la Direcci\u00f3n Nacional de la Seguridad Rural y la articulaci\u00f3n de acciones entre la jefatura y la intendencia local.\u2026","rel":"","context":"En \u00abActualidad\u00bb","block_context":{"text":"Actualidad","link":"https:\/\/lahoradelcampo.com.uy\/site\/category\/actualidad\/"},"img":{"alt_text":"","src":"https:\/\/i0.wp.com\/lahoradelcampo.com.uy\/site\/wp-content\/uploads\/2021\/06\/Heber-Abigeatos.jpg?fit=880%2C440&ssl=1&resize=350%2C200","width":350,"height":200,"srcset":"https:\/\/i0.wp.com\/lahoradelcampo.com.uy\/site\/wp-content\/uploads\/2021\/06\/Heber-Abigeatos.jpg?fit=880%2C440&ssl=1&resize=350%2C200 1x, https:\/\/i0.wp.com\/lahoradelcampo.com.uy\/site\/wp-content\/uploads\/2021\/06\/Heber-Abigeatos.jpg?fit=880%2C440&ssl=1&resize=525%2C300 1.5x, https:\/\/i0.wp.com\/lahoradelcampo.com.uy\/site\/wp-content\/uploads\/2021\/06\/Heber-Abigeatos.jpg?fit=880%2C440&ssl=1&resize=700%2C400 2x"},"classes":[]},{"id":31462,"url":"https:\/\/lahoradelcampo.com.uy\/site\/casos-de-abigeato-cayeron-38-en-el-primer-trimestre-de-2021\/","url_meta":{"origin":24558,"position":5},"title":"Casos de abigeato cayeron 38% en el primer trimestre de 2021","author":"La Hora del Campo","date":"24 junio, 2021","format":false,"excerpt":"El ministro del Interior, Luis Alberto Heber, se\u00f1al\u00f3 que gracias a la nueva Direcci\u00f3n Nacional de Seguridad Rural el abigeato se redujo en el primer trimestre un 38% en relaci\u00f3n a 2020, y mucho m\u00e1s respecto a 2019. Las declaraciones del secretario de Estado fueron vertidas tras la reuni\u00f3n que\u2026","rel":"","context":"En \u00abActualidad\u00bb","block_context":{"text":"Actualidad","link":"https:\/\/lahoradelcampo.com.uy\/site\/category\/actualidad\/"},"img":{"alt_text":"","src":"https:\/\/i0.wp.com\/lahoradelcampo.com.uy\/site\/wp-content\/uploads\/2021\/06\/ministrosganaderiainterior.jpg?fit=880%2C440&ssl=1&resize=350%2C200","width":350,"height":200,"srcset":"https:\/\/i0.wp.com\/lahoradelcampo.com.uy\/site\/wp-content\/uploads\/2021\/06\/ministrosganaderiainterior.jpg?fit=880%2C440&ssl=1&resize=350%2C200 1x, https:\/\/i0.wp.com\/lahoradelcampo.com.uy\/site\/wp-content\/uploads\/2021\/06\/ministrosganaderiainterior.jpg?fit=880%2C440&ssl=1&resize=525%2C300 1.5x, https:\/\/i0.wp.com\/lahoradelcampo.com.uy\/site\/wp-content\/uploads\/2021\/06\/ministrosganaderiainterior.jpg?fit=880%2C440&ssl=1&resize=700%2C400 2x"},"classes":[]}],"jetpack_likes_enabled":true,"_links":{"self":[{"href":"https:\/\/lahoradelcampo.com.uy\/site\/wp-json\/wp\/v2\/posts\/24558","targetHints":{"allow":["GET"]}}],"collection":[{"href":"https:\/\/lahoradelcampo.com.uy\/site\/wp-json\/wp\/v2\/posts"}],"about":[{"href":"https:\/\/lahoradelcampo.com.uy\/site\/wp-json\/wp\/v2\/types\/post"}],"author":[{"embeddable":true,"href":"https:\/\/lahoradelcampo.com.uy\/site\/wp-json\/wp\/v2\/users\/5"}],"replies":[{"embeddable":true,"href":"https:\/\/lahoradelcampo.com.uy\/site\/wp-json\/wp\/v2\/comments?post=24558"}],"version-history":[{"count":1,"href":"https:\/\/lahoradelcampo.com.uy\/site\/wp-json\/wp\/v2\/posts\/24558\/revisions"}],"predecessor-version":[{"id":24562,"href":"https:\/\/lahoradelcampo.com.uy\/site\/wp-json\/wp\/v2\/posts\/24558\/revisions\/24562"}],"wp:featuredmedia":[{"embeddable":true,"href":"https:\/\/lahoradelcampo.com.uy\/site\/wp-json\/wp\/v2\/media\/24560"}],"wp:attachment":[{"href":"https:\/\/lahoradelcampo.com.uy\/site\/wp-json\/wp\/v2\/media?parent=24558"}],"wp:term":[{"taxonomy":"category","embeddable":true,"href":"https:\/\/lahoradelcampo.com.uy\/site\/wp-json\/wp\/v2\/categories?post=24558"},{"taxonomy":"post_tag","embeddable":true,"href":"https:\/\/lahoradelcampo.com.uy\/site\/wp-json\/wp\/v2\/tags?post=24558"}],"curies":[{"name":"wp","href":"https:\/\/api.w.org\/{rel}","templated":true}]}}