{"id":24552,"date":"2020-10-12T07:29:55","date_gmt":"2020-10-12T10:29:55","guid":{"rendered":"http:\/\/lahoradelcampo.com.uy\/site\/?p=24552"},"modified":"2020-10-12T07:30:00","modified_gmt":"2020-10-12T10:30:00","slug":"cabana-macedo-coloco-su-oferta-de-angus-y-brangus-en-artigas","status":"publish","type":"post","link":"https:\/\/lahoradelcampo.com.uy\/site\/cabana-macedo-coloco-su-oferta-de-angus-y-brangus-en-artigas\/","title":{"rendered":"Caba\u00f1a Macedo coloc\u00f3 su oferta de Angus y Brangus en Artigas"},"content":{"rendered":"\n<figure class=\"wp-block-image\"><img data-recalc-dims=\"1\" loading=\"lazy\" decoding=\"async\" width=\"810\" height=\"405\" data-attachment-id=\"24554\" data-permalink=\"https:\/\/lahoradelcampo.com.uy\/site\/cabana-macedo-coloco-su-oferta-de-angus-y-brangus-en-artigas\/macedoriani\/\" data-orig-file=\"https:\/\/i0.wp.com\/lahoradelcampo.com.uy\/site\/wp-content\/uploads\/2020\/10\/Macedoriani.jpg?fit=880%2C440&amp;ssl=1\" data-orig-size=\"880,440\" data-comments-opened=\"1\" data-image-meta=\"{&quot;aperture&quot;:&quot;0&quot;,&quot;credit&quot;:&quot;&quot;,&quot;camera&quot;:&quot;&quot;,&quot;caption&quot;:&quot;&quot;,&quot;created_timestamp&quot;:&quot;0&quot;,&quot;copyright&quot;:&quot;&quot;,&quot;focal_length&quot;:&quot;0&quot;,&quot;iso&quot;:&quot;0&quot;,&quot;shutter_speed&quot;:&quot;0&quot;,&quot;title&quot;:&quot;&quot;,&quot;orientation&quot;:&quot;1&quot;}\" data-image-title=\"Macedoriani\" data-image-description=\"\" data-image-caption=\"\" data-large-file=\"https:\/\/i0.wp.com\/lahoradelcampo.com.uy\/site\/wp-content\/uploads\/2020\/10\/Macedoriani.jpg?fit=810%2C405&amp;ssl=1\" src=\"https:\/\/i0.wp.com\/lahoradelcampo.com.uy\/site\/wp-content\/uploads\/2020\/10\/Macedoriani.jpg?resize=810%2C405\" alt=\"\" class=\"wp-image-24554\" srcset=\"https:\/\/i0.wp.com\/lahoradelcampo.com.uy\/site\/wp-content\/uploads\/2020\/10\/Macedoriani.jpg?w=880&amp;ssl=1 880w, https:\/\/i0.wp.com\/lahoradelcampo.com.uy\/site\/wp-content\/uploads\/2020\/10\/Macedoriani.jpg?resize=300%2C150&amp;ssl=1 300w, https:\/\/i0.wp.com\/lahoradelcampo.com.uy\/site\/wp-content\/uploads\/2020\/10\/Macedoriani.jpg?resize=768%2C384&amp;ssl=1 768w, https:\/\/i0.wp.com\/lahoradelcampo.com.uy\/site\/wp-content\/uploads\/2020\/10\/Macedoriani.jpg?resize=820%2C410&amp;ssl=1 820w\" sizes=\"auto, (max-width: 810px) 100vw, 810px\" \/><\/figure>\n\n\n\n<p>Como es tradicional, la familia Riani se vi\u00f3 acompa\u00f1ada por un buen marco de clientes y amigos, tanto en el local de la propia estancia como a distancia a trav\u00e9s de la televisaci\u00f3n. Al cierre de las ventas la satisfacci\u00f3n de haber colocado la producci\u00f3n de a buenos valores.<br><\/p>\n\n\n\n<p>En este s\u00e9ptimo remate de la caba\u00f1a, los toros Brangus se colocaron con un m\u00e1ximo de US$ 4.560, un piso de US$ 2.760, con un promedio de US$ 3.629.<br>Por su parte los toros Aberdeen Angus fluctuaron entre US$ 9.840 y US$ 2.400, con un promedio de US$ 4.060,80.<br><\/p>\n\n\n\n<p>De la caba\u00f1a invitada, Santa Mar\u00eda del Arapey, los toros Polled Hereford se pagaron entre US$ 3.060 y US$ 2.320, con un promedio de US$ 2.827.<br><\/p>\n\n\n\n<p>En lo que respecta a la oferta de ganados que acompa\u00f1aron a la muy buena propuesta de toros, en Angus, las vaquillonas pre\u00f1adas PI hicieron US$ 1.355,56. Las vaquillonas PI US$ 1.860 y las terneras PI US$ 825,71.<br>Por su parte la Vaquillona Brangus, Gran Campeona del Prado, de la cual se vendi\u00f3 el 50%, cotizando as\u00ed a US$ 14.640 el 100% del animal. Las terneras PI hicieron US$ 1.452,86 y las terneras base Brangus en US$ 1.116.<br><\/p>\n\n\n\n<p>Al cierre se ofrecieron dos padrillos de Macedo a US$ 2,100 de promedio y una yegua de Santa Mar\u00eda del Arapey en US$ 1.800.<br><\/p>\n\n\n\n<p>Los negocios estuvieron a cargo de las finas Megaagro y Gast\u00f3n Araujo Agronegocios. <\/p>\n","protected":false},"excerpt":{"rendered":"<p>Como es tradicional, la familia Riani se vi\u00f3 acompa\u00f1ada por un buen marco de clientes y amigos, tanto en el local de la propia estancia como a distancia a trav\u00e9s [&hellip;]<\/p>\n","protected":false},"author":5,"featured_media":24554,"comment_status":"open","ping_status":"open","sticky":false,"template":"","format":"standard","meta":{"_price":"","_stock":"","_tribe_ticket_header":"","_tribe_default_ticket_provider":"","_tribe_ticket_capacity":"0","_ticket_start_date":"","_ticket_end_date":"","_tribe_ticket_show_description":"","_tribe_ticket_show_not_going":false,"_tribe_ticket_use_global_stock":"","_tribe_ticket_global_stock_level":"","_global_stock_mode":"","_global_stock_cap":"","_tribe_rsvp_for_event":"","_tribe_ticket_going_count":"","_tribe_ticket_not_going_count":"","_tribe_tickets_list":"[]","_tribe_ticket_has_attendee_info_fields":false,"h5ap_radio_sources":[],"_jetpack_newsletter_access":"","_jetpack_dont_email_post_to_subs":false,"_jetpack_newsletter_tier_id":0,"_jetpack_memberships_contains_paywalled_content":false,"_jetpack_memberships_contains_paid_content":false,"footnotes":""},"categories":[21,5],"tags":[],"class_list":["post-24552","post","type-post","status-publish","format-standard","has-post-thumbnail","hentry","category-actualidad","category-ganaderia"],"jetpack_featured_media_url":"https:\/\/i0.wp.com\/lahoradelcampo.com.uy\/site\/wp-content\/uploads\/2020\/10\/Macedoriani.jpg?fit=880%2C440&ssl=1","jetpack_sharing_enabled":true,"jetpack_shortlink":"https:\/\/wp.me\/p99IaT-6o0","jetpack-related-posts":[{"id":46215,"url":"https:\/\/lahoradelcampo.com.uy\/site\/cabana-macedo-vendio-el-100-de-la-oferta-angus-y-brangus\/","url_meta":{"origin":24552,"position":0},"title":"Caba\u00f1a Macedo vendi\u00f3 el 100% de la oferta Angus y Brangus","author":"La Hora del Campo","date":"10 octubre, 2022","format":false,"excerpt":"Con los martillos de Jos\u00e9 Aicardi y Gast\u00f3n Araujo, la caba\u00f1a artiguense entro a pista con su oferta de hembras y toros Aberdeen Angus y Brangus, acompa\u00f1ada por las caba\u00f1as invitadas El Tacur\u00fa en Brangus y Santa Mar\u00eda del Arapey en Polled Hereford. En tres horas se coloc\u00f3 la totalidad\u2026","rel":"","context":"En \u00abActualidad\u00bb","block_context":{"text":"Actualidad","link":"https:\/\/lahoradelcampo.com.uy\/site\/category\/actualidad\/"},"img":{"alt_text":"","src":"https:\/\/i0.wp.com\/lahoradelcampo.com.uy\/site\/wp-content\/uploads\/2022\/10\/caba%C3%B1amacedo.jpg?fit=880%2C440&ssl=1&resize=350%2C200","width":350,"height":200,"srcset":"https:\/\/i0.wp.com\/lahoradelcampo.com.uy\/site\/wp-content\/uploads\/2022\/10\/caba%C3%B1amacedo.jpg?fit=880%2C440&ssl=1&resize=350%2C200 1x, https:\/\/i0.wp.com\/lahoradelcampo.com.uy\/site\/wp-content\/uploads\/2022\/10\/caba%C3%B1amacedo.jpg?fit=880%2C440&ssl=1&resize=525%2C300 1.5x, https:\/\/i0.wp.com\/lahoradelcampo.com.uy\/site\/wp-content\/uploads\/2022\/10\/caba%C3%B1amacedo.jpg?fit=880%2C440&ssl=1&resize=700%2C400 2x"},"classes":[]},{"id":46375,"url":"https:\/\/lahoradelcampo.com.uy\/site\/en-nueve-remates-se-vendieron-438-toros-us-3-808-de-promedio\/","url_meta":{"origin":24552,"position":1},"title":"En nueve remates se vendieron 438 toros US$ 3.808 de promedio","author":"La Hora del Campo","date":"16 octubre, 2022","format":false,"excerpt":"La zafra de toros viene con buen ritmo de colocaci\u00f3n de la oferta y con valores promedios dentro de lo esperado por las caba\u00f1as, m\u00e1s all\u00e1 de alg\u00fan remate puntual. A quince d\u00edas del mes de octubre, pr\u00e1cticamente en la mitad de la presente zafra, le presentamos un resumen de\u2026","rel":"","context":"En \u00abActualidad\u00bb","block_context":{"text":"Actualidad","link":"https:\/\/lahoradelcampo.com.uy\/site\/category\/actualidad\/"},"img":{"alt_text":"","src":"https:\/\/i0.wp.com\/lahoradelcampo.com.uy\/site\/wp-content\/uploads\/2021\/11\/zafradetoros1.jpg?fit=880%2C440&ssl=1&resize=350%2C200","width":350,"height":200,"srcset":"https:\/\/i0.wp.com\/lahoradelcampo.com.uy\/site\/wp-content\/uploads\/2021\/11\/zafradetoros1.jpg?fit=880%2C440&ssl=1&resize=350%2C200 1x, https:\/\/i0.wp.com\/lahoradelcampo.com.uy\/site\/wp-content\/uploads\/2021\/11\/zafradetoros1.jpg?fit=880%2C440&ssl=1&resize=525%2C300 1.5x, https:\/\/i0.wp.com\/lahoradelcampo.com.uy\/site\/wp-content\/uploads\/2021\/11\/zafradetoros1.jpg?fit=880%2C440&ssl=1&resize=700%2C400 2x"},"classes":[]},{"id":57082,"url":"https:\/\/lahoradelcampo.com.uy\/site\/en-salto-se-vendieron-445-toros-a-un-promedio-de-us-4-407\/","url_meta":{"origin":24552,"position":2},"title":"En Salto se vendieron 445 toros a un promedio de US$ 4.407","author":"La Hora del Campo","date":"18 noviembre, 2025","format":false,"excerpt":"La zafra de reproductores en Salto cerr\u00f3 octubre con resultados altamente positivos, confirmando un incremento tanto en precios como en volumen frente al a\u00f1o anterior. En total, se comercializaron 445 toros -30 m\u00e1s que en 2024- por una facturaci\u00f3n total de US$ 1.961.110, lo que representa un aumento del 33%\u2026","rel":"","context":"En \u00abActualidad\u00bb","block_context":{"text":"Actualidad","link":"https:\/\/lahoradelcampo.com.uy\/site\/category\/actualidad\/"},"img":{"alt_text":"","src":"https:\/\/i0.wp.com\/lahoradelcampo.com.uy\/site\/wp-content\/uploads\/2025\/11\/Toros-Hereford-scaled.jpg?fit=1200%2C904&ssl=1&resize=350%2C200","width":350,"height":200,"srcset":"https:\/\/i0.wp.com\/lahoradelcampo.com.uy\/site\/wp-content\/uploads\/2025\/11\/Toros-Hereford-scaled.jpg?fit=1200%2C904&ssl=1&resize=350%2C200 1x, https:\/\/i0.wp.com\/lahoradelcampo.com.uy\/site\/wp-content\/uploads\/2025\/11\/Toros-Hereford-scaled.jpg?fit=1200%2C904&ssl=1&resize=525%2C300 1.5x, https:\/\/i0.wp.com\/lahoradelcampo.com.uy\/site\/wp-content\/uploads\/2025\/11\/Toros-Hereford-scaled.jpg?fit=1200%2C904&ssl=1&resize=700%2C400 2x, https:\/\/i0.wp.com\/lahoradelcampo.com.uy\/site\/wp-content\/uploads\/2025\/11\/Toros-Hereford-scaled.jpg?fit=1200%2C904&ssl=1&resize=1050%2C600 3x"},"classes":[]},{"id":3047,"url":"https:\/\/lahoradelcampo.com.uy\/site\/cabana-macedo-coloco-su-oferta-angus-en-artigas\/","url_meta":{"origin":24552,"position":3},"title":"Caba\u00f1a Macedo coloc\u00f3 su oferta angus en Artigas","author":"La Hora del Campo","date":"21 octubre, 2017","format":false,"excerpt":"Con un excelente marco de p\u00fablico y compradores de todo el pa\u00eds, Caba\u00f1a Macedo realiz\u00f3 su remate anual, con una oferta de m\u00e1s de 1.000 aberdeen angus, con la conducci\u00f3n de los escritorios Gast\u00f3n Araujo Agronegocios y Roberto Bertsch Negocios Rurales, los martillos estuvieron a cargo de Gast\u00f3n Araujo y\u2026","rel":"","context":"En \u00abActualidad\u00bb","block_context":{"text":"Actualidad","link":"https:\/\/lahoradelcampo.com.uy\/site\/category\/actualidad\/"},"img":{"alt_text":"","src":"https:\/\/i0.wp.com\/lahoradelcampo.com.uy\/site\/wp-content\/uploads\/2017\/10\/Macedo.jpg?fit=880%2C440&ssl=1&resize=350%2C200","width":350,"height":200,"srcset":"https:\/\/i0.wp.com\/lahoradelcampo.com.uy\/site\/wp-content\/uploads\/2017\/10\/Macedo.jpg?fit=880%2C440&ssl=1&resize=350%2C200 1x, https:\/\/i0.wp.com\/lahoradelcampo.com.uy\/site\/wp-content\/uploads\/2017\/10\/Macedo.jpg?fit=880%2C440&ssl=1&resize=525%2C300 1.5x, https:\/\/i0.wp.com\/lahoradelcampo.com.uy\/site\/wp-content\/uploads\/2017\/10\/Macedo.jpg?fit=880%2C440&ssl=1&resize=700%2C400 2x"},"classes":[]},{"id":52753,"url":"https:\/\/lahoradelcampo.com.uy\/site\/san-rafael-alcanzo-us-2-801-por-45-toros-aberdeen-angus-polled-hereford-y-brangus\/","url_meta":{"origin":24552,"position":4},"title":"San Rafael alcanz\u00f3 US$ 2.801 por 45 toros Aberdeen Angus, Polled Hereford y Brangus","author":"La Hora del Campo","date":"13 octubre, 2023","format":false,"excerpt":"En la jornada de ayer, con el martillo de Gerardo Zambrano, se realiz\u00f3 la venta anual de caba\u00f1a San Rafael, en el predio de la Asociaci\u00f3n Agropecuaria de Salto, con la comercializaci\u00f3n del 100% de la oferta a diferentes puntos del pa\u00eds. El comienzo de la subasta fue con los\u2026","rel":"","context":"En \u00abActualidad\u00bb","block_context":{"text":"Actualidad","link":"https:\/\/lahoradelcampo.com.uy\/site\/category\/actualidad\/"},"img":{"alt_text":"","src":"https:\/\/i0.wp.com\/lahoradelcampo.com.uy\/site\/wp-content\/uploads\/2023\/10\/SanRafael.jpg?fit=880%2C440&ssl=1&resize=350%2C200","width":350,"height":200,"srcset":"https:\/\/i0.wp.com\/lahoradelcampo.com.uy\/site\/wp-content\/uploads\/2023\/10\/SanRafael.jpg?fit=880%2C440&ssl=1&resize=350%2C200 1x, https:\/\/i0.wp.com\/lahoradelcampo.com.uy\/site\/wp-content\/uploads\/2023\/10\/SanRafael.jpg?fit=880%2C440&ssl=1&resize=525%2C300 1.5x, https:\/\/i0.wp.com\/lahoradelcampo.com.uy\/site\/wp-content\/uploads\/2023\/10\/SanRafael.jpg?fit=880%2C440&ssl=1&resize=700%2C400 2x"},"classes":[]},{"id":36185,"url":"https:\/\/lahoradelcampo.com.uy\/site\/us-3-570-fue-el-promedio-de-la-zafra-de-toros-en-salto\/","url_meta":{"origin":24552,"position":5},"title":"US$ 3.570 fue el promedio de la zafra de toros en Salto","author":"La Hora del Campo","date":"3 noviembre, 2021","format":false,"excerpt":"En el departamento de Salto, durante el mes de octubre, se realizaron nueve remates con un total de 447 toros comercializados. En el siguiente an\u00e1lisis de la zafra solamente analizaremos ocho ventas, con 435 toros, ya que el remate de la Exposici\u00f3n de Salto donde se comercializaron 12 reproductores estuvimos\u2026","rel":"","context":"En \u00abActualidad\u00bb","block_context":{"text":"Actualidad","link":"https:\/\/lahoradelcampo.com.uy\/site\/category\/actualidad\/"},"img":{"alt_text":"","src":"https:\/\/i0.wp.com\/lahoradelcampo.com.uy\/site\/wp-content\/uploads\/2021\/11\/zafradetoros1.jpg?fit=880%2C440&ssl=1&resize=350%2C200","width":350,"height":200,"srcset":"https:\/\/i0.wp.com\/lahoradelcampo.com.uy\/site\/wp-content\/uploads\/2021\/11\/zafradetoros1.jpg?fit=880%2C440&ssl=1&resize=350%2C200 1x, https:\/\/i0.wp.com\/lahoradelcampo.com.uy\/site\/wp-content\/uploads\/2021\/11\/zafradetoros1.jpg?fit=880%2C440&ssl=1&resize=525%2C300 1.5x, https:\/\/i0.wp.com\/lahoradelcampo.com.uy\/site\/wp-content\/uploads\/2021\/11\/zafradetoros1.jpg?fit=880%2C440&ssl=1&resize=700%2C400 2x"},"classes":[]}],"jetpack_likes_enabled":true,"_links":{"self":[{"href":"https:\/\/lahoradelcampo.com.uy\/site\/wp-json\/wp\/v2\/posts\/24552","targetHints":{"allow":["GET"]}}],"collection":[{"href":"https:\/\/lahoradelcampo.com.uy\/site\/wp-json\/wp\/v2\/posts"}],"about":[{"href":"https:\/\/lahoradelcampo.com.uy\/site\/wp-json\/wp\/v2\/types\/post"}],"author":[{"embeddable":true,"href":"https:\/\/lahoradelcampo.com.uy\/site\/wp-json\/wp\/v2\/users\/5"}],"replies":[{"embeddable":true,"href":"https:\/\/lahoradelcampo.com.uy\/site\/wp-json\/wp\/v2\/comments?post=24552"}],"version-history":[{"count":1,"href":"https:\/\/lahoradelcampo.com.uy\/site\/wp-json\/wp\/v2\/posts\/24552\/revisions"}],"predecessor-version":[{"id":24556,"href":"https:\/\/lahoradelcampo.com.uy\/site\/wp-json\/wp\/v2\/posts\/24552\/revisions\/24556"}],"wp:featuredmedia":[{"embeddable":true,"href":"https:\/\/lahoradelcampo.com.uy\/site\/wp-json\/wp\/v2\/media\/24554"}],"wp:attachment":[{"href":"https:\/\/lahoradelcampo.com.uy\/site\/wp-json\/wp\/v2\/media?parent=24552"}],"wp:term":[{"taxonomy":"category","embeddable":true,"href":"https:\/\/lahoradelcampo.com.uy\/site\/wp-json\/wp\/v2\/categories?post=24552"},{"taxonomy":"post_tag","embeddable":true,"href":"https:\/\/lahoradelcampo.com.uy\/site\/wp-json\/wp\/v2\/tags?post=24552"}],"curies":[{"name":"wp","href":"https:\/\/api.w.org\/{rel}","templated":true}]}}